{"id":156803,"date":"2025-07-02T02:21:03","date_gmt":"2025-07-02T02:21:03","guid":{"rendered":"https:\/\/www.nettali.com\/?p=156803"},"modified":"2025-07-02T22:30:52","modified_gmt":"2025-07-02T22:30:52","slug":"dette-deficit-situation-du-pays-ousmane-sonko-sexplique-et-menace","status":"publish","type":"post","link":"https:\/\/www.nettali.com\/2025\/07\/02\/dette-deficit-situation-du-pays-ousmane-sonko-sexplique-et-menace\/","title":{"rendered":"DETTE, DEFICIT, SITUATION DU PAYS\u2026 - Ousmane Sonko s\u2019explique et menace"},"content":{"rendered":"<p><strong>NETTALI.COM - Des menaces, des mises en garde et certaines approximations dans les d\u00e9clarations. C'est ce qui ressort de la sortie hier du Premier ministre Ousmane Sonko.<\/strong><\/p>\n<p>\u201c<em>Dieu sait bien pourquoi Il ne m'a pas donn\u00e9 le pouvoir. Si \u00e7a ne d\u00e9pendait que de moi, il y aurait moins de bruit dans ce pays (rires). Parce que ceux qui devaient raser les murs, c'est eux qui s'agitent......<\/em>\u201d Ces propos tenus, il y a quelques jours, par le Premier ministre, ont soulev\u00e9 pas mal de pol\u00e9miques et de commentaires.<\/p>\n<p>Comme pour se justifier, Ousmane Sonko est encore sorti le mardi 1er juillet et a enfonc\u00e9 le clou. Il d\u00e9clare : \u201c<em>Nous tenons \u00e0 rappeler que ce pays est un pays d\u00e9mocratique qui garantit la libert\u00e9 d'expression. Mais libert\u00e9 d'expression ne signifie pas qu'on peut dire ce qu'on veut. Nous n'avons jamais cautionn\u00e9 les insultes et nous ne le ferons jamais. En tant que d\u00e9tenteurs du pouvoir public, nous allons veiller au respect strict de la loi qui encadre la parole publique. Que vous soyez partisans -Pastef ou opposition- soci\u00e9t\u00e9 civile, journaliste ; nous n'allons plus accepter certains propos....<\/em>\u201d<\/p>\n<p>Le chef du gouvernement ne s'en est pas arr\u00eat\u00e9 l\u00e0. Il demande \u00e0 ceux qui soutiennent les opposants au pouvoir de les imiter, s'ils sont courageux. \u201c<em>Quand on a arr\u00eat\u00e9 Bassirou Diomaye Faye pour des propos tenus envers des magistrats, pour le soutenir, j'ai repris ce qu'il a dit. Ceux-l\u00e0 qui soutiennent des opposants n'ont qu'\u00e0 faire pareil, s'ils sont courageux. Sinon c'est comme s'ils voulaient sacrifier les personnes concern\u00e9es.<\/em>\u201d<\/p>\n<p>Comme pour donner des gages de sa bonne foi, il est revenu sur l'arrestation de certains militants de son parti. \u201c<em>Ce que je dis c'est valable pour tout le monde, y compris ma famille politique. Il faut demander au ministre de la Justice, c'est moim\u00eame qui lui ai envoy\u00e9 les vid\u00e9os pour lui dire que la Justice doit faire son travail. M\u00eame si apr\u00e8s, je peux leur t\u00e9moigner notre solidarit\u00e9....<\/em>\u201d, d\u00e9cr\u00e8te-t-il r\u00e9it\u00e9rant la tol\u00e9rance z\u00e9ro.<\/p>\n<p>Dans le m\u00eame sillage, le pr\u00e9sident de Pastef a rappel\u00e9 sa volont\u00e9 de fermer la bouche \u00e0 tous les S\u00e9n\u00e9galais, qui osent douter des chiffres sur les finances publiques et de la pertinence de la d\u00e9marche de l'Etat. \u201c<em>Pour une affaire aussi grave, des gens osent se mettre l\u00e0 pour contester les faits. Si on m'avait suivi, cela allait cesser depuis longtemps. Quiconque conteste ces chiffres doit \u00eatre convoqu\u00e9 pour s'expliquer. Ils ne pourront jamais prouver le contraire et se permettent de dire n'importe quoi...<\/em>.\u201d, fustige le Premier ministre. Qui est encore revenu sur la situation dans laquelle ils ont trouv\u00e9 le pays.<\/p>\n<p>\u00c0 l'en croire, c'est \u00e0 cause de cette situation que plusieurs chantiers sont \u00e0 l'arr\u00eat. Il en serait ainsi, selon lui, de l'autoroute Mbour-Kaolack et d'autres projets de forages financ\u00e9s par les Chinois. Si l'on se fie aux d\u00e9clarations, c'est que les Chinois avaient suspendu les travaux, parce que le S\u00e9n\u00e9gal leur avait promis \u201c<em>que la dette ne d\u00e9passerait pas les 70%<\/em>\u201d, alors qu'aujourd'hui on a d\u00e9pass\u00e9 les 100%. Il ajoute pour enfoncer le r\u00e9gime du Pr\u00e9sident Sall : \u201c<em>Quand le pr\u00e9sident Wade prenait les r\u00eanes de ce pays, la dette ne d\u00e9passait pas 50% (du PIB) ; le d\u00e9ficit ne d\u00e9passait pas les 4% ; quand Macky Sall prenait le pouvoir, si je ne me trompe, la dette \u00e9tait de 34% ; le d\u00e9ficit tr\u00e8s faible, moins de 5%... Eux nous ont laiss\u00e9 un pays avec une dette qui d\u00e9passe les 110%. Le d\u00e9ficit a d\u00e9pass\u00e9 les 14% quand on faisait les \u00e9valuations, il y a quelques jours...<\/em>.\u201d<\/p>\n<p>Il convient \u00e0 ce stade de rappeler que dans le rapport de la Cour des comptes, le taux d'endettement \u00e9tait \u00e9valu\u00e9 \u00e0 pr\u00e8s de 99% sous la gouvernance de Sall. Quant au d\u00e9ficit, il \u00e9tait fix\u00e9 \u00e0 11,6%. Si l'on en croit le PM, les \u00e9carts se sont donc creus\u00e9s, m\u00eame s'il n'a pas pr\u00e9cis\u00e9 la part de son r\u00e9gime dans cette d\u00e9gradation continue des indicateurs.<\/p>\n<p>Malgr\u00e9 les difficult\u00e9s, souligne-t-il, son gouvernement continue de g\u00e9rer le pays dans les r\u00e8gles de l'art. Toutefois, promet-il, le Plan de redressement sera pr\u00e9sent\u00e9 prochainement. Comme \u00e0 son habitude, il a charg\u00e9 les tenants de l'ancien r\u00e9gime. \u201c<em>Ces gens vont rendre compte de leur gestion. Nous sommes oblig\u00e9s de le faire, parce que si on ne le fait pas, c'est comme si les faits n'existaient pas. Nous allons \u00eatre intransigeants, parce que ces gens ont hypoth\u00e9qu\u00e9 l'avenir de ce pays<\/em>\u201d, menace-t-il.<\/p>\n<p>EnQu\u00eate<\/p>\n<div class='share-to-whatsapp-wrapper'><div class='share-on-whsp'>PARTAGER SUR : <\/div><a data-text='DETTE, DEFICIT, SITUATION DU PAYS\u2026 - Ousmane Sonko s\u2019explique et menace' data-link='https:\/\/www.nettali.com\/2025\/07\/02\/dette-deficit-situation-du-pays-ousmane-sonko-sexplique-et-menace\/' class='whatsapp-button whatsapp-share'>WhatsApp<\/a><div class='clear '><\/div><\/div>","protected":false},"excerpt":{"rendered":"<p>NETTALI.COM - Des menaces, des mises en garde et certaines approximations dans les d\u00e9clarations. C'est ce qui ressort de la sortie hier du Premier ministre Ousmane Sonko. \u201cDieu sait bien pourquoi Il ne m'a pas donn\u00e9 le pouvoir. Si \u00e7a ne d\u00e9pendait que de moi, il y aurait moins de bruit dans ce pays (rires). [&hellip;]<\/p>\n","protected":false},"author":2,"featured_media":156804,"comment_status":"open","ping_status":"open","sticky":false,"template":"","format":"standard","meta":{"_et_pb_use_builder":"","_et_pb_old_content":""},"categories":[2],"tags":[],"yoast_head":"<!-- This site is optimized with the Yoast SEO Premium plugin v17.8 (Yoast SEO v17.8) - https:\/\/yoast.com\/wordpress\/plugins\/seo\/ -->\n<title>DETTE, DEFICIT, SITUATION DU PAYS\u2026 - Ousmane Sonko s\u2019explique et menace | Nettali.com<\/title>\n<meta name=\"robots\" content=\"index, follow, max-snippet:-1, max-image-preview:large, max-video-preview:-1\" \/>\n<link rel=\"canonical\" href=\"https:\/\/www.nettali.com\/2025\/07\/02\/dette-deficit-situation-du-pays-ousmane-sonko-sexplique-et-menace\/\" \/>\n<meta property=\"og:locale\" content=\"fr_FR\" \/>\n<meta property=\"og:type\" content=\"article\" \/>\n<meta property=\"og:title\" content=\"DETTE, DEFICIT, SITUATION DU PAYS\u2026 - Ousmane Sonko s\u2019explique et menace\" \/>\n<meta property=\"og:description\" content=\"NETTALI.COM - Des menaces, des mises en garde et certaines approximations dans les d\u00e9clarations. C&#039;est ce qui ressort de la sortie hier du Premier ministre Ousmane Sonko. \u201cDieu sait bien pourquoi Il ne m&#039;a pas donn\u00e9 le pouvoir. Si \u00e7a ne d\u00e9pendait que de moi, il y aurait moins de bruit dans ce pays (rires). [&hellip;]\" \/>\n<meta property=\"og:url\" content=\"https:\/\/www.nettali.com\/2025\/07\/02\/dette-deficit-situation-du-pays-ousmane-sonko-sexplique-et-menace\/\" \/>\n<meta property=\"og:site_name\" content=\"Nettali.com\" \/>\n<meta property=\"article:publisher\" content=\"https:\/\/www.facebook.com\/nettalicom\" \/>\n<meta property=\"article:published_time\" content=\"2025-07-02T02:21:03+00:00\" \/>\n<meta property=\"article:modified_time\" content=\"2025-07-02T22:30:52+00:00\" \/>\n<meta property=\"og:image\" content=\"https:\/\/www.nettali.com\/wp-content\/uploads\/2025\/07\/arrive-au-pouvoir-avec-un-agenda-de-rupture-ousmane-sonko-a-promis-de-traiter-la-france-a-l-egal-des-autres-partenaires-etrangers-photo-sipa-chine-nouvelle-1736233814.jpg\" \/>\n\t<meta property=\"og:image:width\" content=\"1600\" \/>\n\t<meta property=\"og:image:height\" content=\"1067\" \/>\n<meta name=\"twitter:card\" content=\"summary_large_image\" \/>\n<meta name=\"twitter:label1\" content=\"\u00c9crit par\" \/>\n\t<meta name=\"twitter:data1\" content=\"CK\" \/>\n\t<meta name=\"twitter:label2\" content=\"Dur\u00e9e de lecture estim\u00e9e\" \/>\n\t<meta name=\"twitter:data2\" content=\"4 minutes\" \/>\n<script type=\"application\/ld+json\" class=\"yoast-schema-graph\">{\"@context\":\"https:\/\/schema.org\",\"@graph\":[{\"@type\":\"WebSite\",\"@id\":\"https:\/\/www.nettali.com\/#website\",\"url\":\"https:\/\/www.nettali.com\/\",\"name\":\"Nettali.com\",\"description\":\"Le rendez-vous critique du Net\",\"potentialAction\":[{\"@type\":\"SearchAction\",\"target\":{\"@type\":\"EntryPoint\",\"urlTemplate\":\"https:\/\/www.nettali.com\/?s={search_term_string}\"},\"query-input\":\"required name=search_term_string\"}],\"inLanguage\":\"fr-FR\"},{\"@type\":\"ImageObject\",\"@id\":\"https:\/\/www.nettali.com\/2025\/07\/02\/dette-deficit-situation-du-pays-ousmane-sonko-sexplique-et-menace\/#primaryimage\",\"inLanguage\":\"fr-FR\",\"url\":\"https:\/\/www.nettali.com\/wp-content\/uploads\/2025\/07\/arrive-au-pouvoir-avec-un-agenda-de-rupture-ousmane-sonko-a-promis-de-traiter-la-france-a-l-egal-des-autres-partenaires-etrangers-photo-sipa-chine-nouvelle-1736233814.jpg\",\"contentUrl\":\"https:\/\/www.nettali.com\/wp-content\/uploads\/2025\/07\/arrive-au-pouvoir-avec-un-agenda-de-rupture-ousmane-sonko-a-promis-de-traiter-la-france-a-l-egal-des-autres-partenaires-etrangers-photo-sipa-chine-nouvelle-1736233814.jpg\",\"width\":1600,\"height\":1067},{\"@type\":\"WebPage\",\"@id\":\"https:\/\/www.nettali.com\/2025\/07\/02\/dette-deficit-situation-du-pays-ousmane-sonko-sexplique-et-menace\/#webpage\",\"url\":\"https:\/\/www.nettali.com\/2025\/07\/02\/dette-deficit-situation-du-pays-ousmane-sonko-sexplique-et-menace\/\",\"name\":\"DETTE, DEFICIT, SITUATION DU PAYS\\u2026 - Ousmane Sonko s\\u2019explique et menace | Nettali.com\",\"isPartOf\":{\"@id\":\"https:\/\/www.nettali.com\/#website\"},\"primaryImageOfPage\":{\"@id\":\"https:\/\/www.nettali.com\/2025\/07\/02\/dette-deficit-situation-du-pays-ousmane-sonko-sexplique-et-menace\/#primaryimage\"},\"datePublished\":\"2025-07-02T02:21:03+00:00\",\"dateModified\":\"2025-07-02T22:30:52+00:00\",\"author\":{\"@id\":\"https:\/\/www.nettali.com\/#\/schema\/person\/d8ac7b7e27ddad43f1c0d2ef090d7f71\"},\"breadcrumb\":{\"@id\":\"https:\/\/www.nettali.com\/2025\/07\/02\/dette-deficit-situation-du-pays-ousmane-sonko-sexplique-et-menace\/#breadcrumb\"},\"inLanguage\":\"fr-FR\",\"potentialAction\":[{\"@type\":\"ReadAction\",\"target\":[\"https:\/\/www.nettali.com\/2025\/07\/02\/dette-deficit-situation-du-pays-ousmane-sonko-sexplique-et-menace\/\"]}]},{\"@type\":\"BreadcrumbList\",\"@id\":\"https:\/\/www.nettali.com\/2025\/07\/02\/dette-deficit-situation-du-pays-ousmane-sonko-sexplique-et-menace\/#breadcrumb\",\"itemListElement\":[{\"@type\":\"ListItem\",\"position\":1,\"name\":\"Accueil\",\"item\":\"https:\/\/www.nettali.com\/\"},{\"@type\":\"ListItem\",\"position\":2,\"name\":\"DETTE, DEFICIT, SITUATION DU PAYS\\u2026 - Ousmane Sonko s\\u2019explique et menace\"}]},{\"@type\":\"Person\",\"@id\":\"https:\/\/www.nettali.com\/#\/schema\/person\/d8ac7b7e27ddad43f1c0d2ef090d7f71\",\"name\":\"CK\",\"image\":{\"@type\":\"ImageObject\",\"@id\":\"https:\/\/www.nettali.com\/#personlogo\",\"inLanguage\":\"fr-FR\",\"url\":\"https:\/\/secure.gravatar.com\/avatar\/1d8d5118b9327d94da7cd4ce7f17fec2?s=96&d=mm&r=g\",\"contentUrl\":\"https:\/\/secure.gravatar.com\/avatar\/1d8d5118b9327d94da7cd4ce7f17fec2?s=96&d=mm&r=g\",\"caption\":\"CK\"},\"sameAs\":[\"https:\/\/www.nettali.com\"]}]}<\/script>\n<!-- \/ Yoast SEO Premium plugin. -->","yoast_head_json":{"title":"DETTE, DEFICIT, SITUATION DU PAYS\u2026 - Ousmane Sonko s\u2019explique et menace | Nettali.com","robots":{"index":"index","follow":"follow","max-snippet":"max-snippet:-1","max-image-preview":"max-image-preview:large","max-video-preview":"max-video-preview:-1"},"canonical":"https:\/\/www.nettali.com\/2025\/07\/02\/dette-deficit-situation-du-pays-ousmane-sonko-sexplique-et-menace\/","og_locale":"fr_FR","og_type":"article","og_title":"DETTE, DEFICIT, SITUATION DU PAYS\u2026 - Ousmane Sonko s\u2019explique et menace","og_description":"NETTALI.COM - Des menaces, des mises en garde et certaines approximations dans les d\u00e9clarations. C'est ce qui ressort de la sortie hier du Premier ministre Ousmane Sonko. \u201cDieu sait bien pourquoi Il ne m'a pas donn\u00e9 le pouvoir. Si \u00e7a ne d\u00e9pendait que de moi, il y aurait moins de bruit dans ce pays (rires). [&hellip;]","og_url":"https:\/\/www.nettali.com\/2025\/07\/02\/dette-deficit-situation-du-pays-ousmane-sonko-sexplique-et-menace\/","og_site_name":"Nettali.com","article_publisher":"https:\/\/www.facebook.com\/nettalicom","article_published_time":"2025-07-02T02:21:03+00:00","article_modified_time":"2025-07-02T22:30:52+00:00","og_image":[{"width":1600,"height":1067,"url":"https:\/\/www.nettali.com\/wp-content\/uploads\/2025\/07\/arrive-au-pouvoir-avec-un-agenda-de-rupture-ousmane-sonko-a-promis-de-traiter-la-france-a-l-egal-des-autres-partenaires-etrangers-photo-sipa-chine-nouvelle-1736233814.jpg","type":"image\/jpeg"}],"twitter_card":"summary_large_image","twitter_misc":{"\u00c9crit par":"CK","Dur\u00e9e de lecture estim\u00e9e":"4 minutes"},"schema":{"@context":"https:\/\/schema.org","@graph":[{"@type":"WebSite","@id":"https:\/\/www.nettali.com\/#website","url":"https:\/\/www.nettali.com\/","name":"Nettali.com","description":"Le rendez-vous critique du Net","potentialAction":[{"@type":"SearchAction","target":{"@type":"EntryPoint","urlTemplate":"https:\/\/www.nettali.com\/?s={search_term_string}"},"query-input":"required name=search_term_string"}],"inLanguage":"fr-FR"},{"@type":"ImageObject","@id":"https:\/\/www.nettali.com\/2025\/07\/02\/dette-deficit-situation-du-pays-ousmane-sonko-sexplique-et-menace\/#primaryimage","inLanguage":"fr-FR","url":"https:\/\/www.nettali.com\/wp-content\/uploads\/2025\/07\/arrive-au-pouvoir-avec-un-agenda-de-rupture-ousmane-sonko-a-promis-de-traiter-la-france-a-l-egal-des-autres-partenaires-etrangers-photo-sipa-chine-nouvelle-1736233814.jpg","contentUrl":"https:\/\/www.nettali.com\/wp-content\/uploads\/2025\/07\/arrive-au-pouvoir-avec-un-agenda-de-rupture-ousmane-sonko-a-promis-de-traiter-la-france-a-l-egal-des-autres-partenaires-etrangers-photo-sipa-chine-nouvelle-1736233814.jpg","width":1600,"height":1067},{"@type":"WebPage","@id":"https:\/\/www.nettali.com\/2025\/07\/02\/dette-deficit-situation-du-pays-ousmane-sonko-sexplique-et-menace\/#webpage","url":"https:\/\/www.nettali.com\/2025\/07\/02\/dette-deficit-situation-du-pays-ousmane-sonko-sexplique-et-menace\/","name":"DETTE, DEFICIT, SITUATION DU PAYS\u2026 - Ousmane Sonko s\u2019explique et menace | Nettali.com","isPartOf":{"@id":"https:\/\/www.nettali.com\/#website"},"primaryImageOfPage":{"@id":"https:\/\/www.nettali.com\/2025\/07\/02\/dette-deficit-situation-du-pays-ousmane-sonko-sexplique-et-menace\/#primaryimage"},"datePublished":"2025-07-02T02:21:03+00:00","dateModified":"2025-07-02T22:30:52+00:00","author":{"@id":"https:\/\/www.nettali.com\/#\/schema\/person\/d8ac7b7e27ddad43f1c0d2ef090d7f71"},"breadcrumb":{"@id":"https:\/\/www.nettali.com\/2025\/07\/02\/dette-deficit-situation-du-pays-ousmane-sonko-sexplique-et-menace\/#breadcrumb"},"inLanguage":"fr-FR","potentialAction":[{"@type":"ReadAction","target":["https:\/\/www.nettali.com\/2025\/07\/02\/dette-deficit-situation-du-pays-ousmane-sonko-sexplique-et-menace\/"]}]},{"@type":"BreadcrumbList","@id":"https:\/\/www.nettali.com\/2025\/07\/02\/dette-deficit-situation-du-pays-ousmane-sonko-sexplique-et-menace\/#breadcrumb","itemListElement":[{"@type":"ListItem","position":1,"name":"Accueil","item":"https:\/\/www.nettali.com\/"},{"@type":"ListItem","position":2,"name":"DETTE, DEFICIT, SITUATION DU PAYS\u2026 - Ousmane Sonko s\u2019explique et menace"}]},{"@type":"Person","@id":"https:\/\/www.nettali.com\/#\/schema\/person\/d8ac7b7e27ddad43f1c0d2ef090d7f71","name":"CK","image":{"@type":"ImageObject","@id":"https:\/\/www.nettali.com\/#personlogo","inLanguage":"fr-FR","url":"https:\/\/secure.gravatar.com\/avatar\/1d8d5118b9327d94da7cd4ce7f17fec2?s=96&d=mm&r=g","contentUrl":"https:\/\/secure.gravatar.com\/avatar\/1d8d5118b9327d94da7cd4ce7f17fec2?s=96&d=mm&r=g","caption":"CK"},"sameAs":["https:\/\/www.nettali.com"]}]}},"_links":{"self":[{"href":"https:\/\/www.nettali.com\/rest\/wp\/v2\/posts\/156803"}],"collection":[{"href":"https:\/\/www.nettali.com\/rest\/wp\/v2\/posts"}],"about":[{"href":"https:\/\/www.nettali.com\/rest\/wp\/v2\/types\/post"}],"author":[{"embeddable":true,"href":"https:\/\/www.nettali.com\/rest\/wp\/v2\/users\/2"}],"replies":[{"embeddable":true,"href":"https:\/\/www.nettali.com\/rest\/wp\/v2\/comments?post=156803"}],"version-history":[{"count":1,"href":"https:\/\/www.nettali.com\/rest\/wp\/v2\/posts\/156803\/revisions"}],"predecessor-version":[{"id":156805,"href":"https:\/\/www.nettali.com\/rest\/wp\/v2\/posts\/156803\/revisions\/156805"}],"wp:featuredmedia":[{"embeddable":true,"href":"https:\/\/www.nettali.com\/rest\/wp\/v2\/media\/156804"}],"wp:attachment":[{"href":"https:\/\/www.nettali.com\/rest\/wp\/v2\/media?parent=156803"}],"wp:term":[{"taxonomy":"category","embeddable":true,"href":"https:\/\/www.nettali.com\/rest\/wp\/v2\/categories?post=156803"},{"taxonomy":"post_tag","embeddable":true,"href":"https:\/\/www.nettali.com\/rest\/wp\/v2\/tags?post=156803"}],"curies":[{"name":"wp","href":"https:\/\/api.w.org\/{rel}","templated":true}]}}