{"id":156800,"date":"2025-07-02T02:12:04","date_gmt":"2025-07-02T02:12:04","guid":{"rendered":"https:\/\/www.nettali.com\/?p=156800"},"modified":"2025-07-02T02:12:04","modified_gmt":"2025-07-02T02:12:04","slug":"demission-dabdoul-mbaye","status":"publish","type":"post","link":"https:\/\/www.nettali.com\/2025\/07\/02\/demission-dabdoul-mbaye\/","title":{"rendered":"D\u00e9mission d'Abdoul Mbaye"},"content":{"rendered":"<p><strong>NETTALI.COM -<\/strong> Le parti ACT a officialis\u00e9, le lundi 30 juin, la d\u00e9mission de son fondateur, Abdoul Mbaye, de la fonction de pr\u00e9sident d\u2019honneur. Une fonction qui lui avait \u00e9t\u00e9 confi\u00e9e lors du dernier Congr\u00e8s national du parti, tenu le 12 avril dernier.<\/p>\n<p>Dans une lettre adress\u00e9e \u00e0 la direction du parti, l\u2019ancien Premier ministre a motiv\u00e9 sa d\u00e9cision par le d\u00e9sir de se consacrer pleinement \u00e0 d\u2019autres engagements, notamment dans le champ citoyen et \u00e9conomique.<\/p>\n<p>Il y r\u00e9affirme n\u00e9anmoins son attachement aux valeurs qui ont fond\u00e9 l\u2019ACT. Le parti salue un d\u00e9part marqu\u00e9 par \u201c<em>la s\u00e9r\u00e9nit\u00e9, la responsabilit\u00e9 et la dignit\u00e9<\/em>\u201d, et rend hommage \u00e0 une figure qu\u2019il d\u00e9crit comme un homme d\u2019\u00c9tat rigoureux, int\u00e8gre, et attach\u00e9 au sens du devoir.<\/p>\n<p>Pendant pr\u00e8s de dix ans, Abdoul Mbaye a incarn\u00e9 les combats de l\u2019ACT, avec une vision et une exigence constantes. \u201c<em>Il reste pour nous une figure fondatrice, une conscience \u00e9thique et un compagnon de route pr\u00e9cieux<\/em>\u201d, souligne le communiqu\u00e9 sign\u00e9 par le Bureau politique.<\/p>\n<div class='share-to-whatsapp-wrapper'><div class='share-on-whsp'>PARTAGER SUR : <\/div><a data-text='D\u00e9mission d'Abdoul Mbaye' data-link='https:\/\/www.nettali.com\/2025\/07\/02\/demission-dabdoul-mbaye\/' class='whatsapp-button whatsapp-share'>WhatsApp<\/a><div class='clear '><\/div><\/div>","protected":false},"excerpt":{"rendered":"<p>NETTALI.COM - Le parti ACT a officialis\u00e9, le lundi 30 juin, la d\u00e9mission de son fondateur, Abdoul Mbaye, de la fonction de pr\u00e9sident d\u2019honneur. Une fonction qui lui avait \u00e9t\u00e9 confi\u00e9e lors du dernier Congr\u00e8s national du parti, tenu le 12 avril dernier. Dans une lettre adress\u00e9e \u00e0 la direction du parti, l\u2019ancien Premier ministre [&hellip;]<\/p>\n","protected":false},"author":2,"featured_media":156801,"comment_status":"open","ping_status":"open","sticky":false,"template":"","format":"standard","meta":{"_et_pb_use_builder":"","_et_pb_old_content":""},"categories":[34945],"tags":[],"yoast_head":"<!-- This site is optimized with the Yoast SEO Premium plugin v17.8 (Yoast SEO v17.8) - https:\/\/yoast.com\/wordpress\/plugins\/seo\/ -->\n<title>D\u00e9mission d&#039;Abdoul Mbaye | Nettali.com<\/title>\n<meta name=\"robots\" content=\"index, follow, max-snippet:-1, max-image-preview:large, max-video-preview:-1\" \/>\n<link rel=\"canonical\" href=\"https:\/\/www.nettali.com\/2025\/07\/02\/demission-dabdoul-mbaye\/\" \/>\n<meta property=\"og:locale\" content=\"fr_FR\" \/>\n<meta property=\"og:type\" content=\"article\" \/>\n<meta property=\"og:title\" content=\"D\u00e9mission d&#039;Abdoul Mbaye\" \/>\n<meta property=\"og:description\" content=\"NETTALI.COM - Le parti ACT a officialis\u00e9, le lundi 30 juin, la d\u00e9mission de son fondateur, Abdoul Mbaye, de la fonction de pr\u00e9sident d\u2019honneur. Une fonction qui lui avait \u00e9t\u00e9 confi\u00e9e lors du dernier Congr\u00e8s national du parti, tenu le 12 avril dernier. Dans une lettre adress\u00e9e \u00e0 la direction du parti, l\u2019ancien Premier ministre [&hellip;]\" \/>\n<meta property=\"og:url\" content=\"https:\/\/www.nettali.com\/2025\/07\/02\/demission-dabdoul-mbaye\/\" \/>\n<meta property=\"og:site_name\" content=\"Nettali.com\" \/>\n<meta property=\"article:publisher\" content=\"https:\/\/www.facebook.com\/nettalicom\" \/>\n<meta property=\"article:published_time\" content=\"2025-07-02T02:12:04+00:00\" \/>\n<meta property=\"og:image\" content=\"https:\/\/www.nettali.com\/wp-content\/uploads\/2025\/07\/Portrait-dAbdoul-Mbaye1.jpg\" \/>\n\t<meta property=\"og:image:width\" content=\"620\" \/>\n\t<meta property=\"og:image:height\" content=\"413\" \/>\n<meta name=\"twitter:card\" content=\"summary_large_image\" \/>\n<meta name=\"twitter:label1\" content=\"\u00c9crit par\" \/>\n\t<meta name=\"twitter:data1\" content=\"CK\" \/>\n\t<meta name=\"twitter:label2\" content=\"Dur\u00e9e de lecture estim\u00e9e\" \/>\n\t<meta name=\"twitter:data2\" content=\"1 minute\" \/>\n<script type=\"application\/ld+json\" class=\"yoast-schema-graph\">{\"@context\":\"https:\/\/schema.org\",\"@graph\":[{\"@type\":\"WebSite\",\"@id\":\"https:\/\/www.nettali.com\/#website\",\"url\":\"https:\/\/www.nettali.com\/\",\"name\":\"Nettali.com\",\"description\":\"Le rendez-vous critique du Net\",\"potentialAction\":[{\"@type\":\"SearchAction\",\"target\":{\"@type\":\"EntryPoint\",\"urlTemplate\":\"https:\/\/www.nettali.com\/?s={search_term_string}\"},\"query-input\":\"required name=search_term_string\"}],\"inLanguage\":\"fr-FR\"},{\"@type\":\"ImageObject\",\"@id\":\"https:\/\/www.nettali.com\/2025\/07\/02\/demission-dabdoul-mbaye\/#primaryimage\",\"inLanguage\":\"fr-FR\",\"url\":\"https:\/\/www.nettali.com\/wp-content\/uploads\/2025\/07\/Portrait-dAbdoul-Mbaye1.jpg\",\"contentUrl\":\"https:\/\/www.nettali.com\/wp-content\/uploads\/2025\/07\/Portrait-dAbdoul-Mbaye1.jpg\",\"width\":620,\"height\":413},{\"@type\":\"WebPage\",\"@id\":\"https:\/\/www.nettali.com\/2025\/07\/02\/demission-dabdoul-mbaye\/#webpage\",\"url\":\"https:\/\/www.nettali.com\/2025\/07\/02\/demission-dabdoul-mbaye\/\",\"name\":\"D\\u00e9mission d'Abdoul Mbaye | Nettali.com\",\"isPartOf\":{\"@id\":\"https:\/\/www.nettali.com\/#website\"},\"primaryImageOfPage\":{\"@id\":\"https:\/\/www.nettali.com\/2025\/07\/02\/demission-dabdoul-mbaye\/#primaryimage\"},\"datePublished\":\"2025-07-02T02:12:04+00:00\",\"dateModified\":\"2025-07-02T02:12:04+00:00\",\"author\":{\"@id\":\"https:\/\/www.nettali.com\/#\/schema\/person\/d8ac7b7e27ddad43f1c0d2ef090d7f71\"},\"breadcrumb\":{\"@id\":\"https:\/\/www.nettali.com\/2025\/07\/02\/demission-dabdoul-mbaye\/#breadcrumb\"},\"inLanguage\":\"fr-FR\",\"potentialAction\":[{\"@type\":\"ReadAction\",\"target\":[\"https:\/\/www.nettali.com\/2025\/07\/02\/demission-dabdoul-mbaye\/\"]}]},{\"@type\":\"BreadcrumbList\",\"@id\":\"https:\/\/www.nettali.com\/2025\/07\/02\/demission-dabdoul-mbaye\/#breadcrumb\",\"itemListElement\":[{\"@type\":\"ListItem\",\"position\":1,\"name\":\"Accueil\",\"item\":\"https:\/\/www.nettali.com\/\"},{\"@type\":\"ListItem\",\"position\":2,\"name\":\"D\\u00e9mission d'Abdoul Mbaye\"}]},{\"@type\":\"Person\",\"@id\":\"https:\/\/www.nettali.com\/#\/schema\/person\/d8ac7b7e27ddad43f1c0d2ef090d7f71\",\"name\":\"CK\",\"image\":{\"@type\":\"ImageObject\",\"@id\":\"https:\/\/www.nettali.com\/#personlogo\",\"inLanguage\":\"fr-FR\",\"url\":\"https:\/\/secure.gravatar.com\/avatar\/1d8d5118b9327d94da7cd4ce7f17fec2?s=96&d=mm&r=g\",\"contentUrl\":\"https:\/\/secure.gravatar.com\/avatar\/1d8d5118b9327d94da7cd4ce7f17fec2?s=96&d=mm&r=g\",\"caption\":\"CK\"},\"sameAs\":[\"https:\/\/www.nettali.com\"]}]}<\/script>\n<!-- \/ Yoast SEO Premium plugin. -->","yoast_head_json":{"title":"D\u00e9mission d'Abdoul Mbaye | Nettali.com","robots":{"index":"index","follow":"follow","max-snippet":"max-snippet:-1","max-image-preview":"max-image-preview:large","max-video-preview":"max-video-preview:-1"},"canonical":"https:\/\/www.nettali.com\/2025\/07\/02\/demission-dabdoul-mbaye\/","og_locale":"fr_FR","og_type":"article","og_title":"D\u00e9mission d'Abdoul Mbaye","og_description":"NETTALI.COM - Le parti ACT a officialis\u00e9, le lundi 30 juin, la d\u00e9mission de son fondateur, Abdoul Mbaye, de la fonction de pr\u00e9sident d\u2019honneur. Une fonction qui lui avait \u00e9t\u00e9 confi\u00e9e lors du dernier Congr\u00e8s national du parti, tenu le 12 avril dernier. Dans une lettre adress\u00e9e \u00e0 la direction du parti, l\u2019ancien Premier ministre [&hellip;]","og_url":"https:\/\/www.nettali.com\/2025\/07\/02\/demission-dabdoul-mbaye\/","og_site_name":"Nettali.com","article_publisher":"https:\/\/www.facebook.com\/nettalicom","article_published_time":"2025-07-02T02:12:04+00:00","og_image":[{"width":620,"height":413,"url":"https:\/\/www.nettali.com\/wp-content\/uploads\/2025\/07\/Portrait-dAbdoul-Mbaye1.jpg","type":"image\/jpeg"}],"twitter_card":"summary_large_image","twitter_misc":{"\u00c9crit par":"CK","Dur\u00e9e de lecture estim\u00e9e":"1 minute"},"schema":{"@context":"https:\/\/schema.org","@graph":[{"@type":"WebSite","@id":"https:\/\/www.nettali.com\/#website","url":"https:\/\/www.nettali.com\/","name":"Nettali.com","description":"Le rendez-vous critique du Net","potentialAction":[{"@type":"SearchAction","target":{"@type":"EntryPoint","urlTemplate":"https:\/\/www.nettali.com\/?s={search_term_string}"},"query-input":"required name=search_term_string"}],"inLanguage":"fr-FR"},{"@type":"ImageObject","@id":"https:\/\/www.nettali.com\/2025\/07\/02\/demission-dabdoul-mbaye\/#primaryimage","inLanguage":"fr-FR","url":"https:\/\/www.nettali.com\/wp-content\/uploads\/2025\/07\/Portrait-dAbdoul-Mbaye1.jpg","contentUrl":"https:\/\/www.nettali.com\/wp-content\/uploads\/2025\/07\/Portrait-dAbdoul-Mbaye1.jpg","width":620,"height":413},{"@type":"WebPage","@id":"https:\/\/www.nettali.com\/2025\/07\/02\/demission-dabdoul-mbaye\/#webpage","url":"https:\/\/www.nettali.com\/2025\/07\/02\/demission-dabdoul-mbaye\/","name":"D\u00e9mission d'Abdoul Mbaye | Nettali.com","isPartOf":{"@id":"https:\/\/www.nettali.com\/#website"},"primaryImageOfPage":{"@id":"https:\/\/www.nettali.com\/2025\/07\/02\/demission-dabdoul-mbaye\/#primaryimage"},"datePublished":"2025-07-02T02:12:04+00:00","dateModified":"2025-07-02T02:12:04+00:00","author":{"@id":"https:\/\/www.nettali.com\/#\/schema\/person\/d8ac7b7e27ddad43f1c0d2ef090d7f71"},"breadcrumb":{"@id":"https:\/\/www.nettali.com\/2025\/07\/02\/demission-dabdoul-mbaye\/#breadcrumb"},"inLanguage":"fr-FR","potentialAction":[{"@type":"ReadAction","target":["https:\/\/www.nettali.com\/2025\/07\/02\/demission-dabdoul-mbaye\/"]}]},{"@type":"BreadcrumbList","@id":"https:\/\/www.nettali.com\/2025\/07\/02\/demission-dabdoul-mbaye\/#breadcrumb","itemListElement":[{"@type":"ListItem","position":1,"name":"Accueil","item":"https:\/\/www.nettali.com\/"},{"@type":"ListItem","position":2,"name":"D\u00e9mission d'Abdoul Mbaye"}]},{"@type":"Person","@id":"https:\/\/www.nettali.com\/#\/schema\/person\/d8ac7b7e27ddad43f1c0d2ef090d7f71","name":"CK","image":{"@type":"ImageObject","@id":"https:\/\/www.nettali.com\/#personlogo","inLanguage":"fr-FR","url":"https:\/\/secure.gravatar.com\/avatar\/1d8d5118b9327d94da7cd4ce7f17fec2?s=96&d=mm&r=g","contentUrl":"https:\/\/secure.gravatar.com\/avatar\/1d8d5118b9327d94da7cd4ce7f17fec2?s=96&d=mm&r=g","caption":"CK"},"sameAs":["https:\/\/www.nettali.com"]}]}},"_links":{"self":[{"href":"https:\/\/www.nettali.com\/rest\/wp\/v2\/posts\/156800"}],"collection":[{"href":"https:\/\/www.nettali.com\/rest\/wp\/v2\/posts"}],"about":[{"href":"https:\/\/www.nettali.com\/rest\/wp\/v2\/types\/post"}],"author":[{"embeddable":true,"href":"https:\/\/www.nettali.com\/rest\/wp\/v2\/users\/2"}],"replies":[{"embeddable":true,"href":"https:\/\/www.nettali.com\/rest\/wp\/v2\/comments?post=156800"}],"version-history":[{"count":1,"href":"https:\/\/www.nettali.com\/rest\/wp\/v2\/posts\/156800\/revisions"}],"predecessor-version":[{"id":156802,"href":"https:\/\/www.nettali.com\/rest\/wp\/v2\/posts\/156800\/revisions\/156802"}],"wp:featuredmedia":[{"embeddable":true,"href":"https:\/\/www.nettali.com\/rest\/wp\/v2\/media\/156801"}],"wp:attachment":[{"href":"https:\/\/www.nettali.com\/rest\/wp\/v2\/media?parent=156800"}],"wp:term":[{"taxonomy":"category","embeddable":true,"href":"https:\/\/www.nettali.com\/rest\/wp\/v2\/categories?post=156800"},{"taxonomy":"post_tag","embeddable":true,"href":"https:\/\/www.nettali.com\/rest\/wp\/v2\/tags?post=156800"}],"curies":[{"name":"wp","href":"https:\/\/api.w.org\/{rel}","templated":true}]}}