{"id":156792,"date":"2025-07-02T00:46:51","date_gmt":"2025-07-02T00:46:51","guid":{"rendered":"https:\/\/www.nettali.com\/?p=156792"},"modified":"2025-07-02T02:22:16","modified_gmt":"2025-07-02T02:22:16","slug":"haute-cour-de-justice-pourquoi-mansour-faye-a-saisi-la-cedeao","status":"publish","type":"post","link":"https:\/\/www.nettali.com\/2025\/07\/02\/haute-cour-de-justice-pourquoi-mansour-faye-a-saisi-la-cedeao\/","title":{"rendered":"HAUTE COUR DE JUSTICE  - Pourquoi Mansour Faye a saisi la CEDEAO"},"content":{"rendered":"<p><strong>NETTALI.COM - En d\u00e9tention depuis le 26 mai 2025, Mansour Faye ne baisse pas les bras. L'ancien ministre du D\u00e9veloppement communautaire vient, par le biais de ses avocats, de saisir la Cour de justice de la CEDEAO. Plusieurs arguments sont mis sur la table pour obtenir \"<em>une lib\u00e9ration imm\u00e9diate<\/em>\".<\/strong><\/p>\n<p>Ancien ministre du D\u00e9veloppement communautaire et de l'Equit\u00e9 sociale et territoriale, Mansour Faye est en d\u00e9tention pr\u00e9ventive depuis le 26 mai 2025 suite \u00e0 son placement sous mandat de d\u00e9p\u00f4t par la Commission d'instruction de la Haute Cour de Justice. Cit\u00e9 dans le rapport de la Cour des comptes sur la gestion des fonds destin\u00e9s \u00e0 la lutte contre la Covid-19, l'actuel maire de Saint-Louis est poursuivi pour \"<em>association de malfaiteurs, concussion, corruption, prise ill\u00e9gale d'int\u00e9r\u00eats, faux et usage de faux en \u00e9critures priv\u00e9es de commerce ou de banque, d\u00e9tournement de deniers publics, blanchiment de capitaux ainsi que complicit\u00e9 de tous ces chefs d'accusation<\/em>\". Il lui est notamment reproch\u00e9 une surfacturation estim\u00e9e \u00e0 plus de 2,7 milliards de francs Cfa.<\/p>\n<p>Mais les avocats de Mansour Faye ne baissent pas les bras. Ils poursuivent le combat pour obtenir la lib\u00e9ration de leur client. C'est ainsi qu'ils ont saisi la Cour de justice de la CEDEAO pour demander que la Cour statue sur le traitement des proc\u00e9dures visant leur client. Objectif : faire constater \"<em>les ill\u00e9galit\u00e9s et atteintes aux droits de Mansour Faye et ordonner sa lib\u00e9ration imm\u00e9diate par la Justice s\u00e9n\u00e9galaise<\/em>\". Une requ\u00eate fond\u00e9e sur plusieurs points dont la violation du double degr\u00e9 de juridiction. \"<em>La Haut de juste du S\u00e9n\u00e9gal viole l'article 14 alin\u00e9a 5 du Pacte international relatif aux droits civils et politiques<\/em>\", souligne un avocat de Mansour Faye. Notre interlocuteur rappelle que ledit Pacte dispose que \"<em>toute personne d\u00e9clar\u00e9e coupable d'une infraction a le droit de faire examiner par une juridiction sup\u00e9rieure sa d\u00e9claration de culpabilit\u00e9 et de condamnation conform\u00e9ment \u00e0 la loi.<\/em>\" <em>\"Or,<\/em> dit-il, <em>l'article 35 de la loi 2002-10 du 12 f\u00e9vrier 2002 dispose que les arr\u00eats de la Haute Cour de Justice ne sont susceptibles ni d'appel ni de pourvoi<\/em>.\" Les avocats du maire de Saint-Louis estiment, par cons\u00e9quent, que cette disposition viole le Pacte international relatif aux droits civils et politiques. Les Pactes internationaux \u00e9tant sup\u00e9rieurs\u00a0 \u00e0 aux lois nationales, ils estiment que cette loi sur la Haute Cour de Justice est contraire \u00e0 la Constitution et aux traitements internationaux ratifi\u00e9s par le S\u00e9n\u00e9gal.<\/p>\n<p>\"<em>Il y a aussi la violation du droit \u00e0 proc\u00e8s \u00e9quitable. Le Pacte, en son article 14, dit que nous sommes tous \u00e9gaux devant la justice et toute personne a le droit de faire entendre sa cause publiquement par un tribunal comp\u00e9tent, ind\u00e9pendant et impartial \u00e9tabli par la loi. Or, les poursuites contre Mansour Faye vient d'une instance politique, c'est-\u00e0-dire l'Assembl\u00e9e nationale. Il s'y ajoute qu'en phase de jugement, la Haute Cour est compos\u00e9e de 7 d\u00e9put\u00e9s de Pastef, un seul de l'opposition et un seul magistrat<\/em>\", souligne l'avocat. Qui soutient, en outre, que la Haute de justice viole l'article 88 de la Constitution sur la s\u00e9paration des pouvoirs. \"<em>L'Assembl\u00e9e nationale installe la Haute Cour et revient pour juge<\/em>r\", d\u00e9plore-t-il. Suffisant alors pour r\u00e9clamer la lib\u00e9ration imm\u00e9diate de Mansour Faye.<\/p>\n<div class='share-to-whatsapp-wrapper'><div class='share-on-whsp'>PARTAGER SUR : <\/div><a data-text='HAUTE COUR DE JUSTICE  - Pourquoi Mansour Faye a saisi la CEDEAO' data-link='https:\/\/www.nettali.com\/2025\/07\/02\/haute-cour-de-justice-pourquoi-mansour-faye-a-saisi-la-cedeao\/' class='whatsapp-button whatsapp-share'>WhatsApp<\/a><div class='clear '><\/div><\/div>","protected":false},"excerpt":{"rendered":"<p>NETTALI.COM - En d\u00e9tention depuis le 26 mai 2025, Mansour Faye ne baisse pas les bras. L'ancien ministre du D\u00e9veloppement communautaire vient, par le biais de ses avocats, de saisir la Cour de justice de la CEDEAO. Plusieurs arguments sont mis sur la table pour obtenir \"une lib\u00e9ration imm\u00e9diate\". Ancien ministre du D\u00e9veloppement communautaire et [&hellip;]<\/p>\n","protected":false},"author":3,"featured_media":154824,"comment_status":"open","ping_status":"open","sticky":false,"template":"","format":"standard","meta":{"_et_pb_use_builder":"","_et_pb_old_content":""},"categories":[2],"tags":[],"yoast_head":"<!-- This site is optimized with the Yoast SEO Premium plugin v17.8 (Yoast SEO v17.8) - https:\/\/yoast.com\/wordpress\/plugins\/seo\/ -->\n<title>HAUTE COUR DE JUSTICE - Pourquoi Mansour Faye a saisi la CEDEAO | Nettali.com<\/title>\n<meta name=\"robots\" content=\"index, follow, max-snippet:-1, max-image-preview:large, max-video-preview:-1\" \/>\n<link rel=\"canonical\" href=\"https:\/\/www.nettali.com\/2025\/07\/02\/haute-cour-de-justice-pourquoi-mansour-faye-a-saisi-la-cedeao\/\" \/>\n<meta property=\"og:locale\" content=\"fr_FR\" \/>\n<meta property=\"og:type\" content=\"article\" \/>\n<meta property=\"og:title\" content=\"HAUTE COUR DE JUSTICE - Pourquoi Mansour Faye a saisi la CEDEAO\" \/>\n<meta property=\"og:description\" content=\"NETTALI.COM - En d\u00e9tention depuis le 26 mai 2025, Mansour Faye ne baisse pas les bras. L&#039;ancien ministre du D\u00e9veloppement communautaire vient, par le biais de ses avocats, de saisir la Cour de justice de la CEDEAO. Plusieurs arguments sont mis sur la table pour obtenir &quot;une lib\u00e9ration imm\u00e9diate&quot;. Ancien ministre du D\u00e9veloppement communautaire et [&hellip;]\" \/>\n<meta property=\"og:url\" content=\"https:\/\/www.nettali.com\/2025\/07\/02\/haute-cour-de-justice-pourquoi-mansour-faye-a-saisi-la-cedeao\/\" \/>\n<meta property=\"og:site_name\" content=\"Nettali.com\" \/>\n<meta property=\"article:publisher\" content=\"https:\/\/www.facebook.com\/nettalicom\" \/>\n<meta property=\"article:published_time\" content=\"2025-07-02T00:46:51+00:00\" \/>\n<meta property=\"article:modified_time\" content=\"2025-07-02T02:22:16+00:00\" \/>\n<meta property=\"og:image\" content=\"https:\/\/www.nettali.com\/wp-content\/uploads\/2025\/05\/Mansour-Faye-min.jpg\" \/>\n\t<meta property=\"og:image:width\" content=\"762\" \/>\n\t<meta property=\"og:image:height\" content=\"493\" \/>\n<meta name=\"twitter:card\" content=\"summary_large_image\" \/>\n<meta name=\"twitter:label1\" content=\"\u00c9crit par\" \/>\n\t<meta name=\"twitter:data1\" content=\"Moustapha\" \/>\n\t<meta name=\"twitter:label2\" content=\"Dur\u00e9e de lecture estim\u00e9e\" \/>\n\t<meta name=\"twitter:data2\" content=\"3 minutes\" \/>\n<script type=\"application\/ld+json\" class=\"yoast-schema-graph\">{\"@context\":\"https:\/\/schema.org\",\"@graph\":[{\"@type\":\"WebSite\",\"@id\":\"https:\/\/www.nettali.com\/#website\",\"url\":\"https:\/\/www.nettali.com\/\",\"name\":\"Nettali.com\",\"description\":\"Le rendez-vous critique du Net\",\"potentialAction\":[{\"@type\":\"SearchAction\",\"target\":{\"@type\":\"EntryPoint\",\"urlTemplate\":\"https:\/\/www.nettali.com\/?s={search_term_string}\"},\"query-input\":\"required name=search_term_string\"}],\"inLanguage\":\"fr-FR\"},{\"@type\":\"ImageObject\",\"@id\":\"https:\/\/www.nettali.com\/2025\/07\/02\/haute-cour-de-justice-pourquoi-mansour-faye-a-saisi-la-cedeao\/#primaryimage\",\"inLanguage\":\"fr-FR\",\"url\":\"https:\/\/www.nettali.com\/wp-content\/uploads\/2025\/05\/Mansour-Faye-min.jpg\",\"contentUrl\":\"https:\/\/www.nettali.com\/wp-content\/uploads\/2025\/05\/Mansour-Faye-min.jpg\",\"width\":762,\"height\":493},{\"@type\":\"WebPage\",\"@id\":\"https:\/\/www.nettali.com\/2025\/07\/02\/haute-cour-de-justice-pourquoi-mansour-faye-a-saisi-la-cedeao\/#webpage\",\"url\":\"https:\/\/www.nettali.com\/2025\/07\/02\/haute-cour-de-justice-pourquoi-mansour-faye-a-saisi-la-cedeao\/\",\"name\":\"HAUTE COUR DE JUSTICE - Pourquoi Mansour Faye a saisi la CEDEAO | Nettali.com\",\"isPartOf\":{\"@id\":\"https:\/\/www.nettali.com\/#website\"},\"primaryImageOfPage\":{\"@id\":\"https:\/\/www.nettali.com\/2025\/07\/02\/haute-cour-de-justice-pourquoi-mansour-faye-a-saisi-la-cedeao\/#primaryimage\"},\"datePublished\":\"2025-07-02T00:46:51+00:00\",\"dateModified\":\"2025-07-02T02:22:16+00:00\",\"author\":{\"@id\":\"https:\/\/www.nettali.com\/#\/schema\/person\/7962a12a6e0267f88f0ffa544c36469a\"},\"breadcrumb\":{\"@id\":\"https:\/\/www.nettali.com\/2025\/07\/02\/haute-cour-de-justice-pourquoi-mansour-faye-a-saisi-la-cedeao\/#breadcrumb\"},\"inLanguage\":\"fr-FR\",\"potentialAction\":[{\"@type\":\"ReadAction\",\"target\":[\"https:\/\/www.nettali.com\/2025\/07\/02\/haute-cour-de-justice-pourquoi-mansour-faye-a-saisi-la-cedeao\/\"]}]},{\"@type\":\"BreadcrumbList\",\"@id\":\"https:\/\/www.nettali.com\/2025\/07\/02\/haute-cour-de-justice-pourquoi-mansour-faye-a-saisi-la-cedeao\/#breadcrumb\",\"itemListElement\":[{\"@type\":\"ListItem\",\"position\":1,\"name\":\"Accueil\",\"item\":\"https:\/\/www.nettali.com\/\"},{\"@type\":\"ListItem\",\"position\":2,\"name\":\"HAUTE COUR DE JUSTICE - Pourquoi Mansour Faye a saisi la CEDEAO\"}]},{\"@type\":\"Person\",\"@id\":\"https:\/\/www.nettali.com\/#\/schema\/person\/7962a12a6e0267f88f0ffa544c36469a\",\"name\":\"Moustapha\",\"image\":{\"@type\":\"ImageObject\",\"@id\":\"https:\/\/www.nettali.com\/#personlogo\",\"inLanguage\":\"fr-FR\",\"url\":\"https:\/\/secure.gravatar.com\/avatar\/10fdf6a071cccdcf374e3dbe45159590?s=96&d=mm&r=g\",\"contentUrl\":\"https:\/\/secure.gravatar.com\/avatar\/10fdf6a071cccdcf374e3dbe45159590?s=96&d=mm&r=g\",\"caption\":\"Moustapha\"},\"sameAs\":[\"https:\/\/www.nettali.com\"]}]}<\/script>\n<!-- \/ Yoast SEO Premium plugin. -->","yoast_head_json":{"title":"HAUTE COUR DE JUSTICE - Pourquoi Mansour Faye a saisi la CEDEAO | Nettali.com","robots":{"index":"index","follow":"follow","max-snippet":"max-snippet:-1","max-image-preview":"max-image-preview:large","max-video-preview":"max-video-preview:-1"},"canonical":"https:\/\/www.nettali.com\/2025\/07\/02\/haute-cour-de-justice-pourquoi-mansour-faye-a-saisi-la-cedeao\/","og_locale":"fr_FR","og_type":"article","og_title":"HAUTE COUR DE JUSTICE - Pourquoi Mansour Faye a saisi la CEDEAO","og_description":"NETTALI.COM - En d\u00e9tention depuis le 26 mai 2025, Mansour Faye ne baisse pas les bras. L'ancien ministre du D\u00e9veloppement communautaire vient, par le biais de ses avocats, de saisir la Cour de justice de la CEDEAO. Plusieurs arguments sont mis sur la table pour obtenir \"une lib\u00e9ration imm\u00e9diate\". Ancien ministre du D\u00e9veloppement communautaire et [&hellip;]","og_url":"https:\/\/www.nettali.com\/2025\/07\/02\/haute-cour-de-justice-pourquoi-mansour-faye-a-saisi-la-cedeao\/","og_site_name":"Nettali.com","article_publisher":"https:\/\/www.facebook.com\/nettalicom","article_published_time":"2025-07-02T00:46:51+00:00","article_modified_time":"2025-07-02T02:22:16+00:00","og_image":[{"width":762,"height":493,"url":"https:\/\/www.nettali.com\/wp-content\/uploads\/2025\/05\/Mansour-Faye-min.jpg","type":"image\/jpeg"}],"twitter_card":"summary_large_image","twitter_misc":{"\u00c9crit par":"Moustapha","Dur\u00e9e de lecture estim\u00e9e":"3 minutes"},"schema":{"@context":"https:\/\/schema.org","@graph":[{"@type":"WebSite","@id":"https:\/\/www.nettali.com\/#website","url":"https:\/\/www.nettali.com\/","name":"Nettali.com","description":"Le rendez-vous critique du Net","potentialAction":[{"@type":"SearchAction","target":{"@type":"EntryPoint","urlTemplate":"https:\/\/www.nettali.com\/?s={search_term_string}"},"query-input":"required name=search_term_string"}],"inLanguage":"fr-FR"},{"@type":"ImageObject","@id":"https:\/\/www.nettali.com\/2025\/07\/02\/haute-cour-de-justice-pourquoi-mansour-faye-a-saisi-la-cedeao\/#primaryimage","inLanguage":"fr-FR","url":"https:\/\/www.nettali.com\/wp-content\/uploads\/2025\/05\/Mansour-Faye-min.jpg","contentUrl":"https:\/\/www.nettali.com\/wp-content\/uploads\/2025\/05\/Mansour-Faye-min.jpg","width":762,"height":493},{"@type":"WebPage","@id":"https:\/\/www.nettali.com\/2025\/07\/02\/haute-cour-de-justice-pourquoi-mansour-faye-a-saisi-la-cedeao\/#webpage","url":"https:\/\/www.nettali.com\/2025\/07\/02\/haute-cour-de-justice-pourquoi-mansour-faye-a-saisi-la-cedeao\/","name":"HAUTE COUR DE JUSTICE - Pourquoi Mansour Faye a saisi la CEDEAO | Nettali.com","isPartOf":{"@id":"https:\/\/www.nettali.com\/#website"},"primaryImageOfPage":{"@id":"https:\/\/www.nettali.com\/2025\/07\/02\/haute-cour-de-justice-pourquoi-mansour-faye-a-saisi-la-cedeao\/#primaryimage"},"datePublished":"2025-07-02T00:46:51+00:00","dateModified":"2025-07-02T02:22:16+00:00","author":{"@id":"https:\/\/www.nettali.com\/#\/schema\/person\/7962a12a6e0267f88f0ffa544c36469a"},"breadcrumb":{"@id":"https:\/\/www.nettali.com\/2025\/07\/02\/haute-cour-de-justice-pourquoi-mansour-faye-a-saisi-la-cedeao\/#breadcrumb"},"inLanguage":"fr-FR","potentialAction":[{"@type":"ReadAction","target":["https:\/\/www.nettali.com\/2025\/07\/02\/haute-cour-de-justice-pourquoi-mansour-faye-a-saisi-la-cedeao\/"]}]},{"@type":"BreadcrumbList","@id":"https:\/\/www.nettali.com\/2025\/07\/02\/haute-cour-de-justice-pourquoi-mansour-faye-a-saisi-la-cedeao\/#breadcrumb","itemListElement":[{"@type":"ListItem","position":1,"name":"Accueil","item":"https:\/\/www.nettali.com\/"},{"@type":"ListItem","position":2,"name":"HAUTE COUR DE JUSTICE - Pourquoi Mansour Faye a saisi la CEDEAO"}]},{"@type":"Person","@id":"https:\/\/www.nettali.com\/#\/schema\/person\/7962a12a6e0267f88f0ffa544c36469a","name":"Moustapha","image":{"@type":"ImageObject","@id":"https:\/\/www.nettali.com\/#personlogo","inLanguage":"fr-FR","url":"https:\/\/secure.gravatar.com\/avatar\/10fdf6a071cccdcf374e3dbe45159590?s=96&d=mm&r=g","contentUrl":"https:\/\/secure.gravatar.com\/avatar\/10fdf6a071cccdcf374e3dbe45159590?s=96&d=mm&r=g","caption":"Moustapha"},"sameAs":["https:\/\/www.nettali.com"]}]}},"_links":{"self":[{"href":"https:\/\/www.nettali.com\/rest\/wp\/v2\/posts\/156792"}],"collection":[{"href":"https:\/\/www.nettali.com\/rest\/wp\/v2\/posts"}],"about":[{"href":"https:\/\/www.nettali.com\/rest\/wp\/v2\/types\/post"}],"author":[{"embeddable":true,"href":"https:\/\/www.nettali.com\/rest\/wp\/v2\/users\/3"}],"replies":[{"embeddable":true,"href":"https:\/\/www.nettali.com\/rest\/wp\/v2\/comments?post=156792"}],"version-history":[{"count":1,"href":"https:\/\/www.nettali.com\/rest\/wp\/v2\/posts\/156792\/revisions"}],"predecessor-version":[{"id":156793,"href":"https:\/\/www.nettali.com\/rest\/wp\/v2\/posts\/156792\/revisions\/156793"}],"wp:featuredmedia":[{"embeddable":true,"href":"https:\/\/www.nettali.com\/rest\/wp\/v2\/media\/154824"}],"wp:attachment":[{"href":"https:\/\/www.nettali.com\/rest\/wp\/v2\/media?parent=156792"}],"wp:term":[{"taxonomy":"category","embeddable":true,"href":"https:\/\/www.nettali.com\/rest\/wp\/v2\/categories?post=156792"},{"taxonomy":"post_tag","embeddable":true,"href":"https:\/\/www.nettali.com\/rest\/wp\/v2\/tags?post=156792"}],"curies":[{"name":"wp","href":"https:\/\/api.w.org\/{rel}","templated":true}]}}