{"id":156778,"date":"2025-07-01T23:36:22","date_gmt":"2025-07-01T23:36:22","guid":{"rendered":"https:\/\/www.nettali.com\/?p=156778"},"modified":"2025-07-02T22:29:57","modified_gmt":"2025-07-02T22:29:57","slug":"affaire-sonko-niang-pourquoi-le-debat-sur-lineligibilite-dousmane-sonko-est-depasse","status":"publish","type":"post","link":"https:\/\/www.nettali.com\/2025\/07\/01\/affaire-sonko-niang-pourquoi-le-debat-sur-lineligibilite-dousmane-sonko-est-depasse\/","title":{"rendered":"AFFAIRE SONKO-NIANG - Pourquoi le d\u00e9bat sur l\u2019in\u00e9ligibilit\u00e9 d\u2019Ousmane Sonko est d\u00e9pass\u00e9"},"content":{"rendered":"<p data-start=\"293\" data-end=\"679\"><strong>NETTALI.COM - Depuis la d\u00e9cision rendue ce 1er juillet 2025 par les Chambres r\u00e9unies de la Cour supr\u00eame du S\u00e9n\u00e9gal, certains agitent \u00e0 nouveau le d\u00e9bat sur une pr\u00e9tendue in\u00e9ligibilit\u00e9 d'Ousmane Sonko, Premier ministre et leader du parti Pastef-Les Patriotes. Pourtant, ce d\u00e9bat est juridiquement clos depuis plusieurs mois, pour des raisons bien pr\u00e9cises que nous rappelons ici.<\/strong><\/p>\n<p data-start=\"763\" data-end=\"1220\">Le 4 janvier 2024, la Cour supr\u00eame avait statu\u00e9 sur le pourvoi dans l\u2019affaire de diffamation opposant Ousmane Sonko \u00e0 Mame Mbaye Niang. Dans cet arr\u00eat n\u00b01, elle avait cass\u00e9 partiellement la d\u00e9cision ant\u00e9rieure, notamment en \u00e9cartant l\u2019application de la contrainte par corps au motif que l\u2019infraction reproch\u00e9e \u00e0 Sonko pouvait \u00eatre assimil\u00e9e \u00e0 une infraction politique, ce qui rendait certaines sanctions inapplicables.<\/p>\n<h3 data-start=\"1227\" data-end=\"1311\"><strong data-start=\"1234\" data-end=\"1311\">La loi d\u2019amnistie du 1er mars 2024 : extinction totale de la condamnation<\/strong><\/h3>\n<p data-start=\"1313\" data-end=\"1466\">Deux mois plus tard, le l\u00e9gislateur s\u00e9n\u00e9galais est intervenu par la loi d\u2019amnistie n\u00b02024-09 du 13 mars 2024, dont l\u2019article 1er dispose clairement :<\/p>\n<blockquote data-start=\"1468\" data-end=\"1757\">\n<p data-start=\"1470\" data-end=\"1757\"><em data-start=\"1470\" data-end=\"1757\">\u00ab Sont amnisti\u00e9s, de plein droit, tous les faits susceptibles de rev\u00eatir la qualification d'infraction criminelle ou correctionnelle, commis entre le 1er f\u00e9vrier 2021 et le 25 f\u00e9vrier 2024, ayant des motivations politiques, y compris celles faites par tous supports de communication. \u00bb<\/em><\/p>\n<\/blockquote>\n<p data-start=\"1759\" data-end=\"2001\">Or, l\u2019affaire de diffamation pour laquelle Ousmane Sonko avait \u00e9t\u00e9 condamn\u00e9, entre pleinement dans ce champ d\u2019application. Il s\u2019agissait en effet d\u2019une infraction suppos\u00e9e \u00e0 caract\u00e8re politique, commise par voie de communication publique.<\/p>\n<p data-start=\"2003\" data-end=\"2269\">Cette loi a ainsi effac\u00e9 de plein droit la condamnation concern\u00e9e et r\u00e9tabli Ousmane Sonko dans l\u2019int\u00e9gralit\u00e9 de ses droits civiques et politiques, ce qui lui a permis de participer l\u00e9galement aux \u00e9lections pr\u00e9sidentielle et l\u00e9gislative de 2024 et 2025.<\/p>\n<h3 data-start=\"2276\" data-end=\"2350\"><strong data-start=\"2283\" data-end=\"2350\">L\u2019arr\u00eat du 1er juillet 2025 : une d\u00e9cision purement proc\u00e9durale<\/strong><\/h3>\n<p data-start=\"2352\" data-end=\"2790\">Il est essentiel de rappeler que l\u2019Office des Chambres r\u00e9unies de la Cour supr\u00eame ce 1er juillet 2025 \u00e9tait strictement limit\u00e9 \u00e0 l\u2019examen de la proc\u00e9dure et \u00e0 la r\u00e9gularit\u00e9 des d\u00e9cisions ant\u00e9rieures. Le rabat d\u2019arr\u00eat est une proc\u00e9dure exceptionnelle destin\u00e9e \u00e0 corriger d\u2019\u00e9ventuelles erreurs de droit ou vices de proc\u00e9dure, et ne remet nullement en cause le fond des faits, d\u2019autant que ceux-ci ont \u00e9t\u00e9 effac\u00e9s par l\u2019amnistie.<\/p>\n<p data-start=\"2792\" data-end=\"2945\">Il serait donc erron\u00e9, voire d\u00e9lib\u00e9r\u00e9ment fallacieux, d\u2019utiliser cette d\u00e9cision proc\u00e9durale pour relancer un d\u00e9bat sur l\u2019in\u00e9ligibilit\u00e9 de Monsieur Sonko.<\/p>\n<p data-start=\"3006\" data-end=\"3360\">Juridiquement, le d\u00e9bat sur l\u2019\u00e9ligibilit\u00e9 d\u2019Ousmane Sonko n\u2019a plus lieu d\u2019\u00eatre depuis le vote et la promulgation de la loi d\u2019amnistie en mars 2024. Cette loi a eu pour effet d\u2019\u00e9teindre toutes les poursuites, condamnations et cons\u00e9quences aff\u00e9rentes aux infractions politiques de la p\u00e9riode concern\u00e9e, y compris celle qui fait l\u2019objet de ce d\u00e9bat.<\/p>\n<p data-start=\"3362\" data-end=\"3575\">\n<div class='share-to-whatsapp-wrapper'><div class='share-on-whsp'>PARTAGER SUR : <\/div><a data-text='AFFAIRE SONKO-NIANG - Pourquoi le d\u00e9bat sur l\u2019in\u00e9ligibilit\u00e9 d\u2019Ousmane Sonko est d\u00e9pass\u00e9' data-link='https:\/\/www.nettali.com\/2025\/07\/01\/affaire-sonko-niang-pourquoi-le-debat-sur-lineligibilite-dousmane-sonko-est-depasse\/' class='whatsapp-button whatsapp-share'>WhatsApp<\/a><div class='clear '><\/div><\/div>","protected":false},"excerpt":{"rendered":"<p>NETTALI.COM - Depuis la d\u00e9cision rendue ce 1er juillet 2025 par les Chambres r\u00e9unies de la Cour supr\u00eame du S\u00e9n\u00e9gal, certains agitent \u00e0 nouveau le d\u00e9bat sur une pr\u00e9tendue in\u00e9ligibilit\u00e9 d'Ousmane Sonko, Premier ministre et leader du parti Pastef-Les Patriotes. Pourtant, ce d\u00e9bat est juridiquement clos depuis plusieurs mois, pour des raisons bien pr\u00e9cises que [&hellip;]<\/p>\n","protected":false},"author":4,"featured_media":144127,"comment_status":"open","ping_status":"open","sticky":false,"template":"","format":"standard","meta":{"_et_pb_use_builder":"","_et_pb_old_content":""},"categories":[2],"tags":[],"yoast_head":"<!-- This site is optimized with the Yoast SEO Premium plugin v17.8 (Yoast SEO v17.8) - https:\/\/yoast.com\/wordpress\/plugins\/seo\/ -->\n<title>AFFAIRE SONKO-NIANG - Pourquoi le d\u00e9bat sur l\u2019in\u00e9ligibilit\u00e9 d\u2019Ousmane Sonko est d\u00e9pass\u00e9 | Nettali.com<\/title>\n<meta name=\"robots\" content=\"index, follow, max-snippet:-1, max-image-preview:large, max-video-preview:-1\" \/>\n<link rel=\"canonical\" href=\"https:\/\/www.nettali.com\/2025\/07\/01\/affaire-sonko-niang-pourquoi-le-debat-sur-lineligibilite-dousmane-sonko-est-depasse\/\" \/>\n<meta property=\"og:locale\" content=\"fr_FR\" \/>\n<meta property=\"og:type\" content=\"article\" \/>\n<meta property=\"og:title\" content=\"AFFAIRE SONKO-NIANG - Pourquoi le d\u00e9bat sur l\u2019in\u00e9ligibilit\u00e9 d\u2019Ousmane Sonko est d\u00e9pass\u00e9\" \/>\n<meta property=\"og:description\" content=\"NETTALI.COM - Depuis la d\u00e9cision rendue ce 1er juillet 2025 par les Chambres r\u00e9unies de la Cour supr\u00eame du S\u00e9n\u00e9gal, certains agitent \u00e0 nouveau le d\u00e9bat sur une pr\u00e9tendue in\u00e9ligibilit\u00e9 d&#039;Ousmane Sonko, Premier ministre et leader du parti Pastef-Les Patriotes. Pourtant, ce d\u00e9bat est juridiquement clos depuis plusieurs mois, pour des raisons bien pr\u00e9cises que [&hellip;]\" \/>\n<meta property=\"og:url\" content=\"https:\/\/www.nettali.com\/2025\/07\/01\/affaire-sonko-niang-pourquoi-le-debat-sur-lineligibilite-dousmane-sonko-est-depasse\/\" \/>\n<meta property=\"og:site_name\" content=\"Nettali.com\" \/>\n<meta property=\"article:publisher\" content=\"https:\/\/www.facebook.com\/nettalicom\" \/>\n<meta property=\"article:published_time\" content=\"2025-07-01T23:36:22+00:00\" \/>\n<meta property=\"article:modified_time\" content=\"2025-07-02T22:29:57+00:00\" \/>\n<meta property=\"og:image\" content=\"https:\/\/www.nettali.com\/wp-content\/uploads\/2024\/11\/Ousmane-Sonko-Premier-ministre-du-Senegal-1.jpg\" \/>\n\t<meta property=\"og:image:width\" content=\"727\" \/>\n\t<meta property=\"og:image:height\" content=\"638\" \/>\n<meta name=\"twitter:card\" content=\"summary_large_image\" \/>\n<meta name=\"twitter:label1\" content=\"\u00c9crit par\" \/>\n\t<meta name=\"twitter:data1\" content=\"Daouda\" \/>\n\t<meta name=\"twitter:label2\" content=\"Dur\u00e9e de lecture estim\u00e9e\" \/>\n\t<meta name=\"twitter:data2\" content=\"2 minutes\" \/>\n<script type=\"application\/ld+json\" class=\"yoast-schema-graph\">{\"@context\":\"https:\/\/schema.org\",\"@graph\":[{\"@type\":\"WebSite\",\"@id\":\"https:\/\/www.nettali.com\/#website\",\"url\":\"https:\/\/www.nettali.com\/\",\"name\":\"Nettali.com\",\"description\":\"Le rendez-vous critique du Net\",\"potentialAction\":[{\"@type\":\"SearchAction\",\"target\":{\"@type\":\"EntryPoint\",\"urlTemplate\":\"https:\/\/www.nettali.com\/?s={search_term_string}\"},\"query-input\":\"required name=search_term_string\"}],\"inLanguage\":\"fr-FR\"},{\"@type\":\"ImageObject\",\"@id\":\"https:\/\/www.nettali.com\/2025\/07\/01\/affaire-sonko-niang-pourquoi-le-debat-sur-lineligibilite-dousmane-sonko-est-depasse\/#primaryimage\",\"inLanguage\":\"fr-FR\",\"url\":\"https:\/\/www.nettali.com\/wp-content\/uploads\/2024\/11\/Ousmane-Sonko-Premier-ministre-du-Senegal-1.jpg\",\"contentUrl\":\"https:\/\/www.nettali.com\/wp-content\/uploads\/2024\/11\/Ousmane-Sonko-Premier-ministre-du-Senegal-1.jpg\",\"width\":727,\"height\":638},{\"@type\":\"WebPage\",\"@id\":\"https:\/\/www.nettali.com\/2025\/07\/01\/affaire-sonko-niang-pourquoi-le-debat-sur-lineligibilite-dousmane-sonko-est-depasse\/#webpage\",\"url\":\"https:\/\/www.nettali.com\/2025\/07\/01\/affaire-sonko-niang-pourquoi-le-debat-sur-lineligibilite-dousmane-sonko-est-depasse\/\",\"name\":\"AFFAIRE SONKO-NIANG - Pourquoi le d\\u00e9bat sur l\\u2019in\\u00e9ligibilit\\u00e9 d\\u2019Ousmane Sonko est d\\u00e9pass\\u00e9 | Nettali.com\",\"isPartOf\":{\"@id\":\"https:\/\/www.nettali.com\/#website\"},\"primaryImageOfPage\":{\"@id\":\"https:\/\/www.nettali.com\/2025\/07\/01\/affaire-sonko-niang-pourquoi-le-debat-sur-lineligibilite-dousmane-sonko-est-depasse\/#primaryimage\"},\"datePublished\":\"2025-07-01T23:36:22+00:00\",\"dateModified\":\"2025-07-02T22:29:57+00:00\",\"author\":{\"@id\":\"https:\/\/www.nettali.com\/#\/schema\/person\/3317e0bb3aa1da309fbf7b2780901bf4\"},\"breadcrumb\":{\"@id\":\"https:\/\/www.nettali.com\/2025\/07\/01\/affaire-sonko-niang-pourquoi-le-debat-sur-lineligibilite-dousmane-sonko-est-depasse\/#breadcrumb\"},\"inLanguage\":\"fr-FR\",\"potentialAction\":[{\"@type\":\"ReadAction\",\"target\":[\"https:\/\/www.nettali.com\/2025\/07\/01\/affaire-sonko-niang-pourquoi-le-debat-sur-lineligibilite-dousmane-sonko-est-depasse\/\"]}]},{\"@type\":\"BreadcrumbList\",\"@id\":\"https:\/\/www.nettali.com\/2025\/07\/01\/affaire-sonko-niang-pourquoi-le-debat-sur-lineligibilite-dousmane-sonko-est-depasse\/#breadcrumb\",\"itemListElement\":[{\"@type\":\"ListItem\",\"position\":1,\"name\":\"Accueil\",\"item\":\"https:\/\/www.nettali.com\/\"},{\"@type\":\"ListItem\",\"position\":2,\"name\":\"AFFAIRE SONKO-NIANG - Pourquoi le d\\u00e9bat sur l\\u2019in\\u00e9ligibilit\\u00e9 d\\u2019Ousmane Sonko est d\\u00e9pass\\u00e9\"}]},{\"@type\":\"Person\",\"@id\":\"https:\/\/www.nettali.com\/#\/schema\/person\/3317e0bb3aa1da309fbf7b2780901bf4\",\"name\":\"Daouda\",\"image\":{\"@type\":\"ImageObject\",\"@id\":\"https:\/\/www.nettali.com\/#personlogo\",\"inLanguage\":\"fr-FR\",\"url\":\"https:\/\/secure.gravatar.com\/avatar\/8d143b5a49345098ddcfee1c49c2f47c?s=96&d=mm&r=g\",\"contentUrl\":\"https:\/\/secure.gravatar.com\/avatar\/8d143b5a49345098ddcfee1c49c2f47c?s=96&d=mm&r=g\",\"caption\":\"Daouda\"},\"sameAs\":[\"https:\/\/www.nettali.com\"]}]}<\/script>\n<!-- \/ Yoast SEO Premium plugin. -->","yoast_head_json":{"title":"AFFAIRE SONKO-NIANG - Pourquoi le d\u00e9bat sur l\u2019in\u00e9ligibilit\u00e9 d\u2019Ousmane Sonko est d\u00e9pass\u00e9 | Nettali.com","robots":{"index":"index","follow":"follow","max-snippet":"max-snippet:-1","max-image-preview":"max-image-preview:large","max-video-preview":"max-video-preview:-1"},"canonical":"https:\/\/www.nettali.com\/2025\/07\/01\/affaire-sonko-niang-pourquoi-le-debat-sur-lineligibilite-dousmane-sonko-est-depasse\/","og_locale":"fr_FR","og_type":"article","og_title":"AFFAIRE SONKO-NIANG - Pourquoi le d\u00e9bat sur l\u2019in\u00e9ligibilit\u00e9 d\u2019Ousmane Sonko est d\u00e9pass\u00e9","og_description":"NETTALI.COM - Depuis la d\u00e9cision rendue ce 1er juillet 2025 par les Chambres r\u00e9unies de la Cour supr\u00eame du S\u00e9n\u00e9gal, certains agitent \u00e0 nouveau le d\u00e9bat sur une pr\u00e9tendue in\u00e9ligibilit\u00e9 d'Ousmane Sonko, Premier ministre et leader du parti Pastef-Les Patriotes. Pourtant, ce d\u00e9bat est juridiquement clos depuis plusieurs mois, pour des raisons bien pr\u00e9cises que [&hellip;]","og_url":"https:\/\/www.nettali.com\/2025\/07\/01\/affaire-sonko-niang-pourquoi-le-debat-sur-lineligibilite-dousmane-sonko-est-depasse\/","og_site_name":"Nettali.com","article_publisher":"https:\/\/www.facebook.com\/nettalicom","article_published_time":"2025-07-01T23:36:22+00:00","article_modified_time":"2025-07-02T22:29:57+00:00","og_image":[{"width":727,"height":638,"url":"https:\/\/www.nettali.com\/wp-content\/uploads\/2024\/11\/Ousmane-Sonko-Premier-ministre-du-Senegal-1.jpg","type":"image\/jpeg"}],"twitter_card":"summary_large_image","twitter_misc":{"\u00c9crit par":"Daouda","Dur\u00e9e de lecture estim\u00e9e":"2 minutes"},"schema":{"@context":"https:\/\/schema.org","@graph":[{"@type":"WebSite","@id":"https:\/\/www.nettali.com\/#website","url":"https:\/\/www.nettali.com\/","name":"Nettali.com","description":"Le rendez-vous critique du Net","potentialAction":[{"@type":"SearchAction","target":{"@type":"EntryPoint","urlTemplate":"https:\/\/www.nettali.com\/?s={search_term_string}"},"query-input":"required name=search_term_string"}],"inLanguage":"fr-FR"},{"@type":"ImageObject","@id":"https:\/\/www.nettali.com\/2025\/07\/01\/affaire-sonko-niang-pourquoi-le-debat-sur-lineligibilite-dousmane-sonko-est-depasse\/#primaryimage","inLanguage":"fr-FR","url":"https:\/\/www.nettali.com\/wp-content\/uploads\/2024\/11\/Ousmane-Sonko-Premier-ministre-du-Senegal-1.jpg","contentUrl":"https:\/\/www.nettali.com\/wp-content\/uploads\/2024\/11\/Ousmane-Sonko-Premier-ministre-du-Senegal-1.jpg","width":727,"height":638},{"@type":"WebPage","@id":"https:\/\/www.nettali.com\/2025\/07\/01\/affaire-sonko-niang-pourquoi-le-debat-sur-lineligibilite-dousmane-sonko-est-depasse\/#webpage","url":"https:\/\/www.nettali.com\/2025\/07\/01\/affaire-sonko-niang-pourquoi-le-debat-sur-lineligibilite-dousmane-sonko-est-depasse\/","name":"AFFAIRE SONKO-NIANG - Pourquoi le d\u00e9bat sur l\u2019in\u00e9ligibilit\u00e9 d\u2019Ousmane Sonko est d\u00e9pass\u00e9 | Nettali.com","isPartOf":{"@id":"https:\/\/www.nettali.com\/#website"},"primaryImageOfPage":{"@id":"https:\/\/www.nettali.com\/2025\/07\/01\/affaire-sonko-niang-pourquoi-le-debat-sur-lineligibilite-dousmane-sonko-est-depasse\/#primaryimage"},"datePublished":"2025-07-01T23:36:22+00:00","dateModified":"2025-07-02T22:29:57+00:00","author":{"@id":"https:\/\/www.nettali.com\/#\/schema\/person\/3317e0bb3aa1da309fbf7b2780901bf4"},"breadcrumb":{"@id":"https:\/\/www.nettali.com\/2025\/07\/01\/affaire-sonko-niang-pourquoi-le-debat-sur-lineligibilite-dousmane-sonko-est-depasse\/#breadcrumb"},"inLanguage":"fr-FR","potentialAction":[{"@type":"ReadAction","target":["https:\/\/www.nettali.com\/2025\/07\/01\/affaire-sonko-niang-pourquoi-le-debat-sur-lineligibilite-dousmane-sonko-est-depasse\/"]}]},{"@type":"BreadcrumbList","@id":"https:\/\/www.nettali.com\/2025\/07\/01\/affaire-sonko-niang-pourquoi-le-debat-sur-lineligibilite-dousmane-sonko-est-depasse\/#breadcrumb","itemListElement":[{"@type":"ListItem","position":1,"name":"Accueil","item":"https:\/\/www.nettali.com\/"},{"@type":"ListItem","position":2,"name":"AFFAIRE SONKO-NIANG - Pourquoi le d\u00e9bat sur l\u2019in\u00e9ligibilit\u00e9 d\u2019Ousmane Sonko est d\u00e9pass\u00e9"}]},{"@type":"Person","@id":"https:\/\/www.nettali.com\/#\/schema\/person\/3317e0bb3aa1da309fbf7b2780901bf4","name":"Daouda","image":{"@type":"ImageObject","@id":"https:\/\/www.nettali.com\/#personlogo","inLanguage":"fr-FR","url":"https:\/\/secure.gravatar.com\/avatar\/8d143b5a49345098ddcfee1c49c2f47c?s=96&d=mm&r=g","contentUrl":"https:\/\/secure.gravatar.com\/avatar\/8d143b5a49345098ddcfee1c49c2f47c?s=96&d=mm&r=g","caption":"Daouda"},"sameAs":["https:\/\/www.nettali.com"]}]}},"_links":{"self":[{"href":"https:\/\/www.nettali.com\/rest\/wp\/v2\/posts\/156778"}],"collection":[{"href":"https:\/\/www.nettali.com\/rest\/wp\/v2\/posts"}],"about":[{"href":"https:\/\/www.nettali.com\/rest\/wp\/v2\/types\/post"}],"author":[{"embeddable":true,"href":"https:\/\/www.nettali.com\/rest\/wp\/v2\/users\/4"}],"replies":[{"embeddable":true,"href":"https:\/\/www.nettali.com\/rest\/wp\/v2\/comments?post=156778"}],"version-history":[{"count":1,"href":"https:\/\/www.nettali.com\/rest\/wp\/v2\/posts\/156778\/revisions"}],"predecessor-version":[{"id":156779,"href":"https:\/\/www.nettali.com\/rest\/wp\/v2\/posts\/156778\/revisions\/156779"}],"wp:featuredmedia":[{"embeddable":true,"href":"https:\/\/www.nettali.com\/rest\/wp\/v2\/media\/144127"}],"wp:attachment":[{"href":"https:\/\/www.nettali.com\/rest\/wp\/v2\/media?parent=156778"}],"wp:term":[{"taxonomy":"category","embeddable":true,"href":"https:\/\/www.nettali.com\/rest\/wp\/v2\/categories?post=156778"},{"taxonomy":"post_tag","embeddable":true,"href":"https:\/\/www.nettali.com\/rest\/wp\/v2\/tags?post=156778"}],"curies":[{"name":"wp","href":"https:\/\/api.w.org\/{rel}","templated":true}]}}