{"id":156775,"date":"2025-07-01T22:36:03","date_gmt":"2025-07-01T22:36:03","guid":{"rendered":"https:\/\/www.nettali.com\/?p=156775"},"modified":"2025-07-02T00:52:18","modified_gmt":"2025-07-02T00:52:18","slug":"pape-djibril-fall-repond-a-sonko-personne-ne-rasera-les-murs","status":"publish","type":"post","link":"https:\/\/www.nettali.com\/2025\/07\/01\/pape-djibril-fall-repond-a-sonko-personne-ne-rasera-les-murs\/","title":{"rendered":"PAPE DJIBRIL FALL R\u00c9POND \u00c0 SONKO : \"Personne ne rasera les murs\""},"content":{"rendered":"<p><strong>NETTALI.COM - Pape Djibril Fall n\u2019a pas tard\u00e9 \u00e0 r\u00e9agir aux propos tenus r\u00e9cemment par le Premier ministre Ousmane Sonko lors de sa visite officielle en Chine. Le d\u00e9put\u00e9 a apport\u00e9 une r\u00e9ponse s\u00e8che au patron de Pastef.<\/strong><\/p>\n<p>Le chef du gouvernement aurait affirm\u00e9, dans une d\u00e9claration film\u00e9e largement diffus\u00e9e sur les r\u00e9seaux sociaux : \"<em>Dieu seul sait pourquoi je n\u2019ai pas \u00e9t\u00e9 \u00e9lu pr\u00e9sident de la R\u00e9publique. Nous vivons dans un pays o\u00f9 seuls ceux qui devraient se taire prennent la parole. Ils devraient raser les murs<\/em>\".<\/p>\n<p>Face \u00e0 cette sortie, le d\u00e9put\u00e9 s\u2019est insurg\u00e9 avec fermet\u00e9 ce mardi 1\u1d49\u02b3 juillet.<br \/>\n\"<em>Personne ne rasera les murs ! Vous n\u2019effacerez personne. Monsieur le Premier ministre, votre tentation de dictature ne passera pas. Le S\u00e9n\u00e9gal est un pays de r\u00e9sistants<\/em>\", a lanc\u00e9 Pape Djibril Fall lors d\u2019un point de presse organis\u00e9 ce lundi 1er juillet.<\/p>\n<div class='share-to-whatsapp-wrapper'><div class='share-on-whsp'>PARTAGER SUR : <\/div><a data-text='PAPE DJIBRIL FALL R\u00c9POND \u00c0 SONKO : \"Personne ne rasera les murs\"' data-link='https:\/\/www.nettali.com\/2025\/07\/01\/pape-djibril-fall-repond-a-sonko-personne-ne-rasera-les-murs\/' class='whatsapp-button whatsapp-share'>WhatsApp<\/a><div class='clear '><\/div><\/div>","protected":false},"excerpt":{"rendered":"<p>NETTALI.COM - Pape Djibril Fall n\u2019a pas tard\u00e9 \u00e0 r\u00e9agir aux propos tenus r\u00e9cemment par le Premier ministre Ousmane Sonko lors de sa visite officielle en Chine. Le d\u00e9put\u00e9 a apport\u00e9 une r\u00e9ponse s\u00e8che au patron de Pastef. Le chef du gouvernement aurait affirm\u00e9, dans une d\u00e9claration film\u00e9e largement diffus\u00e9e sur les r\u00e9seaux sociaux : [&hellip;]<\/p>\n","protected":false},"author":5,"featured_media":156776,"comment_status":"open","ping_status":"open","sticky":false,"template":"","format":"standard","meta":{"_et_pb_use_builder":"","_et_pb_old_content":""},"categories":[2],"tags":[],"yoast_head":"<!-- This site is optimized with the Yoast SEO Premium plugin v17.8 (Yoast SEO v17.8) - https:\/\/yoast.com\/wordpress\/plugins\/seo\/ -->\n<title>PAPE DJIBRIL FALL R\u00c9POND \u00c0 SONKO : &quot;Personne ne rasera les murs&quot; | Nettali.com<\/title>\n<meta name=\"robots\" content=\"index, follow, max-snippet:-1, max-image-preview:large, max-video-preview:-1\" \/>\n<link rel=\"canonical\" href=\"https:\/\/www.nettali.com\/2025\/07\/01\/pape-djibril-fall-repond-a-sonko-personne-ne-rasera-les-murs\/\" \/>\n<meta property=\"og:locale\" content=\"fr_FR\" \/>\n<meta property=\"og:type\" content=\"article\" \/>\n<meta property=\"og:title\" content=\"PAPE DJIBRIL FALL R\u00c9POND \u00c0 SONKO : &quot;Personne ne rasera les murs&quot;\" \/>\n<meta property=\"og:description\" content=\"NETTALI.COM - Pape Djibril Fall n\u2019a pas tard\u00e9 \u00e0 r\u00e9agir aux propos tenus r\u00e9cemment par le Premier ministre Ousmane Sonko lors de sa visite officielle en Chine. Le d\u00e9put\u00e9 a apport\u00e9 une r\u00e9ponse s\u00e8che au patron de Pastef. Le chef du gouvernement aurait affirm\u00e9, dans une d\u00e9claration film\u00e9e largement diffus\u00e9e sur les r\u00e9seaux sociaux : [&hellip;]\" \/>\n<meta property=\"og:url\" content=\"https:\/\/www.nettali.com\/2025\/07\/01\/pape-djibril-fall-repond-a-sonko-personne-ne-rasera-les-murs\/\" \/>\n<meta property=\"og:site_name\" content=\"Nettali.com\" \/>\n<meta property=\"article:publisher\" content=\"https:\/\/www.facebook.com\/nettalicom\" \/>\n<meta property=\"article:published_time\" content=\"2025-07-01T22:36:03+00:00\" \/>\n<meta property=\"article:modified_time\" content=\"2025-07-02T00:52:18+00:00\" \/>\n<meta property=\"og:image\" content=\"https:\/\/www.nettali.com\/wp-content\/uploads\/2025\/07\/BE6E6916-0786-4219-A489-AA7860AFF9F3-1296x700-1.png\" \/>\n\t<meta property=\"og:image:width\" content=\"1296\" \/>\n\t<meta property=\"og:image:height\" content=\"700\" \/>\n<meta name=\"twitter:card\" content=\"summary_large_image\" \/>\n<meta name=\"twitter:label1\" content=\"\u00c9crit par\" \/>\n\t<meta name=\"twitter:data1\" content=\"Ibrahima\" \/>\n\t<meta name=\"twitter:label2\" content=\"Dur\u00e9e de lecture estim\u00e9e\" \/>\n\t<meta name=\"twitter:data2\" content=\"1 minute\" \/>\n<script type=\"application\/ld+json\" class=\"yoast-schema-graph\">{\"@context\":\"https:\/\/schema.org\",\"@graph\":[{\"@type\":\"WebSite\",\"@id\":\"https:\/\/www.nettali.com\/#website\",\"url\":\"https:\/\/www.nettali.com\/\",\"name\":\"Nettali.com\",\"description\":\"Le rendez-vous critique du Net\",\"potentialAction\":[{\"@type\":\"SearchAction\",\"target\":{\"@type\":\"EntryPoint\",\"urlTemplate\":\"https:\/\/www.nettali.com\/?s={search_term_string}\"},\"query-input\":\"required name=search_term_string\"}],\"inLanguage\":\"fr-FR\"},{\"@type\":\"ImageObject\",\"@id\":\"https:\/\/www.nettali.com\/2025\/07\/01\/pape-djibril-fall-repond-a-sonko-personne-ne-rasera-les-murs\/#primaryimage\",\"inLanguage\":\"fr-FR\",\"url\":\"https:\/\/www.nettali.com\/wp-content\/uploads\/2025\/07\/BE6E6916-0786-4219-A489-AA7860AFF9F3-1296x700-1.png\",\"contentUrl\":\"https:\/\/www.nettali.com\/wp-content\/uploads\/2025\/07\/BE6E6916-0786-4219-A489-AA7860AFF9F3-1296x700-1.png\",\"width\":1296,\"height\":700},{\"@type\":\"WebPage\",\"@id\":\"https:\/\/www.nettali.com\/2025\/07\/01\/pape-djibril-fall-repond-a-sonko-personne-ne-rasera-les-murs\/#webpage\",\"url\":\"https:\/\/www.nettali.com\/2025\/07\/01\/pape-djibril-fall-repond-a-sonko-personne-ne-rasera-les-murs\/\",\"name\":\"PAPE DJIBRIL FALL R\\u00c9POND \\u00c0 SONKO : \\\"Personne ne rasera les murs\\\" | Nettali.com\",\"isPartOf\":{\"@id\":\"https:\/\/www.nettali.com\/#website\"},\"primaryImageOfPage\":{\"@id\":\"https:\/\/www.nettali.com\/2025\/07\/01\/pape-djibril-fall-repond-a-sonko-personne-ne-rasera-les-murs\/#primaryimage\"},\"datePublished\":\"2025-07-01T22:36:03+00:00\",\"dateModified\":\"2025-07-02T00:52:18+00:00\",\"author\":{\"@id\":\"https:\/\/www.nettali.com\/#\/schema\/person\/bb147657c2986240405a608162b9bb23\"},\"breadcrumb\":{\"@id\":\"https:\/\/www.nettali.com\/2025\/07\/01\/pape-djibril-fall-repond-a-sonko-personne-ne-rasera-les-murs\/#breadcrumb\"},\"inLanguage\":\"fr-FR\",\"potentialAction\":[{\"@type\":\"ReadAction\",\"target\":[\"https:\/\/www.nettali.com\/2025\/07\/01\/pape-djibril-fall-repond-a-sonko-personne-ne-rasera-les-murs\/\"]}]},{\"@type\":\"BreadcrumbList\",\"@id\":\"https:\/\/www.nettali.com\/2025\/07\/01\/pape-djibril-fall-repond-a-sonko-personne-ne-rasera-les-murs\/#breadcrumb\",\"itemListElement\":[{\"@type\":\"ListItem\",\"position\":1,\"name\":\"Accueil\",\"item\":\"https:\/\/www.nettali.com\/\"},{\"@type\":\"ListItem\",\"position\":2,\"name\":\"PAPE DJIBRIL FALL R\\u00c9POND \\u00c0 SONKO : \\\"Personne ne rasera les murs\\\"\"}]},{\"@type\":\"Person\",\"@id\":\"https:\/\/www.nettali.com\/#\/schema\/person\/bb147657c2986240405a608162b9bb23\",\"name\":\"Ibrahima\",\"image\":{\"@type\":\"ImageObject\",\"@id\":\"https:\/\/www.nettali.com\/#personlogo\",\"inLanguage\":\"fr-FR\",\"url\":\"https:\/\/secure.gravatar.com\/avatar\/26a8a81f09f0dd7624c9d5c36c9ba3a2?s=96&d=mm&r=g\",\"contentUrl\":\"https:\/\/secure.gravatar.com\/avatar\/26a8a81f09f0dd7624c9d5c36c9ba3a2?s=96&d=mm&r=g\",\"caption\":\"Ibrahima\"},\"sameAs\":[\"https:\/\/www.nettali.com\"]}]}<\/script>\n<!-- \/ Yoast SEO Premium plugin. -->","yoast_head_json":{"title":"PAPE DJIBRIL FALL R\u00c9POND \u00c0 SONKO : \"Personne ne rasera les murs\" | Nettali.com","robots":{"index":"index","follow":"follow","max-snippet":"max-snippet:-1","max-image-preview":"max-image-preview:large","max-video-preview":"max-video-preview:-1"},"canonical":"https:\/\/www.nettali.com\/2025\/07\/01\/pape-djibril-fall-repond-a-sonko-personne-ne-rasera-les-murs\/","og_locale":"fr_FR","og_type":"article","og_title":"PAPE DJIBRIL FALL R\u00c9POND \u00c0 SONKO : \"Personne ne rasera les murs\"","og_description":"NETTALI.COM - Pape Djibril Fall n\u2019a pas tard\u00e9 \u00e0 r\u00e9agir aux propos tenus r\u00e9cemment par le Premier ministre Ousmane Sonko lors de sa visite officielle en Chine. Le d\u00e9put\u00e9 a apport\u00e9 une r\u00e9ponse s\u00e8che au patron de Pastef. Le chef du gouvernement aurait affirm\u00e9, dans une d\u00e9claration film\u00e9e largement diffus\u00e9e sur les r\u00e9seaux sociaux : [&hellip;]","og_url":"https:\/\/www.nettali.com\/2025\/07\/01\/pape-djibril-fall-repond-a-sonko-personne-ne-rasera-les-murs\/","og_site_name":"Nettali.com","article_publisher":"https:\/\/www.facebook.com\/nettalicom","article_published_time":"2025-07-01T22:36:03+00:00","article_modified_time":"2025-07-02T00:52:18+00:00","og_image":[{"width":1296,"height":700,"url":"https:\/\/www.nettali.com\/wp-content\/uploads\/2025\/07\/BE6E6916-0786-4219-A489-AA7860AFF9F3-1296x700-1.png","type":"image\/png"}],"twitter_card":"summary_large_image","twitter_misc":{"\u00c9crit par":"Ibrahima","Dur\u00e9e de lecture estim\u00e9e":"1 minute"},"schema":{"@context":"https:\/\/schema.org","@graph":[{"@type":"WebSite","@id":"https:\/\/www.nettali.com\/#website","url":"https:\/\/www.nettali.com\/","name":"Nettali.com","description":"Le rendez-vous critique du Net","potentialAction":[{"@type":"SearchAction","target":{"@type":"EntryPoint","urlTemplate":"https:\/\/www.nettali.com\/?s={search_term_string}"},"query-input":"required name=search_term_string"}],"inLanguage":"fr-FR"},{"@type":"ImageObject","@id":"https:\/\/www.nettali.com\/2025\/07\/01\/pape-djibril-fall-repond-a-sonko-personne-ne-rasera-les-murs\/#primaryimage","inLanguage":"fr-FR","url":"https:\/\/www.nettali.com\/wp-content\/uploads\/2025\/07\/BE6E6916-0786-4219-A489-AA7860AFF9F3-1296x700-1.png","contentUrl":"https:\/\/www.nettali.com\/wp-content\/uploads\/2025\/07\/BE6E6916-0786-4219-A489-AA7860AFF9F3-1296x700-1.png","width":1296,"height":700},{"@type":"WebPage","@id":"https:\/\/www.nettali.com\/2025\/07\/01\/pape-djibril-fall-repond-a-sonko-personne-ne-rasera-les-murs\/#webpage","url":"https:\/\/www.nettali.com\/2025\/07\/01\/pape-djibril-fall-repond-a-sonko-personne-ne-rasera-les-murs\/","name":"PAPE DJIBRIL FALL R\u00c9POND \u00c0 SONKO : \"Personne ne rasera les murs\" | Nettali.com","isPartOf":{"@id":"https:\/\/www.nettali.com\/#website"},"primaryImageOfPage":{"@id":"https:\/\/www.nettali.com\/2025\/07\/01\/pape-djibril-fall-repond-a-sonko-personne-ne-rasera-les-murs\/#primaryimage"},"datePublished":"2025-07-01T22:36:03+00:00","dateModified":"2025-07-02T00:52:18+00:00","author":{"@id":"https:\/\/www.nettali.com\/#\/schema\/person\/bb147657c2986240405a608162b9bb23"},"breadcrumb":{"@id":"https:\/\/www.nettali.com\/2025\/07\/01\/pape-djibril-fall-repond-a-sonko-personne-ne-rasera-les-murs\/#breadcrumb"},"inLanguage":"fr-FR","potentialAction":[{"@type":"ReadAction","target":["https:\/\/www.nettali.com\/2025\/07\/01\/pape-djibril-fall-repond-a-sonko-personne-ne-rasera-les-murs\/"]}]},{"@type":"BreadcrumbList","@id":"https:\/\/www.nettali.com\/2025\/07\/01\/pape-djibril-fall-repond-a-sonko-personne-ne-rasera-les-murs\/#breadcrumb","itemListElement":[{"@type":"ListItem","position":1,"name":"Accueil","item":"https:\/\/www.nettali.com\/"},{"@type":"ListItem","position":2,"name":"PAPE DJIBRIL FALL R\u00c9POND \u00c0 SONKO : \"Personne ne rasera les murs\""}]},{"@type":"Person","@id":"https:\/\/www.nettali.com\/#\/schema\/person\/bb147657c2986240405a608162b9bb23","name":"Ibrahima","image":{"@type":"ImageObject","@id":"https:\/\/www.nettali.com\/#personlogo","inLanguage":"fr-FR","url":"https:\/\/secure.gravatar.com\/avatar\/26a8a81f09f0dd7624c9d5c36c9ba3a2?s=96&d=mm&r=g","contentUrl":"https:\/\/secure.gravatar.com\/avatar\/26a8a81f09f0dd7624c9d5c36c9ba3a2?s=96&d=mm&r=g","caption":"Ibrahima"},"sameAs":["https:\/\/www.nettali.com"]}]}},"_links":{"self":[{"href":"https:\/\/www.nettali.com\/rest\/wp\/v2\/posts\/156775"}],"collection":[{"href":"https:\/\/www.nettali.com\/rest\/wp\/v2\/posts"}],"about":[{"href":"https:\/\/www.nettali.com\/rest\/wp\/v2\/types\/post"}],"author":[{"embeddable":true,"href":"https:\/\/www.nettali.com\/rest\/wp\/v2\/users\/5"}],"replies":[{"embeddable":true,"href":"https:\/\/www.nettali.com\/rest\/wp\/v2\/comments?post=156775"}],"version-history":[{"count":3,"href":"https:\/\/www.nettali.com\/rest\/wp\/v2\/posts\/156775\/revisions"}],"predecessor-version":[{"id":156796,"href":"https:\/\/www.nettali.com\/rest\/wp\/v2\/posts\/156775\/revisions\/156796"}],"wp:featuredmedia":[{"embeddable":true,"href":"https:\/\/www.nettali.com\/rest\/wp\/v2\/media\/156776"}],"wp:attachment":[{"href":"https:\/\/www.nettali.com\/rest\/wp\/v2\/media?parent=156775"}],"wp:term":[{"taxonomy":"category","embeddable":true,"href":"https:\/\/www.nettali.com\/rest\/wp\/v2\/categories?post=156775"},{"taxonomy":"post_tag","embeddable":true,"href":"https:\/\/www.nettali.com\/rest\/wp\/v2\/tags?post=156775"}],"curies":[{"name":"wp","href":"https:\/\/api.w.org\/{rel}","templated":true}]}}