{"id":156769,"date":"2025-07-01T14:02:16","date_gmt":"2025-07-01T14:02:16","guid":{"rendered":"https:\/\/www.nettali.com\/?p=156769"},"modified":"2025-07-01T20:19:47","modified_gmt":"2025-07-01T20:19:47","slug":"conclusions-assises-de-la-presse-matar-silla-plaide-pour-une-reforme-profonde-du-cadre-juridique-et-institutionnel-du-secteur-des-medias","status":"publish","type":"post","link":"https:\/\/www.nettali.com\/2025\/07\/01\/conclusions-assises-de-la-presse-matar-silla-plaide-pour-une-reforme-profonde-du-cadre-juridique-et-institutionnel-du-secteur-des-medias\/","title":{"rendered":"CONCLUSIONS ASSISES DE LA PRESSE - Matar Silla plaide pour une \u201cr\u00e9forme profonde\u201d du cadre juridique et institutionnel du secteur des m\u00e9dias"},"content":{"rendered":"<p><strong>NETTALI.COM - Le pr\u00e9sident du comit\u00e9 scientifique des Assises nationales des M\u00e9dias, Matar Silla, a relev\u00e9 mardi, la n\u00e9cessit\u00e9 de r\u00e9former en profondeur l\u2019architecture juridique et institutionnelle du secteur, insistant sur la mise en place d\u2019une nouvelle instance de r\u00e9gulation plus adapt\u00e9e aux r\u00e9alit\u00e9s actuelles.<\/strong><\/p>\n<p><em>\"L\u2019autorit\u00e9 de r\u00e9gulation actuelle n\u2019est plus appropri\u00e9e. Il est temps d\u2019aller vers un arsenal juridique et institutionnel plus coh\u00e9rent, qui prenne en compte non seulement les m\u00e9dias, mais aussi la publicit\u00e9 et la protection des professionnels, notamment les jeunes reporters et techniciens\u201d<\/em> a d\u00e9clar\u00e9 M. Silla lors de la c\u00e9r\u00e9monie de restitution du rapport g\u00e9n\u00e9ral des Assises des m\u00e9dias.<\/p>\n<p><em>\u00a0\"La question de la viabilit\u00e9 \u00e9conomique est essentielle\u2019\u2019<\/em>, a soulign\u00e9 l\u2019ancien directeur de la RTS, appelant \u00e0 explorer des m\u00e9canismes de financement innovants, fond\u00e9s sur les meilleures pratiques \u201d\u2019best practices\u201d internationales.<\/p>\n<p>Dans cette perspective, il a expliqu\u00e9 que des propositions concr\u00e8tes ont \u00e9t\u00e9 formul\u00e9es pour une mise en \u0153uvre progressive visant \u00e0 professionnaliser et \u00e0 diversifier davantage le secteur.<\/p>\n<p>Selon Matar Silla, le S\u00e9n\u00e9gal dispose des moyens de devenir un \u201dhub m\u00e9diatique et technologique de r\u00e9f\u00e9rence en Afrique\u201d, dans le cadre de son Agenda 2050. Mais cela requiert \u201dr\u00e9flexion, concertation et respect mutuel\u201d, a-t-il martel\u00e9.<\/p>\n<p>Le pr\u00e9sident du comit\u00e9 scientifique a \u00e9galement salu\u00e9 l\u2019effort collectif men\u00e9 dans le d\u00e9roulement des Assises, notant que le travail accompli durant ces deux ann\u00e9es, s\u2019il avait \u00e9t\u00e9 confi\u00e9 \u00e0 un cabinet priv\u00e9, \u201dse chiffrerait en milliards\u201d.<\/p>\n<p>Il a appel\u00e9 \u00e0 \u00e9couter toutes les parties prenantes et \u00e0 prendre des mesures urgentes pour permettre aux m\u00e9dias de jouer pleinement leur r\u00f4le dans la consolidation d\u00e9mocratique et le d\u00e9veloppement du pays.<\/p>\n<p><em>\u201dInformer juste, informer vrai, sur la base de la d\u00e9ontologie et de l\u2019\u00e9thique. Ce secteur ne doit pas \u00eatre la voix de son ma\u00eetre, mais il doit accompagner, avec rigueur et professionnalisme, le d\u00e9veloppement national\u201d<\/em>, a-t-il conclu.<\/p>\n<p>Ces Assises qui ont dur\u00e9 deux ans ont vu la participation de professionnels des m\u00e9dias, d\u2019experts, d\u2019universitaires et d\u2019acteurs institutionnels. Les recommandations ont notamment port\u00e9 sur la modernisation du cadre l\u00e9gal et le renforcement de la formation et des capacit\u00e9s professionnelles. La viabilit\u00e9 \u00e9conomique des entreprises de presse a aussi retenu l\u2019attention des participants lors de ces travaux, indique-t-on.<\/p>\n<div class='share-to-whatsapp-wrapper'><div class='share-on-whsp'>PARTAGER SUR : <\/div><a data-text='CONCLUSIONS ASSISES DE LA PRESSE - Matar Silla plaide pour une \u201cr\u00e9forme profonde\u201d du cadre juridique et institutionnel du secteur des m\u00e9dias' data-link='https:\/\/www.nettali.com\/2025\/07\/01\/conclusions-assises-de-la-presse-matar-silla-plaide-pour-une-reforme-profonde-du-cadre-juridique-et-institutionnel-du-secteur-des-medias\/' class='whatsapp-button whatsapp-share'>WhatsApp<\/a><div class='clear '><\/div><\/div>","protected":false},"excerpt":{"rendered":"<p>NETTALI.COM - Le pr\u00e9sident du comit\u00e9 scientifique des Assises nationales des M\u00e9dias, Matar Silla, a relev\u00e9 mardi, la n\u00e9cessit\u00e9 de r\u00e9former en profondeur l\u2019architecture juridique et institutionnelle du secteur, insistant sur la mise en place d\u2019une nouvelle instance de r\u00e9gulation plus adapt\u00e9e aux r\u00e9alit\u00e9s actuelles. \"L\u2019autorit\u00e9 de r\u00e9gulation actuelle n\u2019est plus appropri\u00e9e. Il est temps [&hellip;]<\/p>\n","protected":false},"author":4,"featured_media":156770,"comment_status":"open","ping_status":"open","sticky":false,"template":"","format":"standard","meta":{"_et_pb_use_builder":"","_et_pb_old_content":""},"categories":[3],"tags":[],"yoast_head":"<!-- This site is optimized with the Yoast SEO Premium plugin v17.8 (Yoast SEO v17.8) - https:\/\/yoast.com\/wordpress\/plugins\/seo\/ -->\n<title>CONCLUSIONS ASSISES DE LA PRESSE - Matar Silla plaide pour une \u201cr\u00e9forme profonde\u201d du cadre juridique et institutionnel du secteur des m\u00e9dias | Nettali.com<\/title>\n<meta name=\"robots\" content=\"index, follow, max-snippet:-1, max-image-preview:large, max-video-preview:-1\" \/>\n<link rel=\"canonical\" href=\"https:\/\/www.nettali.com\/2025\/07\/01\/conclusions-assises-de-la-presse-matar-silla-plaide-pour-une-reforme-profonde-du-cadre-juridique-et-institutionnel-du-secteur-des-medias\/\" \/>\n<meta property=\"og:locale\" content=\"fr_FR\" \/>\n<meta property=\"og:type\" content=\"article\" \/>\n<meta property=\"og:title\" content=\"CONCLUSIONS ASSISES DE LA PRESSE - Matar Silla plaide pour une \u201cr\u00e9forme profonde\u201d du cadre juridique et institutionnel du secteur des m\u00e9dias\" \/>\n<meta property=\"og:description\" content=\"NETTALI.COM - Le pr\u00e9sident du comit\u00e9 scientifique des Assises nationales des M\u00e9dias, Matar Silla, a relev\u00e9 mardi, la n\u00e9cessit\u00e9 de r\u00e9former en profondeur l\u2019architecture juridique et institutionnelle du secteur, insistant sur la mise en place d\u2019une nouvelle instance de r\u00e9gulation plus adapt\u00e9e aux r\u00e9alit\u00e9s actuelles. &quot;L\u2019autorit\u00e9 de r\u00e9gulation actuelle n\u2019est plus appropri\u00e9e. Il est temps [&hellip;]\" \/>\n<meta property=\"og:url\" content=\"https:\/\/www.nettali.com\/2025\/07\/01\/conclusions-assises-de-la-presse-matar-silla-plaide-pour-une-reforme-profonde-du-cadre-juridique-et-institutionnel-du-secteur-des-medias\/\" \/>\n<meta property=\"og:site_name\" content=\"Nettali.com\" \/>\n<meta property=\"article:publisher\" content=\"https:\/\/www.facebook.com\/nettalicom\" \/>\n<meta property=\"article:published_time\" content=\"2025-07-01T14:02:16+00:00\" \/>\n<meta property=\"article:modified_time\" content=\"2025-07-01T20:19:47+00:00\" \/>\n<meta property=\"og:image\" content=\"https:\/\/www.nettali.com\/wp-content\/uploads\/2025\/07\/Capture-de\u0301cran-2025-07-01-a\u0300-19.02.53.png\" \/>\n\t<meta property=\"og:image:width\" content=\"686\" \/>\n\t<meta property=\"og:image:height\" content=\"340\" \/>\n<meta name=\"twitter:card\" content=\"summary_large_image\" \/>\n<meta name=\"twitter:label1\" content=\"\u00c9crit par\" \/>\n\t<meta name=\"twitter:data1\" content=\"Daouda\" \/>\n\t<meta name=\"twitter:label2\" content=\"Dur\u00e9e de lecture estim\u00e9e\" \/>\n\t<meta name=\"twitter:data2\" content=\"2 minutes\" \/>\n<script type=\"application\/ld+json\" class=\"yoast-schema-graph\">{\"@context\":\"https:\/\/schema.org\",\"@graph\":[{\"@type\":\"WebSite\",\"@id\":\"https:\/\/www.nettali.com\/#website\",\"url\":\"https:\/\/www.nettali.com\/\",\"name\":\"Nettali.com\",\"description\":\"Le rendez-vous critique du Net\",\"potentialAction\":[{\"@type\":\"SearchAction\",\"target\":{\"@type\":\"EntryPoint\",\"urlTemplate\":\"https:\/\/www.nettali.com\/?s={search_term_string}\"},\"query-input\":\"required name=search_term_string\"}],\"inLanguage\":\"fr-FR\"},{\"@type\":\"ImageObject\",\"@id\":\"https:\/\/www.nettali.com\/2025\/07\/01\/conclusions-assises-de-la-presse-matar-silla-plaide-pour-une-reforme-profonde-du-cadre-juridique-et-institutionnel-du-secteur-des-medias\/#primaryimage\",\"inLanguage\":\"fr-FR\",\"url\":\"https:\/\/www.nettali.com\/wp-content\/uploads\/2025\/07\/Capture-de\\u0301cran-2025-07-01-a\\u0300-19.02.53.png\",\"contentUrl\":\"https:\/\/www.nettali.com\/wp-content\/uploads\/2025\/07\/Capture-de\\u0301cran-2025-07-01-a\\u0300-19.02.53.png\",\"width\":686,\"height\":340},{\"@type\":\"WebPage\",\"@id\":\"https:\/\/www.nettali.com\/2025\/07\/01\/conclusions-assises-de-la-presse-matar-silla-plaide-pour-une-reforme-profonde-du-cadre-juridique-et-institutionnel-du-secteur-des-medias\/#webpage\",\"url\":\"https:\/\/www.nettali.com\/2025\/07\/01\/conclusions-assises-de-la-presse-matar-silla-plaide-pour-une-reforme-profonde-du-cadre-juridique-et-institutionnel-du-secteur-des-medias\/\",\"name\":\"CONCLUSIONS ASSISES DE LA PRESSE - Matar Silla plaide pour une \\u201cr\\u00e9forme profonde\\u201d du cadre juridique et institutionnel du secteur des m\\u00e9dias | Nettali.com\",\"isPartOf\":{\"@id\":\"https:\/\/www.nettali.com\/#website\"},\"primaryImageOfPage\":{\"@id\":\"https:\/\/www.nettali.com\/2025\/07\/01\/conclusions-assises-de-la-presse-matar-silla-plaide-pour-une-reforme-profonde-du-cadre-juridique-et-institutionnel-du-secteur-des-medias\/#primaryimage\"},\"datePublished\":\"2025-07-01T14:02:16+00:00\",\"dateModified\":\"2025-07-01T20:19:47+00:00\",\"author\":{\"@id\":\"https:\/\/www.nettali.com\/#\/schema\/person\/3317e0bb3aa1da309fbf7b2780901bf4\"},\"breadcrumb\":{\"@id\":\"https:\/\/www.nettali.com\/2025\/07\/01\/conclusions-assises-de-la-presse-matar-silla-plaide-pour-une-reforme-profonde-du-cadre-juridique-et-institutionnel-du-secteur-des-medias\/#breadcrumb\"},\"inLanguage\":\"fr-FR\",\"potentialAction\":[{\"@type\":\"ReadAction\",\"target\":[\"https:\/\/www.nettali.com\/2025\/07\/01\/conclusions-assises-de-la-presse-matar-silla-plaide-pour-une-reforme-profonde-du-cadre-juridique-et-institutionnel-du-secteur-des-medias\/\"]}]},{\"@type\":\"BreadcrumbList\",\"@id\":\"https:\/\/www.nettali.com\/2025\/07\/01\/conclusions-assises-de-la-presse-matar-silla-plaide-pour-une-reforme-profonde-du-cadre-juridique-et-institutionnel-du-secteur-des-medias\/#breadcrumb\",\"itemListElement\":[{\"@type\":\"ListItem\",\"position\":1,\"name\":\"Accueil\",\"item\":\"https:\/\/www.nettali.com\/\"},{\"@type\":\"ListItem\",\"position\":2,\"name\":\"CONCLUSIONS ASSISES DE LA PRESSE - Matar Silla plaide pour une \\u201cr\\u00e9forme profonde\\u201d du cadre juridique et institutionnel du secteur des m\\u00e9dias\"}]},{\"@type\":\"Person\",\"@id\":\"https:\/\/www.nettali.com\/#\/schema\/person\/3317e0bb3aa1da309fbf7b2780901bf4\",\"name\":\"Daouda\",\"image\":{\"@type\":\"ImageObject\",\"@id\":\"https:\/\/www.nettali.com\/#personlogo\",\"inLanguage\":\"fr-FR\",\"url\":\"https:\/\/secure.gravatar.com\/avatar\/8d143b5a49345098ddcfee1c49c2f47c?s=96&d=mm&r=g\",\"contentUrl\":\"https:\/\/secure.gravatar.com\/avatar\/8d143b5a49345098ddcfee1c49c2f47c?s=96&d=mm&r=g\",\"caption\":\"Daouda\"},\"sameAs\":[\"https:\/\/www.nettali.com\"]}]}<\/script>\n<!-- \/ Yoast SEO Premium plugin. -->","yoast_head_json":{"title":"CONCLUSIONS ASSISES DE LA PRESSE - Matar Silla plaide pour une \u201cr\u00e9forme profonde\u201d du cadre juridique et institutionnel du secteur des m\u00e9dias | Nettali.com","robots":{"index":"index","follow":"follow","max-snippet":"max-snippet:-1","max-image-preview":"max-image-preview:large","max-video-preview":"max-video-preview:-1"},"canonical":"https:\/\/www.nettali.com\/2025\/07\/01\/conclusions-assises-de-la-presse-matar-silla-plaide-pour-une-reforme-profonde-du-cadre-juridique-et-institutionnel-du-secteur-des-medias\/","og_locale":"fr_FR","og_type":"article","og_title":"CONCLUSIONS ASSISES DE LA PRESSE - Matar Silla plaide pour une \u201cr\u00e9forme profonde\u201d du cadre juridique et institutionnel du secteur des m\u00e9dias","og_description":"NETTALI.COM - Le pr\u00e9sident du comit\u00e9 scientifique des Assises nationales des M\u00e9dias, Matar Silla, a relev\u00e9 mardi, la n\u00e9cessit\u00e9 de r\u00e9former en profondeur l\u2019architecture juridique et institutionnelle du secteur, insistant sur la mise en place d\u2019une nouvelle instance de r\u00e9gulation plus adapt\u00e9e aux r\u00e9alit\u00e9s actuelles. \"L\u2019autorit\u00e9 de r\u00e9gulation actuelle n\u2019est plus appropri\u00e9e. Il est temps [&hellip;]","og_url":"https:\/\/www.nettali.com\/2025\/07\/01\/conclusions-assises-de-la-presse-matar-silla-plaide-pour-une-reforme-profonde-du-cadre-juridique-et-institutionnel-du-secteur-des-medias\/","og_site_name":"Nettali.com","article_publisher":"https:\/\/www.facebook.com\/nettalicom","article_published_time":"2025-07-01T14:02:16+00:00","article_modified_time":"2025-07-01T20:19:47+00:00","og_image":[{"width":686,"height":340,"url":"https:\/\/www.nettali.com\/wp-content\/uploads\/2025\/07\/Capture-de\u0301cran-2025-07-01-a\u0300-19.02.53.png","type":"image\/png"}],"twitter_card":"summary_large_image","twitter_misc":{"\u00c9crit par":"Daouda","Dur\u00e9e de lecture estim\u00e9e":"2 minutes"},"schema":{"@context":"https:\/\/schema.org","@graph":[{"@type":"WebSite","@id":"https:\/\/www.nettali.com\/#website","url":"https:\/\/www.nettali.com\/","name":"Nettali.com","description":"Le rendez-vous critique du Net","potentialAction":[{"@type":"SearchAction","target":{"@type":"EntryPoint","urlTemplate":"https:\/\/www.nettali.com\/?s={search_term_string}"},"query-input":"required name=search_term_string"}],"inLanguage":"fr-FR"},{"@type":"ImageObject","@id":"https:\/\/www.nettali.com\/2025\/07\/01\/conclusions-assises-de-la-presse-matar-silla-plaide-pour-une-reforme-profonde-du-cadre-juridique-et-institutionnel-du-secteur-des-medias\/#primaryimage","inLanguage":"fr-FR","url":"https:\/\/www.nettali.com\/wp-content\/uploads\/2025\/07\/Capture-de\u0301cran-2025-07-01-a\u0300-19.02.53.png","contentUrl":"https:\/\/www.nettali.com\/wp-content\/uploads\/2025\/07\/Capture-de\u0301cran-2025-07-01-a\u0300-19.02.53.png","width":686,"height":340},{"@type":"WebPage","@id":"https:\/\/www.nettali.com\/2025\/07\/01\/conclusions-assises-de-la-presse-matar-silla-plaide-pour-une-reforme-profonde-du-cadre-juridique-et-institutionnel-du-secteur-des-medias\/#webpage","url":"https:\/\/www.nettali.com\/2025\/07\/01\/conclusions-assises-de-la-presse-matar-silla-plaide-pour-une-reforme-profonde-du-cadre-juridique-et-institutionnel-du-secteur-des-medias\/","name":"CONCLUSIONS ASSISES DE LA PRESSE - Matar Silla plaide pour une \u201cr\u00e9forme profonde\u201d du cadre juridique et institutionnel du secteur des m\u00e9dias | Nettali.com","isPartOf":{"@id":"https:\/\/www.nettali.com\/#website"},"primaryImageOfPage":{"@id":"https:\/\/www.nettali.com\/2025\/07\/01\/conclusions-assises-de-la-presse-matar-silla-plaide-pour-une-reforme-profonde-du-cadre-juridique-et-institutionnel-du-secteur-des-medias\/#primaryimage"},"datePublished":"2025-07-01T14:02:16+00:00","dateModified":"2025-07-01T20:19:47+00:00","author":{"@id":"https:\/\/www.nettali.com\/#\/schema\/person\/3317e0bb3aa1da309fbf7b2780901bf4"},"breadcrumb":{"@id":"https:\/\/www.nettali.com\/2025\/07\/01\/conclusions-assises-de-la-presse-matar-silla-plaide-pour-une-reforme-profonde-du-cadre-juridique-et-institutionnel-du-secteur-des-medias\/#breadcrumb"},"inLanguage":"fr-FR","potentialAction":[{"@type":"ReadAction","target":["https:\/\/www.nettali.com\/2025\/07\/01\/conclusions-assises-de-la-presse-matar-silla-plaide-pour-une-reforme-profonde-du-cadre-juridique-et-institutionnel-du-secteur-des-medias\/"]}]},{"@type":"BreadcrumbList","@id":"https:\/\/www.nettali.com\/2025\/07\/01\/conclusions-assises-de-la-presse-matar-silla-plaide-pour-une-reforme-profonde-du-cadre-juridique-et-institutionnel-du-secteur-des-medias\/#breadcrumb","itemListElement":[{"@type":"ListItem","position":1,"name":"Accueil","item":"https:\/\/www.nettali.com\/"},{"@type":"ListItem","position":2,"name":"CONCLUSIONS ASSISES DE LA PRESSE - Matar Silla plaide pour une \u201cr\u00e9forme profonde\u201d du cadre juridique et institutionnel du secteur des m\u00e9dias"}]},{"@type":"Person","@id":"https:\/\/www.nettali.com\/#\/schema\/person\/3317e0bb3aa1da309fbf7b2780901bf4","name":"Daouda","image":{"@type":"ImageObject","@id":"https:\/\/www.nettali.com\/#personlogo","inLanguage":"fr-FR","url":"https:\/\/secure.gravatar.com\/avatar\/8d143b5a49345098ddcfee1c49c2f47c?s=96&d=mm&r=g","contentUrl":"https:\/\/secure.gravatar.com\/avatar\/8d143b5a49345098ddcfee1c49c2f47c?s=96&d=mm&r=g","caption":"Daouda"},"sameAs":["https:\/\/www.nettali.com"]}]}},"_links":{"self":[{"href":"https:\/\/www.nettali.com\/rest\/wp\/v2\/posts\/156769"}],"collection":[{"href":"https:\/\/www.nettali.com\/rest\/wp\/v2\/posts"}],"about":[{"href":"https:\/\/www.nettali.com\/rest\/wp\/v2\/types\/post"}],"author":[{"embeddable":true,"href":"https:\/\/www.nettali.com\/rest\/wp\/v2\/users\/4"}],"replies":[{"embeddable":true,"href":"https:\/\/www.nettali.com\/rest\/wp\/v2\/comments?post=156769"}],"version-history":[{"count":1,"href":"https:\/\/www.nettali.com\/rest\/wp\/v2\/posts\/156769\/revisions"}],"predecessor-version":[{"id":156771,"href":"https:\/\/www.nettali.com\/rest\/wp\/v2\/posts\/156769\/revisions\/156771"}],"wp:featuredmedia":[{"embeddable":true,"href":"https:\/\/www.nettali.com\/rest\/wp\/v2\/media\/156770"}],"wp:attachment":[{"href":"https:\/\/www.nettali.com\/rest\/wp\/v2\/media?parent=156769"}],"wp:term":[{"taxonomy":"category","embeddable":true,"href":"https:\/\/www.nettali.com\/rest\/wp\/v2\/categories?post=156769"},{"taxonomy":"post_tag","embeddable":true,"href":"https:\/\/www.nettali.com\/rest\/wp\/v2\/tags?post=156769"}],"curies":[{"name":"wp","href":"https:\/\/api.w.org\/{rel}","templated":true}]}}