{"id":156766,"date":"2025-07-01T18:59:21","date_gmt":"2025-07-01T18:59:21","guid":{"rendered":"https:\/\/www.nettali.com\/?p=156766"},"modified":"2025-07-02T02:22:51","modified_gmt":"2025-07-02T02:22:51","slug":"affaire-sonko-mame-mbaye-niang-la-cour-supreme-rejette-le-rabat-darret","status":"publish","type":"post","link":"https:\/\/www.nettali.com\/2025\/07\/01\/affaire-sonko-mame-mbaye-niang-la-cour-supreme-rejette-le-rabat-darret\/","title":{"rendered":"AFFAIRE SONKO-MAME MBAYE NIANG -\u00a0 La Cour supr\u00eame rejette le rabat d\u2019arr\u00eat"},"content":{"rendered":"<p data-start=\"176\" data-end=\"505\"><strong>NETTALI.COM -Ce lundi 1er juillet 2025, les Chambres r\u00e9unies de la Cour supr\u00eame du S\u00e9n\u00e9gal ont statu\u00e9 sur la requ\u00eate en rabat d\u2019arr\u00eat d\u00e9pos\u00e9e par Ousmane Sonko, Premier ministre et leader du parti Pastef-Les Patriotes. Cette demande faisait suite \u00e0 l\u2019arr\u00eat rendu par la Chambre p\u00e9nale le 4 janvier 2024, dans l\u2019affaire de diffamation l\u2019opposant \u00e0 l\u2019ancien ministre Mame Mbaye Niang. Au terme de l\u2019audience, la haute juridiction a rejet\u00e9 la requ\u00eate de Sonko, confirmant ainsi la d\u00e9cision contest\u00e9e.<\/strong><\/p>\n<p data-start=\"788\" data-end=\"1109\">L\u2019affaire remonte \u00e0 mars 2023, lorsque Mame Mbaye Niang avait port\u00e9 plainte contre Ousmane Sonko pour diffamation, injures publiques et faux \u00e0 la suite de d\u00e9clarations du leader des Patriotes remettant en cause la gestion du Programme de r\u00e9silience alimentaire (PRODAC) pilot\u00e9 par Niang lorsqu'il \u00e9tait ministre.<\/p>\n<p data-start=\"1111\" data-end=\"1414\">En premi\u00e8re instance, Ousmane Sonko avait \u00e9t\u00e9 condamn\u00e9 \u00e0 deux mois de prison avec sursis et \u00e0 200 millions FCFA de dommages et int\u00e9r\u00eats. Cette d\u00e9cision fut confirm\u00e9e par la Chambre p\u00e9nale de la Cour supr\u00eame le 4 janvier 2024, ce qui avait suscit\u00e9 de vives r\u00e9actions politiques et juridiques.<\/p>\n<p data-start=\"1111\" data-end=\"1414\"><strong data-start=\"1428\" data-end=\"1494\">La proc\u00e9dure de rabat d\u2019arr\u00eat : un ultime recours exceptionnel<\/strong><\/p>\n<p data-start=\"1496\" data-end=\"1894\">Face \u00e0 cette d\u00e9cision, les avocats de Sonko avaient introduit un rabattement d\u2019arr\u00eat, une proc\u00e9dure rare et exceptionnelle en droit s\u00e9n\u00e9galais, pr\u00e9vue pour rectifier un arr\u00eat de la Cour supr\u00eame entach\u00e9 d\u2019erreur manifeste ou de violation de la loi. La demande fut examin\u00e9e par les Chambres r\u00e9unies de la Cour supr\u00eame, formation solennelle comp\u00e9tente pour se prononcer sur ce type de recours.<\/p>\n<p data-start=\"1960\" data-end=\"2326\">Selon des sources judiciaires pr\u00e9sentes \u00e0 l\u2019audience, les Chambres r\u00e9unies ont estim\u00e9 que les griefs soulev\u00e9s par la d\u00e9fense de Sonko n\u2019\u00e9taient pas de nature \u00e0 remettre en cause la r\u00e9gularit\u00e9 juridique de l\u2019arr\u00eat du 4 janvier 2024. Aucun vice de proc\u00e9dure, ni violation manifeste des r\u00e8gles de droit ou erreur \u00e9vidente n\u2019a \u00e9t\u00e9 constat\u00e9 dans la d\u00e9cision attaqu\u00e9e.<\/p>\n<p data-start=\"2328\" data-end=\"2472\">En cons\u00e9quence, le rabattement d\u2019arr\u00eat a \u00e9t\u00e9 rejet\u00e9, consacrant ainsi le caract\u00e8re d\u00e9finitif de la condamnation de Sonko dans cette affaire.<\/p>\n<p data-start=\"2539\" data-end=\"3070\">Sur le plan juridique, ce rejet \u00e9puise les voies de recours internes dont pouvait b\u00e9n\u00e9ficier Ousmane Sonko dans cette proc\u00e9dure sp\u00e9cifique de diffamation. La condamnation reste donc d\u00e9finitive m\u00eame si elle n'aura aucun impact sur l\u2019\u00e9ligibilit\u00e9 du Premier ministre \u00e0 certaines fonctions \u00e9lectives \u00e0 l\u2019avenir, du fait de la loi d'amnistie vot\u00e9e sous l'\u00e8re Macky Sall.<\/p>\n<p data-start=\"3072\" data-end=\"3425\">Politiquement, ce rejet pourrait \u00eatre instrumentalis\u00e9 par les opposants de Sonko pour rappeler son pass\u00e9 judiciaire, notamment \u00e0 l\u2019approche des \u00e9lections l\u00e9gislatives et locales pr\u00e9vues en 2027. Toutefois, dans le contexte actuel o\u00f9 Sonko b\u00e9n\u00e9ficie d\u2019une forte l\u00e9gitimit\u00e9 populaire et institutionnelle, l\u2019impact imm\u00e9diat de cette d\u00e9cision semble limit\u00e9.<\/p>\n<p data-start=\"3511\" data-end=\"3992\">L\u2019affaire Sonko-Niang reste embl\u00e9matique de la judiciarisation du d\u00e9bat politique au S\u00e9n\u00e9gal ces derni\u00e8res ann\u00e9es. Nombreux observateurs y avaient vu, \u00e0 l\u2019\u00e9poque, une instrumentalisation de la justice pour neutraliser un opposant influent. Aujourd\u2019hui encore, cette s\u00e9quence judiciaire illustre la complexit\u00e9 des rapports entre le pouvoir judiciaire et les acteurs politiques dans un contexte de recomposition institutionnelle sous le r\u00e9gime du pr\u00e9sident Bassirou Diomaye Faye.<\/p>\n<p data-start=\"4022\" data-end=\"4429\">Par cette d\u00e9cision, la Cour supr\u00eame tourne d\u00e9finitivement la page de ce dossier judiciaire.<\/p>\n<p data-start=\"4022\" data-end=\"4429\">\n<div class='share-to-whatsapp-wrapper'><div class='share-on-whsp'>PARTAGER SUR : <\/div><a data-text='AFFAIRE SONKO-MAME MBAYE NIANG -\u00a0 La Cour supr\u00eame rejette le rabat d\u2019arr\u00eat' data-link='https:\/\/www.nettali.com\/2025\/07\/01\/affaire-sonko-mame-mbaye-niang-la-cour-supreme-rejette-le-rabat-darret\/' class='whatsapp-button whatsapp-share'>WhatsApp<\/a><div class='clear '><\/div><\/div>","protected":false},"excerpt":{"rendered":"<p>NETTALI.COM -Ce lundi 1er juillet 2025, les Chambres r\u00e9unies de la Cour supr\u00eame du S\u00e9n\u00e9gal ont statu\u00e9 sur la requ\u00eate en rabat d\u2019arr\u00eat d\u00e9pos\u00e9e par Ousmane Sonko, Premier ministre et leader du parti Pastef-Les Patriotes. Cette demande faisait suite \u00e0 l\u2019arr\u00eat rendu par la Chambre p\u00e9nale le 4 janvier 2024, dans l\u2019affaire de diffamation l\u2019opposant [&hellip;]<\/p>\n","protected":false},"author":4,"featured_media":104394,"comment_status":"open","ping_status":"open","sticky":false,"template":"","format":"standard","meta":{"_et_pb_use_builder":"","_et_pb_old_content":""},"categories":[3],"tags":[],"yoast_head":"<!-- This site is optimized with the Yoast SEO Premium plugin v17.8 (Yoast SEO v17.8) - https:\/\/yoast.com\/wordpress\/plugins\/seo\/ -->\n<title>AFFAIRE SONKO-MAME MBAYE NIANG -\u00a0 La Cour supr\u00eame rejette le rabat d\u2019arr\u00eat | Nettali.com<\/title>\n<meta name=\"robots\" content=\"index, follow, max-snippet:-1, max-image-preview:large, max-video-preview:-1\" \/>\n<link rel=\"canonical\" href=\"https:\/\/www.nettali.com\/2025\/07\/01\/affaire-sonko-mame-mbaye-niang-la-cour-supreme-rejette-le-rabat-darret\/\" \/>\n<meta property=\"og:locale\" content=\"fr_FR\" \/>\n<meta property=\"og:type\" content=\"article\" \/>\n<meta property=\"og:title\" content=\"AFFAIRE SONKO-MAME MBAYE NIANG -\u00a0 La Cour supr\u00eame rejette le rabat d\u2019arr\u00eat\" \/>\n<meta property=\"og:description\" content=\"NETTALI.COM -Ce lundi 1er juillet 2025, les Chambres r\u00e9unies de la Cour supr\u00eame du S\u00e9n\u00e9gal ont statu\u00e9 sur la requ\u00eate en rabat d\u2019arr\u00eat d\u00e9pos\u00e9e par Ousmane Sonko, Premier ministre et leader du parti Pastef-Les Patriotes. Cette demande faisait suite \u00e0 l\u2019arr\u00eat rendu par la Chambre p\u00e9nale le 4 janvier 2024, dans l\u2019affaire de diffamation l\u2019opposant [&hellip;]\" \/>\n<meta property=\"og:url\" content=\"https:\/\/www.nettali.com\/2025\/07\/01\/affaire-sonko-mame-mbaye-niang-la-cour-supreme-rejette-le-rabat-darret\/\" \/>\n<meta property=\"og:site_name\" content=\"Nettali.com\" \/>\n<meta property=\"article:publisher\" content=\"https:\/\/www.facebook.com\/nettalicom\" \/>\n<meta property=\"article:published_time\" content=\"2025-07-01T18:59:21+00:00\" \/>\n<meta property=\"article:modified_time\" content=\"2025-07-02T02:22:51+00:00\" \/>\n<meta property=\"og:image\" content=\"https:\/\/www.nettali.com\/wp-content\/uploads\/2023\/02\/mame-mbaye-niang-ousmaen-sonko.jpg\" \/>\n\t<meta property=\"og:image:width\" content=\"900\" \/>\n\t<meta property=\"og:image:height\" content=\"490\" \/>\n<meta name=\"twitter:card\" content=\"summary_large_image\" \/>\n<meta name=\"twitter:label1\" content=\"\u00c9crit par\" \/>\n\t<meta name=\"twitter:data1\" content=\"Daouda\" \/>\n\t<meta name=\"twitter:label2\" content=\"Dur\u00e9e de lecture estim\u00e9e\" \/>\n\t<meta name=\"twitter:data2\" content=\"3 minutes\" \/>\n<script type=\"application\/ld+json\" class=\"yoast-schema-graph\">{\"@context\":\"https:\/\/schema.org\",\"@graph\":[{\"@type\":\"WebSite\",\"@id\":\"https:\/\/www.nettali.com\/#website\",\"url\":\"https:\/\/www.nettali.com\/\",\"name\":\"Nettali.com\",\"description\":\"Le rendez-vous critique du Net\",\"potentialAction\":[{\"@type\":\"SearchAction\",\"target\":{\"@type\":\"EntryPoint\",\"urlTemplate\":\"https:\/\/www.nettali.com\/?s={search_term_string}\"},\"query-input\":\"required name=search_term_string\"}],\"inLanguage\":\"fr-FR\"},{\"@type\":\"ImageObject\",\"@id\":\"https:\/\/www.nettali.com\/2025\/07\/01\/affaire-sonko-mame-mbaye-niang-la-cour-supreme-rejette-le-rabat-darret\/#primaryimage\",\"inLanguage\":\"fr-FR\",\"url\":\"https:\/\/www.nettali.com\/wp-content\/uploads\/2023\/02\/mame-mbaye-niang-ousmaen-sonko.jpg\",\"contentUrl\":\"https:\/\/www.nettali.com\/wp-content\/uploads\/2023\/02\/mame-mbaye-niang-ousmaen-sonko.jpg\",\"width\":900,\"height\":490},{\"@type\":\"WebPage\",\"@id\":\"https:\/\/www.nettali.com\/2025\/07\/01\/affaire-sonko-mame-mbaye-niang-la-cour-supreme-rejette-le-rabat-darret\/#webpage\",\"url\":\"https:\/\/www.nettali.com\/2025\/07\/01\/affaire-sonko-mame-mbaye-niang-la-cour-supreme-rejette-le-rabat-darret\/\",\"name\":\"AFFAIRE SONKO-MAME MBAYE NIANG -\\u00a0 La Cour supr\\u00eame rejette le rabat d\\u2019arr\\u00eat | Nettali.com\",\"isPartOf\":{\"@id\":\"https:\/\/www.nettali.com\/#website\"},\"primaryImageOfPage\":{\"@id\":\"https:\/\/www.nettali.com\/2025\/07\/01\/affaire-sonko-mame-mbaye-niang-la-cour-supreme-rejette-le-rabat-darret\/#primaryimage\"},\"datePublished\":\"2025-07-01T18:59:21+00:00\",\"dateModified\":\"2025-07-02T02:22:51+00:00\",\"author\":{\"@id\":\"https:\/\/www.nettali.com\/#\/schema\/person\/3317e0bb3aa1da309fbf7b2780901bf4\"},\"breadcrumb\":{\"@id\":\"https:\/\/www.nettali.com\/2025\/07\/01\/affaire-sonko-mame-mbaye-niang-la-cour-supreme-rejette-le-rabat-darret\/#breadcrumb\"},\"inLanguage\":\"fr-FR\",\"potentialAction\":[{\"@type\":\"ReadAction\",\"target\":[\"https:\/\/www.nettali.com\/2025\/07\/01\/affaire-sonko-mame-mbaye-niang-la-cour-supreme-rejette-le-rabat-darret\/\"]}]},{\"@type\":\"BreadcrumbList\",\"@id\":\"https:\/\/www.nettali.com\/2025\/07\/01\/affaire-sonko-mame-mbaye-niang-la-cour-supreme-rejette-le-rabat-darret\/#breadcrumb\",\"itemListElement\":[{\"@type\":\"ListItem\",\"position\":1,\"name\":\"Accueil\",\"item\":\"https:\/\/www.nettali.com\/\"},{\"@type\":\"ListItem\",\"position\":2,\"name\":\"AFFAIRE SONKO-MAME MBAYE NIANG -\\u00a0 La Cour supr\\u00eame rejette le rabat d\\u2019arr\\u00eat\"}]},{\"@type\":\"Person\",\"@id\":\"https:\/\/www.nettali.com\/#\/schema\/person\/3317e0bb3aa1da309fbf7b2780901bf4\",\"name\":\"Daouda\",\"image\":{\"@type\":\"ImageObject\",\"@id\":\"https:\/\/www.nettali.com\/#personlogo\",\"inLanguage\":\"fr-FR\",\"url\":\"https:\/\/secure.gravatar.com\/avatar\/8d143b5a49345098ddcfee1c49c2f47c?s=96&d=mm&r=g\",\"contentUrl\":\"https:\/\/secure.gravatar.com\/avatar\/8d143b5a49345098ddcfee1c49c2f47c?s=96&d=mm&r=g\",\"caption\":\"Daouda\"},\"sameAs\":[\"https:\/\/www.nettali.com\"]}]}<\/script>\n<!-- \/ Yoast SEO Premium plugin. -->","yoast_head_json":{"title":"AFFAIRE SONKO-MAME MBAYE NIANG -\u00a0 La Cour supr\u00eame rejette le rabat d\u2019arr\u00eat | Nettali.com","robots":{"index":"index","follow":"follow","max-snippet":"max-snippet:-1","max-image-preview":"max-image-preview:large","max-video-preview":"max-video-preview:-1"},"canonical":"https:\/\/www.nettali.com\/2025\/07\/01\/affaire-sonko-mame-mbaye-niang-la-cour-supreme-rejette-le-rabat-darret\/","og_locale":"fr_FR","og_type":"article","og_title":"AFFAIRE SONKO-MAME MBAYE NIANG -\u00a0 La Cour supr\u00eame rejette le rabat d\u2019arr\u00eat","og_description":"NETTALI.COM -Ce lundi 1er juillet 2025, les Chambres r\u00e9unies de la Cour supr\u00eame du S\u00e9n\u00e9gal ont statu\u00e9 sur la requ\u00eate en rabat d\u2019arr\u00eat d\u00e9pos\u00e9e par Ousmane Sonko, Premier ministre et leader du parti Pastef-Les Patriotes. Cette demande faisait suite \u00e0 l\u2019arr\u00eat rendu par la Chambre p\u00e9nale le 4 janvier 2024, dans l\u2019affaire de diffamation l\u2019opposant [&hellip;]","og_url":"https:\/\/www.nettali.com\/2025\/07\/01\/affaire-sonko-mame-mbaye-niang-la-cour-supreme-rejette-le-rabat-darret\/","og_site_name":"Nettali.com","article_publisher":"https:\/\/www.facebook.com\/nettalicom","article_published_time":"2025-07-01T18:59:21+00:00","article_modified_time":"2025-07-02T02:22:51+00:00","og_image":[{"width":900,"height":490,"url":"https:\/\/www.nettali.com\/wp-content\/uploads\/2023\/02\/mame-mbaye-niang-ousmaen-sonko.jpg","type":"image\/jpeg"}],"twitter_card":"summary_large_image","twitter_misc":{"\u00c9crit par":"Daouda","Dur\u00e9e de lecture estim\u00e9e":"3 minutes"},"schema":{"@context":"https:\/\/schema.org","@graph":[{"@type":"WebSite","@id":"https:\/\/www.nettali.com\/#website","url":"https:\/\/www.nettali.com\/","name":"Nettali.com","description":"Le rendez-vous critique du Net","potentialAction":[{"@type":"SearchAction","target":{"@type":"EntryPoint","urlTemplate":"https:\/\/www.nettali.com\/?s={search_term_string}"},"query-input":"required name=search_term_string"}],"inLanguage":"fr-FR"},{"@type":"ImageObject","@id":"https:\/\/www.nettali.com\/2025\/07\/01\/affaire-sonko-mame-mbaye-niang-la-cour-supreme-rejette-le-rabat-darret\/#primaryimage","inLanguage":"fr-FR","url":"https:\/\/www.nettali.com\/wp-content\/uploads\/2023\/02\/mame-mbaye-niang-ousmaen-sonko.jpg","contentUrl":"https:\/\/www.nettali.com\/wp-content\/uploads\/2023\/02\/mame-mbaye-niang-ousmaen-sonko.jpg","width":900,"height":490},{"@type":"WebPage","@id":"https:\/\/www.nettali.com\/2025\/07\/01\/affaire-sonko-mame-mbaye-niang-la-cour-supreme-rejette-le-rabat-darret\/#webpage","url":"https:\/\/www.nettali.com\/2025\/07\/01\/affaire-sonko-mame-mbaye-niang-la-cour-supreme-rejette-le-rabat-darret\/","name":"AFFAIRE SONKO-MAME MBAYE NIANG -\u00a0 La Cour supr\u00eame rejette le rabat d\u2019arr\u00eat | Nettali.com","isPartOf":{"@id":"https:\/\/www.nettali.com\/#website"},"primaryImageOfPage":{"@id":"https:\/\/www.nettali.com\/2025\/07\/01\/affaire-sonko-mame-mbaye-niang-la-cour-supreme-rejette-le-rabat-darret\/#primaryimage"},"datePublished":"2025-07-01T18:59:21+00:00","dateModified":"2025-07-02T02:22:51+00:00","author":{"@id":"https:\/\/www.nettali.com\/#\/schema\/person\/3317e0bb3aa1da309fbf7b2780901bf4"},"breadcrumb":{"@id":"https:\/\/www.nettali.com\/2025\/07\/01\/affaire-sonko-mame-mbaye-niang-la-cour-supreme-rejette-le-rabat-darret\/#breadcrumb"},"inLanguage":"fr-FR","potentialAction":[{"@type":"ReadAction","target":["https:\/\/www.nettali.com\/2025\/07\/01\/affaire-sonko-mame-mbaye-niang-la-cour-supreme-rejette-le-rabat-darret\/"]}]},{"@type":"BreadcrumbList","@id":"https:\/\/www.nettali.com\/2025\/07\/01\/affaire-sonko-mame-mbaye-niang-la-cour-supreme-rejette-le-rabat-darret\/#breadcrumb","itemListElement":[{"@type":"ListItem","position":1,"name":"Accueil","item":"https:\/\/www.nettali.com\/"},{"@type":"ListItem","position":2,"name":"AFFAIRE SONKO-MAME MBAYE NIANG -\u00a0 La Cour supr\u00eame rejette le rabat d\u2019arr\u00eat"}]},{"@type":"Person","@id":"https:\/\/www.nettali.com\/#\/schema\/person\/3317e0bb3aa1da309fbf7b2780901bf4","name":"Daouda","image":{"@type":"ImageObject","@id":"https:\/\/www.nettali.com\/#personlogo","inLanguage":"fr-FR","url":"https:\/\/secure.gravatar.com\/avatar\/8d143b5a49345098ddcfee1c49c2f47c?s=96&d=mm&r=g","contentUrl":"https:\/\/secure.gravatar.com\/avatar\/8d143b5a49345098ddcfee1c49c2f47c?s=96&d=mm&r=g","caption":"Daouda"},"sameAs":["https:\/\/www.nettali.com"]}]}},"_links":{"self":[{"href":"https:\/\/www.nettali.com\/rest\/wp\/v2\/posts\/156766"}],"collection":[{"href":"https:\/\/www.nettali.com\/rest\/wp\/v2\/posts"}],"about":[{"href":"https:\/\/www.nettali.com\/rest\/wp\/v2\/types\/post"}],"author":[{"embeddable":true,"href":"https:\/\/www.nettali.com\/rest\/wp\/v2\/users\/4"}],"replies":[{"embeddable":true,"href":"https:\/\/www.nettali.com\/rest\/wp\/v2\/comments?post=156766"}],"version-history":[{"count":1,"href":"https:\/\/www.nettali.com\/rest\/wp\/v2\/posts\/156766\/revisions"}],"predecessor-version":[{"id":156768,"href":"https:\/\/www.nettali.com\/rest\/wp\/v2\/posts\/156766\/revisions\/156768"}],"wp:featuredmedia":[{"embeddable":true,"href":"https:\/\/www.nettali.com\/rest\/wp\/v2\/media\/104394"}],"wp:attachment":[{"href":"https:\/\/www.nettali.com\/rest\/wp\/v2\/media?parent=156766"}],"wp:term":[{"taxonomy":"category","embeddable":true,"href":"https:\/\/www.nettali.com\/rest\/wp\/v2\/categories?post=156766"},{"taxonomy":"post_tag","embeddable":true,"href":"https:\/\/www.nettali.com\/rest\/wp\/v2\/tags?post=156766"}],"curies":[{"name":"wp","href":"https:\/\/api.w.org\/{rel}","templated":true}]}}