{"id":156759,"date":"2025-07-01T12:01:09","date_gmt":"2025-07-01T12:01:09","guid":{"rendered":"https:\/\/www.nettali.com\/?p=156759"},"modified":"2025-07-02T00:51:50","modified_gmt":"2025-07-02T00:51:50","slug":"ibrahima-hamidou-deme-charge-sonko-jusqua-quand-abuseras-tu-de-notre-patience","status":"publish","type":"post","link":"https:\/\/www.nettali.com\/2025\/07\/01\/ibrahima-hamidou-deme-charge-sonko-jusqua-quand-abuseras-tu-de-notre-patience\/","title":{"rendered":"IBRAHIMA HAMIDOU D\u00c8ME CHARGE SONKO : \"Jusqu\u2019\u00e0 quand abuseras-tu de notre patience ?\""},"content":{"rendered":"<p><strong>NETTALI.COM-\u00a0L\u2019ancien magistrat\u00a0 Ibrahima Hamidou D\u00e8me a vivement r\u00e9agi aux propos tenus par le Premier ministre Ousmane Sonko, qui, dans un discours pol\u00e9mique, a affirm\u00e9 : \u00ab Dieu fait bien les choses. Heureusement que je ne suis pas devenu pr\u00e9sident, sinon tous ceux qui se mettent \u00e0 parler n\u2019auraient m\u00eame pas eu cette latitude. \u00bb Une d\u00e9claration per\u00e7ue par de nombreux observateurs comme une menace voil\u00e9e contre la libert\u00e9 d\u2019expression.<\/strong><\/p>\n<p>Dans une publication\u00a0 sur sa page Facebook, Ibrahima Hamidou D\u00e8me d\u00e9nonce vigoureusement ce qu\u2019il qualifie de d\u00e9rive autoritaire et de tentation dictatoriale. Il accuse le chef du gouvernement de s\u2019attaquer frontalement \u00e0 l\u2019opposition, aux m\u00e9dias et \u00e0 la soci\u00e9t\u00e9 civile, et de multiplier les intimidations verbales.<\/p>\n<p>\u00ab <em>Jusqu\u2019\u00e0 quand, Ousmane Sonko, abuseras-tu de notre patience ? Jusqu\u2019o\u00f9 iras-tu dans la provocation, la menace et l\u2019intimidation ?<\/em> \u00bb, interroge-t-il en \u00e9cho au c\u00e9l\u00e8bre discours de Cic\u00e9ron contre Catilina.<\/p>\n<p>Selon D\u00e8me, les propos de Sonko ne rel\u00e8vent ni de l\u2019\u00e9motion ni du d\u00e9rapage isol\u00e9. \u00ab <em>Ce sont les mots d\u2019un homme qui ne supporte ni la contradiction, ni la critique, ni la libert\u00e9 d\u2019expression<\/em> \u00bb, \u00e9crit-il. L\u2019ancien magistrat rappelle que ce n\u2019est pas la premi\u00e8re fois que le leader de Pastef tient ce type de discours. D\u00e9j\u00e0 en mai dernier, Ousmane Sonko annon\u00e7ait devant l\u2019Assembl\u00e9e son intention de faire taire certains chroniqueurs.<\/p>\n<p>Pour Ibrahima Hamidou D\u00e8me, cette attitude est incompatible avec l\u2019id\u00e9al r\u00e9publicain. Il mart\u00e8le que la R\u00e9publique ne fait pas taire : elle prot\u00e8ge la diversit\u00e9 des opinions et garantit la libert\u00e9 d\u2019expression, y compris pour les voix dissidentes. \u00ab <em>Le S\u00e9n\u00e9gal n\u2019est pas une propri\u00e9t\u00e9 priv\u00e9e. Le pouvoir ne conf\u00e8re pas le droit d\u2019effacer qui l\u2019on veut<\/em> \u00bb, insiste-t-il.<\/p>\n<p>Il conclut pour promettre vigilance et\u00a0 r\u00e9sistance. \u00ab <em>Nous resterons debout. Nous parlerons. Et nous rappellerons, chaque fois que n\u00e9cessaire, que la libert\u00e9 est un droit constitutionnel, non une faveur octroy\u00e9e par un prince <\/em>\u00bb, lance M. D\u00e8me.<\/p>\n<div class='share-to-whatsapp-wrapper'><div class='share-on-whsp'>PARTAGER SUR : <\/div><a data-text='IBRAHIMA HAMIDOU D\u00c8ME CHARGE SONKO : \"Jusqu\u2019\u00e0 quand abuseras-tu de notre patience ?\"' data-link='https:\/\/www.nettali.com\/2025\/07\/01\/ibrahima-hamidou-deme-charge-sonko-jusqua-quand-abuseras-tu-de-notre-patience\/' class='whatsapp-button whatsapp-share'>WhatsApp<\/a><div class='clear '><\/div><\/div>","protected":false},"excerpt":{"rendered":"<p>NETTALI.COM-\u00a0L\u2019ancien magistrat\u00a0 Ibrahima Hamidou D\u00e8me a vivement r\u00e9agi aux propos tenus par le Premier ministre Ousmane Sonko, qui, dans un discours pol\u00e9mique, a affirm\u00e9 : \u00ab Dieu fait bien les choses. Heureusement que je ne suis pas devenu pr\u00e9sident, sinon tous ceux qui se mettent \u00e0 parler n\u2019auraient m\u00eame pas eu cette latitude. \u00bb Une [&hellip;]<\/p>\n","protected":false},"author":6,"featured_media":153001,"comment_status":"open","ping_status":"open","sticky":false,"template":"","format":"standard","meta":{"_et_pb_use_builder":"","_et_pb_old_content":""},"categories":[2],"tags":[],"yoast_head":"<!-- This site is optimized with the Yoast SEO Premium plugin v17.8 (Yoast SEO v17.8) - https:\/\/yoast.com\/wordpress\/plugins\/seo\/ -->\n<title>IBRAHIMA HAMIDOU D\u00c8ME CHARGE SONKO : &quot;Jusqu\u2019\u00e0 quand abuseras-tu de notre patience ?&quot; | Nettali.com<\/title>\n<meta name=\"robots\" content=\"index, follow, max-snippet:-1, max-image-preview:large, max-video-preview:-1\" \/>\n<link rel=\"canonical\" href=\"https:\/\/www.nettali.com\/2025\/07\/01\/ibrahima-hamidou-deme-charge-sonko-jusqua-quand-abuseras-tu-de-notre-patience\/\" \/>\n<meta property=\"og:locale\" content=\"fr_FR\" \/>\n<meta property=\"og:type\" content=\"article\" \/>\n<meta property=\"og:title\" content=\"IBRAHIMA HAMIDOU D\u00c8ME CHARGE SONKO : &quot;Jusqu\u2019\u00e0 quand abuseras-tu de notre patience ?&quot;\" \/>\n<meta property=\"og:description\" content=\"NETTALI.COM-\u00a0L\u2019ancien magistrat\u00a0 Ibrahima Hamidou D\u00e8me a vivement r\u00e9agi aux propos tenus par le Premier ministre Ousmane Sonko, qui, dans un discours pol\u00e9mique, a affirm\u00e9 : \u00ab Dieu fait bien les choses. Heureusement que je ne suis pas devenu pr\u00e9sident, sinon tous ceux qui se mettent \u00e0 parler n\u2019auraient m\u00eame pas eu cette latitude. \u00bb Une [&hellip;]\" \/>\n<meta property=\"og:url\" content=\"https:\/\/www.nettali.com\/2025\/07\/01\/ibrahima-hamidou-deme-charge-sonko-jusqua-quand-abuseras-tu-de-notre-patience\/\" \/>\n<meta property=\"og:site_name\" content=\"Nettali.com\" \/>\n<meta property=\"article:publisher\" content=\"https:\/\/www.facebook.com\/nettalicom\" \/>\n<meta property=\"article:published_time\" content=\"2025-07-01T12:01:09+00:00\" \/>\n<meta property=\"article:modified_time\" content=\"2025-07-02T00:51:50+00:00\" \/>\n<meta property=\"og:image\" content=\"https:\/\/www.nettali.com\/wp-content\/uploads\/2025\/04\/juge_deme-770x470-1.jpeg\" \/>\n\t<meta property=\"og:image:width\" content=\"770\" \/>\n\t<meta property=\"og:image:height\" content=\"470\" \/>\n<meta name=\"twitter:card\" content=\"summary_large_image\" \/>\n<meta name=\"twitter:label1\" content=\"\u00c9crit par\" \/>\n\t<meta name=\"twitter:data1\" content=\"Fatou\" \/>\n\t<meta name=\"twitter:label2\" content=\"Dur\u00e9e de lecture estim\u00e9e\" \/>\n\t<meta name=\"twitter:data2\" content=\"2 minutes\" \/>\n<script type=\"application\/ld+json\" class=\"yoast-schema-graph\">{\"@context\":\"https:\/\/schema.org\",\"@graph\":[{\"@type\":\"WebSite\",\"@id\":\"https:\/\/www.nettali.com\/#website\",\"url\":\"https:\/\/www.nettali.com\/\",\"name\":\"Nettali.com\",\"description\":\"Le rendez-vous critique du Net\",\"potentialAction\":[{\"@type\":\"SearchAction\",\"target\":{\"@type\":\"EntryPoint\",\"urlTemplate\":\"https:\/\/www.nettali.com\/?s={search_term_string}\"},\"query-input\":\"required name=search_term_string\"}],\"inLanguage\":\"fr-FR\"},{\"@type\":\"ImageObject\",\"@id\":\"https:\/\/www.nettali.com\/2025\/07\/01\/ibrahima-hamidou-deme-charge-sonko-jusqua-quand-abuseras-tu-de-notre-patience\/#primaryimage\",\"inLanguage\":\"fr-FR\",\"url\":\"https:\/\/www.nettali.com\/wp-content\/uploads\/2025\/04\/juge_deme-770x470-1.jpeg\",\"contentUrl\":\"https:\/\/www.nettali.com\/wp-content\/uploads\/2025\/04\/juge_deme-770x470-1.jpeg\",\"width\":770,\"height\":470},{\"@type\":\"WebPage\",\"@id\":\"https:\/\/www.nettali.com\/2025\/07\/01\/ibrahima-hamidou-deme-charge-sonko-jusqua-quand-abuseras-tu-de-notre-patience\/#webpage\",\"url\":\"https:\/\/www.nettali.com\/2025\/07\/01\/ibrahima-hamidou-deme-charge-sonko-jusqua-quand-abuseras-tu-de-notre-patience\/\",\"name\":\"IBRAHIMA HAMIDOU D\\u00c8ME CHARGE SONKO : \\\"Jusqu\\u2019\\u00e0 quand abuseras-tu de notre patience ?\\\" | Nettali.com\",\"isPartOf\":{\"@id\":\"https:\/\/www.nettali.com\/#website\"},\"primaryImageOfPage\":{\"@id\":\"https:\/\/www.nettali.com\/2025\/07\/01\/ibrahima-hamidou-deme-charge-sonko-jusqua-quand-abuseras-tu-de-notre-patience\/#primaryimage\"},\"datePublished\":\"2025-07-01T12:01:09+00:00\",\"dateModified\":\"2025-07-02T00:51:50+00:00\",\"author\":{\"@id\":\"https:\/\/www.nettali.com\/#\/schema\/person\/418274a86bdf87caff7a3ef476bd0bbf\"},\"breadcrumb\":{\"@id\":\"https:\/\/www.nettali.com\/2025\/07\/01\/ibrahima-hamidou-deme-charge-sonko-jusqua-quand-abuseras-tu-de-notre-patience\/#breadcrumb\"},\"inLanguage\":\"fr-FR\",\"potentialAction\":[{\"@type\":\"ReadAction\",\"target\":[\"https:\/\/www.nettali.com\/2025\/07\/01\/ibrahima-hamidou-deme-charge-sonko-jusqua-quand-abuseras-tu-de-notre-patience\/\"]}]},{\"@type\":\"BreadcrumbList\",\"@id\":\"https:\/\/www.nettali.com\/2025\/07\/01\/ibrahima-hamidou-deme-charge-sonko-jusqua-quand-abuseras-tu-de-notre-patience\/#breadcrumb\",\"itemListElement\":[{\"@type\":\"ListItem\",\"position\":1,\"name\":\"Accueil\",\"item\":\"https:\/\/www.nettali.com\/\"},{\"@type\":\"ListItem\",\"position\":2,\"name\":\"IBRAHIMA HAMIDOU D\\u00c8ME CHARGE SONKO : \\\"Jusqu\\u2019\\u00e0 quand abuseras-tu de notre patience ?\\\"\"}]},{\"@type\":\"Person\",\"@id\":\"https:\/\/www.nettali.com\/#\/schema\/person\/418274a86bdf87caff7a3ef476bd0bbf\",\"name\":\"Fatou\",\"image\":{\"@type\":\"ImageObject\",\"@id\":\"https:\/\/www.nettali.com\/#personlogo\",\"inLanguage\":\"fr-FR\",\"url\":\"https:\/\/secure.gravatar.com\/avatar\/5a9442a2bee7b4dcf167cab035858e9a?s=96&d=mm&r=g\",\"contentUrl\":\"https:\/\/secure.gravatar.com\/avatar\/5a9442a2bee7b4dcf167cab035858e9a?s=96&d=mm&r=g\",\"caption\":\"Fatou\"},\"sameAs\":[\"https:\/\/www.nettali.com\"]}]}<\/script>\n<!-- \/ Yoast SEO Premium plugin. -->","yoast_head_json":{"title":"IBRAHIMA HAMIDOU D\u00c8ME CHARGE SONKO : \"Jusqu\u2019\u00e0 quand abuseras-tu de notre patience ?\" | Nettali.com","robots":{"index":"index","follow":"follow","max-snippet":"max-snippet:-1","max-image-preview":"max-image-preview:large","max-video-preview":"max-video-preview:-1"},"canonical":"https:\/\/www.nettali.com\/2025\/07\/01\/ibrahima-hamidou-deme-charge-sonko-jusqua-quand-abuseras-tu-de-notre-patience\/","og_locale":"fr_FR","og_type":"article","og_title":"IBRAHIMA HAMIDOU D\u00c8ME CHARGE SONKO : \"Jusqu\u2019\u00e0 quand abuseras-tu de notre patience ?\"","og_description":"NETTALI.COM-\u00a0L\u2019ancien magistrat\u00a0 Ibrahima Hamidou D\u00e8me a vivement r\u00e9agi aux propos tenus par le Premier ministre Ousmane Sonko, qui, dans un discours pol\u00e9mique, a affirm\u00e9 : \u00ab Dieu fait bien les choses. Heureusement que je ne suis pas devenu pr\u00e9sident, sinon tous ceux qui se mettent \u00e0 parler n\u2019auraient m\u00eame pas eu cette latitude. \u00bb Une [&hellip;]","og_url":"https:\/\/www.nettali.com\/2025\/07\/01\/ibrahima-hamidou-deme-charge-sonko-jusqua-quand-abuseras-tu-de-notre-patience\/","og_site_name":"Nettali.com","article_publisher":"https:\/\/www.facebook.com\/nettalicom","article_published_time":"2025-07-01T12:01:09+00:00","article_modified_time":"2025-07-02T00:51:50+00:00","og_image":[{"width":770,"height":470,"url":"https:\/\/www.nettali.com\/wp-content\/uploads\/2025\/04\/juge_deme-770x470-1.jpeg","type":"image\/jpeg"}],"twitter_card":"summary_large_image","twitter_misc":{"\u00c9crit par":"Fatou","Dur\u00e9e de lecture estim\u00e9e":"2 minutes"},"schema":{"@context":"https:\/\/schema.org","@graph":[{"@type":"WebSite","@id":"https:\/\/www.nettali.com\/#website","url":"https:\/\/www.nettali.com\/","name":"Nettali.com","description":"Le rendez-vous critique du Net","potentialAction":[{"@type":"SearchAction","target":{"@type":"EntryPoint","urlTemplate":"https:\/\/www.nettali.com\/?s={search_term_string}"},"query-input":"required name=search_term_string"}],"inLanguage":"fr-FR"},{"@type":"ImageObject","@id":"https:\/\/www.nettali.com\/2025\/07\/01\/ibrahima-hamidou-deme-charge-sonko-jusqua-quand-abuseras-tu-de-notre-patience\/#primaryimage","inLanguage":"fr-FR","url":"https:\/\/www.nettali.com\/wp-content\/uploads\/2025\/04\/juge_deme-770x470-1.jpeg","contentUrl":"https:\/\/www.nettali.com\/wp-content\/uploads\/2025\/04\/juge_deme-770x470-1.jpeg","width":770,"height":470},{"@type":"WebPage","@id":"https:\/\/www.nettali.com\/2025\/07\/01\/ibrahima-hamidou-deme-charge-sonko-jusqua-quand-abuseras-tu-de-notre-patience\/#webpage","url":"https:\/\/www.nettali.com\/2025\/07\/01\/ibrahima-hamidou-deme-charge-sonko-jusqua-quand-abuseras-tu-de-notre-patience\/","name":"IBRAHIMA HAMIDOU D\u00c8ME CHARGE SONKO : \"Jusqu\u2019\u00e0 quand abuseras-tu de notre patience ?\" | Nettali.com","isPartOf":{"@id":"https:\/\/www.nettali.com\/#website"},"primaryImageOfPage":{"@id":"https:\/\/www.nettali.com\/2025\/07\/01\/ibrahima-hamidou-deme-charge-sonko-jusqua-quand-abuseras-tu-de-notre-patience\/#primaryimage"},"datePublished":"2025-07-01T12:01:09+00:00","dateModified":"2025-07-02T00:51:50+00:00","author":{"@id":"https:\/\/www.nettali.com\/#\/schema\/person\/418274a86bdf87caff7a3ef476bd0bbf"},"breadcrumb":{"@id":"https:\/\/www.nettali.com\/2025\/07\/01\/ibrahima-hamidou-deme-charge-sonko-jusqua-quand-abuseras-tu-de-notre-patience\/#breadcrumb"},"inLanguage":"fr-FR","potentialAction":[{"@type":"ReadAction","target":["https:\/\/www.nettali.com\/2025\/07\/01\/ibrahima-hamidou-deme-charge-sonko-jusqua-quand-abuseras-tu-de-notre-patience\/"]}]},{"@type":"BreadcrumbList","@id":"https:\/\/www.nettali.com\/2025\/07\/01\/ibrahima-hamidou-deme-charge-sonko-jusqua-quand-abuseras-tu-de-notre-patience\/#breadcrumb","itemListElement":[{"@type":"ListItem","position":1,"name":"Accueil","item":"https:\/\/www.nettali.com\/"},{"@type":"ListItem","position":2,"name":"IBRAHIMA HAMIDOU D\u00c8ME CHARGE SONKO : \"Jusqu\u2019\u00e0 quand abuseras-tu de notre patience ?\""}]},{"@type":"Person","@id":"https:\/\/www.nettali.com\/#\/schema\/person\/418274a86bdf87caff7a3ef476bd0bbf","name":"Fatou","image":{"@type":"ImageObject","@id":"https:\/\/www.nettali.com\/#personlogo","inLanguage":"fr-FR","url":"https:\/\/secure.gravatar.com\/avatar\/5a9442a2bee7b4dcf167cab035858e9a?s=96&d=mm&r=g","contentUrl":"https:\/\/secure.gravatar.com\/avatar\/5a9442a2bee7b4dcf167cab035858e9a?s=96&d=mm&r=g","caption":"Fatou"},"sameAs":["https:\/\/www.nettali.com"]}]}},"_links":{"self":[{"href":"https:\/\/www.nettali.com\/rest\/wp\/v2\/posts\/156759"}],"collection":[{"href":"https:\/\/www.nettali.com\/rest\/wp\/v2\/posts"}],"about":[{"href":"https:\/\/www.nettali.com\/rest\/wp\/v2\/types\/post"}],"author":[{"embeddable":true,"href":"https:\/\/www.nettali.com\/rest\/wp\/v2\/users\/6"}],"replies":[{"embeddable":true,"href":"https:\/\/www.nettali.com\/rest\/wp\/v2\/comments?post=156759"}],"version-history":[{"count":3,"href":"https:\/\/www.nettali.com\/rest\/wp\/v2\/posts\/156759\/revisions"}],"predecessor-version":[{"id":156795,"href":"https:\/\/www.nettali.com\/rest\/wp\/v2\/posts\/156759\/revisions\/156795"}],"wp:featuredmedia":[{"embeddable":true,"href":"https:\/\/www.nettali.com\/rest\/wp\/v2\/media\/153001"}],"wp:attachment":[{"href":"https:\/\/www.nettali.com\/rest\/wp\/v2\/media?parent=156759"}],"wp:term":[{"taxonomy":"category","embeddable":true,"href":"https:\/\/www.nettali.com\/rest\/wp\/v2\/categories?post=156759"},{"taxonomy":"post_tag","embeddable":true,"href":"https:\/\/www.nettali.com\/rest\/wp\/v2\/tags?post=156759"}],"curies":[{"name":"wp","href":"https:\/\/api.w.org\/{rel}","templated":true}]}}