{"id":156747,"date":"2025-07-01T08:34:13","date_gmt":"2025-07-01T08:34:13","guid":{"rendered":"https:\/\/www.nettali.com\/?p=156747"},"modified":"2025-07-01T08:34:13","modified_gmt":"2025-07-01T08:34:13","slug":"cloture-session-ordinaire-unique-assemblee-nationale-el-hadji-malick-ndiaye-impulse-la-reforme","status":"publish","type":"post","link":"https:\/\/www.nettali.com\/2025\/07\/01\/cloture-session-ordinaire-unique-assemblee-nationale-el-hadji-malick-ndiaye-impulse-la-reforme\/","title":{"rendered":"CL\u00d4TURE SESSION ORDINAIRE UNIQUE ASSEMBL\u00c9E NATIONALE - El Hadji Malick Ndiaye impulse la r\u00e9forme"},"content":{"rendered":"<p><strong>NETTALI.COM - Lors de la c\u00e9r\u00e9monie de cl\u00f4ture de la session ordinaire unique, le pr\u00e9sident de l\u2019Assembl\u00e9e nationale, El Hadji Malick Ndiaye, a dress\u00e9 un riche et ambitieux bilan de l\u2019action parlementaire depuis l\u2019installation de la 15e l\u00e9gislature. Il a salu\u00e9 les avanc\u00e9es majeures, les r\u00e9formes internes entreprises et la collaboration in\u00e9dite avec l\u2019Ex\u00e9cutif.<\/strong><\/p>\n<p>C\u2019 est dans une atmosph\u00e8re solennelle et devant plusieurs d\u00e9l\u00e9gations parlementaires venues de la Gambie, de la Mauritanie et du Maroc que le pr\u00e9sident de l\u2019Assembl\u00e9e nationale, El Hadji Malick Ndiaye, a prononc\u00e9 le discours de cl\u00f4ture de la session ordinaire unique. \u201c<em>Votre pr\u00e9sence parmi nous n\u2019est pas seulement un honneur : elle incarne une solidarit\u00e9 parlementaire active<\/em>\u201d, a-t-il d\u00e9clar\u00e9, saluant les d\u00e9l\u00e9gations \u00e9trang\u00e8res.<\/p>\n<p>Depuis l\u2019installation de la 15e l\u00e9gislature en d\u00e9cembre 2024, l\u2019Assembl\u00e9e nationale s\u2019est engag\u00e9e dans une dynamique de refonte de ses textes fondamentaux. Le r\u00e8glement int\u00e9rieur, le r\u00e8glement administratif, le r\u00e8glement financier (datant de 1963) ainsi que le statut du personnel ont \u00e9t\u00e9 revus. \u201c<em>Le r\u00e8glement financier n\u2019\u00e9tait plus conforme aux exigences de bonne gouvernance. Sa r\u00e9forme \u00e9tait donc indispensable<\/em>\u201d, a soulign\u00e9 le pr\u00e9sident. Ces r\u00e9formes ont permis de doter l\u2019Assembl\u00e9e d\u2019un cadre juridique \u201c<em>solide pour une action institutionnelle efficiente et responsable<\/em>\u201d.<\/p>\n<p>Parmi les avanc\u00e9es majeures, le pr\u00e9sident Ndiaye a cit\u00e9 la r\u00e9activation de deux commissions inop\u00e9rantes depuis plus de 30 ans : La Commission de la comptabilit\u00e9 et du contr\u00f4le budg\u00e9taire, d\u00e9sormais saisie d\u2019un rapport trimestriel ; la Commission des d\u00e9l\u00e9gations charg\u00e9e du suivi de l\u2019application des lois. \u201c<em>Ces avanc\u00e9es concr\u00e8tes consacrent un Parlement plus exigeant, plus transparent et plus redevable.<\/em>\u201d<\/p>\n<p>Une autre innovation marquante est l\u2019introduction d\u2019un plan de travail annuel pour chaque commission, avec des objectifs clairs et mesurables. D\u00e9sormais, la pl\u00e9ni\u00e8re \u00e9valuera p\u00e9riodiquement les performances de ces commissions.<\/p>\n<p>Face au gaspillage documentaire (plus de 18 kg de papier imprim\u00e9 par d\u00e9put\u00e9, chaque session), un plan de transformation digitale a \u00e9t\u00e9 lanc\u00e9 autour de quatre axes : la transparence et efficience ; la ma\u00eetrise des d\u00e9penses publiques ; la simplification des travaux parlementaires ; l\u2019am\u00e9lioration du service aux citoyens. Ce virage num\u00e9rique marque \u201cune rupture organisationnelle forte\u201d, selon El Hadji Malick Ndiaye.<\/p>\n<p><strong>Lancement d\u2019un projet de tourn\u00e9e parlementaire <\/strong><\/p>\n<p>Afin de rapprocher le Parlement des citoyens, un projet de tourn\u00e9e intitul\u00e9 \u201cLe Parlement chez vous\u201d est en cours d\u2019\u00e9laboration. Il pr\u00e9voit des visites dans les 14 r\u00e9gions du pays. \u201c<em>Il ne s\u2019agit nullement d\u2019une remise en question des vacances parlementaires des d\u00e9put\u00e9s, mais plut\u00f4t d\u2019un engagement suppl\u00e9mentaire au service du peuple.<\/em>\u201d<\/p>\n<p>Autre symbole de transparence, la nouvelle cha\u00eene parlementaire int\u00e9gr\u00e9e au r\u00e8glement int\u00e9rieur ne sera pas un m\u00e9dia de plus, mais \u201c<em>un outil p\u00e9dagogique, un levier de transparence et un pont entre le citoyen et l\u2019Assembl\u00e9e qui le repr\u00e9sente<\/em>\u201d.<\/p>\n<p>Le pr\u00e9sident Ndiaye a salu\u00e9 la qualit\u00e9 de la collaboration avec le gouvernement : \u201c<em>Je tiens \u00e0 remercier le Premier ministre Ousmane Sonko pour la qualit\u00e9 de la collaboration entre notre Parlement et son gouvernement.<\/em>\u201d Il a soulign\u00e9 que les ministres ont montr\u00e9 une disponibilit\u00e9 constante lors des s\u00e9ances de questions et un engagement clair \u00e0 accompagner les r\u00e9formes parlementaires.<\/p>\n<p>Dans un contexte mondial tendu, El Hadji Malick Ndiaye a rappel\u00e9 le r\u00f4le essentiel des Parlements dans la construction d\u2019une Afrique forte : \u201c<em>La r\u00e9silience climatique, la s\u00e9curit\u00e9 r\u00e9gionale, la transition num\u00e9rique et la souverainet\u00e9 \u00e9conomique ne peuvent \u00eatre abord\u00e9es isol\u00e9ment.<\/em>\u201d<\/p>\n<p>L\u2019Assembl\u00e9e entend renforcer ses relations avec les institutions telles que la CEDEAO, l\u2019UEMOA, le Parlement panafricain, l\u2019Union parlementaire internationale ou encore l\u2019Assembl\u00e9e parlementaire de la Francophonie.<\/p>\n<p>En conclusion, le pr\u00e9sident de l\u2019Assembl\u00e9e nationale a r\u00e9affirm\u00e9 l\u2019engagement collectif \u00e0 poursuivre la modernisation du Parlement : \u201c<em>Le chantier est immense. Mais le cap est clair. La volont\u00e9 est ferme et l\u2019engagement est collectif. Ensemble, poursuivons cette marche r\u00e9solue vers une d\u00e9mocratie plus exemplaire.<\/em>\u201d<\/p>\n<div class='share-to-whatsapp-wrapper'><div class='share-on-whsp'>PARTAGER SUR : <\/div><a data-text='CL\u00d4TURE SESSION ORDINAIRE UNIQUE ASSEMBL\u00c9E NATIONALE - El Hadji Malick Ndiaye impulse la r\u00e9forme' data-link='https:\/\/www.nettali.com\/2025\/07\/01\/cloture-session-ordinaire-unique-assemblee-nationale-el-hadji-malick-ndiaye-impulse-la-reforme\/' class='whatsapp-button whatsapp-share'>WhatsApp<\/a><div class='clear '><\/div><\/div>","protected":false},"excerpt":{"rendered":"<p>NETTALI.COM - Lors de la c\u00e9r\u00e9monie de cl\u00f4ture de la session ordinaire unique, le pr\u00e9sident de l\u2019Assembl\u00e9e nationale, El Hadji Malick Ndiaye, a dress\u00e9 un riche et ambitieux bilan de l\u2019action parlementaire depuis l\u2019installation de la 15e l\u00e9gislature. Il a salu\u00e9 les avanc\u00e9es majeures, les r\u00e9formes internes entreprises et la collaboration in\u00e9dite avec l\u2019Ex\u00e9cutif. C\u2019 [&hellip;]<\/p>\n","protected":false},"author":2,"featured_media":156748,"comment_status":"open","ping_status":"open","sticky":false,"template":"","format":"standard","meta":{"_et_pb_use_builder":"","_et_pb_old_content":""},"categories":[2],"tags":[],"yoast_head":"<!-- This site is optimized with the Yoast SEO Premium plugin v17.8 (Yoast SEO v17.8) - https:\/\/yoast.com\/wordpress\/plugins\/seo\/ -->\n<title>CL\u00d4TURE SESSION ORDINAIRE UNIQUE ASSEMBL\u00c9E NATIONALE - El Hadji Malick Ndiaye impulse la r\u00e9forme | Nettali.com<\/title>\n<meta name=\"robots\" content=\"index, follow, max-snippet:-1, max-image-preview:large, max-video-preview:-1\" \/>\n<link rel=\"canonical\" href=\"https:\/\/www.nettali.com\/2025\/07\/01\/cloture-session-ordinaire-unique-assemblee-nationale-el-hadji-malick-ndiaye-impulse-la-reforme\/\" \/>\n<meta property=\"og:locale\" content=\"fr_FR\" \/>\n<meta property=\"og:type\" content=\"article\" \/>\n<meta property=\"og:title\" content=\"CL\u00d4TURE SESSION ORDINAIRE UNIQUE ASSEMBL\u00c9E NATIONALE - El Hadji Malick Ndiaye impulse la r\u00e9forme\" \/>\n<meta property=\"og:description\" content=\"NETTALI.COM - Lors de la c\u00e9r\u00e9monie de cl\u00f4ture de la session ordinaire unique, le pr\u00e9sident de l\u2019Assembl\u00e9e nationale, El Hadji Malick Ndiaye, a dress\u00e9 un riche et ambitieux bilan de l\u2019action parlementaire depuis l\u2019installation de la 15e l\u00e9gislature. Il a salu\u00e9 les avanc\u00e9es majeures, les r\u00e9formes internes entreprises et la collaboration in\u00e9dite avec l\u2019Ex\u00e9cutif. C\u2019 [&hellip;]\" \/>\n<meta property=\"og:url\" content=\"https:\/\/www.nettali.com\/2025\/07\/01\/cloture-session-ordinaire-unique-assemblee-nationale-el-hadji-malick-ndiaye-impulse-la-reforme\/\" \/>\n<meta property=\"og:site_name\" content=\"Nettali.com\" \/>\n<meta property=\"article:publisher\" content=\"https:\/\/www.facebook.com\/nettalicom\" \/>\n<meta property=\"article:published_time\" content=\"2025-07-01T08:34:13+00:00\" \/>\n<meta property=\"og:image\" content=\"https:\/\/www.nettali.com\/wp-content\/uploads\/2025\/07\/el-malick-ndiaye-1.jpg\" \/>\n\t<meta property=\"og:image:width\" content=\"868\" \/>\n\t<meta property=\"og:image:height\" content=\"511\" \/>\n<meta name=\"twitter:card\" content=\"summary_large_image\" \/>\n<meta name=\"twitter:label1\" content=\"\u00c9crit par\" \/>\n\t<meta name=\"twitter:data1\" content=\"CK\" \/>\n\t<meta name=\"twitter:label2\" content=\"Dur\u00e9e de lecture estim\u00e9e\" \/>\n\t<meta name=\"twitter:data2\" content=\"4 minutes\" \/>\n<script type=\"application\/ld+json\" class=\"yoast-schema-graph\">{\"@context\":\"https:\/\/schema.org\",\"@graph\":[{\"@type\":\"WebSite\",\"@id\":\"https:\/\/www.nettali.com\/#website\",\"url\":\"https:\/\/www.nettali.com\/\",\"name\":\"Nettali.com\",\"description\":\"Le rendez-vous critique du Net\",\"potentialAction\":[{\"@type\":\"SearchAction\",\"target\":{\"@type\":\"EntryPoint\",\"urlTemplate\":\"https:\/\/www.nettali.com\/?s={search_term_string}\"},\"query-input\":\"required name=search_term_string\"}],\"inLanguage\":\"fr-FR\"},{\"@type\":\"ImageObject\",\"@id\":\"https:\/\/www.nettali.com\/2025\/07\/01\/cloture-session-ordinaire-unique-assemblee-nationale-el-hadji-malick-ndiaye-impulse-la-reforme\/#primaryimage\",\"inLanguage\":\"fr-FR\",\"url\":\"https:\/\/www.nettali.com\/wp-content\/uploads\/2025\/07\/el-malick-ndiaye-1.jpg\",\"contentUrl\":\"https:\/\/www.nettali.com\/wp-content\/uploads\/2025\/07\/el-malick-ndiaye-1.jpg\",\"width\":868,\"height\":511},{\"@type\":\"WebPage\",\"@id\":\"https:\/\/www.nettali.com\/2025\/07\/01\/cloture-session-ordinaire-unique-assemblee-nationale-el-hadji-malick-ndiaye-impulse-la-reforme\/#webpage\",\"url\":\"https:\/\/www.nettali.com\/2025\/07\/01\/cloture-session-ordinaire-unique-assemblee-nationale-el-hadji-malick-ndiaye-impulse-la-reforme\/\",\"name\":\"CL\\u00d4TURE SESSION ORDINAIRE UNIQUE ASSEMBL\\u00c9E NATIONALE - El Hadji Malick Ndiaye impulse la r\\u00e9forme | Nettali.com\",\"isPartOf\":{\"@id\":\"https:\/\/www.nettali.com\/#website\"},\"primaryImageOfPage\":{\"@id\":\"https:\/\/www.nettali.com\/2025\/07\/01\/cloture-session-ordinaire-unique-assemblee-nationale-el-hadji-malick-ndiaye-impulse-la-reforme\/#primaryimage\"},\"datePublished\":\"2025-07-01T08:34:13+00:00\",\"dateModified\":\"2025-07-01T08:34:13+00:00\",\"author\":{\"@id\":\"https:\/\/www.nettali.com\/#\/schema\/person\/d8ac7b7e27ddad43f1c0d2ef090d7f71\"},\"breadcrumb\":{\"@id\":\"https:\/\/www.nettali.com\/2025\/07\/01\/cloture-session-ordinaire-unique-assemblee-nationale-el-hadji-malick-ndiaye-impulse-la-reforme\/#breadcrumb\"},\"inLanguage\":\"fr-FR\",\"potentialAction\":[{\"@type\":\"ReadAction\",\"target\":[\"https:\/\/www.nettali.com\/2025\/07\/01\/cloture-session-ordinaire-unique-assemblee-nationale-el-hadji-malick-ndiaye-impulse-la-reforme\/\"]}]},{\"@type\":\"BreadcrumbList\",\"@id\":\"https:\/\/www.nettali.com\/2025\/07\/01\/cloture-session-ordinaire-unique-assemblee-nationale-el-hadji-malick-ndiaye-impulse-la-reforme\/#breadcrumb\",\"itemListElement\":[{\"@type\":\"ListItem\",\"position\":1,\"name\":\"Accueil\",\"item\":\"https:\/\/www.nettali.com\/\"},{\"@type\":\"ListItem\",\"position\":2,\"name\":\"CL\\u00d4TURE SESSION ORDINAIRE UNIQUE ASSEMBL\\u00c9E NATIONALE - El Hadji Malick Ndiaye impulse la r\\u00e9forme\"}]},{\"@type\":\"Person\",\"@id\":\"https:\/\/www.nettali.com\/#\/schema\/person\/d8ac7b7e27ddad43f1c0d2ef090d7f71\",\"name\":\"CK\",\"image\":{\"@type\":\"ImageObject\",\"@id\":\"https:\/\/www.nettali.com\/#personlogo\",\"inLanguage\":\"fr-FR\",\"url\":\"https:\/\/secure.gravatar.com\/avatar\/1d8d5118b9327d94da7cd4ce7f17fec2?s=96&d=mm&r=g\",\"contentUrl\":\"https:\/\/secure.gravatar.com\/avatar\/1d8d5118b9327d94da7cd4ce7f17fec2?s=96&d=mm&r=g\",\"caption\":\"CK\"},\"sameAs\":[\"https:\/\/www.nettali.com\"]}]}<\/script>\n<!-- \/ Yoast SEO Premium plugin. -->","yoast_head_json":{"title":"CL\u00d4TURE SESSION ORDINAIRE UNIQUE ASSEMBL\u00c9E NATIONALE - El Hadji Malick Ndiaye impulse la r\u00e9forme | Nettali.com","robots":{"index":"index","follow":"follow","max-snippet":"max-snippet:-1","max-image-preview":"max-image-preview:large","max-video-preview":"max-video-preview:-1"},"canonical":"https:\/\/www.nettali.com\/2025\/07\/01\/cloture-session-ordinaire-unique-assemblee-nationale-el-hadji-malick-ndiaye-impulse-la-reforme\/","og_locale":"fr_FR","og_type":"article","og_title":"CL\u00d4TURE SESSION ORDINAIRE UNIQUE ASSEMBL\u00c9E NATIONALE - El Hadji Malick Ndiaye impulse la r\u00e9forme","og_description":"NETTALI.COM - Lors de la c\u00e9r\u00e9monie de cl\u00f4ture de la session ordinaire unique, le pr\u00e9sident de l\u2019Assembl\u00e9e nationale, El Hadji Malick Ndiaye, a dress\u00e9 un riche et ambitieux bilan de l\u2019action parlementaire depuis l\u2019installation de la 15e l\u00e9gislature. Il a salu\u00e9 les avanc\u00e9es majeures, les r\u00e9formes internes entreprises et la collaboration in\u00e9dite avec l\u2019Ex\u00e9cutif. C\u2019 [&hellip;]","og_url":"https:\/\/www.nettali.com\/2025\/07\/01\/cloture-session-ordinaire-unique-assemblee-nationale-el-hadji-malick-ndiaye-impulse-la-reforme\/","og_site_name":"Nettali.com","article_publisher":"https:\/\/www.facebook.com\/nettalicom","article_published_time":"2025-07-01T08:34:13+00:00","og_image":[{"width":868,"height":511,"url":"https:\/\/www.nettali.com\/wp-content\/uploads\/2025\/07\/el-malick-ndiaye-1.jpg","type":"image\/jpeg"}],"twitter_card":"summary_large_image","twitter_misc":{"\u00c9crit par":"CK","Dur\u00e9e de lecture estim\u00e9e":"4 minutes"},"schema":{"@context":"https:\/\/schema.org","@graph":[{"@type":"WebSite","@id":"https:\/\/www.nettali.com\/#website","url":"https:\/\/www.nettali.com\/","name":"Nettali.com","description":"Le rendez-vous critique du Net","potentialAction":[{"@type":"SearchAction","target":{"@type":"EntryPoint","urlTemplate":"https:\/\/www.nettali.com\/?s={search_term_string}"},"query-input":"required name=search_term_string"}],"inLanguage":"fr-FR"},{"@type":"ImageObject","@id":"https:\/\/www.nettali.com\/2025\/07\/01\/cloture-session-ordinaire-unique-assemblee-nationale-el-hadji-malick-ndiaye-impulse-la-reforme\/#primaryimage","inLanguage":"fr-FR","url":"https:\/\/www.nettali.com\/wp-content\/uploads\/2025\/07\/el-malick-ndiaye-1.jpg","contentUrl":"https:\/\/www.nettali.com\/wp-content\/uploads\/2025\/07\/el-malick-ndiaye-1.jpg","width":868,"height":511},{"@type":"WebPage","@id":"https:\/\/www.nettali.com\/2025\/07\/01\/cloture-session-ordinaire-unique-assemblee-nationale-el-hadji-malick-ndiaye-impulse-la-reforme\/#webpage","url":"https:\/\/www.nettali.com\/2025\/07\/01\/cloture-session-ordinaire-unique-assemblee-nationale-el-hadji-malick-ndiaye-impulse-la-reforme\/","name":"CL\u00d4TURE SESSION ORDINAIRE UNIQUE ASSEMBL\u00c9E NATIONALE - El Hadji Malick Ndiaye impulse la r\u00e9forme | Nettali.com","isPartOf":{"@id":"https:\/\/www.nettali.com\/#website"},"primaryImageOfPage":{"@id":"https:\/\/www.nettali.com\/2025\/07\/01\/cloture-session-ordinaire-unique-assemblee-nationale-el-hadji-malick-ndiaye-impulse-la-reforme\/#primaryimage"},"datePublished":"2025-07-01T08:34:13+00:00","dateModified":"2025-07-01T08:34:13+00:00","author":{"@id":"https:\/\/www.nettali.com\/#\/schema\/person\/d8ac7b7e27ddad43f1c0d2ef090d7f71"},"breadcrumb":{"@id":"https:\/\/www.nettali.com\/2025\/07\/01\/cloture-session-ordinaire-unique-assemblee-nationale-el-hadji-malick-ndiaye-impulse-la-reforme\/#breadcrumb"},"inLanguage":"fr-FR","potentialAction":[{"@type":"ReadAction","target":["https:\/\/www.nettali.com\/2025\/07\/01\/cloture-session-ordinaire-unique-assemblee-nationale-el-hadji-malick-ndiaye-impulse-la-reforme\/"]}]},{"@type":"BreadcrumbList","@id":"https:\/\/www.nettali.com\/2025\/07\/01\/cloture-session-ordinaire-unique-assemblee-nationale-el-hadji-malick-ndiaye-impulse-la-reforme\/#breadcrumb","itemListElement":[{"@type":"ListItem","position":1,"name":"Accueil","item":"https:\/\/www.nettali.com\/"},{"@type":"ListItem","position":2,"name":"CL\u00d4TURE SESSION ORDINAIRE UNIQUE ASSEMBL\u00c9E NATIONALE - El Hadji Malick Ndiaye impulse la r\u00e9forme"}]},{"@type":"Person","@id":"https:\/\/www.nettali.com\/#\/schema\/person\/d8ac7b7e27ddad43f1c0d2ef090d7f71","name":"CK","image":{"@type":"ImageObject","@id":"https:\/\/www.nettali.com\/#personlogo","inLanguage":"fr-FR","url":"https:\/\/secure.gravatar.com\/avatar\/1d8d5118b9327d94da7cd4ce7f17fec2?s=96&d=mm&r=g","contentUrl":"https:\/\/secure.gravatar.com\/avatar\/1d8d5118b9327d94da7cd4ce7f17fec2?s=96&d=mm&r=g","caption":"CK"},"sameAs":["https:\/\/www.nettali.com"]}]}},"_links":{"self":[{"href":"https:\/\/www.nettali.com\/rest\/wp\/v2\/posts\/156747"}],"collection":[{"href":"https:\/\/www.nettali.com\/rest\/wp\/v2\/posts"}],"about":[{"href":"https:\/\/www.nettali.com\/rest\/wp\/v2\/types\/post"}],"author":[{"embeddable":true,"href":"https:\/\/www.nettali.com\/rest\/wp\/v2\/users\/2"}],"replies":[{"embeddable":true,"href":"https:\/\/www.nettali.com\/rest\/wp\/v2\/comments?post=156747"}],"version-history":[{"count":1,"href":"https:\/\/www.nettali.com\/rest\/wp\/v2\/posts\/156747\/revisions"}],"predecessor-version":[{"id":156749,"href":"https:\/\/www.nettali.com\/rest\/wp\/v2\/posts\/156747\/revisions\/156749"}],"wp:featuredmedia":[{"embeddable":true,"href":"https:\/\/www.nettali.com\/rest\/wp\/v2\/media\/156748"}],"wp:attachment":[{"href":"https:\/\/www.nettali.com\/rest\/wp\/v2\/media?parent=156747"}],"wp:term":[{"taxonomy":"category","embeddable":true,"href":"https:\/\/www.nettali.com\/rest\/wp\/v2\/categories?post=156747"},{"taxonomy":"post_tag","embeddable":true,"href":"https:\/\/www.nettali.com\/rest\/wp\/v2\/tags?post=156747"}],"curies":[{"name":"wp","href":"https:\/\/api.w.org\/{rel}","templated":true}]}}