{"id":156744,"date":"2025-07-01T08:25:39","date_gmt":"2025-07-01T08:25:39","guid":{"rendered":"https:\/\/www.nettali.com\/?p=156744"},"modified":"2025-07-02T00:48:31","modified_gmt":"2025-07-02T00:48:31","slug":"partenariat-senegal-france-a-seville-macron-et-diomaye-faye-affichent-une-volonte-commune","status":"publish","type":"post","link":"https:\/\/www.nettali.com\/2025\/07\/01\/partenariat-senegal-france-a-seville-macron-et-diomaye-faye-affichent-une-volonte-commune\/","title":{"rendered":"PARTENARIAT S\u00c9N\u00c9GAL- FRANCE - \u00c0 S\u00e9ville, Macron et Diomaye Faye affichent une volont\u00e9 commune"},"content":{"rendered":"<p><strong>NETTALI.COM -<\/strong> En marge de la Conf\u00e9rence des Nations Unies sur le financement du d\u00e9veloppement, les pr\u00e9sidents Emmanuel Macron et Bassirou Diomaye Faye ont \u00e9chang\u00e9 sur les perspectives de coop\u00e9ration entre la France et le S\u00e9n\u00e9gal, dans un contexte de red\u00e9finition des relations entre les deux pays.<\/p>\n<p>R\u00e9unis \u00e0 S\u00e9ville pour la 4e \u00e9dition de la Conf\u00e9rence sur le financement du d\u00e9veloppement (#FFD4), les chefs d\u2019\u00c9tat fran\u00e7ais et s\u00e9n\u00e9galais ont tenu une rencontre bilat\u00e9rale. Ce t\u00eate-\u00e0-t\u00eate a permis d\u2019aborder plusieurs chantiers majeurs. \u201c<em>En pleine refonte, le partenariat entre le S\u00e9n\u00e9gal et la France doit nous permettre d'avancer ensemble au service des int\u00e9r\u00eats de nos peuples et de notre souverainet\u00e9<\/em>\u201d, a d\u00e9clar\u00e9 Emmanuel Macron dans un message publi\u00e9 sur X. Il a pr\u00e9cis\u00e9 que cette refondation concerne aussi bien les domaines \u00e9conomiques, s\u00e9curitaires et de d\u00e9fense que les sph\u00e8res culturelle et m\u00e9morielle.<\/p>\n<p>De son c\u00f4t\u00e9, Bassirou Diomaye Faye a confirm\u00e9, dans une publication sur Facebook, que leurs \u00e9changes avaient port\u00e9 sur la coop\u00e9ration bilat\u00e9rale ainsi que sur les enjeux r\u00e9gionaux et internationaux d\u2019int\u00e9r\u00eat commun.<\/p>\n<p>Cette rencontre intervient dans un contexte o\u00f9 nombre de pays africains r\u00e9clament une red\u00e9finition de leurs rapports avec les anciennes puissances coloniales.<\/p>\n<p>Si les contours de cette \u201crefonte\u201d restent \u00e0 pr\u00e9ciser, le ton des deux chefs d\u2019\u00c9tat laisse entrevoir une volont\u00e9 commune de tourner une page et d\u2019\u00e9crire une nouvelle s\u00e9quence de coop\u00e9ration.<\/p>\n<div class='share-to-whatsapp-wrapper'><div class='share-on-whsp'>PARTAGER SUR : <\/div><a data-text='PARTENARIAT S\u00c9N\u00c9GAL- FRANCE - \u00c0 S\u00e9ville, Macron et Diomaye Faye affichent une volont\u00e9 commune' data-link='https:\/\/www.nettali.com\/2025\/07\/01\/partenariat-senegal-france-a-seville-macron-et-diomaye-faye-affichent-une-volonte-commune\/' class='whatsapp-button whatsapp-share'>WhatsApp<\/a><div class='clear '><\/div><\/div>","protected":false},"excerpt":{"rendered":"<p>NETTALI.COM - En marge de la Conf\u00e9rence des Nations Unies sur le financement du d\u00e9veloppement, les pr\u00e9sidents Emmanuel Macron et Bassirou Diomaye Faye ont \u00e9chang\u00e9 sur les perspectives de coop\u00e9ration entre la France et le S\u00e9n\u00e9gal, dans un contexte de red\u00e9finition des relations entre les deux pays. R\u00e9unis \u00e0 S\u00e9ville pour la 4e \u00e9dition de [&hellip;]<\/p>\n","protected":false},"author":2,"featured_media":156745,"comment_status":"open","ping_status":"open","sticky":false,"template":"","format":"standard","meta":{"_et_pb_use_builder":"","_et_pb_old_content":""},"categories":[34945],"tags":[],"yoast_head":"<!-- This site is optimized with the Yoast SEO Premium plugin v17.8 (Yoast SEO v17.8) - https:\/\/yoast.com\/wordpress\/plugins\/seo\/ -->\n<title>PARTENARIAT S\u00c9N\u00c9GAL- FRANCE - \u00c0 S\u00e9ville, Macron et Diomaye Faye affichent une volont\u00e9 commune | Nettali.com<\/title>\n<meta name=\"robots\" content=\"index, follow, max-snippet:-1, max-image-preview:large, max-video-preview:-1\" \/>\n<link rel=\"canonical\" href=\"https:\/\/www.nettali.com\/2025\/07\/01\/partenariat-senegal-france-a-seville-macron-et-diomaye-faye-affichent-une-volonte-commune\/\" \/>\n<meta property=\"og:locale\" content=\"fr_FR\" \/>\n<meta property=\"og:type\" content=\"article\" \/>\n<meta property=\"og:title\" content=\"PARTENARIAT S\u00c9N\u00c9GAL- FRANCE - \u00c0 S\u00e9ville, Macron et Diomaye Faye affichent une volont\u00e9 commune\" \/>\n<meta property=\"og:description\" content=\"NETTALI.COM - En marge de la Conf\u00e9rence des Nations Unies sur le financement du d\u00e9veloppement, les pr\u00e9sidents Emmanuel Macron et Bassirou Diomaye Faye ont \u00e9chang\u00e9 sur les perspectives de coop\u00e9ration entre la France et le S\u00e9n\u00e9gal, dans un contexte de red\u00e9finition des relations entre les deux pays. R\u00e9unis \u00e0 S\u00e9ville pour la 4e \u00e9dition de [&hellip;]\" \/>\n<meta property=\"og:url\" content=\"https:\/\/www.nettali.com\/2025\/07\/01\/partenariat-senegal-france-a-seville-macron-et-diomaye-faye-affichent-une-volonte-commune\/\" \/>\n<meta property=\"og:site_name\" content=\"Nettali.com\" \/>\n<meta property=\"article:publisher\" content=\"https:\/\/www.facebook.com\/nettalicom\" \/>\n<meta property=\"article:published_time\" content=\"2025-07-01T08:25:39+00:00\" \/>\n<meta property=\"article:modified_time\" content=\"2025-07-02T00:48:31+00:00\" \/>\n<meta property=\"og:image\" content=\"https:\/\/www.nettali.com\/wp-content\/uploads\/2025\/07\/Diomaye-Macron.jpg\" \/>\n\t<meta property=\"og:image:width\" content=\"1024\" \/>\n\t<meta property=\"og:image:height\" content=\"814\" \/>\n<meta name=\"twitter:card\" content=\"summary_large_image\" \/>\n<meta name=\"twitter:label1\" content=\"\u00c9crit par\" \/>\n\t<meta name=\"twitter:data1\" content=\"CK\" \/>\n\t<meta name=\"twitter:label2\" content=\"Dur\u00e9e de lecture estim\u00e9e\" \/>\n\t<meta name=\"twitter:data2\" content=\"2 minutes\" \/>\n<script type=\"application\/ld+json\" class=\"yoast-schema-graph\">{\"@context\":\"https:\/\/schema.org\",\"@graph\":[{\"@type\":\"WebSite\",\"@id\":\"https:\/\/www.nettali.com\/#website\",\"url\":\"https:\/\/www.nettali.com\/\",\"name\":\"Nettali.com\",\"description\":\"Le rendez-vous critique du Net\",\"potentialAction\":[{\"@type\":\"SearchAction\",\"target\":{\"@type\":\"EntryPoint\",\"urlTemplate\":\"https:\/\/www.nettali.com\/?s={search_term_string}\"},\"query-input\":\"required name=search_term_string\"}],\"inLanguage\":\"fr-FR\"},{\"@type\":\"ImageObject\",\"@id\":\"https:\/\/www.nettali.com\/2025\/07\/01\/partenariat-senegal-france-a-seville-macron-et-diomaye-faye-affichent-une-volonte-commune\/#primaryimage\",\"inLanguage\":\"fr-FR\",\"url\":\"https:\/\/www.nettali.com\/wp-content\/uploads\/2025\/07\/Diomaye-Macron.jpg\",\"contentUrl\":\"https:\/\/www.nettali.com\/wp-content\/uploads\/2025\/07\/Diomaye-Macron.jpg\",\"width\":1024,\"height\":814},{\"@type\":\"WebPage\",\"@id\":\"https:\/\/www.nettali.com\/2025\/07\/01\/partenariat-senegal-france-a-seville-macron-et-diomaye-faye-affichent-une-volonte-commune\/#webpage\",\"url\":\"https:\/\/www.nettali.com\/2025\/07\/01\/partenariat-senegal-france-a-seville-macron-et-diomaye-faye-affichent-une-volonte-commune\/\",\"name\":\"PARTENARIAT S\\u00c9N\\u00c9GAL- FRANCE - \\u00c0 S\\u00e9ville, Macron et Diomaye Faye affichent une volont\\u00e9 commune | Nettali.com\",\"isPartOf\":{\"@id\":\"https:\/\/www.nettali.com\/#website\"},\"primaryImageOfPage\":{\"@id\":\"https:\/\/www.nettali.com\/2025\/07\/01\/partenariat-senegal-france-a-seville-macron-et-diomaye-faye-affichent-une-volonte-commune\/#primaryimage\"},\"datePublished\":\"2025-07-01T08:25:39+00:00\",\"dateModified\":\"2025-07-02T00:48:31+00:00\",\"author\":{\"@id\":\"https:\/\/www.nettali.com\/#\/schema\/person\/d8ac7b7e27ddad43f1c0d2ef090d7f71\"},\"breadcrumb\":{\"@id\":\"https:\/\/www.nettali.com\/2025\/07\/01\/partenariat-senegal-france-a-seville-macron-et-diomaye-faye-affichent-une-volonte-commune\/#breadcrumb\"},\"inLanguage\":\"fr-FR\",\"potentialAction\":[{\"@type\":\"ReadAction\",\"target\":[\"https:\/\/www.nettali.com\/2025\/07\/01\/partenariat-senegal-france-a-seville-macron-et-diomaye-faye-affichent-une-volonte-commune\/\"]}]},{\"@type\":\"BreadcrumbList\",\"@id\":\"https:\/\/www.nettali.com\/2025\/07\/01\/partenariat-senegal-france-a-seville-macron-et-diomaye-faye-affichent-une-volonte-commune\/#breadcrumb\",\"itemListElement\":[{\"@type\":\"ListItem\",\"position\":1,\"name\":\"Accueil\",\"item\":\"https:\/\/www.nettali.com\/\"},{\"@type\":\"ListItem\",\"position\":2,\"name\":\"PARTENARIAT S\\u00c9N\\u00c9GAL- FRANCE - \\u00c0 S\\u00e9ville, Macron et Diomaye Faye affichent une volont\\u00e9 commune\"}]},{\"@type\":\"Person\",\"@id\":\"https:\/\/www.nettali.com\/#\/schema\/person\/d8ac7b7e27ddad43f1c0d2ef090d7f71\",\"name\":\"CK\",\"image\":{\"@type\":\"ImageObject\",\"@id\":\"https:\/\/www.nettali.com\/#personlogo\",\"inLanguage\":\"fr-FR\",\"url\":\"https:\/\/secure.gravatar.com\/avatar\/1d8d5118b9327d94da7cd4ce7f17fec2?s=96&d=mm&r=g\",\"contentUrl\":\"https:\/\/secure.gravatar.com\/avatar\/1d8d5118b9327d94da7cd4ce7f17fec2?s=96&d=mm&r=g\",\"caption\":\"CK\"},\"sameAs\":[\"https:\/\/www.nettali.com\"]}]}<\/script>\n<!-- \/ Yoast SEO Premium plugin. -->","yoast_head_json":{"title":"PARTENARIAT S\u00c9N\u00c9GAL- FRANCE - \u00c0 S\u00e9ville, Macron et Diomaye Faye affichent une volont\u00e9 commune | Nettali.com","robots":{"index":"index","follow":"follow","max-snippet":"max-snippet:-1","max-image-preview":"max-image-preview:large","max-video-preview":"max-video-preview:-1"},"canonical":"https:\/\/www.nettali.com\/2025\/07\/01\/partenariat-senegal-france-a-seville-macron-et-diomaye-faye-affichent-une-volonte-commune\/","og_locale":"fr_FR","og_type":"article","og_title":"PARTENARIAT S\u00c9N\u00c9GAL- FRANCE - \u00c0 S\u00e9ville, Macron et Diomaye Faye affichent une volont\u00e9 commune","og_description":"NETTALI.COM - En marge de la Conf\u00e9rence des Nations Unies sur le financement du d\u00e9veloppement, les pr\u00e9sidents Emmanuel Macron et Bassirou Diomaye Faye ont \u00e9chang\u00e9 sur les perspectives de coop\u00e9ration entre la France et le S\u00e9n\u00e9gal, dans un contexte de red\u00e9finition des relations entre les deux pays. R\u00e9unis \u00e0 S\u00e9ville pour la 4e \u00e9dition de [&hellip;]","og_url":"https:\/\/www.nettali.com\/2025\/07\/01\/partenariat-senegal-france-a-seville-macron-et-diomaye-faye-affichent-une-volonte-commune\/","og_site_name":"Nettali.com","article_publisher":"https:\/\/www.facebook.com\/nettalicom","article_published_time":"2025-07-01T08:25:39+00:00","article_modified_time":"2025-07-02T00:48:31+00:00","og_image":[{"width":1024,"height":814,"url":"https:\/\/www.nettali.com\/wp-content\/uploads\/2025\/07\/Diomaye-Macron.jpg","type":"image\/jpeg"}],"twitter_card":"summary_large_image","twitter_misc":{"\u00c9crit par":"CK","Dur\u00e9e de lecture estim\u00e9e":"2 minutes"},"schema":{"@context":"https:\/\/schema.org","@graph":[{"@type":"WebSite","@id":"https:\/\/www.nettali.com\/#website","url":"https:\/\/www.nettali.com\/","name":"Nettali.com","description":"Le rendez-vous critique du Net","potentialAction":[{"@type":"SearchAction","target":{"@type":"EntryPoint","urlTemplate":"https:\/\/www.nettali.com\/?s={search_term_string}"},"query-input":"required name=search_term_string"}],"inLanguage":"fr-FR"},{"@type":"ImageObject","@id":"https:\/\/www.nettali.com\/2025\/07\/01\/partenariat-senegal-france-a-seville-macron-et-diomaye-faye-affichent-une-volonte-commune\/#primaryimage","inLanguage":"fr-FR","url":"https:\/\/www.nettali.com\/wp-content\/uploads\/2025\/07\/Diomaye-Macron.jpg","contentUrl":"https:\/\/www.nettali.com\/wp-content\/uploads\/2025\/07\/Diomaye-Macron.jpg","width":1024,"height":814},{"@type":"WebPage","@id":"https:\/\/www.nettali.com\/2025\/07\/01\/partenariat-senegal-france-a-seville-macron-et-diomaye-faye-affichent-une-volonte-commune\/#webpage","url":"https:\/\/www.nettali.com\/2025\/07\/01\/partenariat-senegal-france-a-seville-macron-et-diomaye-faye-affichent-une-volonte-commune\/","name":"PARTENARIAT S\u00c9N\u00c9GAL- FRANCE - \u00c0 S\u00e9ville, Macron et Diomaye Faye affichent une volont\u00e9 commune | Nettali.com","isPartOf":{"@id":"https:\/\/www.nettali.com\/#website"},"primaryImageOfPage":{"@id":"https:\/\/www.nettali.com\/2025\/07\/01\/partenariat-senegal-france-a-seville-macron-et-diomaye-faye-affichent-une-volonte-commune\/#primaryimage"},"datePublished":"2025-07-01T08:25:39+00:00","dateModified":"2025-07-02T00:48:31+00:00","author":{"@id":"https:\/\/www.nettali.com\/#\/schema\/person\/d8ac7b7e27ddad43f1c0d2ef090d7f71"},"breadcrumb":{"@id":"https:\/\/www.nettali.com\/2025\/07\/01\/partenariat-senegal-france-a-seville-macron-et-diomaye-faye-affichent-une-volonte-commune\/#breadcrumb"},"inLanguage":"fr-FR","potentialAction":[{"@type":"ReadAction","target":["https:\/\/www.nettali.com\/2025\/07\/01\/partenariat-senegal-france-a-seville-macron-et-diomaye-faye-affichent-une-volonte-commune\/"]}]},{"@type":"BreadcrumbList","@id":"https:\/\/www.nettali.com\/2025\/07\/01\/partenariat-senegal-france-a-seville-macron-et-diomaye-faye-affichent-une-volonte-commune\/#breadcrumb","itemListElement":[{"@type":"ListItem","position":1,"name":"Accueil","item":"https:\/\/www.nettali.com\/"},{"@type":"ListItem","position":2,"name":"PARTENARIAT S\u00c9N\u00c9GAL- FRANCE - \u00c0 S\u00e9ville, Macron et Diomaye Faye affichent une volont\u00e9 commune"}]},{"@type":"Person","@id":"https:\/\/www.nettali.com\/#\/schema\/person\/d8ac7b7e27ddad43f1c0d2ef090d7f71","name":"CK","image":{"@type":"ImageObject","@id":"https:\/\/www.nettali.com\/#personlogo","inLanguage":"fr-FR","url":"https:\/\/secure.gravatar.com\/avatar\/1d8d5118b9327d94da7cd4ce7f17fec2?s=96&d=mm&r=g","contentUrl":"https:\/\/secure.gravatar.com\/avatar\/1d8d5118b9327d94da7cd4ce7f17fec2?s=96&d=mm&r=g","caption":"CK"},"sameAs":["https:\/\/www.nettali.com"]}]}},"_links":{"self":[{"href":"https:\/\/www.nettali.com\/rest\/wp\/v2\/posts\/156744"}],"collection":[{"href":"https:\/\/www.nettali.com\/rest\/wp\/v2\/posts"}],"about":[{"href":"https:\/\/www.nettali.com\/rest\/wp\/v2\/types\/post"}],"author":[{"embeddable":true,"href":"https:\/\/www.nettali.com\/rest\/wp\/v2\/users\/2"}],"replies":[{"embeddable":true,"href":"https:\/\/www.nettali.com\/rest\/wp\/v2\/comments?post=156744"}],"version-history":[{"count":1,"href":"https:\/\/www.nettali.com\/rest\/wp\/v2\/posts\/156744\/revisions"}],"predecessor-version":[{"id":156746,"href":"https:\/\/www.nettali.com\/rest\/wp\/v2\/posts\/156744\/revisions\/156746"}],"wp:featuredmedia":[{"embeddable":true,"href":"https:\/\/www.nettali.com\/rest\/wp\/v2\/media\/156745"}],"wp:attachment":[{"href":"https:\/\/www.nettali.com\/rest\/wp\/v2\/media?parent=156744"}],"wp:term":[{"taxonomy":"category","embeddable":true,"href":"https:\/\/www.nettali.com\/rest\/wp\/v2\/categories?post=156744"},{"taxonomy":"post_tag","embeddable":true,"href":"https:\/\/www.nettali.com\/rest\/wp\/v2\/tags?post=156744"}],"curies":[{"name":"wp","href":"https:\/\/api.w.org\/{rel}","templated":true}]}}