{"id":156736,"date":"2025-07-01T08:15:08","date_gmt":"2025-07-01T08:15:08","guid":{"rendered":"https:\/\/www.nettali.com\/?p=156736"},"modified":"2025-07-02T00:49:32","modified_gmt":"2025-07-02T00:49:32","slug":"disparition-de-deux-jeunes-a-camberene-la-police-nationale-apporte-sa-version-des-faits","status":"publish","type":"post","link":"https:\/\/www.nettali.com\/2025\/07\/01\/disparition-de-deux-jeunes-a-camberene-la-police-nationale-apporte-sa-version-des-faits\/","title":{"rendered":"DISPARITION DE DEUX JEUNES \u00c0 CAMBERENE -\u00a0La Police nationale apporte sa version des faits"},"content":{"rendered":"<p><strong>NETTALI.COM - Face \u00e0 la vive \u00e9motion suscit\u00e9e par la disparition de deux jeunes \u00e0 Camb\u00e9r\u00e8ne et les manifestations qui s\u2019en sont suivies, la Police nationale a publi\u00e9, ce lundi 30 juin 2025, un communiqu\u00e9 d\u00e9taillant les circonstances des faits<\/strong>.<\/p>\n<p>Selon la police, les faits remontent \u00e0 la nuit du samedi 21 au dimanche 22 juin, autour d'1 heure du matin, lorsqu\u2019un agent en service \u00e0 la 7e compagnie a \u00e9t\u00e9 violemment agress\u00e9 \u00e0 la plage de Camb\u00e9r\u00e8ne. \u00ab <em>L\u2019agent tentait d\u2019intervenir pour mettre fin \u00e0 une agression en traversant la VDN, lorsqu\u2019il a \u00e9t\u00e9 asperg\u00e9 de gaz lacrymog\u00e8ne, puis poignard\u00e9 dans le dos<\/em> \u00bb, indique la Division Communication et Relations publiques de la Police nationale.<\/p>\n<p>L\u2019agent a \u00e9t\u00e9 imm\u00e9diatement \u00e9vacu\u00e9 \u00e0 l\u2019h\u00f4pital Principal par son p\u00e8re qui se trouvait sur les lieux au moment des faits. Il a d\u00e9pos\u00e9 plainte contre X, appuy\u00e9e par un certificat m\u00e9dical attestant d\u2019une incapacit\u00e9 temporaire de travail (ITT) de 15 jours.<\/p>\n<p>Dans la foul\u00e9e, une patrouille de police s\u2019est rendue sur place. Deux individus, consid\u00e9r\u00e9s comme potentiellement impliqu\u00e9s dans l\u2019agression, ont alors pris la fuite et se sont jet\u00e9s dans la mer. \u00ab <em>Malgr\u00e9 l\u2019appui des personnes pr\u00e9sentes sur les lieux, ces individus n'ont pas \u00e9t\u00e9 retrouv\u00e9s. Les recherches ont \u00e9t\u00e9 suspendues vers 02h00<\/em> \u00bb, pr\u00e9cise le communiqu\u00e9.<\/p>\n<p>Le myst\u00e8re s\u2019\u00e9paissit quelques jours plus tard. Le jeudi 26 juin, une dame se pr\u00e9sente au commissariat pour signaler la disparition de son fils, qu\u2019elle n\u2019a plus vu depuis la soir\u00e9e du 21 juin. Apr\u00e8s avoir montr\u00e9 une photo du jeune homme, l\u2019agent agress\u00e9 affirme qu\u2019\u00ab<em> un de ses agresseurs pr\u00e9sentait une corpulence et un teint similaires \u00e0 ceux de la personne figurant sur la photo<\/em> \u00bb. Mais il ajoute que \u00ab les conditions d\u2019\u00e9clairage \u00e9taient insuffisantes pour permettre une identification formelle \u00bb.<\/p>\n<p>C\u2019est sur fond de ces incertitudes que des troubles \u00e0 l\u2019ordre public ont \u00e9clat\u00e9 ce lundi 30 juin vers 18h, \u00e0 Camb\u00e9r\u00e8ne, au niveau de la passerelle de la VDN 3. Des jeunes, en col\u00e8re ont alors \u00e9rig\u00e9 des barricades et incendi\u00e9 des pneus. La police est intervenue pour disperser la foule et r\u00e9tablir la circulation.<\/p>\n<p>Les manifestants ont ainsi accus\u00e9 la police d\u2019\u00eatre responsable de la disparition, voire de la mort, des deux jeunes. Des rumeurs ont circul\u00e9 sur la d\u00e9couverte de leurs corps \u00e0 la morgue. \u00ab <em>Apr\u00e8s v\u00e9rifications, les responsables des morgues de l'h\u00f4pital Principal et de Dalal Jamm ont affirm\u00e9 qu\u2019aucun corps sans vie par noyade n\u2019a \u00e9t\u00e9 r\u00e9ceptionn\u00e9 \u00e0 ce jour<\/em> \u00bb, affirme la Police nationale.<\/p>\n<p>En revanche, le communiqu\u00e9 reconna\u00eet que \u00ab <em>deux autres corps sans vie ont \u00e9t\u00e9 retrouv\u00e9s sur la plage de BCEAO<\/em> \u00bb, et qu\u2019\u00ab ils<em> ont \u00e9t\u00e9 identifi\u00e9s comme habitant la zone de Camb\u00e9r\u00e8ne<\/em> \u00bb, sans plus de pr\u00e9cisions.<\/p>\n<p>Une enqu\u00eate est ouverte pour faire la lumi\u00e8re sur les faits. La Police nationale appelle \u00e0 la retenue : \u00ab <em>Nous restons pleinement mobilis\u00e9s afin d\u2019\u00e9tablir la v\u00e9rit\u00e9 dans cette affaire<\/em> \u00bb, conclut le document.<\/p>\n<p>Entre version polici\u00e8re, suspicion d\u2019abus et col\u00e8re dans le quartier, l\u2019affaire reste entour\u00e9e de zones d\u2019ombre.<\/p>\n<div class='share-to-whatsapp-wrapper'><div class='share-on-whsp'>PARTAGER SUR : <\/div><a data-text='DISPARITION DE DEUX JEUNES \u00c0 CAMBERENE -\u00a0La Police nationale apporte sa version des faits' data-link='https:\/\/www.nettali.com\/2025\/07\/01\/disparition-de-deux-jeunes-a-camberene-la-police-nationale-apporte-sa-version-des-faits\/' class='whatsapp-button whatsapp-share'>WhatsApp<\/a><div class='clear '><\/div><\/div>","protected":false},"excerpt":{"rendered":"<p>NETTALI.COM - Face \u00e0 la vive \u00e9motion suscit\u00e9e par la disparition de deux jeunes \u00e0 Camb\u00e9r\u00e8ne et les manifestations qui s\u2019en sont suivies, la Police nationale a publi\u00e9, ce lundi 30 juin 2025, un communiqu\u00e9 d\u00e9taillant les circonstances des faits. Selon la police, les faits remontent \u00e0 la nuit du samedi 21 au dimanche 22 [&hellip;]<\/p>\n","protected":false},"author":6,"featured_media":156734,"comment_status":"open","ping_status":"open","sticky":false,"template":"","format":"standard","meta":{"_et_pb_use_builder":"","_et_pb_old_content":""},"categories":[3],"tags":[],"yoast_head":"<!-- This site is optimized with the Yoast SEO Premium plugin v17.8 (Yoast SEO v17.8) - https:\/\/yoast.com\/wordpress\/plugins\/seo\/ -->\n<title>DISPARITION DE DEUX JEUNES \u00c0 CAMBERENE -\u00a0La Police nationale apporte sa version des faits | Nettali.com<\/title>\n<meta name=\"robots\" content=\"index, follow, max-snippet:-1, max-image-preview:large, max-video-preview:-1\" \/>\n<link rel=\"canonical\" href=\"https:\/\/www.nettali.com\/2025\/07\/01\/disparition-de-deux-jeunes-a-camberene-la-police-nationale-apporte-sa-version-des-faits\/\" \/>\n<meta property=\"og:locale\" content=\"fr_FR\" \/>\n<meta property=\"og:type\" content=\"article\" \/>\n<meta property=\"og:title\" content=\"DISPARITION DE DEUX JEUNES \u00c0 CAMBERENE -\u00a0La Police nationale apporte sa version des faits\" \/>\n<meta property=\"og:description\" content=\"NETTALI.COM - Face \u00e0 la vive \u00e9motion suscit\u00e9e par la disparition de deux jeunes \u00e0 Camb\u00e9r\u00e8ne et les manifestations qui s\u2019en sont suivies, la Police nationale a publi\u00e9, ce lundi 30 juin 2025, un communiqu\u00e9 d\u00e9taillant les circonstances des faits. Selon la police, les faits remontent \u00e0 la nuit du samedi 21 au dimanche 22 [&hellip;]\" \/>\n<meta property=\"og:url\" content=\"https:\/\/www.nettali.com\/2025\/07\/01\/disparition-de-deux-jeunes-a-camberene-la-police-nationale-apporte-sa-version-des-faits\/\" \/>\n<meta property=\"og:site_name\" content=\"Nettali.com\" \/>\n<meta property=\"article:publisher\" content=\"https:\/\/www.facebook.com\/nettalicom\" \/>\n<meta property=\"article:published_time\" content=\"2025-07-01T08:15:08+00:00\" \/>\n<meta property=\"article:modified_time\" content=\"2025-07-02T00:49:32+00:00\" \/>\n<meta property=\"og:image\" content=\"https:\/\/www.nettali.com\/wp-content\/uploads\/2025\/07\/1751318733_IMG_6619-scaled-1-1024x1024-1.jpeg\" \/>\n\t<meta property=\"og:image:width\" content=\"1024\" \/>\n\t<meta property=\"og:image:height\" content=\"700\" \/>\n<meta name=\"twitter:card\" content=\"summary_large_image\" \/>\n<meta name=\"twitter:label1\" content=\"\u00c9crit par\" \/>\n\t<meta name=\"twitter:data1\" content=\"Fatou\" \/>\n\t<meta name=\"twitter:label2\" content=\"Dur\u00e9e de lecture estim\u00e9e\" \/>\n\t<meta name=\"twitter:data2\" content=\"3 minutes\" \/>\n<script type=\"application\/ld+json\" class=\"yoast-schema-graph\">{\"@context\":\"https:\/\/schema.org\",\"@graph\":[{\"@type\":\"WebSite\",\"@id\":\"https:\/\/www.nettali.com\/#website\",\"url\":\"https:\/\/www.nettali.com\/\",\"name\":\"Nettali.com\",\"description\":\"Le rendez-vous critique du Net\",\"potentialAction\":[{\"@type\":\"SearchAction\",\"target\":{\"@type\":\"EntryPoint\",\"urlTemplate\":\"https:\/\/www.nettali.com\/?s={search_term_string}\"},\"query-input\":\"required name=search_term_string\"}],\"inLanguage\":\"fr-FR\"},{\"@type\":\"ImageObject\",\"@id\":\"https:\/\/www.nettali.com\/2025\/07\/01\/disparition-de-deux-jeunes-a-camberene-la-police-nationale-apporte-sa-version-des-faits\/#primaryimage\",\"inLanguage\":\"fr-FR\",\"url\":\"https:\/\/www.nettali.com\/wp-content\/uploads\/2025\/07\/1751318733_IMG_6619-scaled-1-1024x1024-1.jpeg\",\"contentUrl\":\"https:\/\/www.nettali.com\/wp-content\/uploads\/2025\/07\/1751318733_IMG_6619-scaled-1-1024x1024-1.jpeg\",\"width\":1024,\"height\":700},{\"@type\":\"WebPage\",\"@id\":\"https:\/\/www.nettali.com\/2025\/07\/01\/disparition-de-deux-jeunes-a-camberene-la-police-nationale-apporte-sa-version-des-faits\/#webpage\",\"url\":\"https:\/\/www.nettali.com\/2025\/07\/01\/disparition-de-deux-jeunes-a-camberene-la-police-nationale-apporte-sa-version-des-faits\/\",\"name\":\"DISPARITION DE DEUX JEUNES \\u00c0 CAMBERENE -\\u00a0La Police nationale apporte sa version des faits | Nettali.com\",\"isPartOf\":{\"@id\":\"https:\/\/www.nettali.com\/#website\"},\"primaryImageOfPage\":{\"@id\":\"https:\/\/www.nettali.com\/2025\/07\/01\/disparition-de-deux-jeunes-a-camberene-la-police-nationale-apporte-sa-version-des-faits\/#primaryimage\"},\"datePublished\":\"2025-07-01T08:15:08+00:00\",\"dateModified\":\"2025-07-02T00:49:32+00:00\",\"author\":{\"@id\":\"https:\/\/www.nettali.com\/#\/schema\/person\/418274a86bdf87caff7a3ef476bd0bbf\"},\"breadcrumb\":{\"@id\":\"https:\/\/www.nettali.com\/2025\/07\/01\/disparition-de-deux-jeunes-a-camberene-la-police-nationale-apporte-sa-version-des-faits\/#breadcrumb\"},\"inLanguage\":\"fr-FR\",\"potentialAction\":[{\"@type\":\"ReadAction\",\"target\":[\"https:\/\/www.nettali.com\/2025\/07\/01\/disparition-de-deux-jeunes-a-camberene-la-police-nationale-apporte-sa-version-des-faits\/\"]}]},{\"@type\":\"BreadcrumbList\",\"@id\":\"https:\/\/www.nettali.com\/2025\/07\/01\/disparition-de-deux-jeunes-a-camberene-la-police-nationale-apporte-sa-version-des-faits\/#breadcrumb\",\"itemListElement\":[{\"@type\":\"ListItem\",\"position\":1,\"name\":\"Accueil\",\"item\":\"https:\/\/www.nettali.com\/\"},{\"@type\":\"ListItem\",\"position\":2,\"name\":\"DISPARITION DE DEUX JEUNES \\u00c0 CAMBERENE -\\u00a0La Police nationale apporte sa version des faits\"}]},{\"@type\":\"Person\",\"@id\":\"https:\/\/www.nettali.com\/#\/schema\/person\/418274a86bdf87caff7a3ef476bd0bbf\",\"name\":\"Fatou\",\"image\":{\"@type\":\"ImageObject\",\"@id\":\"https:\/\/www.nettali.com\/#personlogo\",\"inLanguage\":\"fr-FR\",\"url\":\"https:\/\/secure.gravatar.com\/avatar\/5a9442a2bee7b4dcf167cab035858e9a?s=96&d=mm&r=g\",\"contentUrl\":\"https:\/\/secure.gravatar.com\/avatar\/5a9442a2bee7b4dcf167cab035858e9a?s=96&d=mm&r=g\",\"caption\":\"Fatou\"},\"sameAs\":[\"https:\/\/www.nettali.com\"]}]}<\/script>\n<!-- \/ Yoast SEO Premium plugin. -->","yoast_head_json":{"title":"DISPARITION DE DEUX JEUNES \u00c0 CAMBERENE -\u00a0La Police nationale apporte sa version des faits | Nettali.com","robots":{"index":"index","follow":"follow","max-snippet":"max-snippet:-1","max-image-preview":"max-image-preview:large","max-video-preview":"max-video-preview:-1"},"canonical":"https:\/\/www.nettali.com\/2025\/07\/01\/disparition-de-deux-jeunes-a-camberene-la-police-nationale-apporte-sa-version-des-faits\/","og_locale":"fr_FR","og_type":"article","og_title":"DISPARITION DE DEUX JEUNES \u00c0 CAMBERENE -\u00a0La Police nationale apporte sa version des faits","og_description":"NETTALI.COM - Face \u00e0 la vive \u00e9motion suscit\u00e9e par la disparition de deux jeunes \u00e0 Camb\u00e9r\u00e8ne et les manifestations qui s\u2019en sont suivies, la Police nationale a publi\u00e9, ce lundi 30 juin 2025, un communiqu\u00e9 d\u00e9taillant les circonstances des faits. Selon la police, les faits remontent \u00e0 la nuit du samedi 21 au dimanche 22 [&hellip;]","og_url":"https:\/\/www.nettali.com\/2025\/07\/01\/disparition-de-deux-jeunes-a-camberene-la-police-nationale-apporte-sa-version-des-faits\/","og_site_name":"Nettali.com","article_publisher":"https:\/\/www.facebook.com\/nettalicom","article_published_time":"2025-07-01T08:15:08+00:00","article_modified_time":"2025-07-02T00:49:32+00:00","og_image":[{"width":1024,"height":700,"url":"https:\/\/www.nettali.com\/wp-content\/uploads\/2025\/07\/1751318733_IMG_6619-scaled-1-1024x1024-1.jpeg","type":"image\/jpeg"}],"twitter_card":"summary_large_image","twitter_misc":{"\u00c9crit par":"Fatou","Dur\u00e9e de lecture estim\u00e9e":"3 minutes"},"schema":{"@context":"https:\/\/schema.org","@graph":[{"@type":"WebSite","@id":"https:\/\/www.nettali.com\/#website","url":"https:\/\/www.nettali.com\/","name":"Nettali.com","description":"Le rendez-vous critique du Net","potentialAction":[{"@type":"SearchAction","target":{"@type":"EntryPoint","urlTemplate":"https:\/\/www.nettali.com\/?s={search_term_string}"},"query-input":"required name=search_term_string"}],"inLanguage":"fr-FR"},{"@type":"ImageObject","@id":"https:\/\/www.nettali.com\/2025\/07\/01\/disparition-de-deux-jeunes-a-camberene-la-police-nationale-apporte-sa-version-des-faits\/#primaryimage","inLanguage":"fr-FR","url":"https:\/\/www.nettali.com\/wp-content\/uploads\/2025\/07\/1751318733_IMG_6619-scaled-1-1024x1024-1.jpeg","contentUrl":"https:\/\/www.nettali.com\/wp-content\/uploads\/2025\/07\/1751318733_IMG_6619-scaled-1-1024x1024-1.jpeg","width":1024,"height":700},{"@type":"WebPage","@id":"https:\/\/www.nettali.com\/2025\/07\/01\/disparition-de-deux-jeunes-a-camberene-la-police-nationale-apporte-sa-version-des-faits\/#webpage","url":"https:\/\/www.nettali.com\/2025\/07\/01\/disparition-de-deux-jeunes-a-camberene-la-police-nationale-apporte-sa-version-des-faits\/","name":"DISPARITION DE DEUX JEUNES \u00c0 CAMBERENE -\u00a0La Police nationale apporte sa version des faits | Nettali.com","isPartOf":{"@id":"https:\/\/www.nettali.com\/#website"},"primaryImageOfPage":{"@id":"https:\/\/www.nettali.com\/2025\/07\/01\/disparition-de-deux-jeunes-a-camberene-la-police-nationale-apporte-sa-version-des-faits\/#primaryimage"},"datePublished":"2025-07-01T08:15:08+00:00","dateModified":"2025-07-02T00:49:32+00:00","author":{"@id":"https:\/\/www.nettali.com\/#\/schema\/person\/418274a86bdf87caff7a3ef476bd0bbf"},"breadcrumb":{"@id":"https:\/\/www.nettali.com\/2025\/07\/01\/disparition-de-deux-jeunes-a-camberene-la-police-nationale-apporte-sa-version-des-faits\/#breadcrumb"},"inLanguage":"fr-FR","potentialAction":[{"@type":"ReadAction","target":["https:\/\/www.nettali.com\/2025\/07\/01\/disparition-de-deux-jeunes-a-camberene-la-police-nationale-apporte-sa-version-des-faits\/"]}]},{"@type":"BreadcrumbList","@id":"https:\/\/www.nettali.com\/2025\/07\/01\/disparition-de-deux-jeunes-a-camberene-la-police-nationale-apporte-sa-version-des-faits\/#breadcrumb","itemListElement":[{"@type":"ListItem","position":1,"name":"Accueil","item":"https:\/\/www.nettali.com\/"},{"@type":"ListItem","position":2,"name":"DISPARITION DE DEUX JEUNES \u00c0 CAMBERENE -\u00a0La Police nationale apporte sa version des faits"}]},{"@type":"Person","@id":"https:\/\/www.nettali.com\/#\/schema\/person\/418274a86bdf87caff7a3ef476bd0bbf","name":"Fatou","image":{"@type":"ImageObject","@id":"https:\/\/www.nettali.com\/#personlogo","inLanguage":"fr-FR","url":"https:\/\/secure.gravatar.com\/avatar\/5a9442a2bee7b4dcf167cab035858e9a?s=96&d=mm&r=g","contentUrl":"https:\/\/secure.gravatar.com\/avatar\/5a9442a2bee7b4dcf167cab035858e9a?s=96&d=mm&r=g","caption":"Fatou"},"sameAs":["https:\/\/www.nettali.com"]}]}},"_links":{"self":[{"href":"https:\/\/www.nettali.com\/rest\/wp\/v2\/posts\/156736"}],"collection":[{"href":"https:\/\/www.nettali.com\/rest\/wp\/v2\/posts"}],"about":[{"href":"https:\/\/www.nettali.com\/rest\/wp\/v2\/types\/post"}],"author":[{"embeddable":true,"href":"https:\/\/www.nettali.com\/rest\/wp\/v2\/users\/6"}],"replies":[{"embeddable":true,"href":"https:\/\/www.nettali.com\/rest\/wp\/v2\/comments?post=156736"}],"version-history":[{"count":4,"href":"https:\/\/www.nettali.com\/rest\/wp\/v2\/posts\/156736\/revisions"}],"predecessor-version":[{"id":156741,"href":"https:\/\/www.nettali.com\/rest\/wp\/v2\/posts\/156736\/revisions\/156741"}],"wp:featuredmedia":[{"embeddable":true,"href":"https:\/\/www.nettali.com\/rest\/wp\/v2\/media\/156734"}],"wp:attachment":[{"href":"https:\/\/www.nettali.com\/rest\/wp\/v2\/media?parent=156736"}],"wp:term":[{"taxonomy":"category","embeddable":true,"href":"https:\/\/www.nettali.com\/rest\/wp\/v2\/categories?post=156736"},{"taxonomy":"post_tag","embeddable":true,"href":"https:\/\/www.nettali.com\/rest\/wp\/v2\/tags?post=156736"}],"curies":[{"name":"wp","href":"https:\/\/api.w.org\/{rel}","templated":true}]}}