{"id":156733,"date":"2025-07-01T08:06:54","date_gmt":"2025-07-01T08:06:54","guid":{"rendered":"https:\/\/www.nettali.com\/?p=156733"},"modified":"2025-07-02T00:50:23","modified_gmt":"2025-07-02T00:50:23","slug":"controle-policiere-a-camberene-des-manifestations-eclatent-apres-la-mort-de-2-jeunes","status":"publish","type":"post","link":"https:\/\/www.nettali.com\/2025\/07\/01\/controle-policiere-a-camberene-des-manifestations-eclatent-apres-la-mort-de-2-jeunes\/","title":{"rendered":"CONTR\u00d4LE POLICI\u00c8RE \u00c0 CAMB\u00c9R\u00c8NE - Des manifestations \u00e9clatent apr\u00e8s la mort de 2 jeunes"},"content":{"rendered":"<p><strong>NETTALI.COM - Ce lundi 30 juin un contr\u00f4le de s\u00e9curit\u00e9 a vir\u00e9 au drame dans le quartier de Camb\u00e9r\u00e8ne avec la mort de deux jeunes. Une situation qui a provoqu\u00e9 une vive \u00e9motion et des tensions persistantes dans la population.<\/strong><\/p>\n<p>Selon les premiers \u00e9l\u00e9ments recueillis, des agents des forces de l\u2019ordre proc\u00e9daient \u00e0 des v\u00e9rifications de routine, lorsqu\u2019ils ont tent\u00e9 d\u2019interpeller un groupe de jeunes. Ces derniers ont pris la fuite en direction de la mer. Pour les arr\u00eater, les policiers auraient effectu\u00e9 des tirs de sommation.<\/p>\n<p>Dans leur tentative d\u2019\u00e9vasion, ces deux jeunes se sont jet\u00e9s \u00e0 la mer. Leur fuite s\u2019est malheureusement sold\u00e9e par une trag\u00e9die\u202f: ils se sont noy\u00e9s. Deux jours plus tard, leurs corps sans vie ont \u00e9t\u00e9 retrouv\u00e9s sur la plage.<\/p>\n<p>Peu apr\u00e8s l\u2019incident, des habitants en col\u00e8re se sont rassembl\u00e9s, d\u00e9non\u00e7ant un usage excessif de la force. Des manifestations spontan\u00e9es ont \u00e9clat\u00e9 dans la zone, perturbant la circulation.<\/p>\n<p>Les autorit\u00e9s locales appellent au calme en attendant que toute la lumi\u00e8re soit faite sur les faits<\/p>\n<div class='share-to-whatsapp-wrapper'><div class='share-on-whsp'>PARTAGER SUR : <\/div><a data-text='CONTR\u00d4LE POLICI\u00c8RE \u00c0 CAMB\u00c9R\u00c8NE - Des manifestations \u00e9clatent apr\u00e8s la mort de 2 jeunes' data-link='https:\/\/www.nettali.com\/2025\/07\/01\/controle-policiere-a-camberene-des-manifestations-eclatent-apres-la-mort-de-2-jeunes\/' class='whatsapp-button whatsapp-share'>WhatsApp<\/a><div class='clear '><\/div><\/div>","protected":false},"excerpt":{"rendered":"<p>NETTALI.COM - Ce lundi 30 juin un contr\u00f4le de s\u00e9curit\u00e9 a vir\u00e9 au drame dans le quartier de Camb\u00e9r\u00e8ne avec la mort de deux jeunes. Une situation qui a provoqu\u00e9 une vive \u00e9motion et des tensions persistantes dans la population. Selon les premiers \u00e9l\u00e9ments recueillis, des agents des forces de l\u2019ordre proc\u00e9daient \u00e0 des v\u00e9rifications [&hellip;]<\/p>\n","protected":false},"author":5,"featured_media":156734,"comment_status":"open","ping_status":"open","sticky":false,"template":"","format":"standard","meta":{"_et_pb_use_builder":"","_et_pb_old_content":""},"categories":[3],"tags":[],"yoast_head":"<!-- This site is optimized with the Yoast SEO Premium plugin v17.8 (Yoast SEO v17.8) - https:\/\/yoast.com\/wordpress\/plugins\/seo\/ -->\n<title>CONTR\u00d4LE POLICI\u00c8RE \u00c0 CAMB\u00c9R\u00c8NE - Des manifestations \u00e9clatent apr\u00e8s la mort de 2 jeunes | Nettali.com<\/title>\n<meta name=\"robots\" content=\"index, follow, max-snippet:-1, max-image-preview:large, max-video-preview:-1\" \/>\n<link rel=\"canonical\" href=\"https:\/\/www.nettali.com\/2025\/07\/01\/controle-policiere-a-camberene-des-manifestations-eclatent-apres-la-mort-de-2-jeunes\/\" \/>\n<meta property=\"og:locale\" content=\"fr_FR\" \/>\n<meta property=\"og:type\" content=\"article\" \/>\n<meta property=\"og:title\" content=\"CONTR\u00d4LE POLICI\u00c8RE \u00c0 CAMB\u00c9R\u00c8NE - Des manifestations \u00e9clatent apr\u00e8s la mort de 2 jeunes\" \/>\n<meta property=\"og:description\" content=\"NETTALI.COM - Ce lundi 30 juin un contr\u00f4le de s\u00e9curit\u00e9 a vir\u00e9 au drame dans le quartier de Camb\u00e9r\u00e8ne avec la mort de deux jeunes. Une situation qui a provoqu\u00e9 une vive \u00e9motion et des tensions persistantes dans la population. Selon les premiers \u00e9l\u00e9ments recueillis, des agents des forces de l\u2019ordre proc\u00e9daient \u00e0 des v\u00e9rifications [&hellip;]\" \/>\n<meta property=\"og:url\" content=\"https:\/\/www.nettali.com\/2025\/07\/01\/controle-policiere-a-camberene-des-manifestations-eclatent-apres-la-mort-de-2-jeunes\/\" \/>\n<meta property=\"og:site_name\" content=\"Nettali.com\" \/>\n<meta property=\"article:publisher\" content=\"https:\/\/www.facebook.com\/nettalicom\" \/>\n<meta property=\"article:published_time\" content=\"2025-07-01T08:06:54+00:00\" \/>\n<meta property=\"article:modified_time\" content=\"2025-07-02T00:50:23+00:00\" \/>\n<meta property=\"og:image\" content=\"https:\/\/www.nettali.com\/wp-content\/uploads\/2025\/07\/1751318733_IMG_6619-scaled-1-1024x1024-1.jpeg\" \/>\n\t<meta property=\"og:image:width\" content=\"1024\" \/>\n\t<meta property=\"og:image:height\" content=\"700\" \/>\n<meta name=\"twitter:card\" content=\"summary_large_image\" \/>\n<meta name=\"twitter:label1\" content=\"\u00c9crit par\" \/>\n\t<meta name=\"twitter:data1\" content=\"Ibrahima\" \/>\n\t<meta name=\"twitter:label2\" content=\"Dur\u00e9e de lecture estim\u00e9e\" \/>\n\t<meta name=\"twitter:data2\" content=\"1 minute\" \/>\n<script type=\"application\/ld+json\" class=\"yoast-schema-graph\">{\"@context\":\"https:\/\/schema.org\",\"@graph\":[{\"@type\":\"WebSite\",\"@id\":\"https:\/\/www.nettali.com\/#website\",\"url\":\"https:\/\/www.nettali.com\/\",\"name\":\"Nettali.com\",\"description\":\"Le rendez-vous critique du Net\",\"potentialAction\":[{\"@type\":\"SearchAction\",\"target\":{\"@type\":\"EntryPoint\",\"urlTemplate\":\"https:\/\/www.nettali.com\/?s={search_term_string}\"},\"query-input\":\"required name=search_term_string\"}],\"inLanguage\":\"fr-FR\"},{\"@type\":\"ImageObject\",\"@id\":\"https:\/\/www.nettali.com\/2025\/07\/01\/controle-policiere-a-camberene-des-manifestations-eclatent-apres-la-mort-de-2-jeunes\/#primaryimage\",\"inLanguage\":\"fr-FR\",\"url\":\"https:\/\/www.nettali.com\/wp-content\/uploads\/2025\/07\/1751318733_IMG_6619-scaled-1-1024x1024-1.jpeg\",\"contentUrl\":\"https:\/\/www.nettali.com\/wp-content\/uploads\/2025\/07\/1751318733_IMG_6619-scaled-1-1024x1024-1.jpeg\",\"width\":1024,\"height\":700},{\"@type\":\"WebPage\",\"@id\":\"https:\/\/www.nettali.com\/2025\/07\/01\/controle-policiere-a-camberene-des-manifestations-eclatent-apres-la-mort-de-2-jeunes\/#webpage\",\"url\":\"https:\/\/www.nettali.com\/2025\/07\/01\/controle-policiere-a-camberene-des-manifestations-eclatent-apres-la-mort-de-2-jeunes\/\",\"name\":\"CONTR\\u00d4LE POLICI\\u00c8RE \\u00c0 CAMB\\u00c9R\\u00c8NE - Des manifestations \\u00e9clatent apr\\u00e8s la mort de 2 jeunes | Nettali.com\",\"isPartOf\":{\"@id\":\"https:\/\/www.nettali.com\/#website\"},\"primaryImageOfPage\":{\"@id\":\"https:\/\/www.nettali.com\/2025\/07\/01\/controle-policiere-a-camberene-des-manifestations-eclatent-apres-la-mort-de-2-jeunes\/#primaryimage\"},\"datePublished\":\"2025-07-01T08:06:54+00:00\",\"dateModified\":\"2025-07-02T00:50:23+00:00\",\"author\":{\"@id\":\"https:\/\/www.nettali.com\/#\/schema\/person\/bb147657c2986240405a608162b9bb23\"},\"breadcrumb\":{\"@id\":\"https:\/\/www.nettali.com\/2025\/07\/01\/controle-policiere-a-camberene-des-manifestations-eclatent-apres-la-mort-de-2-jeunes\/#breadcrumb\"},\"inLanguage\":\"fr-FR\",\"potentialAction\":[{\"@type\":\"ReadAction\",\"target\":[\"https:\/\/www.nettali.com\/2025\/07\/01\/controle-policiere-a-camberene-des-manifestations-eclatent-apres-la-mort-de-2-jeunes\/\"]}]},{\"@type\":\"BreadcrumbList\",\"@id\":\"https:\/\/www.nettali.com\/2025\/07\/01\/controle-policiere-a-camberene-des-manifestations-eclatent-apres-la-mort-de-2-jeunes\/#breadcrumb\",\"itemListElement\":[{\"@type\":\"ListItem\",\"position\":1,\"name\":\"Accueil\",\"item\":\"https:\/\/www.nettali.com\/\"},{\"@type\":\"ListItem\",\"position\":2,\"name\":\"CONTR\\u00d4LE POLICI\\u00c8RE \\u00c0 CAMB\\u00c9R\\u00c8NE - Des manifestations \\u00e9clatent apr\\u00e8s la mort de 2 jeunes\"}]},{\"@type\":\"Person\",\"@id\":\"https:\/\/www.nettali.com\/#\/schema\/person\/bb147657c2986240405a608162b9bb23\",\"name\":\"Ibrahima\",\"image\":{\"@type\":\"ImageObject\",\"@id\":\"https:\/\/www.nettali.com\/#personlogo\",\"inLanguage\":\"fr-FR\",\"url\":\"https:\/\/secure.gravatar.com\/avatar\/26a8a81f09f0dd7624c9d5c36c9ba3a2?s=96&d=mm&r=g\",\"contentUrl\":\"https:\/\/secure.gravatar.com\/avatar\/26a8a81f09f0dd7624c9d5c36c9ba3a2?s=96&d=mm&r=g\",\"caption\":\"Ibrahima\"},\"sameAs\":[\"https:\/\/www.nettali.com\"]}]}<\/script>\n<!-- \/ Yoast SEO Premium plugin. -->","yoast_head_json":{"title":"CONTR\u00d4LE POLICI\u00c8RE \u00c0 CAMB\u00c9R\u00c8NE - Des manifestations \u00e9clatent apr\u00e8s la mort de 2 jeunes | Nettali.com","robots":{"index":"index","follow":"follow","max-snippet":"max-snippet:-1","max-image-preview":"max-image-preview:large","max-video-preview":"max-video-preview:-1"},"canonical":"https:\/\/www.nettali.com\/2025\/07\/01\/controle-policiere-a-camberene-des-manifestations-eclatent-apres-la-mort-de-2-jeunes\/","og_locale":"fr_FR","og_type":"article","og_title":"CONTR\u00d4LE POLICI\u00c8RE \u00c0 CAMB\u00c9R\u00c8NE - Des manifestations \u00e9clatent apr\u00e8s la mort de 2 jeunes","og_description":"NETTALI.COM - Ce lundi 30 juin un contr\u00f4le de s\u00e9curit\u00e9 a vir\u00e9 au drame dans le quartier de Camb\u00e9r\u00e8ne avec la mort de deux jeunes. Une situation qui a provoqu\u00e9 une vive \u00e9motion et des tensions persistantes dans la population. Selon les premiers \u00e9l\u00e9ments recueillis, des agents des forces de l\u2019ordre proc\u00e9daient \u00e0 des v\u00e9rifications [&hellip;]","og_url":"https:\/\/www.nettali.com\/2025\/07\/01\/controle-policiere-a-camberene-des-manifestations-eclatent-apres-la-mort-de-2-jeunes\/","og_site_name":"Nettali.com","article_publisher":"https:\/\/www.facebook.com\/nettalicom","article_published_time":"2025-07-01T08:06:54+00:00","article_modified_time":"2025-07-02T00:50:23+00:00","og_image":[{"width":1024,"height":700,"url":"https:\/\/www.nettali.com\/wp-content\/uploads\/2025\/07\/1751318733_IMG_6619-scaled-1-1024x1024-1.jpeg","type":"image\/jpeg"}],"twitter_card":"summary_large_image","twitter_misc":{"\u00c9crit par":"Ibrahima","Dur\u00e9e de lecture estim\u00e9e":"1 minute"},"schema":{"@context":"https:\/\/schema.org","@graph":[{"@type":"WebSite","@id":"https:\/\/www.nettali.com\/#website","url":"https:\/\/www.nettali.com\/","name":"Nettali.com","description":"Le rendez-vous critique du Net","potentialAction":[{"@type":"SearchAction","target":{"@type":"EntryPoint","urlTemplate":"https:\/\/www.nettali.com\/?s={search_term_string}"},"query-input":"required name=search_term_string"}],"inLanguage":"fr-FR"},{"@type":"ImageObject","@id":"https:\/\/www.nettali.com\/2025\/07\/01\/controle-policiere-a-camberene-des-manifestations-eclatent-apres-la-mort-de-2-jeunes\/#primaryimage","inLanguage":"fr-FR","url":"https:\/\/www.nettali.com\/wp-content\/uploads\/2025\/07\/1751318733_IMG_6619-scaled-1-1024x1024-1.jpeg","contentUrl":"https:\/\/www.nettali.com\/wp-content\/uploads\/2025\/07\/1751318733_IMG_6619-scaled-1-1024x1024-1.jpeg","width":1024,"height":700},{"@type":"WebPage","@id":"https:\/\/www.nettali.com\/2025\/07\/01\/controle-policiere-a-camberene-des-manifestations-eclatent-apres-la-mort-de-2-jeunes\/#webpage","url":"https:\/\/www.nettali.com\/2025\/07\/01\/controle-policiere-a-camberene-des-manifestations-eclatent-apres-la-mort-de-2-jeunes\/","name":"CONTR\u00d4LE POLICI\u00c8RE \u00c0 CAMB\u00c9R\u00c8NE - Des manifestations \u00e9clatent apr\u00e8s la mort de 2 jeunes | Nettali.com","isPartOf":{"@id":"https:\/\/www.nettali.com\/#website"},"primaryImageOfPage":{"@id":"https:\/\/www.nettali.com\/2025\/07\/01\/controle-policiere-a-camberene-des-manifestations-eclatent-apres-la-mort-de-2-jeunes\/#primaryimage"},"datePublished":"2025-07-01T08:06:54+00:00","dateModified":"2025-07-02T00:50:23+00:00","author":{"@id":"https:\/\/www.nettali.com\/#\/schema\/person\/bb147657c2986240405a608162b9bb23"},"breadcrumb":{"@id":"https:\/\/www.nettali.com\/2025\/07\/01\/controle-policiere-a-camberene-des-manifestations-eclatent-apres-la-mort-de-2-jeunes\/#breadcrumb"},"inLanguage":"fr-FR","potentialAction":[{"@type":"ReadAction","target":["https:\/\/www.nettali.com\/2025\/07\/01\/controle-policiere-a-camberene-des-manifestations-eclatent-apres-la-mort-de-2-jeunes\/"]}]},{"@type":"BreadcrumbList","@id":"https:\/\/www.nettali.com\/2025\/07\/01\/controle-policiere-a-camberene-des-manifestations-eclatent-apres-la-mort-de-2-jeunes\/#breadcrumb","itemListElement":[{"@type":"ListItem","position":1,"name":"Accueil","item":"https:\/\/www.nettali.com\/"},{"@type":"ListItem","position":2,"name":"CONTR\u00d4LE POLICI\u00c8RE \u00c0 CAMB\u00c9R\u00c8NE - Des manifestations \u00e9clatent apr\u00e8s la mort de 2 jeunes"}]},{"@type":"Person","@id":"https:\/\/www.nettali.com\/#\/schema\/person\/bb147657c2986240405a608162b9bb23","name":"Ibrahima","image":{"@type":"ImageObject","@id":"https:\/\/www.nettali.com\/#personlogo","inLanguage":"fr-FR","url":"https:\/\/secure.gravatar.com\/avatar\/26a8a81f09f0dd7624c9d5c36c9ba3a2?s=96&d=mm&r=g","contentUrl":"https:\/\/secure.gravatar.com\/avatar\/26a8a81f09f0dd7624c9d5c36c9ba3a2?s=96&d=mm&r=g","caption":"Ibrahima"},"sameAs":["https:\/\/www.nettali.com"]}]}},"_links":{"self":[{"href":"https:\/\/www.nettali.com\/rest\/wp\/v2\/posts\/156733"}],"collection":[{"href":"https:\/\/www.nettali.com\/rest\/wp\/v2\/posts"}],"about":[{"href":"https:\/\/www.nettali.com\/rest\/wp\/v2\/types\/post"}],"author":[{"embeddable":true,"href":"https:\/\/www.nettali.com\/rest\/wp\/v2\/users\/5"}],"replies":[{"embeddable":true,"href":"https:\/\/www.nettali.com\/rest\/wp\/v2\/comments?post=156733"}],"version-history":[{"count":2,"href":"https:\/\/www.nettali.com\/rest\/wp\/v2\/posts\/156733\/revisions"}],"predecessor-version":[{"id":156739,"href":"https:\/\/www.nettali.com\/rest\/wp\/v2\/posts\/156733\/revisions\/156739"}],"wp:featuredmedia":[{"embeddable":true,"href":"https:\/\/www.nettali.com\/rest\/wp\/v2\/media\/156734"}],"wp:attachment":[{"href":"https:\/\/www.nettali.com\/rest\/wp\/v2\/media?parent=156733"}],"wp:term":[{"taxonomy":"category","embeddable":true,"href":"https:\/\/www.nettali.com\/rest\/wp\/v2\/categories?post=156733"},{"taxonomy":"post_tag","embeddable":true,"href":"https:\/\/www.nettali.com\/rest\/wp\/v2\/tags?post=156733"}],"curies":[{"name":"wp","href":"https:\/\/api.w.org\/{rel}","templated":true}]}}