{"id":156664,"date":"2025-06-29T09:22:44","date_gmt":"2025-06-29T09:22:44","guid":{"rendered":"https:\/\/www.nettali.com\/?p=156664"},"modified":"2025-06-29T15:25:05","modified_gmt":"2025-06-29T15:25:05","slug":"necrologie-le-defunt-directeur-des-amenagements-touristiques-repose-au-cimetiere-khalkhouss-de-tivaouane","status":"publish","type":"post","link":"https:\/\/www.nettali.com\/2025\/06\/29\/necrologie-le-defunt-directeur-des-amenagements-touristiques-repose-au-cimetiere-khalkhouss-de-tivaouane\/","title":{"rendered":"NECROLOGIE - Le d\u00e9funt directeur des am\u00e9nagements touristiques repose au cimeti\u00e8re Khalkhouss de Tivaouane"},"content":{"rendered":"<p><strong>NETTALI.COM - Le d\u00e9funt directeur des investissements et des am\u00e9nagements touristiques au minist\u00e8re du Tourisme et de l\u2019Artisanat, Ousmane Ndao, a \u00e9t\u00e9 inhum\u00e9, samedi, vers 19 heures, au cimeti\u00e8re musulman Khalkhouss de Tivaouane.<\/strong><\/p>\n<p>Le d\u00e9funt, un beau-fr\u00e8re de Serigne Cheikh Tidiane Sy Al Amine, a succomb\u00e9 \u00e0 ses blessures, suite \u00e0 un accident de la circulation survenu vendredi sur l\u2019axe Dahra-Lingu\u00e8re.<\/p>\n<p>La pri\u00e8re mortuaire s\u2019est tenue \u00e0 la grande mosqu\u00e9e de Serigne Babacar Sy.<\/p>\n<p>Le ministre du Tourisme et de l\u2019Artisanat, Mountaga Diao, le pr\u00e9fet du d\u00e9partement de Tivaouane, Mamadou Gu\u00e8ye, Serigne Moustapha Sy Al Amine, ainsi que les membres de sa famille, ont assist\u00e9 aux obs\u00e8ques.<\/p>\n<p>Selon une source, les condol\u00e9ances seront re\u00e7ues \u00e0 sa maison familiale sise aux HLM 3, \u00e0 Dakar.<\/p>\n<div class='share-to-whatsapp-wrapper'><div class='share-on-whsp'>PARTAGER SUR : <\/div><a data-text='NECROLOGIE - Le d\u00e9funt directeur des am\u00e9nagements touristiques repose au cimeti\u00e8re Khalkhouss de Tivaouane' data-link='https:\/\/www.nettali.com\/2025\/06\/29\/necrologie-le-defunt-directeur-des-amenagements-touristiques-repose-au-cimetiere-khalkhouss-de-tivaouane\/' class='whatsapp-button whatsapp-share'>WhatsApp<\/a><div class='clear '><\/div><\/div>","protected":false},"excerpt":{"rendered":"<p>NETTALI.COM - Le d\u00e9funt directeur des investissements et des am\u00e9nagements touristiques au minist\u00e8re du Tourisme et de l\u2019Artisanat, Ousmane Ndao, a \u00e9t\u00e9 inhum\u00e9, samedi, vers 19 heures, au cimeti\u00e8re musulman Khalkhouss de Tivaouane. Le d\u00e9funt, un beau-fr\u00e8re de Serigne Cheikh Tidiane Sy Al Amine, a succomb\u00e9 \u00e0 ses blessures, suite \u00e0 un accident de la [&hellip;]<\/p>\n","protected":false},"author":4,"featured_media":0,"comment_status":"open","ping_status":"open","sticky":false,"template":"","format":"standard","meta":{"_et_pb_use_builder":"","_et_pb_old_content":""},"categories":[3],"tags":[],"yoast_head":"<!-- This site is optimized with the Yoast SEO Premium plugin v17.8 (Yoast SEO v17.8) - https:\/\/yoast.com\/wordpress\/plugins\/seo\/ -->\n<title>NECROLOGIE - Le d\u00e9funt directeur des am\u00e9nagements touristiques repose au cimeti\u00e8re Khalkhouss de Tivaouane | Nettali.com<\/title>\n<meta name=\"robots\" content=\"index, follow, max-snippet:-1, max-image-preview:large, max-video-preview:-1\" \/>\n<link rel=\"canonical\" href=\"https:\/\/www.nettali.com\/2025\/06\/29\/necrologie-le-defunt-directeur-des-amenagements-touristiques-repose-au-cimetiere-khalkhouss-de-tivaouane\/\" \/>\n<meta property=\"og:locale\" content=\"fr_FR\" \/>\n<meta property=\"og:type\" content=\"article\" \/>\n<meta property=\"og:title\" content=\"NECROLOGIE - Le d\u00e9funt directeur des am\u00e9nagements touristiques repose au cimeti\u00e8re Khalkhouss de Tivaouane\" \/>\n<meta property=\"og:description\" content=\"NETTALI.COM - Le d\u00e9funt directeur des investissements et des am\u00e9nagements touristiques au minist\u00e8re du Tourisme et de l\u2019Artisanat, Ousmane Ndao, a \u00e9t\u00e9 inhum\u00e9, samedi, vers 19 heures, au cimeti\u00e8re musulman Khalkhouss de Tivaouane. Le d\u00e9funt, un beau-fr\u00e8re de Serigne Cheikh Tidiane Sy Al Amine, a succomb\u00e9 \u00e0 ses blessures, suite \u00e0 un accident de la [&hellip;]\" \/>\n<meta property=\"og:url\" content=\"https:\/\/www.nettali.com\/2025\/06\/29\/necrologie-le-defunt-directeur-des-amenagements-touristiques-repose-au-cimetiere-khalkhouss-de-tivaouane\/\" \/>\n<meta property=\"og:site_name\" content=\"Nettali.com\" \/>\n<meta property=\"article:publisher\" content=\"https:\/\/www.facebook.com\/nettalicom\" \/>\n<meta property=\"article:published_time\" content=\"2025-06-29T09:22:44+00:00\" \/>\n<meta property=\"article:modified_time\" content=\"2025-06-29T15:25:05+00:00\" \/>\n<meta property=\"og:image\" content=\"https:\/\/www.nettali.com\/wp-content\/uploads\/2019\/03\/nettali-placeholder-post.jpg\" \/>\n\t<meta property=\"og:image:width\" content=\"1200\" \/>\n\t<meta property=\"og:image:height\" content=\"1200\" \/>\n<meta name=\"twitter:card\" content=\"summary_large_image\" \/>\n<meta name=\"twitter:label1\" content=\"\u00c9crit par\" \/>\n\t<meta name=\"twitter:data1\" content=\"Daouda\" \/>\n\t<meta name=\"twitter:label2\" content=\"Dur\u00e9e de lecture estim\u00e9e\" \/>\n\t<meta name=\"twitter:data2\" content=\"1 minute\" \/>\n<script type=\"application\/ld+json\" class=\"yoast-schema-graph\">{\"@context\":\"https:\/\/schema.org\",\"@graph\":[{\"@type\":\"WebSite\",\"@id\":\"https:\/\/www.nettali.com\/#website\",\"url\":\"https:\/\/www.nettali.com\/\",\"name\":\"Nettali.com\",\"description\":\"Le rendez-vous critique du Net\",\"potentialAction\":[{\"@type\":\"SearchAction\",\"target\":{\"@type\":\"EntryPoint\",\"urlTemplate\":\"https:\/\/www.nettali.com\/?s={search_term_string}\"},\"query-input\":\"required name=search_term_string\"}],\"inLanguage\":\"fr-FR\"},{\"@type\":\"WebPage\",\"@id\":\"https:\/\/www.nettali.com\/2025\/06\/29\/necrologie-le-defunt-directeur-des-amenagements-touristiques-repose-au-cimetiere-khalkhouss-de-tivaouane\/#webpage\",\"url\":\"https:\/\/www.nettali.com\/2025\/06\/29\/necrologie-le-defunt-directeur-des-amenagements-touristiques-repose-au-cimetiere-khalkhouss-de-tivaouane\/\",\"name\":\"NECROLOGIE - Le d\\u00e9funt directeur des am\\u00e9nagements touristiques repose au cimeti\\u00e8re Khalkhouss de Tivaouane | Nettali.com\",\"isPartOf\":{\"@id\":\"https:\/\/www.nettali.com\/#website\"},\"datePublished\":\"2025-06-29T09:22:44+00:00\",\"dateModified\":\"2025-06-29T15:25:05+00:00\",\"author\":{\"@id\":\"https:\/\/www.nettali.com\/#\/schema\/person\/3317e0bb3aa1da309fbf7b2780901bf4\"},\"breadcrumb\":{\"@id\":\"https:\/\/www.nettali.com\/2025\/06\/29\/necrologie-le-defunt-directeur-des-amenagements-touristiques-repose-au-cimetiere-khalkhouss-de-tivaouane\/#breadcrumb\"},\"inLanguage\":\"fr-FR\",\"potentialAction\":[{\"@type\":\"ReadAction\",\"target\":[\"https:\/\/www.nettali.com\/2025\/06\/29\/necrologie-le-defunt-directeur-des-amenagements-touristiques-repose-au-cimetiere-khalkhouss-de-tivaouane\/\"]}]},{\"@type\":\"BreadcrumbList\",\"@id\":\"https:\/\/www.nettali.com\/2025\/06\/29\/necrologie-le-defunt-directeur-des-amenagements-touristiques-repose-au-cimetiere-khalkhouss-de-tivaouane\/#breadcrumb\",\"itemListElement\":[{\"@type\":\"ListItem\",\"position\":1,\"name\":\"Accueil\",\"item\":\"https:\/\/www.nettali.com\/\"},{\"@type\":\"ListItem\",\"position\":2,\"name\":\"NECROLOGIE - Le d\\u00e9funt directeur des am\\u00e9nagements touristiques repose au cimeti\\u00e8re Khalkhouss de Tivaouane\"}]},{\"@type\":\"Person\",\"@id\":\"https:\/\/www.nettali.com\/#\/schema\/person\/3317e0bb3aa1da309fbf7b2780901bf4\",\"name\":\"Daouda\",\"image\":{\"@type\":\"ImageObject\",\"@id\":\"https:\/\/www.nettali.com\/#personlogo\",\"inLanguage\":\"fr-FR\",\"url\":\"https:\/\/secure.gravatar.com\/avatar\/8d143b5a49345098ddcfee1c49c2f47c?s=96&d=mm&r=g\",\"contentUrl\":\"https:\/\/secure.gravatar.com\/avatar\/8d143b5a49345098ddcfee1c49c2f47c?s=96&d=mm&r=g\",\"caption\":\"Daouda\"},\"sameAs\":[\"https:\/\/www.nettali.com\"]}]}<\/script>\n<!-- \/ Yoast SEO Premium plugin. -->","yoast_head_json":{"title":"NECROLOGIE - Le d\u00e9funt directeur des am\u00e9nagements touristiques repose au cimeti\u00e8re Khalkhouss de Tivaouane | Nettali.com","robots":{"index":"index","follow":"follow","max-snippet":"max-snippet:-1","max-image-preview":"max-image-preview:large","max-video-preview":"max-video-preview:-1"},"canonical":"https:\/\/www.nettali.com\/2025\/06\/29\/necrologie-le-defunt-directeur-des-amenagements-touristiques-repose-au-cimetiere-khalkhouss-de-tivaouane\/","og_locale":"fr_FR","og_type":"article","og_title":"NECROLOGIE - Le d\u00e9funt directeur des am\u00e9nagements touristiques repose au cimeti\u00e8re Khalkhouss de Tivaouane","og_description":"NETTALI.COM - Le d\u00e9funt directeur des investissements et des am\u00e9nagements touristiques au minist\u00e8re du Tourisme et de l\u2019Artisanat, Ousmane Ndao, a \u00e9t\u00e9 inhum\u00e9, samedi, vers 19 heures, au cimeti\u00e8re musulman Khalkhouss de Tivaouane. Le d\u00e9funt, un beau-fr\u00e8re de Serigne Cheikh Tidiane Sy Al Amine, a succomb\u00e9 \u00e0 ses blessures, suite \u00e0 un accident de la [&hellip;]","og_url":"https:\/\/www.nettali.com\/2025\/06\/29\/necrologie-le-defunt-directeur-des-amenagements-touristiques-repose-au-cimetiere-khalkhouss-de-tivaouane\/","og_site_name":"Nettali.com","article_publisher":"https:\/\/www.facebook.com\/nettalicom","article_published_time":"2025-06-29T09:22:44+00:00","article_modified_time":"2025-06-29T15:25:05+00:00","og_image":[{"width":1200,"height":1200,"url":"https:\/\/www.nettali.com\/wp-content\/uploads\/2019\/03\/nettali-placeholder-post.jpg","type":"image\/jpeg"}],"twitter_card":"summary_large_image","twitter_misc":{"\u00c9crit par":"Daouda","Dur\u00e9e de lecture estim\u00e9e":"1 minute"},"schema":{"@context":"https:\/\/schema.org","@graph":[{"@type":"WebSite","@id":"https:\/\/www.nettali.com\/#website","url":"https:\/\/www.nettali.com\/","name":"Nettali.com","description":"Le rendez-vous critique du Net","potentialAction":[{"@type":"SearchAction","target":{"@type":"EntryPoint","urlTemplate":"https:\/\/www.nettali.com\/?s={search_term_string}"},"query-input":"required name=search_term_string"}],"inLanguage":"fr-FR"},{"@type":"WebPage","@id":"https:\/\/www.nettali.com\/2025\/06\/29\/necrologie-le-defunt-directeur-des-amenagements-touristiques-repose-au-cimetiere-khalkhouss-de-tivaouane\/#webpage","url":"https:\/\/www.nettali.com\/2025\/06\/29\/necrologie-le-defunt-directeur-des-amenagements-touristiques-repose-au-cimetiere-khalkhouss-de-tivaouane\/","name":"NECROLOGIE - Le d\u00e9funt directeur des am\u00e9nagements touristiques repose au cimeti\u00e8re Khalkhouss de Tivaouane | Nettali.com","isPartOf":{"@id":"https:\/\/www.nettali.com\/#website"},"datePublished":"2025-06-29T09:22:44+00:00","dateModified":"2025-06-29T15:25:05+00:00","author":{"@id":"https:\/\/www.nettali.com\/#\/schema\/person\/3317e0bb3aa1da309fbf7b2780901bf4"},"breadcrumb":{"@id":"https:\/\/www.nettali.com\/2025\/06\/29\/necrologie-le-defunt-directeur-des-amenagements-touristiques-repose-au-cimetiere-khalkhouss-de-tivaouane\/#breadcrumb"},"inLanguage":"fr-FR","potentialAction":[{"@type":"ReadAction","target":["https:\/\/www.nettali.com\/2025\/06\/29\/necrologie-le-defunt-directeur-des-amenagements-touristiques-repose-au-cimetiere-khalkhouss-de-tivaouane\/"]}]},{"@type":"BreadcrumbList","@id":"https:\/\/www.nettali.com\/2025\/06\/29\/necrologie-le-defunt-directeur-des-amenagements-touristiques-repose-au-cimetiere-khalkhouss-de-tivaouane\/#breadcrumb","itemListElement":[{"@type":"ListItem","position":1,"name":"Accueil","item":"https:\/\/www.nettali.com\/"},{"@type":"ListItem","position":2,"name":"NECROLOGIE - Le d\u00e9funt directeur des am\u00e9nagements touristiques repose au cimeti\u00e8re Khalkhouss de Tivaouane"}]},{"@type":"Person","@id":"https:\/\/www.nettali.com\/#\/schema\/person\/3317e0bb3aa1da309fbf7b2780901bf4","name":"Daouda","image":{"@type":"ImageObject","@id":"https:\/\/www.nettali.com\/#personlogo","inLanguage":"fr-FR","url":"https:\/\/secure.gravatar.com\/avatar\/8d143b5a49345098ddcfee1c49c2f47c?s=96&d=mm&r=g","contentUrl":"https:\/\/secure.gravatar.com\/avatar\/8d143b5a49345098ddcfee1c49c2f47c?s=96&d=mm&r=g","caption":"Daouda"},"sameAs":["https:\/\/www.nettali.com"]}]}},"_links":{"self":[{"href":"https:\/\/www.nettali.com\/rest\/wp\/v2\/posts\/156664"}],"collection":[{"href":"https:\/\/www.nettali.com\/rest\/wp\/v2\/posts"}],"about":[{"href":"https:\/\/www.nettali.com\/rest\/wp\/v2\/types\/post"}],"author":[{"embeddable":true,"href":"https:\/\/www.nettali.com\/rest\/wp\/v2\/users\/4"}],"replies":[{"embeddable":true,"href":"https:\/\/www.nettali.com\/rest\/wp\/v2\/comments?post=156664"}],"version-history":[{"count":1,"href":"https:\/\/www.nettali.com\/rest\/wp\/v2\/posts\/156664\/revisions"}],"predecessor-version":[{"id":156666,"href":"https:\/\/www.nettali.com\/rest\/wp\/v2\/posts\/156664\/revisions\/156666"}],"wp:attachment":[{"href":"https:\/\/www.nettali.com\/rest\/wp\/v2\/media?parent=156664"}],"wp:term":[{"taxonomy":"category","embeddable":true,"href":"https:\/\/www.nettali.com\/rest\/wp\/v2\/categories?post=156664"},{"taxonomy":"post_tag","embeddable":true,"href":"https:\/\/www.nettali.com\/rest\/wp\/v2\/tags?post=156664"}],"curies":[{"name":"wp","href":"https:\/\/api.w.org\/{rel}","templated":true}]}}