{"id":156662,"date":"2025-06-29T15:21:53","date_gmt":"2025-06-29T15:21:53","guid":{"rendered":"https:\/\/www.nettali.com\/?p=156662"},"modified":"2025-06-29T15:21:53","modified_gmt":"2025-06-29T15:21:53","slug":"voyage-bassirou-diomaye-faye-a-seville-pour-participer-a-une-conference-sur-le-financement-du-developpement","status":"publish","type":"post","link":"https:\/\/www.nettali.com\/2025\/06\/29\/voyage-bassirou-diomaye-faye-a-seville-pour-participer-a-une-conference-sur-le-financement-du-developpement\/","title":{"rendered":"VOYAGE - Bassirou Diomaye Faye \u00e0 S\u00e9ville pour participer \u00e0 une conf\u00e9rence sur le financement du d\u00e9veloppement"},"content":{"rendered":"<p><strong>NETTALI.COM - Le chef de l\u2019Etat, Bassirou Diomaye Faye, a quitt\u00e9 Dakar ce matin pour S\u00e9ville (Espagne) o\u00f9, il prendra part \u00e0 la 4\u1d49 Conf\u00e9rence internationale sur le financement du d\u00e9veloppement, a-t-on appris de la pr\u00e9sidence s\u00e9n\u00e9galaise.<\/strong><\/p>\n<p>Le pr\u00e9sident Faye va intervenir au cours de la s\u00e9ance pl\u00e9ni\u00e8re de cette rencontre de \u201chaut niveau\u201d plac\u00e9e sous l\u2019\u00e9gide des Nations unies.<\/p>\n<p>Il va aussi participer \u00e0 des tables rondes et va avoir des entretiens bilat\u00e9raux avec des leaders de pays partenaires du S\u00e9n\u00e9gal.<\/p>\n<p>Plusieurs chefs d\u2019Etat et de gouvernement ainsi que des dirigeants d\u2019institutions internationales sont attendues \u00e0 cette rencontre ax\u00e9e sur les <em>\u201cenjeux strat\u00e9giques li\u00e9s \u00e0 la mobilisation de ressources pour le d\u00e9veloppement durable\u201d<\/em>, selon la pr\u00e9sidence s\u00e9n\u00e9galaise.<\/p>\n<div class='share-to-whatsapp-wrapper'><div class='share-on-whsp'>PARTAGER SUR : <\/div><a data-text='VOYAGE - Bassirou Diomaye Faye \u00e0 S\u00e9ville pour participer \u00e0 une conf\u00e9rence sur le financement du d\u00e9veloppement' data-link='https:\/\/www.nettali.com\/2025\/06\/29\/voyage-bassirou-diomaye-faye-a-seville-pour-participer-a-une-conference-sur-le-financement-du-developpement\/' class='whatsapp-button whatsapp-share'>WhatsApp<\/a><div class='clear '><\/div><\/div>","protected":false},"excerpt":{"rendered":"<p>NETTALI.COM - Le chef de l\u2019Etat, Bassirou Diomaye Faye, a quitt\u00e9 Dakar ce matin pour S\u00e9ville (Espagne) o\u00f9, il prendra part \u00e0 la 4\u1d49 Conf\u00e9rence internationale sur le financement du d\u00e9veloppement, a-t-on appris de la pr\u00e9sidence s\u00e9n\u00e9galaise. Le pr\u00e9sident Faye va intervenir au cours de la s\u00e9ance pl\u00e9ni\u00e8re de cette rencontre de \u201chaut niveau\u201d plac\u00e9e [&hellip;]<\/p>\n","protected":false},"author":4,"featured_media":148936,"comment_status":"open","ping_status":"open","sticky":false,"template":"","format":"standard","meta":{"_et_pb_use_builder":"","_et_pb_old_content":""},"categories":[2],"tags":[],"yoast_head":"<!-- This site is optimized with the Yoast SEO Premium plugin v17.8 (Yoast SEO v17.8) - https:\/\/yoast.com\/wordpress\/plugins\/seo\/ -->\n<title>VOYAGE - Bassirou Diomaye Faye \u00e0 S\u00e9ville pour participer \u00e0 une conf\u00e9rence sur le financement du d\u00e9veloppement | Nettali.com<\/title>\n<meta name=\"robots\" content=\"index, follow, max-snippet:-1, max-image-preview:large, max-video-preview:-1\" \/>\n<link rel=\"canonical\" href=\"https:\/\/www.nettali.com\/2025\/06\/29\/voyage-bassirou-diomaye-faye-a-seville-pour-participer-a-une-conference-sur-le-financement-du-developpement\/\" \/>\n<meta property=\"og:locale\" content=\"fr_FR\" \/>\n<meta property=\"og:type\" content=\"article\" \/>\n<meta property=\"og:title\" content=\"VOYAGE - Bassirou Diomaye Faye \u00e0 S\u00e9ville pour participer \u00e0 une conf\u00e9rence sur le financement du d\u00e9veloppement\" \/>\n<meta property=\"og:description\" content=\"NETTALI.COM - Le chef de l\u2019Etat, Bassirou Diomaye Faye, a quitt\u00e9 Dakar ce matin pour S\u00e9ville (Espagne) o\u00f9, il prendra part \u00e0 la 4\u1d49 Conf\u00e9rence internationale sur le financement du d\u00e9veloppement, a-t-on appris de la pr\u00e9sidence s\u00e9n\u00e9galaise. Le pr\u00e9sident Faye va intervenir au cours de la s\u00e9ance pl\u00e9ni\u00e8re de cette rencontre de \u201chaut niveau\u201d plac\u00e9e [&hellip;]\" \/>\n<meta property=\"og:url\" content=\"https:\/\/www.nettali.com\/2025\/06\/29\/voyage-bassirou-diomaye-faye-a-seville-pour-participer-a-une-conference-sur-le-financement-du-developpement\/\" \/>\n<meta property=\"og:site_name\" content=\"Nettali.com\" \/>\n<meta property=\"article:publisher\" content=\"https:\/\/www.facebook.com\/nettalicom\" \/>\n<meta property=\"article:published_time\" content=\"2025-06-29T15:21:53+00:00\" \/>\n<meta property=\"og:image\" content=\"https:\/\/www.nettali.com\/wp-content\/uploads\/2025\/02\/President-Bassirou-Diomaye-Faye-en-voyage.jpg\" \/>\n\t<meta property=\"og:image:width\" content=\"1280\" \/>\n\t<meta property=\"og:image:height\" content=\"865\" \/>\n<meta name=\"twitter:card\" content=\"summary_large_image\" \/>\n<meta name=\"twitter:label1\" content=\"\u00c9crit par\" \/>\n\t<meta name=\"twitter:data1\" content=\"Daouda\" \/>\n\t<meta name=\"twitter:label2\" content=\"Dur\u00e9e de lecture estim\u00e9e\" \/>\n\t<meta name=\"twitter:data2\" content=\"1 minute\" \/>\n<script type=\"application\/ld+json\" class=\"yoast-schema-graph\">{\"@context\":\"https:\/\/schema.org\",\"@graph\":[{\"@type\":\"WebSite\",\"@id\":\"https:\/\/www.nettali.com\/#website\",\"url\":\"https:\/\/www.nettali.com\/\",\"name\":\"Nettali.com\",\"description\":\"Le rendez-vous critique du Net\",\"potentialAction\":[{\"@type\":\"SearchAction\",\"target\":{\"@type\":\"EntryPoint\",\"urlTemplate\":\"https:\/\/www.nettali.com\/?s={search_term_string}\"},\"query-input\":\"required name=search_term_string\"}],\"inLanguage\":\"fr-FR\"},{\"@type\":\"ImageObject\",\"@id\":\"https:\/\/www.nettali.com\/2025\/06\/29\/voyage-bassirou-diomaye-faye-a-seville-pour-participer-a-une-conference-sur-le-financement-du-developpement\/#primaryimage\",\"inLanguage\":\"fr-FR\",\"url\":\"https:\/\/www.nettali.com\/wp-content\/uploads\/2025\/02\/President-Bassirou-Diomaye-Faye-en-voyage.jpg\",\"contentUrl\":\"https:\/\/www.nettali.com\/wp-content\/uploads\/2025\/02\/President-Bassirou-Diomaye-Faye-en-voyage.jpg\",\"width\":1280,\"height\":865},{\"@type\":\"WebPage\",\"@id\":\"https:\/\/www.nettali.com\/2025\/06\/29\/voyage-bassirou-diomaye-faye-a-seville-pour-participer-a-une-conference-sur-le-financement-du-developpement\/#webpage\",\"url\":\"https:\/\/www.nettali.com\/2025\/06\/29\/voyage-bassirou-diomaye-faye-a-seville-pour-participer-a-une-conference-sur-le-financement-du-developpement\/\",\"name\":\"VOYAGE - Bassirou Diomaye Faye \\u00e0 S\\u00e9ville pour participer \\u00e0 une conf\\u00e9rence sur le financement du d\\u00e9veloppement | Nettali.com\",\"isPartOf\":{\"@id\":\"https:\/\/www.nettali.com\/#website\"},\"primaryImageOfPage\":{\"@id\":\"https:\/\/www.nettali.com\/2025\/06\/29\/voyage-bassirou-diomaye-faye-a-seville-pour-participer-a-une-conference-sur-le-financement-du-developpement\/#primaryimage\"},\"datePublished\":\"2025-06-29T15:21:53+00:00\",\"dateModified\":\"2025-06-29T15:21:53+00:00\",\"author\":{\"@id\":\"https:\/\/www.nettali.com\/#\/schema\/person\/3317e0bb3aa1da309fbf7b2780901bf4\"},\"breadcrumb\":{\"@id\":\"https:\/\/www.nettali.com\/2025\/06\/29\/voyage-bassirou-diomaye-faye-a-seville-pour-participer-a-une-conference-sur-le-financement-du-developpement\/#breadcrumb\"},\"inLanguage\":\"fr-FR\",\"potentialAction\":[{\"@type\":\"ReadAction\",\"target\":[\"https:\/\/www.nettali.com\/2025\/06\/29\/voyage-bassirou-diomaye-faye-a-seville-pour-participer-a-une-conference-sur-le-financement-du-developpement\/\"]}]},{\"@type\":\"BreadcrumbList\",\"@id\":\"https:\/\/www.nettali.com\/2025\/06\/29\/voyage-bassirou-diomaye-faye-a-seville-pour-participer-a-une-conference-sur-le-financement-du-developpement\/#breadcrumb\",\"itemListElement\":[{\"@type\":\"ListItem\",\"position\":1,\"name\":\"Accueil\",\"item\":\"https:\/\/www.nettali.com\/\"},{\"@type\":\"ListItem\",\"position\":2,\"name\":\"VOYAGE - Bassirou Diomaye Faye \\u00e0 S\\u00e9ville pour participer \\u00e0 une conf\\u00e9rence sur le financement du d\\u00e9veloppement\"}]},{\"@type\":\"Person\",\"@id\":\"https:\/\/www.nettali.com\/#\/schema\/person\/3317e0bb3aa1da309fbf7b2780901bf4\",\"name\":\"Daouda\",\"image\":{\"@type\":\"ImageObject\",\"@id\":\"https:\/\/www.nettali.com\/#personlogo\",\"inLanguage\":\"fr-FR\",\"url\":\"https:\/\/secure.gravatar.com\/avatar\/8d143b5a49345098ddcfee1c49c2f47c?s=96&d=mm&r=g\",\"contentUrl\":\"https:\/\/secure.gravatar.com\/avatar\/8d143b5a49345098ddcfee1c49c2f47c?s=96&d=mm&r=g\",\"caption\":\"Daouda\"},\"sameAs\":[\"https:\/\/www.nettali.com\"]}]}<\/script>\n<!-- \/ Yoast SEO Premium plugin. -->","yoast_head_json":{"title":"VOYAGE - Bassirou Diomaye Faye \u00e0 S\u00e9ville pour participer \u00e0 une conf\u00e9rence sur le financement du d\u00e9veloppement | Nettali.com","robots":{"index":"index","follow":"follow","max-snippet":"max-snippet:-1","max-image-preview":"max-image-preview:large","max-video-preview":"max-video-preview:-1"},"canonical":"https:\/\/www.nettali.com\/2025\/06\/29\/voyage-bassirou-diomaye-faye-a-seville-pour-participer-a-une-conference-sur-le-financement-du-developpement\/","og_locale":"fr_FR","og_type":"article","og_title":"VOYAGE - Bassirou Diomaye Faye \u00e0 S\u00e9ville pour participer \u00e0 une conf\u00e9rence sur le financement du d\u00e9veloppement","og_description":"NETTALI.COM - Le chef de l\u2019Etat, Bassirou Diomaye Faye, a quitt\u00e9 Dakar ce matin pour S\u00e9ville (Espagne) o\u00f9, il prendra part \u00e0 la 4\u1d49 Conf\u00e9rence internationale sur le financement du d\u00e9veloppement, a-t-on appris de la pr\u00e9sidence s\u00e9n\u00e9galaise. Le pr\u00e9sident Faye va intervenir au cours de la s\u00e9ance pl\u00e9ni\u00e8re de cette rencontre de \u201chaut niveau\u201d plac\u00e9e [&hellip;]","og_url":"https:\/\/www.nettali.com\/2025\/06\/29\/voyage-bassirou-diomaye-faye-a-seville-pour-participer-a-une-conference-sur-le-financement-du-developpement\/","og_site_name":"Nettali.com","article_publisher":"https:\/\/www.facebook.com\/nettalicom","article_published_time":"2025-06-29T15:21:53+00:00","og_image":[{"width":1280,"height":865,"url":"https:\/\/www.nettali.com\/wp-content\/uploads\/2025\/02\/President-Bassirou-Diomaye-Faye-en-voyage.jpg","type":"image\/jpeg"}],"twitter_card":"summary_large_image","twitter_misc":{"\u00c9crit par":"Daouda","Dur\u00e9e de lecture estim\u00e9e":"1 minute"},"schema":{"@context":"https:\/\/schema.org","@graph":[{"@type":"WebSite","@id":"https:\/\/www.nettali.com\/#website","url":"https:\/\/www.nettali.com\/","name":"Nettali.com","description":"Le rendez-vous critique du Net","potentialAction":[{"@type":"SearchAction","target":{"@type":"EntryPoint","urlTemplate":"https:\/\/www.nettali.com\/?s={search_term_string}"},"query-input":"required name=search_term_string"}],"inLanguage":"fr-FR"},{"@type":"ImageObject","@id":"https:\/\/www.nettali.com\/2025\/06\/29\/voyage-bassirou-diomaye-faye-a-seville-pour-participer-a-une-conference-sur-le-financement-du-developpement\/#primaryimage","inLanguage":"fr-FR","url":"https:\/\/www.nettali.com\/wp-content\/uploads\/2025\/02\/President-Bassirou-Diomaye-Faye-en-voyage.jpg","contentUrl":"https:\/\/www.nettali.com\/wp-content\/uploads\/2025\/02\/President-Bassirou-Diomaye-Faye-en-voyage.jpg","width":1280,"height":865},{"@type":"WebPage","@id":"https:\/\/www.nettali.com\/2025\/06\/29\/voyage-bassirou-diomaye-faye-a-seville-pour-participer-a-une-conference-sur-le-financement-du-developpement\/#webpage","url":"https:\/\/www.nettali.com\/2025\/06\/29\/voyage-bassirou-diomaye-faye-a-seville-pour-participer-a-une-conference-sur-le-financement-du-developpement\/","name":"VOYAGE - Bassirou Diomaye Faye \u00e0 S\u00e9ville pour participer \u00e0 une conf\u00e9rence sur le financement du d\u00e9veloppement | Nettali.com","isPartOf":{"@id":"https:\/\/www.nettali.com\/#website"},"primaryImageOfPage":{"@id":"https:\/\/www.nettali.com\/2025\/06\/29\/voyage-bassirou-diomaye-faye-a-seville-pour-participer-a-une-conference-sur-le-financement-du-developpement\/#primaryimage"},"datePublished":"2025-06-29T15:21:53+00:00","dateModified":"2025-06-29T15:21:53+00:00","author":{"@id":"https:\/\/www.nettali.com\/#\/schema\/person\/3317e0bb3aa1da309fbf7b2780901bf4"},"breadcrumb":{"@id":"https:\/\/www.nettali.com\/2025\/06\/29\/voyage-bassirou-diomaye-faye-a-seville-pour-participer-a-une-conference-sur-le-financement-du-developpement\/#breadcrumb"},"inLanguage":"fr-FR","potentialAction":[{"@type":"ReadAction","target":["https:\/\/www.nettali.com\/2025\/06\/29\/voyage-bassirou-diomaye-faye-a-seville-pour-participer-a-une-conference-sur-le-financement-du-developpement\/"]}]},{"@type":"BreadcrumbList","@id":"https:\/\/www.nettali.com\/2025\/06\/29\/voyage-bassirou-diomaye-faye-a-seville-pour-participer-a-une-conference-sur-le-financement-du-developpement\/#breadcrumb","itemListElement":[{"@type":"ListItem","position":1,"name":"Accueil","item":"https:\/\/www.nettali.com\/"},{"@type":"ListItem","position":2,"name":"VOYAGE - Bassirou Diomaye Faye \u00e0 S\u00e9ville pour participer \u00e0 une conf\u00e9rence sur le financement du d\u00e9veloppement"}]},{"@type":"Person","@id":"https:\/\/www.nettali.com\/#\/schema\/person\/3317e0bb3aa1da309fbf7b2780901bf4","name":"Daouda","image":{"@type":"ImageObject","@id":"https:\/\/www.nettali.com\/#personlogo","inLanguage":"fr-FR","url":"https:\/\/secure.gravatar.com\/avatar\/8d143b5a49345098ddcfee1c49c2f47c?s=96&d=mm&r=g","contentUrl":"https:\/\/secure.gravatar.com\/avatar\/8d143b5a49345098ddcfee1c49c2f47c?s=96&d=mm&r=g","caption":"Daouda"},"sameAs":["https:\/\/www.nettali.com"]}]}},"_links":{"self":[{"href":"https:\/\/www.nettali.com\/rest\/wp\/v2\/posts\/156662"}],"collection":[{"href":"https:\/\/www.nettali.com\/rest\/wp\/v2\/posts"}],"about":[{"href":"https:\/\/www.nettali.com\/rest\/wp\/v2\/types\/post"}],"author":[{"embeddable":true,"href":"https:\/\/www.nettali.com\/rest\/wp\/v2\/users\/4"}],"replies":[{"embeddable":true,"href":"https:\/\/www.nettali.com\/rest\/wp\/v2\/comments?post=156662"}],"version-history":[{"count":1,"href":"https:\/\/www.nettali.com\/rest\/wp\/v2\/posts\/156662\/revisions"}],"predecessor-version":[{"id":156663,"href":"https:\/\/www.nettali.com\/rest\/wp\/v2\/posts\/156662\/revisions\/156663"}],"wp:featuredmedia":[{"embeddable":true,"href":"https:\/\/www.nettali.com\/rest\/wp\/v2\/media\/148936"}],"wp:attachment":[{"href":"https:\/\/www.nettali.com\/rest\/wp\/v2\/media?parent=156662"}],"wp:term":[{"taxonomy":"category","embeddable":true,"href":"https:\/\/www.nettali.com\/rest\/wp\/v2\/categories?post=156662"},{"taxonomy":"post_tag","embeddable":true,"href":"https:\/\/www.nettali.com\/rest\/wp\/v2\/tags?post=156662"}],"curies":[{"name":"wp","href":"https:\/\/api.w.org\/{rel}","templated":true}]}}