{"id":156655,"date":"2025-06-29T15:04:35","date_gmt":"2025-06-29T15:04:35","guid":{"rendered":"https:\/\/www.nettali.com\/?p=156655"},"modified":"2025-06-29T15:04:35","modified_gmt":"2025-06-29T15:04:35","slug":"reforme-de-larchitecture-etatique-maurice-soudieck-dione-plaide-pour-une-transition-prudente","status":"publish","type":"post","link":"https:\/\/www.nettali.com\/2025\/06\/29\/reforme-de-larchitecture-etatique-maurice-soudieck-dione-plaide-pour-une-transition-prudente\/","title":{"rendered":"R\u00c9FORME DE L\u2019ARCHITECTURE \u00c9TATIQUE-\u00a0 Maurice Soudieck Dione plaide pour une transition prudente"},"content":{"rendered":"<p><strong>NETTALI.COM-\u00a0Invit\u00e9 du Grand Jury sur la RFM, le politologue Maurice Soudieck Dione a appel\u00e9 \u00e0 une r\u00e9forme r\u00e9fl\u00e9chie des institutions et des services publics. Il insiste sur la n\u00e9cessit\u00e9 de rationaliser le pouvoir pr\u00e9sidentiel sans pr\u00e9cipitation ni confusion des r\u00f4les.<\/strong><\/p>\n<p>Alors que les attentes sont fortes autour de la promesse de rupture port\u00e9e par le nouveau pouvoir, Maurice Soudieck Dione appelle \u00e0 la lucidit\u00e9 et au r\u00e9alisme. Sur la RFM, le chercheur a mis en garde contre toute r\u00e9forme men\u00e9e dans la pr\u00e9cipitation.<\/p>\n<p>Interrog\u00e9 sur les lenteurs per\u00e7ues dans la r\u00e9forme des services publics, le politologue a temporis\u00e9 : \u00ab<em> Il faut donner du temps au temps<\/em> \u00bb, a-t-il lanc\u00e9. Selon lui, si le discours de rupture a anim\u00e9 la campagne \u00e9lectorale et les ann\u00e9es d\u2019opposition du Pastef, la gestion \u00e9tatique impose une m\u00e9thode plus pos\u00e9e : \u00ab <em>Une fois au pouvoir, il est judicieux de r\u00e9former avec prudence, intelligence et tact. Il ne faut pas confondre vitesse et pr\u00e9cipitation <\/em>\u00bb.<\/p>\n<p>Maurice Soudieck Dione a \u00e9galement rappel\u00e9 que le S\u00e9n\u00e9gal dispose, depuis 1963, d\u2019un cadre institutionnel solide, avec un r\u00e9gime pr\u00e9sidentiel fort ayant permis une stabilit\u00e9 politique relative pendant plus de six d\u00e9cennies, malgr\u00e9 certaines d\u00e9rives not\u00e9es au fil du temps.<\/p>\n<p>Toutefois, pour lui, l\u2019heure est venue de revoir ce syst\u00e8me : \u00ab <em>Il faut rationaliser le r\u00e9gime. Cela ne veut pas forc\u00e9ment dire renforcer le Premier ministre, car cela pourrait recr\u00e9er les tensions de 1962. On ne peut pas avoir deux t\u00eates dans un m\u00eame bonnet<\/em>\u00bb. Une r\u00e9f\u00e9rence \u00e0 la crise institutionnelle qui avait oppos\u00e9 le pr\u00e9sident Senghor et son chef de gouvernement Mamadou Dia.<\/p>\n<p>Le chercheur revient aussi sur les conclusions divergentes des Assises nationales et de la Commission nationale de r\u00e9forme des institutions (CNRI). L\u00e0 o\u00f9 les premi\u00e8res pr\u00f4naient un renforcement du poste de Premier ministre, la CNRI optait pour une meilleure r\u00e9partition des pouvoirs pr\u00e9sidentiels. \u00ab<em> La seconde voie me para\u00eet la plus pertinente<\/em> \u00bb, estime-t-il, notamment pour limiter les pouvoirs du procureur, souvent per\u00e7u comme un outil au service du pouvoir ex\u00e9cutif.<\/p>\n<p>\u00ab <em>Il faut \u00e9viter que le procureur soit un instrument mobilis\u00e9 contre des adversaires politiques. L\u2019objectif est de garantir l\u2019\u00e9galit\u00e9 devant la justice<\/em> \u00bb, a conclu Maurice Soudieck Dione.<\/p>\n<div class='share-to-whatsapp-wrapper'><div class='share-on-whsp'>PARTAGER SUR : <\/div><a data-text='R\u00c9FORME DE L\u2019ARCHITECTURE \u00c9TATIQUE-\u00a0 Maurice Soudieck Dione plaide pour une transition prudente' data-link='https:\/\/www.nettali.com\/2025\/06\/29\/reforme-de-larchitecture-etatique-maurice-soudieck-dione-plaide-pour-une-transition-prudente\/' class='whatsapp-button whatsapp-share'>WhatsApp<\/a><div class='clear '><\/div><\/div>","protected":false},"excerpt":{"rendered":"<p>NETTALI.COM-\u00a0Invit\u00e9 du Grand Jury sur la RFM, le politologue Maurice Soudieck Dione a appel\u00e9 \u00e0 une r\u00e9forme r\u00e9fl\u00e9chie des institutions et des services publics. Il insiste sur la n\u00e9cessit\u00e9 de rationaliser le pouvoir pr\u00e9sidentiel sans pr\u00e9cipitation ni confusion des r\u00f4les. Alors que les attentes sont fortes autour de la promesse de rupture port\u00e9e par le [&hellip;]<\/p>\n","protected":false},"author":6,"featured_media":89868,"comment_status":"open","ping_status":"open","sticky":false,"template":"","format":"standard","meta":{"_et_pb_use_builder":"","_et_pb_old_content":""},"categories":[2],"tags":[],"yoast_head":"<!-- This site is optimized with the Yoast SEO Premium plugin v17.8 (Yoast SEO v17.8) - https:\/\/yoast.com\/wordpress\/plugins\/seo\/ -->\n<title>R\u00c9FORME DE L\u2019ARCHITECTURE \u00c9TATIQUE-\u00a0 Maurice Soudieck Dione plaide pour une transition prudente | Nettali.com<\/title>\n<meta name=\"robots\" content=\"index, follow, max-snippet:-1, max-image-preview:large, max-video-preview:-1\" \/>\n<link rel=\"canonical\" href=\"https:\/\/www.nettali.com\/2025\/06\/29\/reforme-de-larchitecture-etatique-maurice-soudieck-dione-plaide-pour-une-transition-prudente\/\" \/>\n<meta property=\"og:locale\" content=\"fr_FR\" \/>\n<meta property=\"og:type\" content=\"article\" \/>\n<meta property=\"og:title\" content=\"R\u00c9FORME DE L\u2019ARCHITECTURE \u00c9TATIQUE-\u00a0 Maurice Soudieck Dione plaide pour une transition prudente\" \/>\n<meta property=\"og:description\" content=\"NETTALI.COM-\u00a0Invit\u00e9 du Grand Jury sur la RFM, le politologue Maurice Soudieck Dione a appel\u00e9 \u00e0 une r\u00e9forme r\u00e9fl\u00e9chie des institutions et des services publics. Il insiste sur la n\u00e9cessit\u00e9 de rationaliser le pouvoir pr\u00e9sidentiel sans pr\u00e9cipitation ni confusion des r\u00f4les. Alors que les attentes sont fortes autour de la promesse de rupture port\u00e9e par le [&hellip;]\" \/>\n<meta property=\"og:url\" content=\"https:\/\/www.nettali.com\/2025\/06\/29\/reforme-de-larchitecture-etatique-maurice-soudieck-dione-plaide-pour-une-transition-prudente\/\" \/>\n<meta property=\"og:site_name\" content=\"Nettali.com\" \/>\n<meta property=\"article:publisher\" content=\"https:\/\/www.facebook.com\/nettalicom\" \/>\n<meta property=\"article:published_time\" content=\"2025-06-29T15:04:35+00:00\" \/>\n<meta property=\"og:image\" content=\"https:\/\/www.nettali.com\/wp-content\/uploads\/2022\/07\/Maurice-Soudieck-Dione.jpg\" \/>\n\t<meta property=\"og:image:width\" content=\"1200\" \/>\n\t<meta property=\"og:image:height\" content=\"683\" \/>\n<meta name=\"twitter:card\" content=\"summary_large_image\" \/>\n<meta name=\"twitter:label1\" content=\"\u00c9crit par\" \/>\n\t<meta name=\"twitter:data1\" content=\"Fatou\" \/>\n\t<meta name=\"twitter:label2\" content=\"Dur\u00e9e de lecture estim\u00e9e\" \/>\n\t<meta name=\"twitter:data2\" content=\"2 minutes\" \/>\n<script type=\"application\/ld+json\" class=\"yoast-schema-graph\">{\"@context\":\"https:\/\/schema.org\",\"@graph\":[{\"@type\":\"WebSite\",\"@id\":\"https:\/\/www.nettali.com\/#website\",\"url\":\"https:\/\/www.nettali.com\/\",\"name\":\"Nettali.com\",\"description\":\"Le rendez-vous critique du Net\",\"potentialAction\":[{\"@type\":\"SearchAction\",\"target\":{\"@type\":\"EntryPoint\",\"urlTemplate\":\"https:\/\/www.nettali.com\/?s={search_term_string}\"},\"query-input\":\"required name=search_term_string\"}],\"inLanguage\":\"fr-FR\"},{\"@type\":\"ImageObject\",\"@id\":\"https:\/\/www.nettali.com\/2025\/06\/29\/reforme-de-larchitecture-etatique-maurice-soudieck-dione-plaide-pour-une-transition-prudente\/#primaryimage\",\"inLanguage\":\"fr-FR\",\"url\":\"https:\/\/www.nettali.com\/wp-content\/uploads\/2022\/07\/Maurice-Soudieck-Dione.jpg\",\"contentUrl\":\"https:\/\/www.nettali.com\/wp-content\/uploads\/2022\/07\/Maurice-Soudieck-Dione.jpg\",\"width\":1200,\"height\":683},{\"@type\":\"WebPage\",\"@id\":\"https:\/\/www.nettali.com\/2025\/06\/29\/reforme-de-larchitecture-etatique-maurice-soudieck-dione-plaide-pour-une-transition-prudente\/#webpage\",\"url\":\"https:\/\/www.nettali.com\/2025\/06\/29\/reforme-de-larchitecture-etatique-maurice-soudieck-dione-plaide-pour-une-transition-prudente\/\",\"name\":\"R\\u00c9FORME DE L\\u2019ARCHITECTURE \\u00c9TATIQUE-\\u00a0 Maurice Soudieck Dione plaide pour une transition prudente | Nettali.com\",\"isPartOf\":{\"@id\":\"https:\/\/www.nettali.com\/#website\"},\"primaryImageOfPage\":{\"@id\":\"https:\/\/www.nettali.com\/2025\/06\/29\/reforme-de-larchitecture-etatique-maurice-soudieck-dione-plaide-pour-une-transition-prudente\/#primaryimage\"},\"datePublished\":\"2025-06-29T15:04:35+00:00\",\"dateModified\":\"2025-06-29T15:04:35+00:00\",\"author\":{\"@id\":\"https:\/\/www.nettali.com\/#\/schema\/person\/418274a86bdf87caff7a3ef476bd0bbf\"},\"breadcrumb\":{\"@id\":\"https:\/\/www.nettali.com\/2025\/06\/29\/reforme-de-larchitecture-etatique-maurice-soudieck-dione-plaide-pour-une-transition-prudente\/#breadcrumb\"},\"inLanguage\":\"fr-FR\",\"potentialAction\":[{\"@type\":\"ReadAction\",\"target\":[\"https:\/\/www.nettali.com\/2025\/06\/29\/reforme-de-larchitecture-etatique-maurice-soudieck-dione-plaide-pour-une-transition-prudente\/\"]}]},{\"@type\":\"BreadcrumbList\",\"@id\":\"https:\/\/www.nettali.com\/2025\/06\/29\/reforme-de-larchitecture-etatique-maurice-soudieck-dione-plaide-pour-une-transition-prudente\/#breadcrumb\",\"itemListElement\":[{\"@type\":\"ListItem\",\"position\":1,\"name\":\"Accueil\",\"item\":\"https:\/\/www.nettali.com\/\"},{\"@type\":\"ListItem\",\"position\":2,\"name\":\"R\\u00c9FORME DE L\\u2019ARCHITECTURE \\u00c9TATIQUE-\\u00a0 Maurice Soudieck Dione plaide pour une transition prudente\"}]},{\"@type\":\"Person\",\"@id\":\"https:\/\/www.nettali.com\/#\/schema\/person\/418274a86bdf87caff7a3ef476bd0bbf\",\"name\":\"Fatou\",\"image\":{\"@type\":\"ImageObject\",\"@id\":\"https:\/\/www.nettali.com\/#personlogo\",\"inLanguage\":\"fr-FR\",\"url\":\"https:\/\/secure.gravatar.com\/avatar\/5a9442a2bee7b4dcf167cab035858e9a?s=96&d=mm&r=g\",\"contentUrl\":\"https:\/\/secure.gravatar.com\/avatar\/5a9442a2bee7b4dcf167cab035858e9a?s=96&d=mm&r=g\",\"caption\":\"Fatou\"},\"sameAs\":[\"https:\/\/www.nettali.com\"]}]}<\/script>\n<!-- \/ Yoast SEO Premium plugin. -->","yoast_head_json":{"title":"R\u00c9FORME DE L\u2019ARCHITECTURE \u00c9TATIQUE-\u00a0 Maurice Soudieck Dione plaide pour une transition prudente | Nettali.com","robots":{"index":"index","follow":"follow","max-snippet":"max-snippet:-1","max-image-preview":"max-image-preview:large","max-video-preview":"max-video-preview:-1"},"canonical":"https:\/\/www.nettali.com\/2025\/06\/29\/reforme-de-larchitecture-etatique-maurice-soudieck-dione-plaide-pour-une-transition-prudente\/","og_locale":"fr_FR","og_type":"article","og_title":"R\u00c9FORME DE L\u2019ARCHITECTURE \u00c9TATIQUE-\u00a0 Maurice Soudieck Dione plaide pour une transition prudente","og_description":"NETTALI.COM-\u00a0Invit\u00e9 du Grand Jury sur la RFM, le politologue Maurice Soudieck Dione a appel\u00e9 \u00e0 une r\u00e9forme r\u00e9fl\u00e9chie des institutions et des services publics. Il insiste sur la n\u00e9cessit\u00e9 de rationaliser le pouvoir pr\u00e9sidentiel sans pr\u00e9cipitation ni confusion des r\u00f4les. Alors que les attentes sont fortes autour de la promesse de rupture port\u00e9e par le [&hellip;]","og_url":"https:\/\/www.nettali.com\/2025\/06\/29\/reforme-de-larchitecture-etatique-maurice-soudieck-dione-plaide-pour-une-transition-prudente\/","og_site_name":"Nettali.com","article_publisher":"https:\/\/www.facebook.com\/nettalicom","article_published_time":"2025-06-29T15:04:35+00:00","og_image":[{"width":1200,"height":683,"url":"https:\/\/www.nettali.com\/wp-content\/uploads\/2022\/07\/Maurice-Soudieck-Dione.jpg","type":"image\/jpeg"}],"twitter_card":"summary_large_image","twitter_misc":{"\u00c9crit par":"Fatou","Dur\u00e9e de lecture estim\u00e9e":"2 minutes"},"schema":{"@context":"https:\/\/schema.org","@graph":[{"@type":"WebSite","@id":"https:\/\/www.nettali.com\/#website","url":"https:\/\/www.nettali.com\/","name":"Nettali.com","description":"Le rendez-vous critique du Net","potentialAction":[{"@type":"SearchAction","target":{"@type":"EntryPoint","urlTemplate":"https:\/\/www.nettali.com\/?s={search_term_string}"},"query-input":"required name=search_term_string"}],"inLanguage":"fr-FR"},{"@type":"ImageObject","@id":"https:\/\/www.nettali.com\/2025\/06\/29\/reforme-de-larchitecture-etatique-maurice-soudieck-dione-plaide-pour-une-transition-prudente\/#primaryimage","inLanguage":"fr-FR","url":"https:\/\/www.nettali.com\/wp-content\/uploads\/2022\/07\/Maurice-Soudieck-Dione.jpg","contentUrl":"https:\/\/www.nettali.com\/wp-content\/uploads\/2022\/07\/Maurice-Soudieck-Dione.jpg","width":1200,"height":683},{"@type":"WebPage","@id":"https:\/\/www.nettali.com\/2025\/06\/29\/reforme-de-larchitecture-etatique-maurice-soudieck-dione-plaide-pour-une-transition-prudente\/#webpage","url":"https:\/\/www.nettali.com\/2025\/06\/29\/reforme-de-larchitecture-etatique-maurice-soudieck-dione-plaide-pour-une-transition-prudente\/","name":"R\u00c9FORME DE L\u2019ARCHITECTURE \u00c9TATIQUE-\u00a0 Maurice Soudieck Dione plaide pour une transition prudente | Nettali.com","isPartOf":{"@id":"https:\/\/www.nettali.com\/#website"},"primaryImageOfPage":{"@id":"https:\/\/www.nettali.com\/2025\/06\/29\/reforme-de-larchitecture-etatique-maurice-soudieck-dione-plaide-pour-une-transition-prudente\/#primaryimage"},"datePublished":"2025-06-29T15:04:35+00:00","dateModified":"2025-06-29T15:04:35+00:00","author":{"@id":"https:\/\/www.nettali.com\/#\/schema\/person\/418274a86bdf87caff7a3ef476bd0bbf"},"breadcrumb":{"@id":"https:\/\/www.nettali.com\/2025\/06\/29\/reforme-de-larchitecture-etatique-maurice-soudieck-dione-plaide-pour-une-transition-prudente\/#breadcrumb"},"inLanguage":"fr-FR","potentialAction":[{"@type":"ReadAction","target":["https:\/\/www.nettali.com\/2025\/06\/29\/reforme-de-larchitecture-etatique-maurice-soudieck-dione-plaide-pour-une-transition-prudente\/"]}]},{"@type":"BreadcrumbList","@id":"https:\/\/www.nettali.com\/2025\/06\/29\/reforme-de-larchitecture-etatique-maurice-soudieck-dione-plaide-pour-une-transition-prudente\/#breadcrumb","itemListElement":[{"@type":"ListItem","position":1,"name":"Accueil","item":"https:\/\/www.nettali.com\/"},{"@type":"ListItem","position":2,"name":"R\u00c9FORME DE L\u2019ARCHITECTURE \u00c9TATIQUE-\u00a0 Maurice Soudieck Dione plaide pour une transition prudente"}]},{"@type":"Person","@id":"https:\/\/www.nettali.com\/#\/schema\/person\/418274a86bdf87caff7a3ef476bd0bbf","name":"Fatou","image":{"@type":"ImageObject","@id":"https:\/\/www.nettali.com\/#personlogo","inLanguage":"fr-FR","url":"https:\/\/secure.gravatar.com\/avatar\/5a9442a2bee7b4dcf167cab035858e9a?s=96&d=mm&r=g","contentUrl":"https:\/\/secure.gravatar.com\/avatar\/5a9442a2bee7b4dcf167cab035858e9a?s=96&d=mm&r=g","caption":"Fatou"},"sameAs":["https:\/\/www.nettali.com"]}]}},"_links":{"self":[{"href":"https:\/\/www.nettali.com\/rest\/wp\/v2\/posts\/156655"}],"collection":[{"href":"https:\/\/www.nettali.com\/rest\/wp\/v2\/posts"}],"about":[{"href":"https:\/\/www.nettali.com\/rest\/wp\/v2\/types\/post"}],"author":[{"embeddable":true,"href":"https:\/\/www.nettali.com\/rest\/wp\/v2\/users\/6"}],"replies":[{"embeddable":true,"href":"https:\/\/www.nettali.com\/rest\/wp\/v2\/comments?post=156655"}],"version-history":[{"count":1,"href":"https:\/\/www.nettali.com\/rest\/wp\/v2\/posts\/156655\/revisions"}],"predecessor-version":[{"id":156656,"href":"https:\/\/www.nettali.com\/rest\/wp\/v2\/posts\/156655\/revisions\/156656"}],"wp:featuredmedia":[{"embeddable":true,"href":"https:\/\/www.nettali.com\/rest\/wp\/v2\/media\/89868"}],"wp:attachment":[{"href":"https:\/\/www.nettali.com\/rest\/wp\/v2\/media?parent=156655"}],"wp:term":[{"taxonomy":"category","embeddable":true,"href":"https:\/\/www.nettali.com\/rest\/wp\/v2\/categories?post=156655"},{"taxonomy":"post_tag","embeddable":true,"href":"https:\/\/www.nettali.com\/rest\/wp\/v2\/tags?post=156655"}],"curies":[{"name":"wp","href":"https:\/\/api.w.org\/{rel}","templated":true}]}}