{"id":156652,"date":"2025-06-29T13:03:33","date_gmt":"2025-06-29T13:03:33","guid":{"rendered":"https:\/\/www.nettali.com\/?p=156652"},"modified":"2025-06-29T15:03:58","modified_gmt":"2025-06-29T15:03:58","slug":"basket-lasc-ville-de-dakar-sacree-championne-du-senegal","status":"publish","type":"post","link":"https:\/\/www.nettali.com\/2025\/06\/29\/basket-lasc-ville-de-dakar-sacree-championne-du-senegal\/","title":{"rendered":"BASKET - L'ASC Ville de Dakar sacr\u00e9e championne du S\u00e9n\u00e9gal"},"content":{"rendered":"<p><strong>NETTALI.COM - L\u2019ASC Ville de Dakar a fait un carton plein ce samedi lors des finales retour dames et hommes du championnat de National 1 de basket. Apr\u00e8s le sixi\u00e8me sacre d\u2019affil\u00e9e de l'\u00e9quipe f\u00e9minine, c\u2019etait au tour de Makhtar Gueye et Cie d\u2019imprimer leur nom au palmar\u00e8s. Ils ont battu la Jeanne d\u2019Arc (69-58). Le score de la manche aller \u00e9tait de 62-58.<\/strong><\/p>\n<p>Dans un bouillonnant stadium Marius Ndiaye, ils ont pourtant eu une entame serr\u00e9e. 10-8 au premier quart temps puis 25-19 \u00e0 la mi-temps. C\u2019est au troisi\u00e8me quart temps que leur sort a commenc\u00e9 \u00e0 \u00eatre fix\u00e9 gr\u00e2ce au r\u00e9veil du Malien Sissouma. Les Dakarois d\u00e9butent ainsi le quatri\u00e8me quart temps avec une avance de 13 points (48-35). Suffisant pour tenir jusqu\u2019au bout.<\/p>\n<p>MVP de la finale, Bara Ndiaye a termin\u00e9 meilleur scoreur avec 15 points, Makhtar Gu\u00e8ye \u00e9tant le meilleur rebondeur. C\u2019est le deuxi\u00e8me sacre de rang pour de l'Asc Ville de Dakar, qualifi\u00e9e de ce fait \u00e0 la prochaine saison de Basket-ball Africa League (BAL), la 6\u00e8me \u00e9dition.<\/p>\n<div class='share-to-whatsapp-wrapper'><div class='share-on-whsp'>PARTAGER SUR : <\/div><a data-text='BASKET - L'ASC Ville de Dakar sacr\u00e9e championne du S\u00e9n\u00e9gal' data-link='https:\/\/www.nettali.com\/2025\/06\/29\/basket-lasc-ville-de-dakar-sacree-championne-du-senegal\/' class='whatsapp-button whatsapp-share'>WhatsApp<\/a><div class='clear '><\/div><\/div>","protected":false},"excerpt":{"rendered":"<p>NETTALI.COM - L\u2019ASC Ville de Dakar a fait un carton plein ce samedi lors des finales retour dames et hommes du championnat de National 1 de basket. Apr\u00e8s le sixi\u00e8me sacre d\u2019affil\u00e9e de l'\u00e9quipe f\u00e9minine, c\u2019etait au tour de Makhtar Gueye et Cie d\u2019imprimer leur nom au palmar\u00e8s. Ils ont battu la Jeanne d\u2019Arc (69-58). [&hellip;]<\/p>\n","protected":false},"author":5,"featured_media":156653,"comment_status":"open","ping_status":"open","sticky":false,"template":"","format":"standard","meta":{"_et_pb_use_builder":"","_et_pb_old_content":""},"categories":[6],"tags":[],"yoast_head":"<!-- This site is optimized with the Yoast SEO Premium plugin v17.8 (Yoast SEO v17.8) - https:\/\/yoast.com\/wordpress\/plugins\/seo\/ -->\n<title>BASKET - L&#039;ASC Ville de Dakar sacr\u00e9e championne du S\u00e9n\u00e9gal | Nettali.com<\/title>\n<meta name=\"robots\" content=\"index, follow, max-snippet:-1, max-image-preview:large, max-video-preview:-1\" \/>\n<link rel=\"canonical\" href=\"https:\/\/www.nettali.com\/2025\/06\/29\/basket-lasc-ville-de-dakar-sacree-championne-du-senegal\/\" \/>\n<meta property=\"og:locale\" content=\"fr_FR\" \/>\n<meta property=\"og:type\" content=\"article\" \/>\n<meta property=\"og:title\" content=\"BASKET - L&#039;ASC Ville de Dakar sacr\u00e9e championne du S\u00e9n\u00e9gal\" \/>\n<meta property=\"og:description\" content=\"NETTALI.COM - L\u2019ASC Ville de Dakar a fait un carton plein ce samedi lors des finales retour dames et hommes du championnat de National 1 de basket. Apr\u00e8s le sixi\u00e8me sacre d\u2019affil\u00e9e de l&#039;\u00e9quipe f\u00e9minine, c\u2019etait au tour de Makhtar Gueye et Cie d\u2019imprimer leur nom au palmar\u00e8s. Ils ont battu la Jeanne d\u2019Arc (69-58). [&hellip;]\" \/>\n<meta property=\"og:url\" content=\"https:\/\/www.nettali.com\/2025\/06\/29\/basket-lasc-ville-de-dakar-sacree-championne-du-senegal\/\" \/>\n<meta property=\"og:site_name\" content=\"Nettali.com\" \/>\n<meta property=\"article:publisher\" content=\"https:\/\/www.facebook.com\/nettalicom\" \/>\n<meta property=\"article:published_time\" content=\"2025-06-29T13:03:33+00:00\" \/>\n<meta property=\"article:modified_time\" content=\"2025-06-29T15:03:58+00:00\" \/>\n<meta property=\"og:image\" content=\"https:\/\/www.nettali.com\/wp-content\/uploads\/2025\/06\/Screenshot_20250629_115656_Samsung-Internet.jpg\" \/>\n\t<meta property=\"og:image:width\" content=\"1080\" \/>\n\t<meta property=\"og:image:height\" content=\"563\" \/>\n<meta name=\"twitter:card\" content=\"summary_large_image\" \/>\n<meta name=\"twitter:label1\" content=\"\u00c9crit par\" \/>\n\t<meta name=\"twitter:data1\" content=\"Ibrahima\" \/>\n\t<meta name=\"twitter:label2\" content=\"Dur\u00e9e de lecture estim\u00e9e\" \/>\n\t<meta name=\"twitter:data2\" content=\"1 minute\" \/>\n<script type=\"application\/ld+json\" class=\"yoast-schema-graph\">{\"@context\":\"https:\/\/schema.org\",\"@graph\":[{\"@type\":\"WebSite\",\"@id\":\"https:\/\/www.nettali.com\/#website\",\"url\":\"https:\/\/www.nettali.com\/\",\"name\":\"Nettali.com\",\"description\":\"Le rendez-vous critique du Net\",\"potentialAction\":[{\"@type\":\"SearchAction\",\"target\":{\"@type\":\"EntryPoint\",\"urlTemplate\":\"https:\/\/www.nettali.com\/?s={search_term_string}\"},\"query-input\":\"required name=search_term_string\"}],\"inLanguage\":\"fr-FR\"},{\"@type\":\"ImageObject\",\"@id\":\"https:\/\/www.nettali.com\/2025\/06\/29\/basket-lasc-ville-de-dakar-sacree-championne-du-senegal\/#primaryimage\",\"inLanguage\":\"fr-FR\",\"url\":\"https:\/\/www.nettali.com\/wp-content\/uploads\/2025\/06\/Screenshot_20250629_115656_Samsung-Internet.jpg\",\"contentUrl\":\"https:\/\/www.nettali.com\/wp-content\/uploads\/2025\/06\/Screenshot_20250629_115656_Samsung-Internet.jpg\",\"width\":1080,\"height\":563},{\"@type\":\"WebPage\",\"@id\":\"https:\/\/www.nettali.com\/2025\/06\/29\/basket-lasc-ville-de-dakar-sacree-championne-du-senegal\/#webpage\",\"url\":\"https:\/\/www.nettali.com\/2025\/06\/29\/basket-lasc-ville-de-dakar-sacree-championne-du-senegal\/\",\"name\":\"BASKET - L'ASC Ville de Dakar sacr\\u00e9e championne du S\\u00e9n\\u00e9gal | Nettali.com\",\"isPartOf\":{\"@id\":\"https:\/\/www.nettali.com\/#website\"},\"primaryImageOfPage\":{\"@id\":\"https:\/\/www.nettali.com\/2025\/06\/29\/basket-lasc-ville-de-dakar-sacree-championne-du-senegal\/#primaryimage\"},\"datePublished\":\"2025-06-29T13:03:33+00:00\",\"dateModified\":\"2025-06-29T15:03:58+00:00\",\"author\":{\"@id\":\"https:\/\/www.nettali.com\/#\/schema\/person\/bb147657c2986240405a608162b9bb23\"},\"breadcrumb\":{\"@id\":\"https:\/\/www.nettali.com\/2025\/06\/29\/basket-lasc-ville-de-dakar-sacree-championne-du-senegal\/#breadcrumb\"},\"inLanguage\":\"fr-FR\",\"potentialAction\":[{\"@type\":\"ReadAction\",\"target\":[\"https:\/\/www.nettali.com\/2025\/06\/29\/basket-lasc-ville-de-dakar-sacree-championne-du-senegal\/\"]}]},{\"@type\":\"BreadcrumbList\",\"@id\":\"https:\/\/www.nettali.com\/2025\/06\/29\/basket-lasc-ville-de-dakar-sacree-championne-du-senegal\/#breadcrumb\",\"itemListElement\":[{\"@type\":\"ListItem\",\"position\":1,\"name\":\"Accueil\",\"item\":\"https:\/\/www.nettali.com\/\"},{\"@type\":\"ListItem\",\"position\":2,\"name\":\"BASKET - L'ASC Ville de Dakar sacr\\u00e9e championne du S\\u00e9n\\u00e9gal\"}]},{\"@type\":\"Person\",\"@id\":\"https:\/\/www.nettali.com\/#\/schema\/person\/bb147657c2986240405a608162b9bb23\",\"name\":\"Ibrahima\",\"image\":{\"@type\":\"ImageObject\",\"@id\":\"https:\/\/www.nettali.com\/#personlogo\",\"inLanguage\":\"fr-FR\",\"url\":\"https:\/\/secure.gravatar.com\/avatar\/26a8a81f09f0dd7624c9d5c36c9ba3a2?s=96&d=mm&r=g\",\"contentUrl\":\"https:\/\/secure.gravatar.com\/avatar\/26a8a81f09f0dd7624c9d5c36c9ba3a2?s=96&d=mm&r=g\",\"caption\":\"Ibrahima\"},\"sameAs\":[\"https:\/\/www.nettali.com\"]}]}<\/script>\n<!-- \/ Yoast SEO Premium plugin. -->","yoast_head_json":{"title":"BASKET - L'ASC Ville de Dakar sacr\u00e9e championne du S\u00e9n\u00e9gal | Nettali.com","robots":{"index":"index","follow":"follow","max-snippet":"max-snippet:-1","max-image-preview":"max-image-preview:large","max-video-preview":"max-video-preview:-1"},"canonical":"https:\/\/www.nettali.com\/2025\/06\/29\/basket-lasc-ville-de-dakar-sacree-championne-du-senegal\/","og_locale":"fr_FR","og_type":"article","og_title":"BASKET - L'ASC Ville de Dakar sacr\u00e9e championne du S\u00e9n\u00e9gal","og_description":"NETTALI.COM - L\u2019ASC Ville de Dakar a fait un carton plein ce samedi lors des finales retour dames et hommes du championnat de National 1 de basket. Apr\u00e8s le sixi\u00e8me sacre d\u2019affil\u00e9e de l'\u00e9quipe f\u00e9minine, c\u2019etait au tour de Makhtar Gueye et Cie d\u2019imprimer leur nom au palmar\u00e8s. Ils ont battu la Jeanne d\u2019Arc (69-58). [&hellip;]","og_url":"https:\/\/www.nettali.com\/2025\/06\/29\/basket-lasc-ville-de-dakar-sacree-championne-du-senegal\/","og_site_name":"Nettali.com","article_publisher":"https:\/\/www.facebook.com\/nettalicom","article_published_time":"2025-06-29T13:03:33+00:00","article_modified_time":"2025-06-29T15:03:58+00:00","og_image":[{"width":1080,"height":563,"url":"https:\/\/www.nettali.com\/wp-content\/uploads\/2025\/06\/Screenshot_20250629_115656_Samsung-Internet.jpg","type":"image\/jpeg"}],"twitter_card":"summary_large_image","twitter_misc":{"\u00c9crit par":"Ibrahima","Dur\u00e9e de lecture estim\u00e9e":"1 minute"},"schema":{"@context":"https:\/\/schema.org","@graph":[{"@type":"WebSite","@id":"https:\/\/www.nettali.com\/#website","url":"https:\/\/www.nettali.com\/","name":"Nettali.com","description":"Le rendez-vous critique du Net","potentialAction":[{"@type":"SearchAction","target":{"@type":"EntryPoint","urlTemplate":"https:\/\/www.nettali.com\/?s={search_term_string}"},"query-input":"required name=search_term_string"}],"inLanguage":"fr-FR"},{"@type":"ImageObject","@id":"https:\/\/www.nettali.com\/2025\/06\/29\/basket-lasc-ville-de-dakar-sacree-championne-du-senegal\/#primaryimage","inLanguage":"fr-FR","url":"https:\/\/www.nettali.com\/wp-content\/uploads\/2025\/06\/Screenshot_20250629_115656_Samsung-Internet.jpg","contentUrl":"https:\/\/www.nettali.com\/wp-content\/uploads\/2025\/06\/Screenshot_20250629_115656_Samsung-Internet.jpg","width":1080,"height":563},{"@type":"WebPage","@id":"https:\/\/www.nettali.com\/2025\/06\/29\/basket-lasc-ville-de-dakar-sacree-championne-du-senegal\/#webpage","url":"https:\/\/www.nettali.com\/2025\/06\/29\/basket-lasc-ville-de-dakar-sacree-championne-du-senegal\/","name":"BASKET - L'ASC Ville de Dakar sacr\u00e9e championne du S\u00e9n\u00e9gal | Nettali.com","isPartOf":{"@id":"https:\/\/www.nettali.com\/#website"},"primaryImageOfPage":{"@id":"https:\/\/www.nettali.com\/2025\/06\/29\/basket-lasc-ville-de-dakar-sacree-championne-du-senegal\/#primaryimage"},"datePublished":"2025-06-29T13:03:33+00:00","dateModified":"2025-06-29T15:03:58+00:00","author":{"@id":"https:\/\/www.nettali.com\/#\/schema\/person\/bb147657c2986240405a608162b9bb23"},"breadcrumb":{"@id":"https:\/\/www.nettali.com\/2025\/06\/29\/basket-lasc-ville-de-dakar-sacree-championne-du-senegal\/#breadcrumb"},"inLanguage":"fr-FR","potentialAction":[{"@type":"ReadAction","target":["https:\/\/www.nettali.com\/2025\/06\/29\/basket-lasc-ville-de-dakar-sacree-championne-du-senegal\/"]}]},{"@type":"BreadcrumbList","@id":"https:\/\/www.nettali.com\/2025\/06\/29\/basket-lasc-ville-de-dakar-sacree-championne-du-senegal\/#breadcrumb","itemListElement":[{"@type":"ListItem","position":1,"name":"Accueil","item":"https:\/\/www.nettali.com\/"},{"@type":"ListItem","position":2,"name":"BASKET - L'ASC Ville de Dakar sacr\u00e9e championne du S\u00e9n\u00e9gal"}]},{"@type":"Person","@id":"https:\/\/www.nettali.com\/#\/schema\/person\/bb147657c2986240405a608162b9bb23","name":"Ibrahima","image":{"@type":"ImageObject","@id":"https:\/\/www.nettali.com\/#personlogo","inLanguage":"fr-FR","url":"https:\/\/secure.gravatar.com\/avatar\/26a8a81f09f0dd7624c9d5c36c9ba3a2?s=96&d=mm&r=g","contentUrl":"https:\/\/secure.gravatar.com\/avatar\/26a8a81f09f0dd7624c9d5c36c9ba3a2?s=96&d=mm&r=g","caption":"Ibrahima"},"sameAs":["https:\/\/www.nettali.com"]}]}},"_links":{"self":[{"href":"https:\/\/www.nettali.com\/rest\/wp\/v2\/posts\/156652"}],"collection":[{"href":"https:\/\/www.nettali.com\/rest\/wp\/v2\/posts"}],"about":[{"href":"https:\/\/www.nettali.com\/rest\/wp\/v2\/types\/post"}],"author":[{"embeddable":true,"href":"https:\/\/www.nettali.com\/rest\/wp\/v2\/users\/5"}],"replies":[{"embeddable":true,"href":"https:\/\/www.nettali.com\/rest\/wp\/v2\/comments?post=156652"}],"version-history":[{"count":1,"href":"https:\/\/www.nettali.com\/rest\/wp\/v2\/posts\/156652\/revisions"}],"predecessor-version":[{"id":156654,"href":"https:\/\/www.nettali.com\/rest\/wp\/v2\/posts\/156652\/revisions\/156654"}],"wp:featuredmedia":[{"embeddable":true,"href":"https:\/\/www.nettali.com\/rest\/wp\/v2\/media\/156653"}],"wp:attachment":[{"href":"https:\/\/www.nettali.com\/rest\/wp\/v2\/media?parent=156652"}],"wp:term":[{"taxonomy":"category","embeddable":true,"href":"https:\/\/www.nettali.com\/rest\/wp\/v2\/categories?post=156652"},{"taxonomy":"post_tag","embeddable":true,"href":"https:\/\/www.nettali.com\/rest\/wp\/v2\/tags?post=156652"}],"curies":[{"name":"wp","href":"https:\/\/api.w.org\/{rel}","templated":true}]}}