{"id":156640,"date":"2025-06-28T22:21:07","date_gmt":"2025-06-28T22:21:07","guid":{"rendered":"https:\/\/www.nettali.com\/?p=156640"},"modified":"2025-06-28T22:26:26","modified_gmt":"2025-06-28T22:26:26","slug":"aissata-tall-sall-a-cheikh-diba-vous-avez-un-reel-probleme-avec-les-chiffres","status":"publish","type":"post","link":"https:\/\/www.nettali.com\/2025\/06\/28\/aissata-tall-sall-a-cheikh-diba-vous-avez-un-reel-probleme-avec-les-chiffres\/","title":{"rendered":"A\u00cfSSATA TALL SALL A CHEIKH DIBA : \"Vous avez un r\u00e9el probl\u00e8me avec les chiffres\""},"content":{"rendered":"<p><strong>NETTALI.COM - A\u00efssata Tall Sall n'est pas du tout convaincue par les chiffres pr\u00e9sent\u00e9s par Cheikh Diba lors du vote de la loi des finances rectificative. La d\u00e9put\u00e9e d\u00e9nonce des incoh\u00e9rences. Mais la r\u00e9ponse du ministre des Finances n'a pas tard\u00e9.\u00a0<\/strong><\/p>\n<p>La pr\u00e9sidente du groupe parlementaire Takku Wallu ne partage pas les explications du ministre des Finances et du Budget. Cheikh Diba \u00e9tait \u00e0 l\u2019Assembl\u00e9e nationale ce samedi pour le d\u00e9bat d'orientation budg\u00e9taire. A\u00efssata Tall Sall n'y est pas all\u00e9e du dos de la cuill\u00e8re pour d\u00e9monter les chiffres du minist\u00e8re des Finances. A titre d'exemple, elle lance au ministre : \"<em>Vous pr\u00f4nez un maintien tr\u00e8s faible du syst\u00e8me et des fonds budg\u00e9taires pour une augmentation des d\u00e9ficits et bien loin des crit\u00e8res fix\u00e9s par notre communaut\u00e9. Et vous dites que vous cherchez 1140 milliards entre la loi de finances initiale et la loi des finances rectificative.<\/em>\" \"<em>O\u00f9 trouvez-vous l'argent?<\/em>\", demande-t-elle. Avant d'ajouter : \"<em>Les solutions que le ministre des Finances propose pour trouver l'argent ne sont pas fiables.<\/em>\" \"<em>Vous dites que vous allez recourir \u00e0 la compression des d\u00e9penses. Mais vous nous dites que c'est seulement pour un taux de 0,5 % que vous avez accept\u00e9 de doubler les d\u00e9penses du budget g\u00e9n\u00e9ral, alors que vous voulez trouver 1140 milliards de francs<\/em>\", mart\u00e8le la pr\u00e9sidente du groupe Takku Wallu.<\/p>\n<p>Si elle est d'accord pour une mobilisation des ressources comme pris par le ministre Cheikh Diba, A\u00efssata Tall Sall ne voit pas comment y arriver. \"<em>Que nous dites-vous pour mobiliser les ressources ? Nous allons augmenter le budget et la pression fiscale de 20 %. Donc, vous demandez d'augmenter cette pression fiscale de 20 % d'ici 2025<\/em>\", d\u00e9plore-t-elle. Et de d\u00e9noncer : \"<em>Vous \u00eates ministre des Finances, mais vous avez un r\u00e9el probl\u00e8me avec les chiffres<\/em>.\" \"<em>Je vous l'ai dit la derni\u00e8re fois. Concernant le taux de croissance, lorsque vous avez annonc\u00e9 notre d\u00e9ficit budg\u00e9taire, vous l'avez fix\u00e9 \u00e0 3 % en 2029 dans le Plan national de d\u00e9veloppement du S\u00e9n\u00e9gal. Donc Monsieur le Ministre, vous devez r\u00e9examiner ces chiffres<\/em>\", conclut l'ancienne ministre de la Justice.<\/p>\n<p>S'il trouve pertinente la question soulev\u00e9e par A\u00efssata Tall Sall sur le d\u00e9ficit budg\u00e9taire et les besoins de financement, le ministre des Finances et du Budget a quand m\u00eame tenu \u00e0 faire quelques pr\u00e9cisions. \"<em>Certains de vos commentaires n'ont rien \u00e0 voir avec le d\u00e9ficit budg\u00e9taire<\/em>\", souligne Cheikh Diba. Qui indique : \"<em>C'est ce qu'on fait pour les recettes et la rationalisation qui secr\u00e8te le d\u00e9ficit budg\u00e9taire. C'est apr\u00e8s avoir fix\u00e9 le d\u00e9ficit et les besoins de financements que les services travaillent pour d\u00e9finir et identifier tout ce que nous devons aller chercher et o\u00f9 le chercher<\/em>.\" Le ministre des Finances a, par ailleurs, annonc\u00e9 sa ferme volont\u00e9 de ramener le d\u00e9ficit budg\u00e9taire \u00e0 7,82% d\u00e8s 2025.<\/p>\n<div class='share-to-whatsapp-wrapper'><div class='share-on-whsp'>PARTAGER SUR : <\/div><a data-text='A\u00cfSSATA TALL SALL A CHEIKH DIBA : \"Vous avez un r\u00e9el probl\u00e8me avec les chiffres\"' data-link='https:\/\/www.nettali.com\/2025\/06\/28\/aissata-tall-sall-a-cheikh-diba-vous-avez-un-reel-probleme-avec-les-chiffres\/' class='whatsapp-button whatsapp-share'>WhatsApp<\/a><div class='clear '><\/div><\/div>","protected":false},"excerpt":{"rendered":"<p>NETTALI.COM - A\u00efssata Tall Sall n'est pas du tout convaincue par les chiffres pr\u00e9sent\u00e9s par Cheikh Diba lors du vote de la loi des finances rectificative. La d\u00e9put\u00e9e d\u00e9nonce des incoh\u00e9rences. Mais la r\u00e9ponse du ministre des Finances n'a pas tard\u00e9.\u00a0 La pr\u00e9sidente du groupe parlementaire Takku Wallu ne partage pas les explications du ministre [&hellip;]<\/p>\n","protected":false},"author":3,"featured_media":156644,"comment_status":"open","ping_status":"open","sticky":false,"template":"","format":"standard","meta":{"_et_pb_use_builder":"","_et_pb_old_content":""},"categories":[4],"tags":[],"yoast_head":"<!-- This site is optimized with the Yoast SEO Premium plugin v17.8 (Yoast SEO v17.8) - https:\/\/yoast.com\/wordpress\/plugins\/seo\/ -->\n<title>A\u00cfSSATA TALL SALL A CHEIKH DIBA : &quot;Vous avez un r\u00e9el probl\u00e8me avec les chiffres&quot; | Nettali.com<\/title>\n<meta name=\"robots\" content=\"index, follow, max-snippet:-1, max-image-preview:large, max-video-preview:-1\" \/>\n<link rel=\"canonical\" href=\"https:\/\/www.nettali.com\/2025\/06\/28\/aissata-tall-sall-a-cheikh-diba-vous-avez-un-reel-probleme-avec-les-chiffres\/\" \/>\n<meta property=\"og:locale\" content=\"fr_FR\" \/>\n<meta property=\"og:type\" content=\"article\" \/>\n<meta property=\"og:title\" content=\"A\u00cfSSATA TALL SALL A CHEIKH DIBA : &quot;Vous avez un r\u00e9el probl\u00e8me avec les chiffres&quot;\" \/>\n<meta property=\"og:description\" content=\"NETTALI.COM - A\u00efssata Tall Sall n&#039;est pas du tout convaincue par les chiffres pr\u00e9sent\u00e9s par Cheikh Diba lors du vote de la loi des finances rectificative. La d\u00e9put\u00e9e d\u00e9nonce des incoh\u00e9rences. Mais la r\u00e9ponse du ministre des Finances n&#039;a pas tard\u00e9.\u00a0 La pr\u00e9sidente du groupe parlementaire Takku Wallu ne partage pas les explications du ministre [&hellip;]\" \/>\n<meta property=\"og:url\" content=\"https:\/\/www.nettali.com\/2025\/06\/28\/aissata-tall-sall-a-cheikh-diba-vous-avez-un-reel-probleme-avec-les-chiffres\/\" \/>\n<meta property=\"og:site_name\" content=\"Nettali.com\" \/>\n<meta property=\"article:publisher\" content=\"https:\/\/www.facebook.com\/nettalicom\" \/>\n<meta property=\"article:published_time\" content=\"2025-06-28T22:21:07+00:00\" \/>\n<meta property=\"article:modified_time\" content=\"2025-06-28T22:26:26+00:00\" \/>\n<meta property=\"og:image\" content=\"https:\/\/www.nettali.com\/wp-content\/uploads\/2025\/06\/maxresdefault-1.jpg\" \/>\n\t<meta property=\"og:image:width\" content=\"1280\" \/>\n\t<meta property=\"og:image:height\" content=\"720\" \/>\n<meta name=\"twitter:card\" content=\"summary_large_image\" \/>\n<meta name=\"twitter:label1\" content=\"\u00c9crit par\" \/>\n\t<meta name=\"twitter:data1\" content=\"Moustapha\" \/>\n\t<meta name=\"twitter:label2\" content=\"Dur\u00e9e de lecture estim\u00e9e\" \/>\n\t<meta name=\"twitter:data2\" content=\"3 minutes\" \/>\n<script type=\"application\/ld+json\" class=\"yoast-schema-graph\">{\"@context\":\"https:\/\/schema.org\",\"@graph\":[{\"@type\":\"WebSite\",\"@id\":\"https:\/\/www.nettali.com\/#website\",\"url\":\"https:\/\/www.nettali.com\/\",\"name\":\"Nettali.com\",\"description\":\"Le rendez-vous critique du Net\",\"potentialAction\":[{\"@type\":\"SearchAction\",\"target\":{\"@type\":\"EntryPoint\",\"urlTemplate\":\"https:\/\/www.nettali.com\/?s={search_term_string}\"},\"query-input\":\"required name=search_term_string\"}],\"inLanguage\":\"fr-FR\"},{\"@type\":\"ImageObject\",\"@id\":\"https:\/\/www.nettali.com\/2025\/06\/28\/aissata-tall-sall-a-cheikh-diba-vous-avez-un-reel-probleme-avec-les-chiffres\/#primaryimage\",\"inLanguage\":\"fr-FR\",\"url\":\"https:\/\/www.nettali.com\/wp-content\/uploads\/2025\/06\/maxresdefault-1.jpg\",\"contentUrl\":\"https:\/\/www.nettali.com\/wp-content\/uploads\/2025\/06\/maxresdefault-1.jpg\",\"width\":1280,\"height\":720},{\"@type\":\"WebPage\",\"@id\":\"https:\/\/www.nettali.com\/2025\/06\/28\/aissata-tall-sall-a-cheikh-diba-vous-avez-un-reel-probleme-avec-les-chiffres\/#webpage\",\"url\":\"https:\/\/www.nettali.com\/2025\/06\/28\/aissata-tall-sall-a-cheikh-diba-vous-avez-un-reel-probleme-avec-les-chiffres\/\",\"name\":\"A\\u00cfSSATA TALL SALL A CHEIKH DIBA : \\\"Vous avez un r\\u00e9el probl\\u00e8me avec les chiffres\\\" | Nettali.com\",\"isPartOf\":{\"@id\":\"https:\/\/www.nettali.com\/#website\"},\"primaryImageOfPage\":{\"@id\":\"https:\/\/www.nettali.com\/2025\/06\/28\/aissata-tall-sall-a-cheikh-diba-vous-avez-un-reel-probleme-avec-les-chiffres\/#primaryimage\"},\"datePublished\":\"2025-06-28T22:21:07+00:00\",\"dateModified\":\"2025-06-28T22:26:26+00:00\",\"author\":{\"@id\":\"https:\/\/www.nettali.com\/#\/schema\/person\/7962a12a6e0267f88f0ffa544c36469a\"},\"breadcrumb\":{\"@id\":\"https:\/\/www.nettali.com\/2025\/06\/28\/aissata-tall-sall-a-cheikh-diba-vous-avez-un-reel-probleme-avec-les-chiffres\/#breadcrumb\"},\"inLanguage\":\"fr-FR\",\"potentialAction\":[{\"@type\":\"ReadAction\",\"target\":[\"https:\/\/www.nettali.com\/2025\/06\/28\/aissata-tall-sall-a-cheikh-diba-vous-avez-un-reel-probleme-avec-les-chiffres\/\"]}]},{\"@type\":\"BreadcrumbList\",\"@id\":\"https:\/\/www.nettali.com\/2025\/06\/28\/aissata-tall-sall-a-cheikh-diba-vous-avez-un-reel-probleme-avec-les-chiffres\/#breadcrumb\",\"itemListElement\":[{\"@type\":\"ListItem\",\"position\":1,\"name\":\"Accueil\",\"item\":\"https:\/\/www.nettali.com\/\"},{\"@type\":\"ListItem\",\"position\":2,\"name\":\"A\\u00cfSSATA TALL SALL A CHEIKH DIBA : \\\"Vous avez un r\\u00e9el probl\\u00e8me avec les chiffres\\\"\"}]},{\"@type\":\"Person\",\"@id\":\"https:\/\/www.nettali.com\/#\/schema\/person\/7962a12a6e0267f88f0ffa544c36469a\",\"name\":\"Moustapha\",\"image\":{\"@type\":\"ImageObject\",\"@id\":\"https:\/\/www.nettali.com\/#personlogo\",\"inLanguage\":\"fr-FR\",\"url\":\"https:\/\/secure.gravatar.com\/avatar\/10fdf6a071cccdcf374e3dbe45159590?s=96&d=mm&r=g\",\"contentUrl\":\"https:\/\/secure.gravatar.com\/avatar\/10fdf6a071cccdcf374e3dbe45159590?s=96&d=mm&r=g\",\"caption\":\"Moustapha\"},\"sameAs\":[\"https:\/\/www.nettali.com\"]}]}<\/script>\n<!-- \/ Yoast SEO Premium plugin. -->","yoast_head_json":{"title":"A\u00cfSSATA TALL SALL A CHEIKH DIBA : \"Vous avez un r\u00e9el probl\u00e8me avec les chiffres\" | Nettali.com","robots":{"index":"index","follow":"follow","max-snippet":"max-snippet:-1","max-image-preview":"max-image-preview:large","max-video-preview":"max-video-preview:-1"},"canonical":"https:\/\/www.nettali.com\/2025\/06\/28\/aissata-tall-sall-a-cheikh-diba-vous-avez-un-reel-probleme-avec-les-chiffres\/","og_locale":"fr_FR","og_type":"article","og_title":"A\u00cfSSATA TALL SALL A CHEIKH DIBA : \"Vous avez un r\u00e9el probl\u00e8me avec les chiffres\"","og_description":"NETTALI.COM - A\u00efssata Tall Sall n'est pas du tout convaincue par les chiffres pr\u00e9sent\u00e9s par Cheikh Diba lors du vote de la loi des finances rectificative. La d\u00e9put\u00e9e d\u00e9nonce des incoh\u00e9rences. Mais la r\u00e9ponse du ministre des Finances n'a pas tard\u00e9.\u00a0 La pr\u00e9sidente du groupe parlementaire Takku Wallu ne partage pas les explications du ministre [&hellip;]","og_url":"https:\/\/www.nettali.com\/2025\/06\/28\/aissata-tall-sall-a-cheikh-diba-vous-avez-un-reel-probleme-avec-les-chiffres\/","og_site_name":"Nettali.com","article_publisher":"https:\/\/www.facebook.com\/nettalicom","article_published_time":"2025-06-28T22:21:07+00:00","article_modified_time":"2025-06-28T22:26:26+00:00","og_image":[{"width":1280,"height":720,"url":"https:\/\/www.nettali.com\/wp-content\/uploads\/2025\/06\/maxresdefault-1.jpg","type":"image\/jpeg"}],"twitter_card":"summary_large_image","twitter_misc":{"\u00c9crit par":"Moustapha","Dur\u00e9e de lecture estim\u00e9e":"3 minutes"},"schema":{"@context":"https:\/\/schema.org","@graph":[{"@type":"WebSite","@id":"https:\/\/www.nettali.com\/#website","url":"https:\/\/www.nettali.com\/","name":"Nettali.com","description":"Le rendez-vous critique du Net","potentialAction":[{"@type":"SearchAction","target":{"@type":"EntryPoint","urlTemplate":"https:\/\/www.nettali.com\/?s={search_term_string}"},"query-input":"required name=search_term_string"}],"inLanguage":"fr-FR"},{"@type":"ImageObject","@id":"https:\/\/www.nettali.com\/2025\/06\/28\/aissata-tall-sall-a-cheikh-diba-vous-avez-un-reel-probleme-avec-les-chiffres\/#primaryimage","inLanguage":"fr-FR","url":"https:\/\/www.nettali.com\/wp-content\/uploads\/2025\/06\/maxresdefault-1.jpg","contentUrl":"https:\/\/www.nettali.com\/wp-content\/uploads\/2025\/06\/maxresdefault-1.jpg","width":1280,"height":720},{"@type":"WebPage","@id":"https:\/\/www.nettali.com\/2025\/06\/28\/aissata-tall-sall-a-cheikh-diba-vous-avez-un-reel-probleme-avec-les-chiffres\/#webpage","url":"https:\/\/www.nettali.com\/2025\/06\/28\/aissata-tall-sall-a-cheikh-diba-vous-avez-un-reel-probleme-avec-les-chiffres\/","name":"A\u00cfSSATA TALL SALL A CHEIKH DIBA : \"Vous avez un r\u00e9el probl\u00e8me avec les chiffres\" | Nettali.com","isPartOf":{"@id":"https:\/\/www.nettali.com\/#website"},"primaryImageOfPage":{"@id":"https:\/\/www.nettali.com\/2025\/06\/28\/aissata-tall-sall-a-cheikh-diba-vous-avez-un-reel-probleme-avec-les-chiffres\/#primaryimage"},"datePublished":"2025-06-28T22:21:07+00:00","dateModified":"2025-06-28T22:26:26+00:00","author":{"@id":"https:\/\/www.nettali.com\/#\/schema\/person\/7962a12a6e0267f88f0ffa544c36469a"},"breadcrumb":{"@id":"https:\/\/www.nettali.com\/2025\/06\/28\/aissata-tall-sall-a-cheikh-diba-vous-avez-un-reel-probleme-avec-les-chiffres\/#breadcrumb"},"inLanguage":"fr-FR","potentialAction":[{"@type":"ReadAction","target":["https:\/\/www.nettali.com\/2025\/06\/28\/aissata-tall-sall-a-cheikh-diba-vous-avez-un-reel-probleme-avec-les-chiffres\/"]}]},{"@type":"BreadcrumbList","@id":"https:\/\/www.nettali.com\/2025\/06\/28\/aissata-tall-sall-a-cheikh-diba-vous-avez-un-reel-probleme-avec-les-chiffres\/#breadcrumb","itemListElement":[{"@type":"ListItem","position":1,"name":"Accueil","item":"https:\/\/www.nettali.com\/"},{"@type":"ListItem","position":2,"name":"A\u00cfSSATA TALL SALL A CHEIKH DIBA : \"Vous avez un r\u00e9el probl\u00e8me avec les chiffres\""}]},{"@type":"Person","@id":"https:\/\/www.nettali.com\/#\/schema\/person\/7962a12a6e0267f88f0ffa544c36469a","name":"Moustapha","image":{"@type":"ImageObject","@id":"https:\/\/www.nettali.com\/#personlogo","inLanguage":"fr-FR","url":"https:\/\/secure.gravatar.com\/avatar\/10fdf6a071cccdcf374e3dbe45159590?s=96&d=mm&r=g","contentUrl":"https:\/\/secure.gravatar.com\/avatar\/10fdf6a071cccdcf374e3dbe45159590?s=96&d=mm&r=g","caption":"Moustapha"},"sameAs":["https:\/\/www.nettali.com"]}]}},"_links":{"self":[{"href":"https:\/\/www.nettali.com\/rest\/wp\/v2\/posts\/156640"}],"collection":[{"href":"https:\/\/www.nettali.com\/rest\/wp\/v2\/posts"}],"about":[{"href":"https:\/\/www.nettali.com\/rest\/wp\/v2\/types\/post"}],"author":[{"embeddable":true,"href":"https:\/\/www.nettali.com\/rest\/wp\/v2\/users\/3"}],"replies":[{"embeddable":true,"href":"https:\/\/www.nettali.com\/rest\/wp\/v2\/comments?post=156640"}],"version-history":[{"count":4,"href":"https:\/\/www.nettali.com\/rest\/wp\/v2\/posts\/156640\/revisions"}],"predecessor-version":[{"id":156645,"href":"https:\/\/www.nettali.com\/rest\/wp\/v2\/posts\/156640\/revisions\/156645"}],"wp:featuredmedia":[{"embeddable":true,"href":"https:\/\/www.nettali.com\/rest\/wp\/v2\/media\/156644"}],"wp:attachment":[{"href":"https:\/\/www.nettali.com\/rest\/wp\/v2\/media?parent=156640"}],"wp:term":[{"taxonomy":"category","embeddable":true,"href":"https:\/\/www.nettali.com\/rest\/wp\/v2\/categories?post=156640"},{"taxonomy":"post_tag","embeddable":true,"href":"https:\/\/www.nettali.com\/rest\/wp\/v2\/tags?post=156640"}],"curies":[{"name":"wp","href":"https:\/\/api.w.org\/{rel}","templated":true}]}}