{"id":156637,"date":"2025-06-28T21:34:33","date_gmt":"2025-06-28T21:34:33","guid":{"rendered":"https:\/\/www.nettali.com\/?p=156637"},"modified":"2025-07-01T08:09:24","modified_gmt":"2025-07-01T08:09:24","slug":"dette-de-10-000-milliards-les-verites-du-ministre-cheikh-diba","status":"publish","type":"post","link":"https:\/\/www.nettali.com\/2025\/06\/28\/dette-de-10-000-milliards-les-verites-du-ministre-cheikh-diba\/","title":{"rendered":"\"DETTE DE 10.000 MILLIARDS\" - Les \"v\u00e9rit\u00e9s\" du ministre Cheikh Diba"},"content":{"rendered":"<p><strong>NETTALI.COM - Face aux d\u00e9put\u00e9s, le samedi 28 juin, lors du vote de la loi des finances rectificative, le ministre des Finances et du Budget a \u00e9t\u00e9 interpell\u00e9 sur la dette suppos\u00e9e de plus de 10.000 milliards contract\u00e9e par le nouveau r\u00e9gime. Et Cheikh Diba s'est voulu tr\u00e8s clair sur la question.<\/strong><\/p>\n<p>C'est le d\u00e9put\u00e9 membre de l'Alliance pour la r\u00e9publique (Apr) qui a interpell\u00e9 le ministre des Finances et du Budget sur la question. Abdou Mbow exige des explications sur les 10200 milliards de dettes contract\u00e9es, selon lui, par le nouveau r\u00e9gime en seulement 14 mois. A titre comparatif, le parlementaire explique que le r\u00e9gime sortant avait emprunt\u00e9 en tout et pour tout 10.100 milliards de francs Cfa en 5 ans, c'est-\u00e0-dire entre 2019 et 2025. Ce, \u00e0 l'en croire, malgr\u00e9 les nombreuses crises qui ont frapp\u00e9 le monde en cette p\u00e9riode. Mais la r\u00e9ponse du ministre des Finances n'a pas tard\u00e9.<\/p>\n<p>\"<em>Sur l'interpellation par rapport aux 10.000 milliards, je pense qu'il nous faut du s\u00e9rieux. Je pense aussi qu'il ne faut pas nous amener \u00e0 parler d'une certaine mani\u00e8re. Ce n'est pas la vocation du ministre des Finances que de parler d'une certaine fa\u00e7on. Je pense que ce travail est tr\u00e8s s\u00e9rieux, il r\u00e9pond \u00e0 des exigences que tout le monde conna\u00eet<\/em>\", commence Cheikh Diba. Avant de poursuivre : \"<em>Les chiffres pr\u00e9sent\u00e9s ici sont totalement erron\u00e9s. Les 10.000 milliards ne rel\u00e8vent pas de\u00a0 la responsabilit\u00e9 du gouvernement actuel. C'est cela la v\u00e9rit\u00e9. Nous sommes ouverts pour un travail contradictoire et pour montrer, dans le d\u00e9tail, l'origine de tous les fonds qui sont dans le besoin de financements.<\/em>\"<\/p>\n<p>A en croire le ministre des Finances et du Budget, sa responsabilit\u00e9, c'est d'affirmer \"<em>avec force<\/em>\" que cette de 10.000 milliards rel\u00e8ve de la responsabilit\u00e9 du r\u00e9gime pass\u00e9. \"<em>Et c'est \u00e7a la v\u00e9rit\u00e9<\/em>\", insiste Cheikh Diba.<\/p>\n<div class='share-to-whatsapp-wrapper'><div class='share-on-whsp'>PARTAGER SUR : <\/div><a data-text='\"DETTE DE 10.000 MILLIARDS\" - Les \"v\u00e9rit\u00e9s\" du ministre Cheikh Diba' data-link='https:\/\/www.nettali.com\/2025\/06\/28\/dette-de-10-000-milliards-les-verites-du-ministre-cheikh-diba\/' class='whatsapp-button whatsapp-share'>WhatsApp<\/a><div class='clear '><\/div><\/div>","protected":false},"excerpt":{"rendered":"<p>NETTALI.COM - Face aux d\u00e9put\u00e9s, le samedi 28 juin, lors du vote de la loi des finances rectificative, le ministre des Finances et du Budget a \u00e9t\u00e9 interpell\u00e9 sur la dette suppos\u00e9e de plus de 10.000 milliards contract\u00e9e par le nouveau r\u00e9gime. Et Cheikh Diba s'est voulu tr\u00e8s clair sur la question. C'est le d\u00e9put\u00e9 [&hellip;]<\/p>\n","protected":false},"author":3,"featured_media":148822,"comment_status":"open","ping_status":"open","sticky":false,"template":"","format":"standard","meta":{"_et_pb_use_builder":"","_et_pb_old_content":""},"categories":[4],"tags":[],"yoast_head":"<!-- This site is optimized with the Yoast SEO Premium plugin v17.8 (Yoast SEO v17.8) - https:\/\/yoast.com\/wordpress\/plugins\/seo\/ -->\n<title>&quot;DETTE DE 10.000 MILLIARDS&quot; - Les &quot;v\u00e9rit\u00e9s&quot; du ministre Cheikh Diba | Nettali.com<\/title>\n<meta name=\"robots\" content=\"index, follow, max-snippet:-1, max-image-preview:large, max-video-preview:-1\" \/>\n<link rel=\"canonical\" href=\"https:\/\/www.nettali.com\/2025\/06\/28\/dette-de-10-000-milliards-les-verites-du-ministre-cheikh-diba\/\" \/>\n<meta property=\"og:locale\" content=\"fr_FR\" \/>\n<meta property=\"og:type\" content=\"article\" \/>\n<meta property=\"og:title\" content=\"&quot;DETTE DE 10.000 MILLIARDS&quot; - Les &quot;v\u00e9rit\u00e9s&quot; du ministre Cheikh Diba\" \/>\n<meta property=\"og:description\" content=\"NETTALI.COM - Face aux d\u00e9put\u00e9s, le samedi 28 juin, lors du vote de la loi des finances rectificative, le ministre des Finances et du Budget a \u00e9t\u00e9 interpell\u00e9 sur la dette suppos\u00e9e de plus de 10.000 milliards contract\u00e9e par le nouveau r\u00e9gime. Et Cheikh Diba s&#039;est voulu tr\u00e8s clair sur la question. C&#039;est le d\u00e9put\u00e9 [&hellip;]\" \/>\n<meta property=\"og:url\" content=\"https:\/\/www.nettali.com\/2025\/06\/28\/dette-de-10-000-milliards-les-verites-du-ministre-cheikh-diba\/\" \/>\n<meta property=\"og:site_name\" content=\"Nettali.com\" \/>\n<meta property=\"article:publisher\" content=\"https:\/\/www.facebook.com\/nettalicom\" \/>\n<meta property=\"article:published_time\" content=\"2025-06-28T21:34:33+00:00\" \/>\n<meta property=\"article:modified_time\" content=\"2025-07-01T08:09:24+00:00\" \/>\n<meta property=\"og:image\" content=\"https:\/\/www.nettali.com\/wp-content\/uploads\/2025\/02\/ministre-des-Finances-et-du-Budget-Cheikh-Diba.jpg\" \/>\n\t<meta property=\"og:image:width\" content=\"1200\" \/>\n\t<meta property=\"og:image:height\" content=\"677\" \/>\n<meta name=\"twitter:card\" content=\"summary_large_image\" \/>\n<meta name=\"twitter:label1\" content=\"\u00c9crit par\" \/>\n\t<meta name=\"twitter:data1\" content=\"Moustapha\" \/>\n\t<meta name=\"twitter:label2\" content=\"Dur\u00e9e de lecture estim\u00e9e\" \/>\n\t<meta name=\"twitter:data2\" content=\"2 minutes\" \/>\n<script type=\"application\/ld+json\" class=\"yoast-schema-graph\">{\"@context\":\"https:\/\/schema.org\",\"@graph\":[{\"@type\":\"WebSite\",\"@id\":\"https:\/\/www.nettali.com\/#website\",\"url\":\"https:\/\/www.nettali.com\/\",\"name\":\"Nettali.com\",\"description\":\"Le rendez-vous critique du Net\",\"potentialAction\":[{\"@type\":\"SearchAction\",\"target\":{\"@type\":\"EntryPoint\",\"urlTemplate\":\"https:\/\/www.nettali.com\/?s={search_term_string}\"},\"query-input\":\"required name=search_term_string\"}],\"inLanguage\":\"fr-FR\"},{\"@type\":\"ImageObject\",\"@id\":\"https:\/\/www.nettali.com\/2025\/06\/28\/dette-de-10-000-milliards-les-verites-du-ministre-cheikh-diba\/#primaryimage\",\"inLanguage\":\"fr-FR\",\"url\":\"https:\/\/www.nettali.com\/wp-content\/uploads\/2025\/02\/ministre-des-Finances-et-du-Budget-Cheikh-Diba.jpg\",\"contentUrl\":\"https:\/\/www.nettali.com\/wp-content\/uploads\/2025\/02\/ministre-des-Finances-et-du-Budget-Cheikh-Diba.jpg\",\"width\":1200,\"height\":677},{\"@type\":\"WebPage\",\"@id\":\"https:\/\/www.nettali.com\/2025\/06\/28\/dette-de-10-000-milliards-les-verites-du-ministre-cheikh-diba\/#webpage\",\"url\":\"https:\/\/www.nettali.com\/2025\/06\/28\/dette-de-10-000-milliards-les-verites-du-ministre-cheikh-diba\/\",\"name\":\"\\\"DETTE DE 10.000 MILLIARDS\\\" - Les \\\"v\\u00e9rit\\u00e9s\\\" du ministre Cheikh Diba | Nettali.com\",\"isPartOf\":{\"@id\":\"https:\/\/www.nettali.com\/#website\"},\"primaryImageOfPage\":{\"@id\":\"https:\/\/www.nettali.com\/2025\/06\/28\/dette-de-10-000-milliards-les-verites-du-ministre-cheikh-diba\/#primaryimage\"},\"datePublished\":\"2025-06-28T21:34:33+00:00\",\"dateModified\":\"2025-07-01T08:09:24+00:00\",\"author\":{\"@id\":\"https:\/\/www.nettali.com\/#\/schema\/person\/7962a12a6e0267f88f0ffa544c36469a\"},\"breadcrumb\":{\"@id\":\"https:\/\/www.nettali.com\/2025\/06\/28\/dette-de-10-000-milliards-les-verites-du-ministre-cheikh-diba\/#breadcrumb\"},\"inLanguage\":\"fr-FR\",\"potentialAction\":[{\"@type\":\"ReadAction\",\"target\":[\"https:\/\/www.nettali.com\/2025\/06\/28\/dette-de-10-000-milliards-les-verites-du-ministre-cheikh-diba\/\"]}]},{\"@type\":\"BreadcrumbList\",\"@id\":\"https:\/\/www.nettali.com\/2025\/06\/28\/dette-de-10-000-milliards-les-verites-du-ministre-cheikh-diba\/#breadcrumb\",\"itemListElement\":[{\"@type\":\"ListItem\",\"position\":1,\"name\":\"Accueil\",\"item\":\"https:\/\/www.nettali.com\/\"},{\"@type\":\"ListItem\",\"position\":2,\"name\":\"\\\"DETTE DE 10.000 MILLIARDS\\\" - Les \\\"v\\u00e9rit\\u00e9s\\\" du ministre Cheikh Diba\"}]},{\"@type\":\"Person\",\"@id\":\"https:\/\/www.nettali.com\/#\/schema\/person\/7962a12a6e0267f88f0ffa544c36469a\",\"name\":\"Moustapha\",\"image\":{\"@type\":\"ImageObject\",\"@id\":\"https:\/\/www.nettali.com\/#personlogo\",\"inLanguage\":\"fr-FR\",\"url\":\"https:\/\/secure.gravatar.com\/avatar\/10fdf6a071cccdcf374e3dbe45159590?s=96&d=mm&r=g\",\"contentUrl\":\"https:\/\/secure.gravatar.com\/avatar\/10fdf6a071cccdcf374e3dbe45159590?s=96&d=mm&r=g\",\"caption\":\"Moustapha\"},\"sameAs\":[\"https:\/\/www.nettali.com\"]}]}<\/script>\n<!-- \/ Yoast SEO Premium plugin. -->","yoast_head_json":{"title":"\"DETTE DE 10.000 MILLIARDS\" - Les \"v\u00e9rit\u00e9s\" du ministre Cheikh Diba | Nettali.com","robots":{"index":"index","follow":"follow","max-snippet":"max-snippet:-1","max-image-preview":"max-image-preview:large","max-video-preview":"max-video-preview:-1"},"canonical":"https:\/\/www.nettali.com\/2025\/06\/28\/dette-de-10-000-milliards-les-verites-du-ministre-cheikh-diba\/","og_locale":"fr_FR","og_type":"article","og_title":"\"DETTE DE 10.000 MILLIARDS\" - Les \"v\u00e9rit\u00e9s\" du ministre Cheikh Diba","og_description":"NETTALI.COM - Face aux d\u00e9put\u00e9s, le samedi 28 juin, lors du vote de la loi des finances rectificative, le ministre des Finances et du Budget a \u00e9t\u00e9 interpell\u00e9 sur la dette suppos\u00e9e de plus de 10.000 milliards contract\u00e9e par le nouveau r\u00e9gime. Et Cheikh Diba s'est voulu tr\u00e8s clair sur la question. C'est le d\u00e9put\u00e9 [&hellip;]","og_url":"https:\/\/www.nettali.com\/2025\/06\/28\/dette-de-10-000-milliards-les-verites-du-ministre-cheikh-diba\/","og_site_name":"Nettali.com","article_publisher":"https:\/\/www.facebook.com\/nettalicom","article_published_time":"2025-06-28T21:34:33+00:00","article_modified_time":"2025-07-01T08:09:24+00:00","og_image":[{"width":1200,"height":677,"url":"https:\/\/www.nettali.com\/wp-content\/uploads\/2025\/02\/ministre-des-Finances-et-du-Budget-Cheikh-Diba.jpg","type":"image\/jpeg"}],"twitter_card":"summary_large_image","twitter_misc":{"\u00c9crit par":"Moustapha","Dur\u00e9e de lecture estim\u00e9e":"2 minutes"},"schema":{"@context":"https:\/\/schema.org","@graph":[{"@type":"WebSite","@id":"https:\/\/www.nettali.com\/#website","url":"https:\/\/www.nettali.com\/","name":"Nettali.com","description":"Le rendez-vous critique du Net","potentialAction":[{"@type":"SearchAction","target":{"@type":"EntryPoint","urlTemplate":"https:\/\/www.nettali.com\/?s={search_term_string}"},"query-input":"required name=search_term_string"}],"inLanguage":"fr-FR"},{"@type":"ImageObject","@id":"https:\/\/www.nettali.com\/2025\/06\/28\/dette-de-10-000-milliards-les-verites-du-ministre-cheikh-diba\/#primaryimage","inLanguage":"fr-FR","url":"https:\/\/www.nettali.com\/wp-content\/uploads\/2025\/02\/ministre-des-Finances-et-du-Budget-Cheikh-Diba.jpg","contentUrl":"https:\/\/www.nettali.com\/wp-content\/uploads\/2025\/02\/ministre-des-Finances-et-du-Budget-Cheikh-Diba.jpg","width":1200,"height":677},{"@type":"WebPage","@id":"https:\/\/www.nettali.com\/2025\/06\/28\/dette-de-10-000-milliards-les-verites-du-ministre-cheikh-diba\/#webpage","url":"https:\/\/www.nettali.com\/2025\/06\/28\/dette-de-10-000-milliards-les-verites-du-ministre-cheikh-diba\/","name":"\"DETTE DE 10.000 MILLIARDS\" - Les \"v\u00e9rit\u00e9s\" du ministre Cheikh Diba | Nettali.com","isPartOf":{"@id":"https:\/\/www.nettali.com\/#website"},"primaryImageOfPage":{"@id":"https:\/\/www.nettali.com\/2025\/06\/28\/dette-de-10-000-milliards-les-verites-du-ministre-cheikh-diba\/#primaryimage"},"datePublished":"2025-06-28T21:34:33+00:00","dateModified":"2025-07-01T08:09:24+00:00","author":{"@id":"https:\/\/www.nettali.com\/#\/schema\/person\/7962a12a6e0267f88f0ffa544c36469a"},"breadcrumb":{"@id":"https:\/\/www.nettali.com\/2025\/06\/28\/dette-de-10-000-milliards-les-verites-du-ministre-cheikh-diba\/#breadcrumb"},"inLanguage":"fr-FR","potentialAction":[{"@type":"ReadAction","target":["https:\/\/www.nettali.com\/2025\/06\/28\/dette-de-10-000-milliards-les-verites-du-ministre-cheikh-diba\/"]}]},{"@type":"BreadcrumbList","@id":"https:\/\/www.nettali.com\/2025\/06\/28\/dette-de-10-000-milliards-les-verites-du-ministre-cheikh-diba\/#breadcrumb","itemListElement":[{"@type":"ListItem","position":1,"name":"Accueil","item":"https:\/\/www.nettali.com\/"},{"@type":"ListItem","position":2,"name":"\"DETTE DE 10.000 MILLIARDS\" - Les \"v\u00e9rit\u00e9s\" du ministre Cheikh Diba"}]},{"@type":"Person","@id":"https:\/\/www.nettali.com\/#\/schema\/person\/7962a12a6e0267f88f0ffa544c36469a","name":"Moustapha","image":{"@type":"ImageObject","@id":"https:\/\/www.nettali.com\/#personlogo","inLanguage":"fr-FR","url":"https:\/\/secure.gravatar.com\/avatar\/10fdf6a071cccdcf374e3dbe45159590?s=96&d=mm&r=g","contentUrl":"https:\/\/secure.gravatar.com\/avatar\/10fdf6a071cccdcf374e3dbe45159590?s=96&d=mm&r=g","caption":"Moustapha"},"sameAs":["https:\/\/www.nettali.com"]}]}},"_links":{"self":[{"href":"https:\/\/www.nettali.com\/rest\/wp\/v2\/posts\/156637"}],"collection":[{"href":"https:\/\/www.nettali.com\/rest\/wp\/v2\/posts"}],"about":[{"href":"https:\/\/www.nettali.com\/rest\/wp\/v2\/types\/post"}],"author":[{"embeddable":true,"href":"https:\/\/www.nettali.com\/rest\/wp\/v2\/users\/3"}],"replies":[{"embeddable":true,"href":"https:\/\/www.nettali.com\/rest\/wp\/v2\/comments?post=156637"}],"version-history":[{"count":3,"href":"https:\/\/www.nettali.com\/rest\/wp\/v2\/posts\/156637\/revisions"}],"predecessor-version":[{"id":156676,"href":"https:\/\/www.nettali.com\/rest\/wp\/v2\/posts\/156637\/revisions\/156676"}],"wp:featuredmedia":[{"embeddable":true,"href":"https:\/\/www.nettali.com\/rest\/wp\/v2\/media\/148822"}],"wp:attachment":[{"href":"https:\/\/www.nettali.com\/rest\/wp\/v2\/media?parent=156637"}],"wp:term":[{"taxonomy":"category","embeddable":true,"href":"https:\/\/www.nettali.com\/rest\/wp\/v2\/categories?post=156637"},{"taxonomy":"post_tag","embeddable":true,"href":"https:\/\/www.nettali.com\/rest\/wp\/v2\/tags?post=156637"}],"curies":[{"name":"wp","href":"https:\/\/api.w.org\/{rel}","templated":true}]}}