{"id":156633,"date":"2025-06-28T18:46:31","date_gmt":"2025-06-28T18:46:31","guid":{"rendered":"https:\/\/www.nettali.com\/?p=156633"},"modified":"2025-06-28T18:46:31","modified_gmt":"2025-06-28T18:46:31","slug":"mercato-paul-pogba-rejoint-monaco","status":"publish","type":"post","link":"https:\/\/www.nettali.com\/2025\/06\/28\/mercato-paul-pogba-rejoint-monaco\/","title":{"rendered":"MERCATO - Paul Pogba rejoint Monaco"},"content":{"rendered":"<p><strong>NETTALI.COM - L\u2019AS Monaco a officialis\u00e9 la signature de Paul Pogba, ce samedi 28 juin. T\u00eate d\u2019affiche du mercato du club, le champion du monde 2018 rejoint la Principaut\u00e9 pour deux saisons. Son dernier match remonte \u00e0 septembre 2023 sous les couleurs de la Juventus Turin.<\/strong><\/p>\n<p>Paul Pogba est officiellement un joueur de l\u2019AS Monaco. Le milieu de terrain de 32 ans a sign\u00e9 un contrat de deux ans, ce samedi 28 juin, et retrouvera le football professionnel.<\/p>\n<p>Le champion du monde 2018 n\u2019a pas jou\u00e9 un seul match depuis septembre 2023, en raison d\u2019une suspension de 18 mois pour dopage, suivi de blessures et d\u2019une affaire de s\u00e9questration et tentative d\u2019extorsion de fonds dont il a \u00e9t\u00e9 victime.<\/p>\n<p><strong>Une visite m\u00e9dicale pass\u00e9e vendredi<\/strong><\/p>\n<p>L\u2019ancien joueur de Manchester United et la Juventus Turin d\u00e9couvrira la Ligue 1, apr\u00e8s plusieurs tests physiques et une visite m\u00e9dicale pass\u00e9e au centre de performance \u00e0 La Turbie, le vendredi 27 juin. Il est arriv\u00e9 en France, la veille, en provenance des \u00c9tats-Unis o\u00f9 il vivait ces derniers temps.<\/p>\n<p>T\u00eate d\u2019affiche de ce d\u00e9but de mercato, Paul Pogba devrait \u00eatre suivi par Ansu Fati. L\u2019ailier form\u00e9 au FC Barcelone rejoindrait l\u2019ASM dans le cadre d\u2019un pr\u00eat avec option d\u2019achat.<\/p>\n<div class='share-to-whatsapp-wrapper'><div class='share-on-whsp'>PARTAGER SUR : <\/div><a data-text='MERCATO - Paul Pogba rejoint Monaco' data-link='https:\/\/www.nettali.com\/2025\/06\/28\/mercato-paul-pogba-rejoint-monaco\/' class='whatsapp-button whatsapp-share'>WhatsApp<\/a><div class='clear '><\/div><\/div>","protected":false},"excerpt":{"rendered":"<p>NETTALI.COM - L\u2019AS Monaco a officialis\u00e9 la signature de Paul Pogba, ce samedi 28 juin. T\u00eate d\u2019affiche du mercato du club, le champion du monde 2018 rejoint la Principaut\u00e9 pour deux saisons. Son dernier match remonte \u00e0 septembre 2023 sous les couleurs de la Juventus Turin. Paul Pogba est officiellement un joueur de l\u2019AS Monaco. [&hellip;]<\/p>\n","protected":false},"author":5,"featured_media":156634,"comment_status":"open","ping_status":"open","sticky":false,"template":"","format":"standard","meta":{"_et_pb_use_builder":"","_et_pb_old_content":""},"categories":[6],"tags":[],"yoast_head":"<!-- This site is optimized with the Yoast SEO Premium plugin v17.8 (Yoast SEO v17.8) - https:\/\/yoast.com\/wordpress\/plugins\/seo\/ -->\n<title>MERCATO - Paul Pogba rejoint Monaco | Nettali.com<\/title>\n<meta name=\"robots\" content=\"index, follow, max-snippet:-1, max-image-preview:large, max-video-preview:-1\" \/>\n<link rel=\"canonical\" href=\"https:\/\/www.nettali.com\/2025\/06\/28\/mercato-paul-pogba-rejoint-monaco\/\" \/>\n<meta property=\"og:locale\" content=\"fr_FR\" \/>\n<meta property=\"og:type\" content=\"article\" \/>\n<meta property=\"og:title\" content=\"MERCATO - Paul Pogba rejoint Monaco\" \/>\n<meta property=\"og:description\" content=\"NETTALI.COM - L\u2019AS Monaco a officialis\u00e9 la signature de Paul Pogba, ce samedi 28 juin. T\u00eate d\u2019affiche du mercato du club, le champion du monde 2018 rejoint la Principaut\u00e9 pour deux saisons. Son dernier match remonte \u00e0 septembre 2023 sous les couleurs de la Juventus Turin. Paul Pogba est officiellement un joueur de l\u2019AS Monaco. [&hellip;]\" \/>\n<meta property=\"og:url\" content=\"https:\/\/www.nettali.com\/2025\/06\/28\/mercato-paul-pogba-rejoint-monaco\/\" \/>\n<meta property=\"og:site_name\" content=\"Nettali.com\" \/>\n<meta property=\"article:publisher\" content=\"https:\/\/www.facebook.com\/nettalicom\" \/>\n<meta property=\"article:published_time\" content=\"2025-06-28T18:46:31+00:00\" \/>\n<meta property=\"og:image\" content=\"https:\/\/www.nettali.com\/wp-content\/uploads\/2025\/06\/2025-06-28-signature-paul-pogba-02401.jpg\" \/>\n\t<meta property=\"og:image:width\" content=\"1160\" \/>\n\t<meta property=\"og:image:height\" content=\"650\" \/>\n<meta name=\"twitter:card\" content=\"summary_large_image\" \/>\n<meta name=\"twitter:label1\" content=\"\u00c9crit par\" \/>\n\t<meta name=\"twitter:data1\" content=\"Ibrahima\" \/>\n\t<meta name=\"twitter:label2\" content=\"Dur\u00e9e de lecture estim\u00e9e\" \/>\n\t<meta name=\"twitter:data2\" content=\"2 minutes\" \/>\n<script type=\"application\/ld+json\" class=\"yoast-schema-graph\">{\"@context\":\"https:\/\/schema.org\",\"@graph\":[{\"@type\":\"WebSite\",\"@id\":\"https:\/\/www.nettali.com\/#website\",\"url\":\"https:\/\/www.nettali.com\/\",\"name\":\"Nettali.com\",\"description\":\"Le rendez-vous critique du Net\",\"potentialAction\":[{\"@type\":\"SearchAction\",\"target\":{\"@type\":\"EntryPoint\",\"urlTemplate\":\"https:\/\/www.nettali.com\/?s={search_term_string}\"},\"query-input\":\"required name=search_term_string\"}],\"inLanguage\":\"fr-FR\"},{\"@type\":\"ImageObject\",\"@id\":\"https:\/\/www.nettali.com\/2025\/06\/28\/mercato-paul-pogba-rejoint-monaco\/#primaryimage\",\"inLanguage\":\"fr-FR\",\"url\":\"https:\/\/www.nettali.com\/wp-content\/uploads\/2025\/06\/2025-06-28-signature-paul-pogba-02401.jpg\",\"contentUrl\":\"https:\/\/www.nettali.com\/wp-content\/uploads\/2025\/06\/2025-06-28-signature-paul-pogba-02401.jpg\",\"width\":1160,\"height\":650},{\"@type\":\"WebPage\",\"@id\":\"https:\/\/www.nettali.com\/2025\/06\/28\/mercato-paul-pogba-rejoint-monaco\/#webpage\",\"url\":\"https:\/\/www.nettali.com\/2025\/06\/28\/mercato-paul-pogba-rejoint-monaco\/\",\"name\":\"MERCATO - Paul Pogba rejoint Monaco | Nettali.com\",\"isPartOf\":{\"@id\":\"https:\/\/www.nettali.com\/#website\"},\"primaryImageOfPage\":{\"@id\":\"https:\/\/www.nettali.com\/2025\/06\/28\/mercato-paul-pogba-rejoint-monaco\/#primaryimage\"},\"datePublished\":\"2025-06-28T18:46:31+00:00\",\"dateModified\":\"2025-06-28T18:46:31+00:00\",\"author\":{\"@id\":\"https:\/\/www.nettali.com\/#\/schema\/person\/bb147657c2986240405a608162b9bb23\"},\"breadcrumb\":{\"@id\":\"https:\/\/www.nettali.com\/2025\/06\/28\/mercato-paul-pogba-rejoint-monaco\/#breadcrumb\"},\"inLanguage\":\"fr-FR\",\"potentialAction\":[{\"@type\":\"ReadAction\",\"target\":[\"https:\/\/www.nettali.com\/2025\/06\/28\/mercato-paul-pogba-rejoint-monaco\/\"]}]},{\"@type\":\"BreadcrumbList\",\"@id\":\"https:\/\/www.nettali.com\/2025\/06\/28\/mercato-paul-pogba-rejoint-monaco\/#breadcrumb\",\"itemListElement\":[{\"@type\":\"ListItem\",\"position\":1,\"name\":\"Accueil\",\"item\":\"https:\/\/www.nettali.com\/\"},{\"@type\":\"ListItem\",\"position\":2,\"name\":\"MERCATO - Paul Pogba rejoint Monaco\"}]},{\"@type\":\"Person\",\"@id\":\"https:\/\/www.nettali.com\/#\/schema\/person\/bb147657c2986240405a608162b9bb23\",\"name\":\"Ibrahima\",\"image\":{\"@type\":\"ImageObject\",\"@id\":\"https:\/\/www.nettali.com\/#personlogo\",\"inLanguage\":\"fr-FR\",\"url\":\"https:\/\/secure.gravatar.com\/avatar\/26a8a81f09f0dd7624c9d5c36c9ba3a2?s=96&d=mm&r=g\",\"contentUrl\":\"https:\/\/secure.gravatar.com\/avatar\/26a8a81f09f0dd7624c9d5c36c9ba3a2?s=96&d=mm&r=g\",\"caption\":\"Ibrahima\"},\"sameAs\":[\"https:\/\/www.nettali.com\"]}]}<\/script>\n<!-- \/ Yoast SEO Premium plugin. -->","yoast_head_json":{"title":"MERCATO - Paul Pogba rejoint Monaco | Nettali.com","robots":{"index":"index","follow":"follow","max-snippet":"max-snippet:-1","max-image-preview":"max-image-preview:large","max-video-preview":"max-video-preview:-1"},"canonical":"https:\/\/www.nettali.com\/2025\/06\/28\/mercato-paul-pogba-rejoint-monaco\/","og_locale":"fr_FR","og_type":"article","og_title":"MERCATO - Paul Pogba rejoint Monaco","og_description":"NETTALI.COM - L\u2019AS Monaco a officialis\u00e9 la signature de Paul Pogba, ce samedi 28 juin. T\u00eate d\u2019affiche du mercato du club, le champion du monde 2018 rejoint la Principaut\u00e9 pour deux saisons. Son dernier match remonte \u00e0 septembre 2023 sous les couleurs de la Juventus Turin. Paul Pogba est officiellement un joueur de l\u2019AS Monaco. [&hellip;]","og_url":"https:\/\/www.nettali.com\/2025\/06\/28\/mercato-paul-pogba-rejoint-monaco\/","og_site_name":"Nettali.com","article_publisher":"https:\/\/www.facebook.com\/nettalicom","article_published_time":"2025-06-28T18:46:31+00:00","og_image":[{"width":1160,"height":650,"url":"https:\/\/www.nettali.com\/wp-content\/uploads\/2025\/06\/2025-06-28-signature-paul-pogba-02401.jpg","type":"image\/jpeg"}],"twitter_card":"summary_large_image","twitter_misc":{"\u00c9crit par":"Ibrahima","Dur\u00e9e de lecture estim\u00e9e":"2 minutes"},"schema":{"@context":"https:\/\/schema.org","@graph":[{"@type":"WebSite","@id":"https:\/\/www.nettali.com\/#website","url":"https:\/\/www.nettali.com\/","name":"Nettali.com","description":"Le rendez-vous critique du Net","potentialAction":[{"@type":"SearchAction","target":{"@type":"EntryPoint","urlTemplate":"https:\/\/www.nettali.com\/?s={search_term_string}"},"query-input":"required name=search_term_string"}],"inLanguage":"fr-FR"},{"@type":"ImageObject","@id":"https:\/\/www.nettali.com\/2025\/06\/28\/mercato-paul-pogba-rejoint-monaco\/#primaryimage","inLanguage":"fr-FR","url":"https:\/\/www.nettali.com\/wp-content\/uploads\/2025\/06\/2025-06-28-signature-paul-pogba-02401.jpg","contentUrl":"https:\/\/www.nettali.com\/wp-content\/uploads\/2025\/06\/2025-06-28-signature-paul-pogba-02401.jpg","width":1160,"height":650},{"@type":"WebPage","@id":"https:\/\/www.nettali.com\/2025\/06\/28\/mercato-paul-pogba-rejoint-monaco\/#webpage","url":"https:\/\/www.nettali.com\/2025\/06\/28\/mercato-paul-pogba-rejoint-monaco\/","name":"MERCATO - Paul Pogba rejoint Monaco | Nettali.com","isPartOf":{"@id":"https:\/\/www.nettali.com\/#website"},"primaryImageOfPage":{"@id":"https:\/\/www.nettali.com\/2025\/06\/28\/mercato-paul-pogba-rejoint-monaco\/#primaryimage"},"datePublished":"2025-06-28T18:46:31+00:00","dateModified":"2025-06-28T18:46:31+00:00","author":{"@id":"https:\/\/www.nettali.com\/#\/schema\/person\/bb147657c2986240405a608162b9bb23"},"breadcrumb":{"@id":"https:\/\/www.nettali.com\/2025\/06\/28\/mercato-paul-pogba-rejoint-monaco\/#breadcrumb"},"inLanguage":"fr-FR","potentialAction":[{"@type":"ReadAction","target":["https:\/\/www.nettali.com\/2025\/06\/28\/mercato-paul-pogba-rejoint-monaco\/"]}]},{"@type":"BreadcrumbList","@id":"https:\/\/www.nettali.com\/2025\/06\/28\/mercato-paul-pogba-rejoint-monaco\/#breadcrumb","itemListElement":[{"@type":"ListItem","position":1,"name":"Accueil","item":"https:\/\/www.nettali.com\/"},{"@type":"ListItem","position":2,"name":"MERCATO - Paul Pogba rejoint Monaco"}]},{"@type":"Person","@id":"https:\/\/www.nettali.com\/#\/schema\/person\/bb147657c2986240405a608162b9bb23","name":"Ibrahima","image":{"@type":"ImageObject","@id":"https:\/\/www.nettali.com\/#personlogo","inLanguage":"fr-FR","url":"https:\/\/secure.gravatar.com\/avatar\/26a8a81f09f0dd7624c9d5c36c9ba3a2?s=96&d=mm&r=g","contentUrl":"https:\/\/secure.gravatar.com\/avatar\/26a8a81f09f0dd7624c9d5c36c9ba3a2?s=96&d=mm&r=g","caption":"Ibrahima"},"sameAs":["https:\/\/www.nettali.com"]}]}},"_links":{"self":[{"href":"https:\/\/www.nettali.com\/rest\/wp\/v2\/posts\/156633"}],"collection":[{"href":"https:\/\/www.nettali.com\/rest\/wp\/v2\/posts"}],"about":[{"href":"https:\/\/www.nettali.com\/rest\/wp\/v2\/types\/post"}],"author":[{"embeddable":true,"href":"https:\/\/www.nettali.com\/rest\/wp\/v2\/users\/5"}],"replies":[{"embeddable":true,"href":"https:\/\/www.nettali.com\/rest\/wp\/v2\/comments?post=156633"}],"version-history":[{"count":1,"href":"https:\/\/www.nettali.com\/rest\/wp\/v2\/posts\/156633\/revisions"}],"predecessor-version":[{"id":156635,"href":"https:\/\/www.nettali.com\/rest\/wp\/v2\/posts\/156633\/revisions\/156635"}],"wp:featuredmedia":[{"embeddable":true,"href":"https:\/\/www.nettali.com\/rest\/wp\/v2\/media\/156634"}],"wp:attachment":[{"href":"https:\/\/www.nettali.com\/rest\/wp\/v2\/media?parent=156633"}],"wp:term":[{"taxonomy":"category","embeddable":true,"href":"https:\/\/www.nettali.com\/rest\/wp\/v2\/categories?post=156633"},{"taxonomy":"post_tag","embeddable":true,"href":"https:\/\/www.nettali.com\/rest\/wp\/v2\/tags?post=156633"}],"curies":[{"name":"wp","href":"https:\/\/api.w.org\/{rel}","templated":true}]}}