{"id":156612,"date":"2025-06-29T18:05:07","date_gmt":"2025-06-29T18:05:07","guid":{"rendered":"https:\/\/www.nettali.com\/?p=156612"},"modified":"2025-06-29T15:05:35","modified_gmt":"2025-06-29T15:05:35","slug":"ousmane-sonko-thomas-sankara-entre-posture-revolutionnaire-et-signaux-discordants","status":"publish","type":"post","link":"https:\/\/www.nettali.com\/2025\/06\/29\/ousmane-sonko-thomas-sankara-entre-posture-revolutionnaire-et-signaux-discordants\/","title":{"rendered":"OUSMANE SONKO-THOMAS SANKARA\u00a0: \u00a0entre posture r\u00e9volutionnaire et signaux discordants"},"content":{"rendered":"<p><strong>NETTALI.COM - Depuis son arriv\u00e9e \u00e0 la t\u00eate du gouvernement s\u00e9n\u00e9galais, Ousmane Sonko s\u2019est impos\u00e9 comme le h\u00e9raut d\u2019un discours anti-syst\u00e8me, souverainiste et panafricaniste, reprenant \u00e0 son compte les r\u00e9f\u00e9rences aux figures r\u00e9volutionnaires africaines. Parmi elles, Thomas Sankara reste l\u2019ic\u00f4ne absolue d\u2019une gouvernance sobre et d\u2019un engagement anti-imp\u00e9rialiste sinc\u00e8re. Mais derri\u00e8re la posture, les faits r\u00e9cents laissent poindre un d\u00e9calage entre l\u2019ambition proclam\u00e9e et les r\u00e9alit\u00e9s du pouvoir.<\/strong><\/p>\n<h3 data-start=\"863\" data-end=\"916\"><strong data-start=\"867\" data-end=\"916\">Deux discours, une m\u00eame ambition : la rupture<\/strong><\/h3>\n<p><strong data-start=\"920\" data-end=\"938\">Thomas Sankara<\/strong> : Pr\u00e9sident du Burkina Faso de 1983 \u00e0 1987, Sankara pr\u00f4nait une rupture radicale avec l\u2019ordre n\u00e9ocolonial, une aust\u00e9rit\u00e9 dans la gestion de l\u2019\u00c9tat et la moralisation de la vie publique. Refusant les privil\u00e8ges, il avait interdit les voyages en premi\u00e8re classe \u00e0 ses ministres et rappel\u00e9 avec ironie : <em data-start=\"1244\" data-end=\"1295\">\u00ab On arrive tous \u00e0 destination \u00e0 la m\u00eame heure. \u00bb<\/em><\/p>\n<p><strong data-start=\"1301\" data-end=\"1318\">Ousmane Sonko<\/strong> : Dans la m\u00eame veine, Sonko a b\u00e2ti son ascension politique en d\u00e9non\u00e7ant les d\u00e9rives des \u00e9lites s\u00e9n\u00e9galaises, la mainmise des puissances \u00e9trang\u00e8res et les passe-droits fiscaux accord\u00e9s aux groupes \u00e9conomiques proches du pouvoir. Son programme se voulait celui d\u2019une gouvernance sobre, nationale et \u00e9thique.<\/p>\n<h3 data-start=\"1626\" data-end=\"1668\"><strong data-start=\"1630\" data-end=\"1668\">Des actes qui fissurent la posture<\/strong><\/h3>\n<p data-start=\"1670\" data-end=\"1997\">L\u00e0 o\u00f9 Sankara incarnait au quotidien ce qu\u2019il pr\u00eachait, refusant voitures de luxe et r\u00e9sidences officielles excessives, des signaux discordants apparaissent d\u00e9j\u00e0 autour de Sonko. La r\u00e9cente information \u00e9voquant la mise \u00e0 disposition d\u2019un jet priv\u00e9 par un grand patron, en d\u00e9licatesse avec le fisc s\u00e9n\u00e9galais, interroge.<\/p>\n<p data-start=\"1999\" data-end=\"2238\">L\u2019image devient lourde de symboles : la photo de Thomas Sankara ornerait-elle la cabine de ce jet priv\u00e9\u202f? Que reste-t-il alors de la promesse de rupture si le nouveau pouvoir s\u2019appuie sur les m\u00eames r\u00e9seaux et pratiques jadis d\u00e9nonc\u00e9s\u202f?<\/p>\n<p data-start=\"2240\" data-end=\"2496\">Cette situation rappelle la formule bien sentie : <em data-start=\"2290\" data-end=\"2340\">\u00ab La posture n\u2019est jamais loin de l\u2019imposture. \u00bb<\/em> Elle questionne la capacit\u00e9 d\u2019un pouvoir issu de la contestation \u00e0 r\u00e9sister \u00e0 la douce ivresse des avantages et connivences qu\u2019offre la fonction ex\u00e9cutive.<\/p>\n<p>L\u2019histoire enseigne que les pouvoirs r\u00e9volutionnaires d\u00e9\u00e7oivent souvent par leur incapacit\u00e9 \u00e0 rester fid\u00e8les \u00e0 leurs engagements initiaux face aux tentations du pouvoir et aux pressions de l\u2019appareil d\u2019\u00c9tat. Sonko, en flirtant avec des privil\u00e8ges qu\u2019il d\u00e9non\u00e7ait, prend le risque de d\u00e9sacraliser son capital politique et de brouiller son image aupr\u00e8s d\u2019une jeunesse et d\u2019une opinion qui lui demandaient d\u2019\u00eatre le \u00ab Sankara s\u00e9n\u00e9galais \u00bb.<\/p>\n<p>Comparer Ousmane Sonko \u00e0 Thomas Sankara, c\u2019est opposer deux figures qui ont r\u00eav\u00e9 de rupture mais dont les trajectoires pourraient diff\u00e9rer dans leur capacit\u00e9 \u00e0 incarner leurs convictions. Sankara a assum\u00e9 jusqu\u2019\u00e0 la fin sa ligne de conduite, en payant le prix ultime. Pour Sonko, les prochains mois diront s\u2019il restera l\u2019homme de la doctrine ou s\u2019il c\u00e9dera \u00e0 l\u2019ivresse du pouvoir qu\u2019il conspuait hier.<\/p>\n<p data-start=\"3431\" data-end=\"3577\">L\u2019histoire africaine est coutumi\u00e8re de ces r\u00eaves avort\u00e9s. Le S\u00e9n\u00e9gal ne peut se permettre de faire de la posture un \u00e9ni\u00e8me masque d\u2019imposture.<\/p>\n<div class='share-to-whatsapp-wrapper'><div class='share-on-whsp'>PARTAGER SUR : <\/div><a data-text='OUSMANE SONKO-THOMAS SANKARA\u00a0: \u00a0entre posture r\u00e9volutionnaire et signaux discordants' data-link='https:\/\/www.nettali.com\/2025\/06\/29\/ousmane-sonko-thomas-sankara-entre-posture-revolutionnaire-et-signaux-discordants\/' class='whatsapp-button whatsapp-share'>WhatsApp<\/a><div class='clear '><\/div><\/div>","protected":false},"excerpt":{"rendered":"<p>NETTALI.COM - Depuis son arriv\u00e9e \u00e0 la t\u00eate du gouvernement s\u00e9n\u00e9galais, Ousmane Sonko s\u2019est impos\u00e9 comme le h\u00e9raut d\u2019un discours anti-syst\u00e8me, souverainiste et panafricaniste, reprenant \u00e0 son compte les r\u00e9f\u00e9rences aux figures r\u00e9volutionnaires africaines. Parmi elles, Thomas Sankara reste l\u2019ic\u00f4ne absolue d\u2019une gouvernance sobre et d\u2019un engagement anti-imp\u00e9rialiste sinc\u00e8re. Mais derri\u00e8re la posture, les faits [&hellip;]<\/p>\n","protected":false},"author":4,"featured_media":156613,"comment_status":"open","ping_status":"open","sticky":false,"template":"","format":"standard","meta":{"_et_pb_use_builder":"","_et_pb_old_content":""},"categories":[34932],"tags":[],"yoast_head":"<!-- This site is optimized with the Yoast SEO Premium plugin v17.8 (Yoast SEO v17.8) - https:\/\/yoast.com\/wordpress\/plugins\/seo\/ -->\n<title>OUSMANE SONKO-THOMAS SANKARA\u00a0: \u00a0entre posture r\u00e9volutionnaire et signaux discordants | Nettali.com<\/title>\n<meta name=\"robots\" content=\"index, follow, max-snippet:-1, max-image-preview:large, max-video-preview:-1\" \/>\n<link rel=\"canonical\" href=\"https:\/\/www.nettali.com\/2025\/06\/29\/ousmane-sonko-thomas-sankara-entre-posture-revolutionnaire-et-signaux-discordants\/\" \/>\n<meta property=\"og:locale\" content=\"fr_FR\" \/>\n<meta property=\"og:type\" content=\"article\" \/>\n<meta property=\"og:title\" content=\"OUSMANE SONKO-THOMAS SANKARA\u00a0: \u00a0entre posture r\u00e9volutionnaire et signaux discordants\" \/>\n<meta property=\"og:description\" content=\"NETTALI.COM - Depuis son arriv\u00e9e \u00e0 la t\u00eate du gouvernement s\u00e9n\u00e9galais, Ousmane Sonko s\u2019est impos\u00e9 comme le h\u00e9raut d\u2019un discours anti-syst\u00e8me, souverainiste et panafricaniste, reprenant \u00e0 son compte les r\u00e9f\u00e9rences aux figures r\u00e9volutionnaires africaines. Parmi elles, Thomas Sankara reste l\u2019ic\u00f4ne absolue d\u2019une gouvernance sobre et d\u2019un engagement anti-imp\u00e9rialiste sinc\u00e8re. Mais derri\u00e8re la posture, les faits [&hellip;]\" \/>\n<meta property=\"og:url\" content=\"https:\/\/www.nettali.com\/2025\/06\/29\/ousmane-sonko-thomas-sankara-entre-posture-revolutionnaire-et-signaux-discordants\/\" \/>\n<meta property=\"og:site_name\" content=\"Nettali.com\" \/>\n<meta property=\"article:publisher\" content=\"https:\/\/www.facebook.com\/nettalicom\" \/>\n<meta property=\"article:published_time\" content=\"2025-06-29T18:05:07+00:00\" \/>\n<meta property=\"article:modified_time\" content=\"2025-06-29T15:05:35+00:00\" \/>\n<meta property=\"og:image\" content=\"https:\/\/www.nettali.com\/wp-content\/uploads\/2025\/06\/Sonko-Sankara-e1751100015834.jpg\" \/>\n\t<meta property=\"og:image:width\" content=\"1889\" \/>\n\t<meta property=\"og:image:height\" content=\"1105\" \/>\n<meta name=\"twitter:card\" content=\"summary_large_image\" \/>\n<meta name=\"twitter:label1\" content=\"\u00c9crit par\" \/>\n\t<meta name=\"twitter:data1\" content=\"Daouda\" \/>\n\t<meta name=\"twitter:label2\" content=\"Dur\u00e9e de lecture estim\u00e9e\" \/>\n\t<meta name=\"twitter:data2\" content=\"3 minutes\" \/>\n<script type=\"application\/ld+json\" class=\"yoast-schema-graph\">{\"@context\":\"https:\/\/schema.org\",\"@graph\":[{\"@type\":\"WebSite\",\"@id\":\"https:\/\/www.nettali.com\/#website\",\"url\":\"https:\/\/www.nettali.com\/\",\"name\":\"Nettali.com\",\"description\":\"Le rendez-vous critique du Net\",\"potentialAction\":[{\"@type\":\"SearchAction\",\"target\":{\"@type\":\"EntryPoint\",\"urlTemplate\":\"https:\/\/www.nettali.com\/?s={search_term_string}\"},\"query-input\":\"required name=search_term_string\"}],\"inLanguage\":\"fr-FR\"},{\"@type\":\"ImageObject\",\"@id\":\"https:\/\/www.nettali.com\/2025\/06\/29\/ousmane-sonko-thomas-sankara-entre-posture-revolutionnaire-et-signaux-discordants\/#primaryimage\",\"inLanguage\":\"fr-FR\",\"url\":\"https:\/\/www.nettali.com\/wp-content\/uploads\/2025\/06\/Sonko-Sankara-e1751100015834.jpg\",\"contentUrl\":\"https:\/\/www.nettali.com\/wp-content\/uploads\/2025\/06\/Sonko-Sankara-e1751100015834.jpg\",\"width\":1889,\"height\":1105},{\"@type\":\"WebPage\",\"@id\":\"https:\/\/www.nettali.com\/2025\/06\/29\/ousmane-sonko-thomas-sankara-entre-posture-revolutionnaire-et-signaux-discordants\/#webpage\",\"url\":\"https:\/\/www.nettali.com\/2025\/06\/29\/ousmane-sonko-thomas-sankara-entre-posture-revolutionnaire-et-signaux-discordants\/\",\"name\":\"OUSMANE SONKO-THOMAS SANKARA\\u00a0: \\u00a0entre posture r\\u00e9volutionnaire et signaux discordants | Nettali.com\",\"isPartOf\":{\"@id\":\"https:\/\/www.nettali.com\/#website\"},\"primaryImageOfPage\":{\"@id\":\"https:\/\/www.nettali.com\/2025\/06\/29\/ousmane-sonko-thomas-sankara-entre-posture-revolutionnaire-et-signaux-discordants\/#primaryimage\"},\"datePublished\":\"2025-06-29T18:05:07+00:00\",\"dateModified\":\"2025-06-29T15:05:35+00:00\",\"author\":{\"@id\":\"https:\/\/www.nettali.com\/#\/schema\/person\/3317e0bb3aa1da309fbf7b2780901bf4\"},\"breadcrumb\":{\"@id\":\"https:\/\/www.nettali.com\/2025\/06\/29\/ousmane-sonko-thomas-sankara-entre-posture-revolutionnaire-et-signaux-discordants\/#breadcrumb\"},\"inLanguage\":\"fr-FR\",\"potentialAction\":[{\"@type\":\"ReadAction\",\"target\":[\"https:\/\/www.nettali.com\/2025\/06\/29\/ousmane-sonko-thomas-sankara-entre-posture-revolutionnaire-et-signaux-discordants\/\"]}]},{\"@type\":\"BreadcrumbList\",\"@id\":\"https:\/\/www.nettali.com\/2025\/06\/29\/ousmane-sonko-thomas-sankara-entre-posture-revolutionnaire-et-signaux-discordants\/#breadcrumb\",\"itemListElement\":[{\"@type\":\"ListItem\",\"position\":1,\"name\":\"Accueil\",\"item\":\"https:\/\/www.nettali.com\/\"},{\"@type\":\"ListItem\",\"position\":2,\"name\":\"OUSMANE SONKO-THOMAS SANKARA\\u00a0: \\u00a0entre posture r\\u00e9volutionnaire et signaux discordants\"}]},{\"@type\":\"Person\",\"@id\":\"https:\/\/www.nettali.com\/#\/schema\/person\/3317e0bb3aa1da309fbf7b2780901bf4\",\"name\":\"Daouda\",\"image\":{\"@type\":\"ImageObject\",\"@id\":\"https:\/\/www.nettali.com\/#personlogo\",\"inLanguage\":\"fr-FR\",\"url\":\"https:\/\/secure.gravatar.com\/avatar\/8d143b5a49345098ddcfee1c49c2f47c?s=96&d=mm&r=g\",\"contentUrl\":\"https:\/\/secure.gravatar.com\/avatar\/8d143b5a49345098ddcfee1c49c2f47c?s=96&d=mm&r=g\",\"caption\":\"Daouda\"},\"sameAs\":[\"https:\/\/www.nettali.com\"]}]}<\/script>\n<!-- \/ Yoast SEO Premium plugin. -->","yoast_head_json":{"title":"OUSMANE SONKO-THOMAS SANKARA\u00a0: \u00a0entre posture r\u00e9volutionnaire et signaux discordants | Nettali.com","robots":{"index":"index","follow":"follow","max-snippet":"max-snippet:-1","max-image-preview":"max-image-preview:large","max-video-preview":"max-video-preview:-1"},"canonical":"https:\/\/www.nettali.com\/2025\/06\/29\/ousmane-sonko-thomas-sankara-entre-posture-revolutionnaire-et-signaux-discordants\/","og_locale":"fr_FR","og_type":"article","og_title":"OUSMANE SONKO-THOMAS SANKARA\u00a0: \u00a0entre posture r\u00e9volutionnaire et signaux discordants","og_description":"NETTALI.COM - Depuis son arriv\u00e9e \u00e0 la t\u00eate du gouvernement s\u00e9n\u00e9galais, Ousmane Sonko s\u2019est impos\u00e9 comme le h\u00e9raut d\u2019un discours anti-syst\u00e8me, souverainiste et panafricaniste, reprenant \u00e0 son compte les r\u00e9f\u00e9rences aux figures r\u00e9volutionnaires africaines. Parmi elles, Thomas Sankara reste l\u2019ic\u00f4ne absolue d\u2019une gouvernance sobre et d\u2019un engagement anti-imp\u00e9rialiste sinc\u00e8re. Mais derri\u00e8re la posture, les faits [&hellip;]","og_url":"https:\/\/www.nettali.com\/2025\/06\/29\/ousmane-sonko-thomas-sankara-entre-posture-revolutionnaire-et-signaux-discordants\/","og_site_name":"Nettali.com","article_publisher":"https:\/\/www.facebook.com\/nettalicom","article_published_time":"2025-06-29T18:05:07+00:00","article_modified_time":"2025-06-29T15:05:35+00:00","og_image":[{"width":1889,"height":1105,"url":"https:\/\/www.nettali.com\/wp-content\/uploads\/2025\/06\/Sonko-Sankara-e1751100015834.jpg","type":"image\/jpeg"}],"twitter_card":"summary_large_image","twitter_misc":{"\u00c9crit par":"Daouda","Dur\u00e9e de lecture estim\u00e9e":"3 minutes"},"schema":{"@context":"https:\/\/schema.org","@graph":[{"@type":"WebSite","@id":"https:\/\/www.nettali.com\/#website","url":"https:\/\/www.nettali.com\/","name":"Nettali.com","description":"Le rendez-vous critique du Net","potentialAction":[{"@type":"SearchAction","target":{"@type":"EntryPoint","urlTemplate":"https:\/\/www.nettali.com\/?s={search_term_string}"},"query-input":"required name=search_term_string"}],"inLanguage":"fr-FR"},{"@type":"ImageObject","@id":"https:\/\/www.nettali.com\/2025\/06\/29\/ousmane-sonko-thomas-sankara-entre-posture-revolutionnaire-et-signaux-discordants\/#primaryimage","inLanguage":"fr-FR","url":"https:\/\/www.nettali.com\/wp-content\/uploads\/2025\/06\/Sonko-Sankara-e1751100015834.jpg","contentUrl":"https:\/\/www.nettali.com\/wp-content\/uploads\/2025\/06\/Sonko-Sankara-e1751100015834.jpg","width":1889,"height":1105},{"@type":"WebPage","@id":"https:\/\/www.nettali.com\/2025\/06\/29\/ousmane-sonko-thomas-sankara-entre-posture-revolutionnaire-et-signaux-discordants\/#webpage","url":"https:\/\/www.nettali.com\/2025\/06\/29\/ousmane-sonko-thomas-sankara-entre-posture-revolutionnaire-et-signaux-discordants\/","name":"OUSMANE SONKO-THOMAS SANKARA\u00a0: \u00a0entre posture r\u00e9volutionnaire et signaux discordants | Nettali.com","isPartOf":{"@id":"https:\/\/www.nettali.com\/#website"},"primaryImageOfPage":{"@id":"https:\/\/www.nettali.com\/2025\/06\/29\/ousmane-sonko-thomas-sankara-entre-posture-revolutionnaire-et-signaux-discordants\/#primaryimage"},"datePublished":"2025-06-29T18:05:07+00:00","dateModified":"2025-06-29T15:05:35+00:00","author":{"@id":"https:\/\/www.nettali.com\/#\/schema\/person\/3317e0bb3aa1da309fbf7b2780901bf4"},"breadcrumb":{"@id":"https:\/\/www.nettali.com\/2025\/06\/29\/ousmane-sonko-thomas-sankara-entre-posture-revolutionnaire-et-signaux-discordants\/#breadcrumb"},"inLanguage":"fr-FR","potentialAction":[{"@type":"ReadAction","target":["https:\/\/www.nettali.com\/2025\/06\/29\/ousmane-sonko-thomas-sankara-entre-posture-revolutionnaire-et-signaux-discordants\/"]}]},{"@type":"BreadcrumbList","@id":"https:\/\/www.nettali.com\/2025\/06\/29\/ousmane-sonko-thomas-sankara-entre-posture-revolutionnaire-et-signaux-discordants\/#breadcrumb","itemListElement":[{"@type":"ListItem","position":1,"name":"Accueil","item":"https:\/\/www.nettali.com\/"},{"@type":"ListItem","position":2,"name":"OUSMANE SONKO-THOMAS SANKARA\u00a0: \u00a0entre posture r\u00e9volutionnaire et signaux discordants"}]},{"@type":"Person","@id":"https:\/\/www.nettali.com\/#\/schema\/person\/3317e0bb3aa1da309fbf7b2780901bf4","name":"Daouda","image":{"@type":"ImageObject","@id":"https:\/\/www.nettali.com\/#personlogo","inLanguage":"fr-FR","url":"https:\/\/secure.gravatar.com\/avatar\/8d143b5a49345098ddcfee1c49c2f47c?s=96&d=mm&r=g","contentUrl":"https:\/\/secure.gravatar.com\/avatar\/8d143b5a49345098ddcfee1c49c2f47c?s=96&d=mm&r=g","caption":"Daouda"},"sameAs":["https:\/\/www.nettali.com"]}]}},"_links":{"self":[{"href":"https:\/\/www.nettali.com\/rest\/wp\/v2\/posts\/156612"}],"collection":[{"href":"https:\/\/www.nettali.com\/rest\/wp\/v2\/posts"}],"about":[{"href":"https:\/\/www.nettali.com\/rest\/wp\/v2\/types\/post"}],"author":[{"embeddable":true,"href":"https:\/\/www.nettali.com\/rest\/wp\/v2\/users\/4"}],"replies":[{"embeddable":true,"href":"https:\/\/www.nettali.com\/rest\/wp\/v2\/comments?post=156612"}],"version-history":[{"count":1,"href":"https:\/\/www.nettali.com\/rest\/wp\/v2\/posts\/156612\/revisions"}],"predecessor-version":[{"id":156614,"href":"https:\/\/www.nettali.com\/rest\/wp\/v2\/posts\/156612\/revisions\/156614"}],"wp:featuredmedia":[{"embeddable":true,"href":"https:\/\/www.nettali.com\/rest\/wp\/v2\/media\/156613"}],"wp:attachment":[{"href":"https:\/\/www.nettali.com\/rest\/wp\/v2\/media?parent=156612"}],"wp:term":[{"taxonomy":"category","embeddable":true,"href":"https:\/\/www.nettali.com\/rest\/wp\/v2\/categories?post=156612"},{"taxonomy":"post_tag","embeddable":true,"href":"https:\/\/www.nettali.com\/rest\/wp\/v2\/tags?post=156612"}],"curies":[{"name":"wp","href":"https:\/\/api.w.org\/{rel}","templated":true}]}}