{"id":156568,"date":"2025-06-27T10:09:08","date_gmt":"2025-06-27T10:09:08","guid":{"rendered":"https:\/\/www.nettali.com\/?p=156568"},"modified":"2025-06-27T11:09:23","modified_gmt":"2025-06-27T11:09:23","slug":"meurtre-de-modou-mbacke-un-sixieme-suspect-interpelle-a-sicap-mbao","status":"publish","type":"post","link":"https:\/\/www.nettali.com\/2025\/06\/27\/meurtre-de-modou-mbacke-un-sixieme-suspect-interpelle-a-sicap-mbao\/","title":{"rendered":"MEURTRE DE MODOU MBACK\u00c9 - Un sixi\u00e8me suspect interpell\u00e9 \u00e0 Sicap Mbao"},"content":{"rendered":"<p><strong>NETTALI.COM - Le commissariat d\u2019arrondissement de Yembeul Comico a annonc\u00e9 ce mercredi l\u2019arrestation d\u2019un nouveau suspect dans le cadre de l\u2019enqu\u00eate sur l\u2019agression mortelle de Modou Mback\u00e9 Ndiaye, survenue le 5 juin 2025 \u00e0 Afia 6. La victime avait \u00e9t\u00e9 tu\u00e9e devant son domicile lors d\u2019une violente agression.<\/strong><\/p>\n<p>Selon le communiqu\u00e9 officiel, le suspect a \u00e9t\u00e9 interpell\u00e9 \u00e0 Diamagu\u00e8ne Sicap Mbao, suite \u00e0 un signalement anonyme ayant permis de le localiser au niveau du rond-point EDK. Il \u00e9tait en fuite depuis les faits, et cinq de ses complices avaient d\u00e9j\u00e0 \u00e9t\u00e9 arr\u00eat\u00e9s dans les jours pr\u00e9c\u00e9dents.<\/p>\n<p>La police pr\u00e9cise que l\u2019homme appr\u00e9hend\u00e9 est poursuivi pour : \"<em>association de<\/em> <em>malfaiteurs<\/em>\", \"<em>Meurtre<\/em>\", \"<em>vol en r\u00e9union avec violence, commis de nuit avec usage de moyens roulants<\/em>\" et \"<em>d\u00e9tention de pilules d\u2019ecstasy<\/em>\"<\/p>\n<p>Lors de son arrestation, trois pilules d\u2019ecstasy ont \u00e9t\u00e9 retrouv\u00e9es sur lui. Il a \u00e9t\u00e9 plac\u00e9 en garde \u00e0 vue, et l\u2019enqu\u00eate suit son cours.<\/p>\n<div class='share-to-whatsapp-wrapper'><div class='share-on-whsp'>PARTAGER SUR : <\/div><a data-text='MEURTRE DE MODOU MBACK\u00c9 - Un sixi\u00e8me suspect interpell\u00e9 \u00e0 Sicap Mbao' data-link='https:\/\/www.nettali.com\/2025\/06\/27\/meurtre-de-modou-mbacke-un-sixieme-suspect-interpelle-a-sicap-mbao\/' class='whatsapp-button whatsapp-share'>WhatsApp<\/a><div class='clear '><\/div><\/div>","protected":false},"excerpt":{"rendered":"<p>NETTALI.COM - Le commissariat d\u2019arrondissement de Yembeul Comico a annonc\u00e9 ce mercredi l\u2019arrestation d\u2019un nouveau suspect dans le cadre de l\u2019enqu\u00eate sur l\u2019agression mortelle de Modou Mback\u00e9 Ndiaye, survenue le 5 juin 2025 \u00e0 Afia 6. La victime avait \u00e9t\u00e9 tu\u00e9e devant son domicile lors d\u2019une violente agression. Selon le communiqu\u00e9 officiel, le suspect a [&hellip;]<\/p>\n","protected":false},"author":5,"featured_media":34933,"comment_status":"open","ping_status":"open","sticky":false,"template":"","format":"standard","meta":{"_et_pb_use_builder":"","_et_pb_old_content":""},"categories":[3],"tags":[],"yoast_head":"<!-- This site is optimized with the Yoast SEO Premium plugin v17.8 (Yoast SEO v17.8) - https:\/\/yoast.com\/wordpress\/plugins\/seo\/ -->\n<title>MEURTRE DE MODOU MBACK\u00c9 - Un sixi\u00e8me suspect interpell\u00e9 \u00e0 Sicap Mbao | Nettali.com<\/title>\n<meta name=\"robots\" content=\"index, follow, max-snippet:-1, max-image-preview:large, max-video-preview:-1\" \/>\n<link rel=\"canonical\" href=\"https:\/\/www.nettali.com\/2025\/06\/27\/meurtre-de-modou-mbacke-un-sixieme-suspect-interpelle-a-sicap-mbao\/\" \/>\n<meta property=\"og:locale\" content=\"fr_FR\" \/>\n<meta property=\"og:type\" content=\"article\" \/>\n<meta property=\"og:title\" content=\"MEURTRE DE MODOU MBACK\u00c9 - Un sixi\u00e8me suspect interpell\u00e9 \u00e0 Sicap Mbao\" \/>\n<meta property=\"og:description\" content=\"NETTALI.COM - Le commissariat d\u2019arrondissement de Yembeul Comico a annonc\u00e9 ce mercredi l\u2019arrestation d\u2019un nouveau suspect dans le cadre de l\u2019enqu\u00eate sur l\u2019agression mortelle de Modou Mback\u00e9 Ndiaye, survenue le 5 juin 2025 \u00e0 Afia 6. La victime avait \u00e9t\u00e9 tu\u00e9e devant son domicile lors d\u2019une violente agression. Selon le communiqu\u00e9 officiel, le suspect a [&hellip;]\" \/>\n<meta property=\"og:url\" content=\"https:\/\/www.nettali.com\/2025\/06\/27\/meurtre-de-modou-mbacke-un-sixieme-suspect-interpelle-a-sicap-mbao\/\" \/>\n<meta property=\"og:site_name\" content=\"Nettali.com\" \/>\n<meta property=\"article:publisher\" content=\"https:\/\/www.facebook.com\/nettalicom\" \/>\n<meta property=\"article:published_time\" content=\"2025-06-27T10:09:08+00:00\" \/>\n<meta property=\"article:modified_time\" content=\"2025-06-27T11:09:23+00:00\" \/>\n<meta property=\"og:image\" content=\"https:\/\/www.nettali.com\/wp-content\/uploads\/2020\/04\/arrestation-afrique-1-696x348-1.jpg\" \/>\n\t<meta property=\"og:image:width\" content=\"696\" \/>\n\t<meta property=\"og:image:height\" content=\"348\" \/>\n<meta name=\"twitter:card\" content=\"summary_large_image\" \/>\n<meta name=\"twitter:label1\" content=\"\u00c9crit par\" \/>\n\t<meta name=\"twitter:data1\" content=\"Ibrahima\" \/>\n\t<meta name=\"twitter:label2\" content=\"Dur\u00e9e de lecture estim\u00e9e\" \/>\n\t<meta name=\"twitter:data2\" content=\"1 minute\" \/>\n<script type=\"application\/ld+json\" class=\"yoast-schema-graph\">{\"@context\":\"https:\/\/schema.org\",\"@graph\":[{\"@type\":\"WebSite\",\"@id\":\"https:\/\/www.nettali.com\/#website\",\"url\":\"https:\/\/www.nettali.com\/\",\"name\":\"Nettali.com\",\"description\":\"Le rendez-vous critique du Net\",\"potentialAction\":[{\"@type\":\"SearchAction\",\"target\":{\"@type\":\"EntryPoint\",\"urlTemplate\":\"https:\/\/www.nettali.com\/?s={search_term_string}\"},\"query-input\":\"required name=search_term_string\"}],\"inLanguage\":\"fr-FR\"},{\"@type\":\"ImageObject\",\"@id\":\"https:\/\/www.nettali.com\/2025\/06\/27\/meurtre-de-modou-mbacke-un-sixieme-suspect-interpelle-a-sicap-mbao\/#primaryimage\",\"inLanguage\":\"fr-FR\",\"url\":\"https:\/\/www.nettali.com\/wp-content\/uploads\/2020\/04\/arrestation-afrique-1-696x348-1.jpg\",\"contentUrl\":\"https:\/\/www.nettali.com\/wp-content\/uploads\/2020\/04\/arrestation-afrique-1-696x348-1.jpg\",\"width\":696,\"height\":348},{\"@type\":\"WebPage\",\"@id\":\"https:\/\/www.nettali.com\/2025\/06\/27\/meurtre-de-modou-mbacke-un-sixieme-suspect-interpelle-a-sicap-mbao\/#webpage\",\"url\":\"https:\/\/www.nettali.com\/2025\/06\/27\/meurtre-de-modou-mbacke-un-sixieme-suspect-interpelle-a-sicap-mbao\/\",\"name\":\"MEURTRE DE MODOU MBACK\\u00c9 - Un sixi\\u00e8me suspect interpell\\u00e9 \\u00e0 Sicap Mbao | Nettali.com\",\"isPartOf\":{\"@id\":\"https:\/\/www.nettali.com\/#website\"},\"primaryImageOfPage\":{\"@id\":\"https:\/\/www.nettali.com\/2025\/06\/27\/meurtre-de-modou-mbacke-un-sixieme-suspect-interpelle-a-sicap-mbao\/#primaryimage\"},\"datePublished\":\"2025-06-27T10:09:08+00:00\",\"dateModified\":\"2025-06-27T11:09:23+00:00\",\"author\":{\"@id\":\"https:\/\/www.nettali.com\/#\/schema\/person\/bb147657c2986240405a608162b9bb23\"},\"breadcrumb\":{\"@id\":\"https:\/\/www.nettali.com\/2025\/06\/27\/meurtre-de-modou-mbacke-un-sixieme-suspect-interpelle-a-sicap-mbao\/#breadcrumb\"},\"inLanguage\":\"fr-FR\",\"potentialAction\":[{\"@type\":\"ReadAction\",\"target\":[\"https:\/\/www.nettali.com\/2025\/06\/27\/meurtre-de-modou-mbacke-un-sixieme-suspect-interpelle-a-sicap-mbao\/\"]}]},{\"@type\":\"BreadcrumbList\",\"@id\":\"https:\/\/www.nettali.com\/2025\/06\/27\/meurtre-de-modou-mbacke-un-sixieme-suspect-interpelle-a-sicap-mbao\/#breadcrumb\",\"itemListElement\":[{\"@type\":\"ListItem\",\"position\":1,\"name\":\"Accueil\",\"item\":\"https:\/\/www.nettali.com\/\"},{\"@type\":\"ListItem\",\"position\":2,\"name\":\"MEURTRE DE MODOU MBACK\\u00c9 - Un sixi\\u00e8me suspect interpell\\u00e9 \\u00e0 Sicap Mbao\"}]},{\"@type\":\"Person\",\"@id\":\"https:\/\/www.nettali.com\/#\/schema\/person\/bb147657c2986240405a608162b9bb23\",\"name\":\"Ibrahima\",\"image\":{\"@type\":\"ImageObject\",\"@id\":\"https:\/\/www.nettali.com\/#personlogo\",\"inLanguage\":\"fr-FR\",\"url\":\"https:\/\/secure.gravatar.com\/avatar\/26a8a81f09f0dd7624c9d5c36c9ba3a2?s=96&d=mm&r=g\",\"contentUrl\":\"https:\/\/secure.gravatar.com\/avatar\/26a8a81f09f0dd7624c9d5c36c9ba3a2?s=96&d=mm&r=g\",\"caption\":\"Ibrahima\"},\"sameAs\":[\"https:\/\/www.nettali.com\"]}]}<\/script>\n<!-- \/ Yoast SEO Premium plugin. -->","yoast_head_json":{"title":"MEURTRE DE MODOU MBACK\u00c9 - Un sixi\u00e8me suspect interpell\u00e9 \u00e0 Sicap Mbao | Nettali.com","robots":{"index":"index","follow":"follow","max-snippet":"max-snippet:-1","max-image-preview":"max-image-preview:large","max-video-preview":"max-video-preview:-1"},"canonical":"https:\/\/www.nettali.com\/2025\/06\/27\/meurtre-de-modou-mbacke-un-sixieme-suspect-interpelle-a-sicap-mbao\/","og_locale":"fr_FR","og_type":"article","og_title":"MEURTRE DE MODOU MBACK\u00c9 - Un sixi\u00e8me suspect interpell\u00e9 \u00e0 Sicap Mbao","og_description":"NETTALI.COM - Le commissariat d\u2019arrondissement de Yembeul Comico a annonc\u00e9 ce mercredi l\u2019arrestation d\u2019un nouveau suspect dans le cadre de l\u2019enqu\u00eate sur l\u2019agression mortelle de Modou Mback\u00e9 Ndiaye, survenue le 5 juin 2025 \u00e0 Afia 6. La victime avait \u00e9t\u00e9 tu\u00e9e devant son domicile lors d\u2019une violente agression. Selon le communiqu\u00e9 officiel, le suspect a [&hellip;]","og_url":"https:\/\/www.nettali.com\/2025\/06\/27\/meurtre-de-modou-mbacke-un-sixieme-suspect-interpelle-a-sicap-mbao\/","og_site_name":"Nettali.com","article_publisher":"https:\/\/www.facebook.com\/nettalicom","article_published_time":"2025-06-27T10:09:08+00:00","article_modified_time":"2025-06-27T11:09:23+00:00","og_image":[{"width":696,"height":348,"url":"https:\/\/www.nettali.com\/wp-content\/uploads\/2020\/04\/arrestation-afrique-1-696x348-1.jpg","type":"image\/jpeg"}],"twitter_card":"summary_large_image","twitter_misc":{"\u00c9crit par":"Ibrahima","Dur\u00e9e de lecture estim\u00e9e":"1 minute"},"schema":{"@context":"https:\/\/schema.org","@graph":[{"@type":"WebSite","@id":"https:\/\/www.nettali.com\/#website","url":"https:\/\/www.nettali.com\/","name":"Nettali.com","description":"Le rendez-vous critique du Net","potentialAction":[{"@type":"SearchAction","target":{"@type":"EntryPoint","urlTemplate":"https:\/\/www.nettali.com\/?s={search_term_string}"},"query-input":"required name=search_term_string"}],"inLanguage":"fr-FR"},{"@type":"ImageObject","@id":"https:\/\/www.nettali.com\/2025\/06\/27\/meurtre-de-modou-mbacke-un-sixieme-suspect-interpelle-a-sicap-mbao\/#primaryimage","inLanguage":"fr-FR","url":"https:\/\/www.nettali.com\/wp-content\/uploads\/2020\/04\/arrestation-afrique-1-696x348-1.jpg","contentUrl":"https:\/\/www.nettali.com\/wp-content\/uploads\/2020\/04\/arrestation-afrique-1-696x348-1.jpg","width":696,"height":348},{"@type":"WebPage","@id":"https:\/\/www.nettali.com\/2025\/06\/27\/meurtre-de-modou-mbacke-un-sixieme-suspect-interpelle-a-sicap-mbao\/#webpage","url":"https:\/\/www.nettali.com\/2025\/06\/27\/meurtre-de-modou-mbacke-un-sixieme-suspect-interpelle-a-sicap-mbao\/","name":"MEURTRE DE MODOU MBACK\u00c9 - Un sixi\u00e8me suspect interpell\u00e9 \u00e0 Sicap Mbao | Nettali.com","isPartOf":{"@id":"https:\/\/www.nettali.com\/#website"},"primaryImageOfPage":{"@id":"https:\/\/www.nettali.com\/2025\/06\/27\/meurtre-de-modou-mbacke-un-sixieme-suspect-interpelle-a-sicap-mbao\/#primaryimage"},"datePublished":"2025-06-27T10:09:08+00:00","dateModified":"2025-06-27T11:09:23+00:00","author":{"@id":"https:\/\/www.nettali.com\/#\/schema\/person\/bb147657c2986240405a608162b9bb23"},"breadcrumb":{"@id":"https:\/\/www.nettali.com\/2025\/06\/27\/meurtre-de-modou-mbacke-un-sixieme-suspect-interpelle-a-sicap-mbao\/#breadcrumb"},"inLanguage":"fr-FR","potentialAction":[{"@type":"ReadAction","target":["https:\/\/www.nettali.com\/2025\/06\/27\/meurtre-de-modou-mbacke-un-sixieme-suspect-interpelle-a-sicap-mbao\/"]}]},{"@type":"BreadcrumbList","@id":"https:\/\/www.nettali.com\/2025\/06\/27\/meurtre-de-modou-mbacke-un-sixieme-suspect-interpelle-a-sicap-mbao\/#breadcrumb","itemListElement":[{"@type":"ListItem","position":1,"name":"Accueil","item":"https:\/\/www.nettali.com\/"},{"@type":"ListItem","position":2,"name":"MEURTRE DE MODOU MBACK\u00c9 - Un sixi\u00e8me suspect interpell\u00e9 \u00e0 Sicap Mbao"}]},{"@type":"Person","@id":"https:\/\/www.nettali.com\/#\/schema\/person\/bb147657c2986240405a608162b9bb23","name":"Ibrahima","image":{"@type":"ImageObject","@id":"https:\/\/www.nettali.com\/#personlogo","inLanguage":"fr-FR","url":"https:\/\/secure.gravatar.com\/avatar\/26a8a81f09f0dd7624c9d5c36c9ba3a2?s=96&d=mm&r=g","contentUrl":"https:\/\/secure.gravatar.com\/avatar\/26a8a81f09f0dd7624c9d5c36c9ba3a2?s=96&d=mm&r=g","caption":"Ibrahima"},"sameAs":["https:\/\/www.nettali.com"]}]}},"_links":{"self":[{"href":"https:\/\/www.nettali.com\/rest\/wp\/v2\/posts\/156568"}],"collection":[{"href":"https:\/\/www.nettali.com\/rest\/wp\/v2\/posts"}],"about":[{"href":"https:\/\/www.nettali.com\/rest\/wp\/v2\/types\/post"}],"author":[{"embeddable":true,"href":"https:\/\/www.nettali.com\/rest\/wp\/v2\/users\/5"}],"replies":[{"embeddable":true,"href":"https:\/\/www.nettali.com\/rest\/wp\/v2\/comments?post=156568"}],"version-history":[{"count":1,"href":"https:\/\/www.nettali.com\/rest\/wp\/v2\/posts\/156568\/revisions"}],"predecessor-version":[{"id":156569,"href":"https:\/\/www.nettali.com\/rest\/wp\/v2\/posts\/156568\/revisions\/156569"}],"wp:featuredmedia":[{"embeddable":true,"href":"https:\/\/www.nettali.com\/rest\/wp\/v2\/media\/34933"}],"wp:attachment":[{"href":"https:\/\/www.nettali.com\/rest\/wp\/v2\/media?parent=156568"}],"wp:term":[{"taxonomy":"category","embeddable":true,"href":"https:\/\/www.nettali.com\/rest\/wp\/v2\/categories?post=156568"},{"taxonomy":"post_tag","embeddable":true,"href":"https:\/\/www.nettali.com\/rest\/wp\/v2\/tags?post=156568"}],"curies":[{"name":"wp","href":"https:\/\/api.w.org\/{rel}","templated":true}]}}