{"id":156555,"date":"2025-06-27T08:43:35","date_gmt":"2025-06-27T08:43:35","guid":{"rendered":"https:\/\/www.nettali.com\/?p=156555"},"modified":"2025-06-27T08:43:35","modified_gmt":"2025-06-27T08:43:35","slug":"psg-le-mercato-une-reflexion-offensive","status":"publish","type":"post","link":"https:\/\/www.nettali.com\/2025\/06\/27\/psg-le-mercato-une-reflexion-offensive\/","title":{"rendered":"PSG - Le mercato, une r\u00e9flexion offensive"},"content":{"rendered":"<p><strong>NETTALI.COM -<\/strong> PSG Le mercato, une r\u00e9flexion offensive Il ne s'agit pas d'un secret, le Paris Saint-Germain cible en priorit\u00e9 un d\u00e9fenseur central droitier sur ce mercato d'\u00e9t\u00e9 avec des n\u00e9gociations en cours avec Bourne-mouth pour Illya Zabarnyi. Mais sur le plan offensif, des mouvements sont aussi attendus.<\/p>\n<p>D'apr\u00e8s le quotidien \"L'Equipe\" ce jeudi 26 juin, l'entra\u00eeneur parisien Luis Enrique penche pour le recrutement d'un ailier suppl\u00e9mentaire, capable d'\u00e9voluer \u00e0 plusieurs postes. Dans le m\u00eame temps, l'arriv\u00e9e d'un avant-centre, afin de seconder Ousmane Demb\u00e9l\u00e9, n'est pas \u00e0 \u00e9carter, selon les d\u00e9parts, notamment si Gon\u00e7alo Ramos et Kang-in Lee sont vendus.<\/p>\n<p>Ainsi, le conseiller sportif francilien Luis Campos a d\u00e9j\u00e0 activ\u00e9 plusieurs pistes au poste de num\u00e9ro 9. Pour le moment, cette r\u00e9flexion du PSG se trouve en stand-by en raison de la Coupe du monde des Clubs.<\/p>\n<div class='share-to-whatsapp-wrapper'><div class='share-on-whsp'>PARTAGER SUR : <\/div><a data-text='PSG - Le mercato, une r\u00e9flexion offensive' data-link='https:\/\/www.nettali.com\/2025\/06\/27\/psg-le-mercato-une-reflexion-offensive\/' class='whatsapp-button whatsapp-share'>WhatsApp<\/a><div class='clear '><\/div><\/div>","protected":false},"excerpt":{"rendered":"<p>NETTALI.COM - PSG Le mercato, une r\u00e9flexion offensive Il ne s'agit pas d'un secret, le Paris Saint-Germain cible en priorit\u00e9 un d\u00e9fenseur central droitier sur ce mercato d'\u00e9t\u00e9 avec des n\u00e9gociations en cours avec Bourne-mouth pour Illya Zabarnyi. Mais sur le plan offensif, des mouvements sont aussi attendus. D'apr\u00e8s le quotidien \"L'Equipe\" ce jeudi 26 [&hellip;]<\/p>\n","protected":false},"author":2,"featured_media":156556,"comment_status":"open","ping_status":"open","sticky":false,"template":"","format":"standard","meta":{"_et_pb_use_builder":"","_et_pb_old_content":""},"categories":[6],"tags":[],"yoast_head":"<!-- This site is optimized with the Yoast SEO Premium plugin v17.8 (Yoast SEO v17.8) - https:\/\/yoast.com\/wordpress\/plugins\/seo\/ -->\n<title>PSG - Le mercato, une r\u00e9flexion offensive | Nettali.com<\/title>\n<meta name=\"robots\" content=\"index, follow, max-snippet:-1, max-image-preview:large, max-video-preview:-1\" \/>\n<link rel=\"canonical\" href=\"https:\/\/www.nettali.com\/2025\/06\/27\/psg-le-mercato-une-reflexion-offensive\/\" \/>\n<meta property=\"og:locale\" content=\"fr_FR\" \/>\n<meta property=\"og:type\" content=\"article\" \/>\n<meta property=\"og:title\" content=\"PSG - Le mercato, une r\u00e9flexion offensive\" \/>\n<meta property=\"og:description\" content=\"NETTALI.COM - PSG Le mercato, une r\u00e9flexion offensive Il ne s&#039;agit pas d&#039;un secret, le Paris Saint-Germain cible en priorit\u00e9 un d\u00e9fenseur central droitier sur ce mercato d&#039;\u00e9t\u00e9 avec des n\u00e9gociations en cours avec Bourne-mouth pour Illya Zabarnyi. Mais sur le plan offensif, des mouvements sont aussi attendus. D&#039;apr\u00e8s le quotidien &quot;L&#039;Equipe&quot; ce jeudi 26 [&hellip;]\" \/>\n<meta property=\"og:url\" content=\"https:\/\/www.nettali.com\/2025\/06\/27\/psg-le-mercato-une-reflexion-offensive\/\" \/>\n<meta property=\"og:site_name\" content=\"Nettali.com\" \/>\n<meta property=\"article:publisher\" content=\"https:\/\/www.facebook.com\/nettalicom\" \/>\n<meta property=\"article:published_time\" content=\"2025-06-27T08:43:35+00:00\" \/>\n<meta property=\"og:image\" content=\"https:\/\/www.nettali.com\/wp-content\/uploads\/2025\/06\/Luis-Enrique-Luis-Campos.jpg\" \/>\n\t<meta property=\"og:image:width\" content=\"700\" \/>\n\t<meta property=\"og:image:height\" content=\"350\" \/>\n<meta name=\"twitter:card\" content=\"summary_large_image\" \/>\n<meta name=\"twitter:label1\" content=\"\u00c9crit par\" \/>\n\t<meta name=\"twitter:data1\" content=\"CK\" \/>\n\t<meta name=\"twitter:label2\" content=\"Dur\u00e9e de lecture estim\u00e9e\" \/>\n\t<meta name=\"twitter:data2\" content=\"1 minute\" \/>\n<script type=\"application\/ld+json\" class=\"yoast-schema-graph\">{\"@context\":\"https:\/\/schema.org\",\"@graph\":[{\"@type\":\"WebSite\",\"@id\":\"https:\/\/www.nettali.com\/#website\",\"url\":\"https:\/\/www.nettali.com\/\",\"name\":\"Nettali.com\",\"description\":\"Le rendez-vous critique du Net\",\"potentialAction\":[{\"@type\":\"SearchAction\",\"target\":{\"@type\":\"EntryPoint\",\"urlTemplate\":\"https:\/\/www.nettali.com\/?s={search_term_string}\"},\"query-input\":\"required name=search_term_string\"}],\"inLanguage\":\"fr-FR\"},{\"@type\":\"ImageObject\",\"@id\":\"https:\/\/www.nettali.com\/2025\/06\/27\/psg-le-mercato-une-reflexion-offensive\/#primaryimage\",\"inLanguage\":\"fr-FR\",\"url\":\"https:\/\/www.nettali.com\/wp-content\/uploads\/2025\/06\/Luis-Enrique-Luis-Campos.jpg\",\"contentUrl\":\"https:\/\/www.nettali.com\/wp-content\/uploads\/2025\/06\/Luis-Enrique-Luis-Campos.jpg\",\"width\":700,\"height\":350},{\"@type\":\"WebPage\",\"@id\":\"https:\/\/www.nettali.com\/2025\/06\/27\/psg-le-mercato-une-reflexion-offensive\/#webpage\",\"url\":\"https:\/\/www.nettali.com\/2025\/06\/27\/psg-le-mercato-une-reflexion-offensive\/\",\"name\":\"PSG - Le mercato, une r\\u00e9flexion offensive | Nettali.com\",\"isPartOf\":{\"@id\":\"https:\/\/www.nettali.com\/#website\"},\"primaryImageOfPage\":{\"@id\":\"https:\/\/www.nettali.com\/2025\/06\/27\/psg-le-mercato-une-reflexion-offensive\/#primaryimage\"},\"datePublished\":\"2025-06-27T08:43:35+00:00\",\"dateModified\":\"2025-06-27T08:43:35+00:00\",\"author\":{\"@id\":\"https:\/\/www.nettali.com\/#\/schema\/person\/d8ac7b7e27ddad43f1c0d2ef090d7f71\"},\"breadcrumb\":{\"@id\":\"https:\/\/www.nettali.com\/2025\/06\/27\/psg-le-mercato-une-reflexion-offensive\/#breadcrumb\"},\"inLanguage\":\"fr-FR\",\"potentialAction\":[{\"@type\":\"ReadAction\",\"target\":[\"https:\/\/www.nettali.com\/2025\/06\/27\/psg-le-mercato-une-reflexion-offensive\/\"]}]},{\"@type\":\"BreadcrumbList\",\"@id\":\"https:\/\/www.nettali.com\/2025\/06\/27\/psg-le-mercato-une-reflexion-offensive\/#breadcrumb\",\"itemListElement\":[{\"@type\":\"ListItem\",\"position\":1,\"name\":\"Accueil\",\"item\":\"https:\/\/www.nettali.com\/\"},{\"@type\":\"ListItem\",\"position\":2,\"name\":\"PSG - Le mercato, une r\\u00e9flexion offensive\"}]},{\"@type\":\"Person\",\"@id\":\"https:\/\/www.nettali.com\/#\/schema\/person\/d8ac7b7e27ddad43f1c0d2ef090d7f71\",\"name\":\"CK\",\"image\":{\"@type\":\"ImageObject\",\"@id\":\"https:\/\/www.nettali.com\/#personlogo\",\"inLanguage\":\"fr-FR\",\"url\":\"https:\/\/secure.gravatar.com\/avatar\/1d8d5118b9327d94da7cd4ce7f17fec2?s=96&d=mm&r=g\",\"contentUrl\":\"https:\/\/secure.gravatar.com\/avatar\/1d8d5118b9327d94da7cd4ce7f17fec2?s=96&d=mm&r=g\",\"caption\":\"CK\"},\"sameAs\":[\"https:\/\/www.nettali.com\"]}]}<\/script>\n<!-- \/ Yoast SEO Premium plugin. -->","yoast_head_json":{"title":"PSG - Le mercato, une r\u00e9flexion offensive | Nettali.com","robots":{"index":"index","follow":"follow","max-snippet":"max-snippet:-1","max-image-preview":"max-image-preview:large","max-video-preview":"max-video-preview:-1"},"canonical":"https:\/\/www.nettali.com\/2025\/06\/27\/psg-le-mercato-une-reflexion-offensive\/","og_locale":"fr_FR","og_type":"article","og_title":"PSG - Le mercato, une r\u00e9flexion offensive","og_description":"NETTALI.COM - PSG Le mercato, une r\u00e9flexion offensive Il ne s'agit pas d'un secret, le Paris Saint-Germain cible en priorit\u00e9 un d\u00e9fenseur central droitier sur ce mercato d'\u00e9t\u00e9 avec des n\u00e9gociations en cours avec Bourne-mouth pour Illya Zabarnyi. Mais sur le plan offensif, des mouvements sont aussi attendus. D'apr\u00e8s le quotidien \"L'Equipe\" ce jeudi 26 [&hellip;]","og_url":"https:\/\/www.nettali.com\/2025\/06\/27\/psg-le-mercato-une-reflexion-offensive\/","og_site_name":"Nettali.com","article_publisher":"https:\/\/www.facebook.com\/nettalicom","article_published_time":"2025-06-27T08:43:35+00:00","og_image":[{"width":700,"height":350,"url":"https:\/\/www.nettali.com\/wp-content\/uploads\/2025\/06\/Luis-Enrique-Luis-Campos.jpg","type":"image\/jpeg"}],"twitter_card":"summary_large_image","twitter_misc":{"\u00c9crit par":"CK","Dur\u00e9e de lecture estim\u00e9e":"1 minute"},"schema":{"@context":"https:\/\/schema.org","@graph":[{"@type":"WebSite","@id":"https:\/\/www.nettali.com\/#website","url":"https:\/\/www.nettali.com\/","name":"Nettali.com","description":"Le rendez-vous critique du Net","potentialAction":[{"@type":"SearchAction","target":{"@type":"EntryPoint","urlTemplate":"https:\/\/www.nettali.com\/?s={search_term_string}"},"query-input":"required name=search_term_string"}],"inLanguage":"fr-FR"},{"@type":"ImageObject","@id":"https:\/\/www.nettali.com\/2025\/06\/27\/psg-le-mercato-une-reflexion-offensive\/#primaryimage","inLanguage":"fr-FR","url":"https:\/\/www.nettali.com\/wp-content\/uploads\/2025\/06\/Luis-Enrique-Luis-Campos.jpg","contentUrl":"https:\/\/www.nettali.com\/wp-content\/uploads\/2025\/06\/Luis-Enrique-Luis-Campos.jpg","width":700,"height":350},{"@type":"WebPage","@id":"https:\/\/www.nettali.com\/2025\/06\/27\/psg-le-mercato-une-reflexion-offensive\/#webpage","url":"https:\/\/www.nettali.com\/2025\/06\/27\/psg-le-mercato-une-reflexion-offensive\/","name":"PSG - Le mercato, une r\u00e9flexion offensive | Nettali.com","isPartOf":{"@id":"https:\/\/www.nettali.com\/#website"},"primaryImageOfPage":{"@id":"https:\/\/www.nettali.com\/2025\/06\/27\/psg-le-mercato-une-reflexion-offensive\/#primaryimage"},"datePublished":"2025-06-27T08:43:35+00:00","dateModified":"2025-06-27T08:43:35+00:00","author":{"@id":"https:\/\/www.nettali.com\/#\/schema\/person\/d8ac7b7e27ddad43f1c0d2ef090d7f71"},"breadcrumb":{"@id":"https:\/\/www.nettali.com\/2025\/06\/27\/psg-le-mercato-une-reflexion-offensive\/#breadcrumb"},"inLanguage":"fr-FR","potentialAction":[{"@type":"ReadAction","target":["https:\/\/www.nettali.com\/2025\/06\/27\/psg-le-mercato-une-reflexion-offensive\/"]}]},{"@type":"BreadcrumbList","@id":"https:\/\/www.nettali.com\/2025\/06\/27\/psg-le-mercato-une-reflexion-offensive\/#breadcrumb","itemListElement":[{"@type":"ListItem","position":1,"name":"Accueil","item":"https:\/\/www.nettali.com\/"},{"@type":"ListItem","position":2,"name":"PSG - Le mercato, une r\u00e9flexion offensive"}]},{"@type":"Person","@id":"https:\/\/www.nettali.com\/#\/schema\/person\/d8ac7b7e27ddad43f1c0d2ef090d7f71","name":"CK","image":{"@type":"ImageObject","@id":"https:\/\/www.nettali.com\/#personlogo","inLanguage":"fr-FR","url":"https:\/\/secure.gravatar.com\/avatar\/1d8d5118b9327d94da7cd4ce7f17fec2?s=96&d=mm&r=g","contentUrl":"https:\/\/secure.gravatar.com\/avatar\/1d8d5118b9327d94da7cd4ce7f17fec2?s=96&d=mm&r=g","caption":"CK"},"sameAs":["https:\/\/www.nettali.com"]}]}},"_links":{"self":[{"href":"https:\/\/www.nettali.com\/rest\/wp\/v2\/posts\/156555"}],"collection":[{"href":"https:\/\/www.nettali.com\/rest\/wp\/v2\/posts"}],"about":[{"href":"https:\/\/www.nettali.com\/rest\/wp\/v2\/types\/post"}],"author":[{"embeddable":true,"href":"https:\/\/www.nettali.com\/rest\/wp\/v2\/users\/2"}],"replies":[{"embeddable":true,"href":"https:\/\/www.nettali.com\/rest\/wp\/v2\/comments?post=156555"}],"version-history":[{"count":1,"href":"https:\/\/www.nettali.com\/rest\/wp\/v2\/posts\/156555\/revisions"}],"predecessor-version":[{"id":156557,"href":"https:\/\/www.nettali.com\/rest\/wp\/v2\/posts\/156555\/revisions\/156557"}],"wp:featuredmedia":[{"embeddable":true,"href":"https:\/\/www.nettali.com\/rest\/wp\/v2\/media\/156556"}],"wp:attachment":[{"href":"https:\/\/www.nettali.com\/rest\/wp\/v2\/media?parent=156555"}],"wp:term":[{"taxonomy":"category","embeddable":true,"href":"https:\/\/www.nettali.com\/rest\/wp\/v2\/categories?post=156555"},{"taxonomy":"post_tag","embeddable":true,"href":"https:\/\/www.nettali.com\/rest\/wp\/v2\/tags?post=156555"}],"curies":[{"name":"wp","href":"https:\/\/api.w.org\/{rel}","templated":true}]}}