{"id":156545,"date":"2025-06-27T08:25:27","date_gmt":"2025-06-27T08:25:27","guid":{"rendered":"https:\/\/www.nettali.com\/?p=156545"},"modified":"2025-06-27T17:12:35","modified_gmt":"2025-06-27T17:12:35","slug":"polemique-gestion-economique-lapr-exige-des-comptes-sur-la-dette","status":"publish","type":"post","link":"https:\/\/www.nettali.com\/2025\/06\/27\/polemique-gestion-economique-lapr-exige-des-comptes-sur-la-dette\/","title":{"rendered":"POL\u00c9MIQUE GESTION \u00c9CONOMIQUE ET DES LIBERT\u00c9S PUBLIQUES - L\u2019APR exige des comptes sur la dette et d\u00e9nonce une d\u00e9rive autoritaire"},"content":{"rendered":"<p><strong>NETTALI.COM -<\/strong> R\u00e9uni le mercredi dernier 25 juin, le Secr\u00e9tariat ex\u00e9cutif national (Sen) de l\u2019Alliance pour la R\u00e9publique (APR) a pass\u00e9 en revue plusieurs sujets d\u2019actualit\u00e9, aussi bien nationaux qu\u2019internationaux.<\/p>\n<p>Au coeur des pr\u00e9occupations : la gouvernance \u00e9conomique jug\u00e9e d\u00e9faillante, les atteintes r\u00e9p\u00e9t\u00e9es aux libert\u00e9s fondamentales et une exigence de transparence sur la gestion de la dette et des march\u00e9s publics. Sur le projet de loi de finances rectificative 2025, les cadres du parti fond\u00e9 par Macky Sall d\u00e9noncent un \u201crythme effr\u00e9n\u00e9 et irresponsable d\u2019endettement\u201d, dans un communiqu\u00e9 re\u00e7u hier \u00e0 \u201cNettali.com\u201d.<\/p>\n<p>Selon eux, 10 200 milliards de francs CFA ont \u00e9t\u00e9 contract\u00e9s en deux ans, soit 4 500 milliards en 2024 et 5 700 milliards en 2025. \u201c<em>Ce niveau d\u2019endettement est \u00e9quivalent \u00e0 celui enregistr\u00e9 sur cinq ann\u00e9es sous notre r\u00e9gime, en d\u00e9pit d\u2019une pand\u00e9mie mondiale, d\u2019une guerre en Europe et de grands projets structurants<\/em>\u201d, indique le communiqu\u00e9.<\/p>\n<p>L\u2019APR demande donc des explications claires sur l\u2019utilisation de ces montants, soulignant l\u2019absence de projets d\u2019envergure ou d\u2019impact tangible sur la vie des S\u00e9n\u00e9galais.<\/p>\n<p>Le parti va plus loin en r\u00e9clamant la cr\u00e9ation d\u2019un minist\u00e8re consacr\u00e9 exclusivement \u00e0 l\u2019endettement et la publication imm\u00e9diate du Bulletin statistique de la dette publique, dont le dernier num\u00e9ro date de juin 2024.<\/p>\n<p>Le Sen exprime \u00e9galement sa profonde indignation face \u00e0 l\u2019arrestation du journaliste Bachir Fofana, qu\u2019il qualifie de \u201c<em>cible d\u2019un r\u00e9gime d\u00e9termin\u00e9 \u00e0 restreindre les espaces de libert\u00e9<\/em>\u201d. Le parti d\u00e9nonce ce qu\u2019il consid\u00e8re comme une volont\u00e9 manifeste d\u2019instaurer la terreur dans un pays cens\u00e9 \u00eatre r\u00e9gi par l\u2019\u00c9tat de droit. Dans le m\u00eame registre, les responsables de l\u2019APR exigent la lib\u00e9ration de plusieurs figures politiques et activistes : Moustapha Diakhat\u00e9, Abdou Nguer, Assane Diouf et J\u00e9r\u00f4me Bandiaky. Ils condamnent \u201cune tentative ignoble d\u2019effacer les libert\u00e9s et d\u2019imposer une dictature rampante\u201d.<\/p>\n<p>L\u2019APR s\u2019interroge \u00e9galement sur les proc\u00e9dures d\u2019attribution du march\u00e9 de v\u00e9hicules lanc\u00e9 par l\u2019Assembl\u00e9e nationale. Le parti demande que toute la lumi\u00e8re soit faite sur ce march\u00e9 et r\u00e9clame la publication de l\u2019identit\u00e9 de l\u2019attributaire, au nom de la transparence et de la bonne gouvernance.<\/p>\n<p>Par ailleurs, le Sen f\u00e9licite ses militants pour la mobilisation lors de la marche du 21 juin \u00e0 Saint- Louis, en soutien \u00e0 l\u2019ancien ministre Mansour Faye et \u00e0 d\u2019autres responsables politiques de l\u2019APR plac\u00e9s en d\u00e9tention ou vis\u00e9s par des mesures judiciaires.<\/p>\n<p>Sur le plan international, le parti salue le cessez-le-feu entre l\u2019Iran et Isra\u00ebl et appelle \u00e0 la reprise des n\u00e9gociations sous l\u2019\u00e9gide de l\u2019ONU. Il condamne \u00e9galement \u201c<em>les crimes commis \u00e0 Gaza depuis le 7 octobre 2023<\/em>\u201d et pr\u00f4ne la solution \u00e0 deux \u00c9tats comme seule issue viable au conflit isra\u00e9lo-palestinien.<\/p>\n<div class='share-to-whatsapp-wrapper'><div class='share-on-whsp'>PARTAGER SUR : <\/div><a data-text='POL\u00c9MIQUE GESTION \u00c9CONOMIQUE ET DES LIBERT\u00c9S PUBLIQUES - L\u2019APR exige des comptes sur la dette et d\u00e9nonce une d\u00e9rive autoritaire' data-link='https:\/\/www.nettali.com\/2025\/06\/27\/polemique-gestion-economique-lapr-exige-des-comptes-sur-la-dette\/' class='whatsapp-button whatsapp-share'>WhatsApp<\/a><div class='clear '><\/div><\/div>","protected":false},"excerpt":{"rendered":"<p>NETTALI.COM - R\u00e9uni le mercredi dernier 25 juin, le Secr\u00e9tariat ex\u00e9cutif national (Sen) de l\u2019Alliance pour la R\u00e9publique (APR) a pass\u00e9 en revue plusieurs sujets d\u2019actualit\u00e9, aussi bien nationaux qu\u2019internationaux. Au coeur des pr\u00e9occupations : la gouvernance \u00e9conomique jug\u00e9e d\u00e9faillante, les atteintes r\u00e9p\u00e9t\u00e9es aux libert\u00e9s fondamentales et une exigence de transparence sur la gestion de [&hellip;]<\/p>\n","protected":false},"author":2,"featured_media":156546,"comment_status":"open","ping_status":"open","sticky":false,"template":"","format":"standard","meta":{"_et_pb_use_builder":"","_et_pb_old_content":""},"categories":[34945],"tags":[],"yoast_head":"<!-- This site is optimized with the Yoast SEO Premium plugin v17.8 (Yoast SEO v17.8) - https:\/\/yoast.com\/wordpress\/plugins\/seo\/ -->\n<title>POL\u00c9MIQUE GESTION \u00c9CONOMIQUE ET DES LIBERT\u00c9S PUBLIQUES - L\u2019APR exige des comptes sur la dette et d\u00e9nonce une d\u00e9rive autoritaire | Nettali.com<\/title>\n<meta name=\"robots\" content=\"index, follow, max-snippet:-1, max-image-preview:large, max-video-preview:-1\" \/>\n<link rel=\"canonical\" href=\"https:\/\/www.nettali.com\/2025\/06\/27\/polemique-gestion-economique-lapr-exige-des-comptes-sur-la-dette\/\" \/>\n<meta property=\"og:locale\" content=\"fr_FR\" \/>\n<meta property=\"og:type\" content=\"article\" \/>\n<meta property=\"og:title\" content=\"POL\u00c9MIQUE GESTION \u00c9CONOMIQUE ET DES LIBERT\u00c9S PUBLIQUES - L\u2019APR exige des comptes sur la dette et d\u00e9nonce une d\u00e9rive autoritaire\" \/>\n<meta property=\"og:description\" content=\"NETTALI.COM - R\u00e9uni le mercredi dernier 25 juin, le Secr\u00e9tariat ex\u00e9cutif national (Sen) de l\u2019Alliance pour la R\u00e9publique (APR) a pass\u00e9 en revue plusieurs sujets d\u2019actualit\u00e9, aussi bien nationaux qu\u2019internationaux. Au coeur des pr\u00e9occupations : la gouvernance \u00e9conomique jug\u00e9e d\u00e9faillante, les atteintes r\u00e9p\u00e9t\u00e9es aux libert\u00e9s fondamentales et une exigence de transparence sur la gestion de [&hellip;]\" \/>\n<meta property=\"og:url\" content=\"https:\/\/www.nettali.com\/2025\/06\/27\/polemique-gestion-economique-lapr-exige-des-comptes-sur-la-dette\/\" \/>\n<meta property=\"og:site_name\" content=\"Nettali.com\" \/>\n<meta property=\"article:publisher\" content=\"https:\/\/www.facebook.com\/nettalicom\" \/>\n<meta property=\"article:published_time\" content=\"2025-06-27T08:25:27+00:00\" \/>\n<meta property=\"article:modified_time\" content=\"2025-06-27T17:12:35+00:00\" \/>\n<meta property=\"og:image\" content=\"https:\/\/www.nettali.com\/wp-content\/uploads\/2025\/06\/89580518-63318918.jpg\" \/>\n\t<meta property=\"og:image:width\" content=\"610\" \/>\n\t<meta property=\"og:image:height\" content=\"404\" \/>\n<meta name=\"twitter:card\" content=\"summary_large_image\" \/>\n<meta name=\"twitter:label1\" content=\"\u00c9crit par\" \/>\n\t<meta name=\"twitter:data1\" content=\"CK\" \/>\n\t<meta name=\"twitter:label2\" content=\"Dur\u00e9e de lecture estim\u00e9e\" \/>\n\t<meta name=\"twitter:data2\" content=\"2 minutes\" \/>\n<script type=\"application\/ld+json\" class=\"yoast-schema-graph\">{\"@context\":\"https:\/\/schema.org\",\"@graph\":[{\"@type\":\"WebSite\",\"@id\":\"https:\/\/www.nettali.com\/#website\",\"url\":\"https:\/\/www.nettali.com\/\",\"name\":\"Nettali.com\",\"description\":\"Le rendez-vous critique du Net\",\"potentialAction\":[{\"@type\":\"SearchAction\",\"target\":{\"@type\":\"EntryPoint\",\"urlTemplate\":\"https:\/\/www.nettali.com\/?s={search_term_string}\"},\"query-input\":\"required name=search_term_string\"}],\"inLanguage\":\"fr-FR\"},{\"@type\":\"ImageObject\",\"@id\":\"https:\/\/www.nettali.com\/2025\/06\/27\/polemique-gestion-economique-lapr-exige-des-comptes-sur-la-dette\/#primaryimage\",\"inLanguage\":\"fr-FR\",\"url\":\"https:\/\/www.nettali.com\/wp-content\/uploads\/2025\/06\/89580518-63318918.jpg\",\"contentUrl\":\"https:\/\/www.nettali.com\/wp-content\/uploads\/2025\/06\/89580518-63318918.jpg\",\"width\":610,\"height\":404},{\"@type\":\"WebPage\",\"@id\":\"https:\/\/www.nettali.com\/2025\/06\/27\/polemique-gestion-economique-lapr-exige-des-comptes-sur-la-dette\/#webpage\",\"url\":\"https:\/\/www.nettali.com\/2025\/06\/27\/polemique-gestion-economique-lapr-exige-des-comptes-sur-la-dette\/\",\"name\":\"POL\\u00c9MIQUE GESTION \\u00c9CONOMIQUE ET DES LIBERT\\u00c9S PUBLIQUES - L\\u2019APR exige des comptes sur la dette et d\\u00e9nonce une d\\u00e9rive autoritaire | Nettali.com\",\"isPartOf\":{\"@id\":\"https:\/\/www.nettali.com\/#website\"},\"primaryImageOfPage\":{\"@id\":\"https:\/\/www.nettali.com\/2025\/06\/27\/polemique-gestion-economique-lapr-exige-des-comptes-sur-la-dette\/#primaryimage\"},\"datePublished\":\"2025-06-27T08:25:27+00:00\",\"dateModified\":\"2025-06-27T17:12:35+00:00\",\"author\":{\"@id\":\"https:\/\/www.nettali.com\/#\/schema\/person\/d8ac7b7e27ddad43f1c0d2ef090d7f71\"},\"breadcrumb\":{\"@id\":\"https:\/\/www.nettali.com\/2025\/06\/27\/polemique-gestion-economique-lapr-exige-des-comptes-sur-la-dette\/#breadcrumb\"},\"inLanguage\":\"fr-FR\",\"potentialAction\":[{\"@type\":\"ReadAction\",\"target\":[\"https:\/\/www.nettali.com\/2025\/06\/27\/polemique-gestion-economique-lapr-exige-des-comptes-sur-la-dette\/\"]}]},{\"@type\":\"BreadcrumbList\",\"@id\":\"https:\/\/www.nettali.com\/2025\/06\/27\/polemique-gestion-economique-lapr-exige-des-comptes-sur-la-dette\/#breadcrumb\",\"itemListElement\":[{\"@type\":\"ListItem\",\"position\":1,\"name\":\"Accueil\",\"item\":\"https:\/\/www.nettali.com\/\"},{\"@type\":\"ListItem\",\"position\":2,\"name\":\"POL\\u00c9MIQUE GESTION \\u00c9CONOMIQUE ET DES LIBERT\\u00c9S PUBLIQUES - L\\u2019APR exige des comptes sur la dette et d\\u00e9nonce une d\\u00e9rive autoritaire\"}]},{\"@type\":\"Person\",\"@id\":\"https:\/\/www.nettali.com\/#\/schema\/person\/d8ac7b7e27ddad43f1c0d2ef090d7f71\",\"name\":\"CK\",\"image\":{\"@type\":\"ImageObject\",\"@id\":\"https:\/\/www.nettali.com\/#personlogo\",\"inLanguage\":\"fr-FR\",\"url\":\"https:\/\/secure.gravatar.com\/avatar\/1d8d5118b9327d94da7cd4ce7f17fec2?s=96&d=mm&r=g\",\"contentUrl\":\"https:\/\/secure.gravatar.com\/avatar\/1d8d5118b9327d94da7cd4ce7f17fec2?s=96&d=mm&r=g\",\"caption\":\"CK\"},\"sameAs\":[\"https:\/\/www.nettali.com\"]}]}<\/script>\n<!-- \/ Yoast SEO Premium plugin. -->","yoast_head_json":{"title":"POL\u00c9MIQUE GESTION \u00c9CONOMIQUE ET DES LIBERT\u00c9S PUBLIQUES - L\u2019APR exige des comptes sur la dette et d\u00e9nonce une d\u00e9rive autoritaire | Nettali.com","robots":{"index":"index","follow":"follow","max-snippet":"max-snippet:-1","max-image-preview":"max-image-preview:large","max-video-preview":"max-video-preview:-1"},"canonical":"https:\/\/www.nettali.com\/2025\/06\/27\/polemique-gestion-economique-lapr-exige-des-comptes-sur-la-dette\/","og_locale":"fr_FR","og_type":"article","og_title":"POL\u00c9MIQUE GESTION \u00c9CONOMIQUE ET DES LIBERT\u00c9S PUBLIQUES - L\u2019APR exige des comptes sur la dette et d\u00e9nonce une d\u00e9rive autoritaire","og_description":"NETTALI.COM - R\u00e9uni le mercredi dernier 25 juin, le Secr\u00e9tariat ex\u00e9cutif national (Sen) de l\u2019Alliance pour la R\u00e9publique (APR) a pass\u00e9 en revue plusieurs sujets d\u2019actualit\u00e9, aussi bien nationaux qu\u2019internationaux. Au coeur des pr\u00e9occupations : la gouvernance \u00e9conomique jug\u00e9e d\u00e9faillante, les atteintes r\u00e9p\u00e9t\u00e9es aux libert\u00e9s fondamentales et une exigence de transparence sur la gestion de [&hellip;]","og_url":"https:\/\/www.nettali.com\/2025\/06\/27\/polemique-gestion-economique-lapr-exige-des-comptes-sur-la-dette\/","og_site_name":"Nettali.com","article_publisher":"https:\/\/www.facebook.com\/nettalicom","article_published_time":"2025-06-27T08:25:27+00:00","article_modified_time":"2025-06-27T17:12:35+00:00","og_image":[{"width":610,"height":404,"url":"https:\/\/www.nettali.com\/wp-content\/uploads\/2025\/06\/89580518-63318918.jpg","type":"image\/jpeg"}],"twitter_card":"summary_large_image","twitter_misc":{"\u00c9crit par":"CK","Dur\u00e9e de lecture estim\u00e9e":"2 minutes"},"schema":{"@context":"https:\/\/schema.org","@graph":[{"@type":"WebSite","@id":"https:\/\/www.nettali.com\/#website","url":"https:\/\/www.nettali.com\/","name":"Nettali.com","description":"Le rendez-vous critique du Net","potentialAction":[{"@type":"SearchAction","target":{"@type":"EntryPoint","urlTemplate":"https:\/\/www.nettali.com\/?s={search_term_string}"},"query-input":"required name=search_term_string"}],"inLanguage":"fr-FR"},{"@type":"ImageObject","@id":"https:\/\/www.nettali.com\/2025\/06\/27\/polemique-gestion-economique-lapr-exige-des-comptes-sur-la-dette\/#primaryimage","inLanguage":"fr-FR","url":"https:\/\/www.nettali.com\/wp-content\/uploads\/2025\/06\/89580518-63318918.jpg","contentUrl":"https:\/\/www.nettali.com\/wp-content\/uploads\/2025\/06\/89580518-63318918.jpg","width":610,"height":404},{"@type":"WebPage","@id":"https:\/\/www.nettali.com\/2025\/06\/27\/polemique-gestion-economique-lapr-exige-des-comptes-sur-la-dette\/#webpage","url":"https:\/\/www.nettali.com\/2025\/06\/27\/polemique-gestion-economique-lapr-exige-des-comptes-sur-la-dette\/","name":"POL\u00c9MIQUE GESTION \u00c9CONOMIQUE ET DES LIBERT\u00c9S PUBLIQUES - L\u2019APR exige des comptes sur la dette et d\u00e9nonce une d\u00e9rive autoritaire | Nettali.com","isPartOf":{"@id":"https:\/\/www.nettali.com\/#website"},"primaryImageOfPage":{"@id":"https:\/\/www.nettali.com\/2025\/06\/27\/polemique-gestion-economique-lapr-exige-des-comptes-sur-la-dette\/#primaryimage"},"datePublished":"2025-06-27T08:25:27+00:00","dateModified":"2025-06-27T17:12:35+00:00","author":{"@id":"https:\/\/www.nettali.com\/#\/schema\/person\/d8ac7b7e27ddad43f1c0d2ef090d7f71"},"breadcrumb":{"@id":"https:\/\/www.nettali.com\/2025\/06\/27\/polemique-gestion-economique-lapr-exige-des-comptes-sur-la-dette\/#breadcrumb"},"inLanguage":"fr-FR","potentialAction":[{"@type":"ReadAction","target":["https:\/\/www.nettali.com\/2025\/06\/27\/polemique-gestion-economique-lapr-exige-des-comptes-sur-la-dette\/"]}]},{"@type":"BreadcrumbList","@id":"https:\/\/www.nettali.com\/2025\/06\/27\/polemique-gestion-economique-lapr-exige-des-comptes-sur-la-dette\/#breadcrumb","itemListElement":[{"@type":"ListItem","position":1,"name":"Accueil","item":"https:\/\/www.nettali.com\/"},{"@type":"ListItem","position":2,"name":"POL\u00c9MIQUE GESTION \u00c9CONOMIQUE ET DES LIBERT\u00c9S PUBLIQUES - L\u2019APR exige des comptes sur la dette et d\u00e9nonce une d\u00e9rive autoritaire"}]},{"@type":"Person","@id":"https:\/\/www.nettali.com\/#\/schema\/person\/d8ac7b7e27ddad43f1c0d2ef090d7f71","name":"CK","image":{"@type":"ImageObject","@id":"https:\/\/www.nettali.com\/#personlogo","inLanguage":"fr-FR","url":"https:\/\/secure.gravatar.com\/avatar\/1d8d5118b9327d94da7cd4ce7f17fec2?s=96&d=mm&r=g","contentUrl":"https:\/\/secure.gravatar.com\/avatar\/1d8d5118b9327d94da7cd4ce7f17fec2?s=96&d=mm&r=g","caption":"CK"},"sameAs":["https:\/\/www.nettali.com"]}]}},"_links":{"self":[{"href":"https:\/\/www.nettali.com\/rest\/wp\/v2\/posts\/156545"}],"collection":[{"href":"https:\/\/www.nettali.com\/rest\/wp\/v2\/posts"}],"about":[{"href":"https:\/\/www.nettali.com\/rest\/wp\/v2\/types\/post"}],"author":[{"embeddable":true,"href":"https:\/\/www.nettali.com\/rest\/wp\/v2\/users\/2"}],"replies":[{"embeddable":true,"href":"https:\/\/www.nettali.com\/rest\/wp\/v2\/comments?post=156545"}],"version-history":[{"count":4,"href":"https:\/\/www.nettali.com\/rest\/wp\/v2\/posts\/156545\/revisions"}],"predecessor-version":[{"id":156550,"href":"https:\/\/www.nettali.com\/rest\/wp\/v2\/posts\/156545\/revisions\/156550"}],"wp:featuredmedia":[{"embeddable":true,"href":"https:\/\/www.nettali.com\/rest\/wp\/v2\/media\/156546"}],"wp:attachment":[{"href":"https:\/\/www.nettali.com\/rest\/wp\/v2\/media?parent=156545"}],"wp:term":[{"taxonomy":"category","embeddable":true,"href":"https:\/\/www.nettali.com\/rest\/wp\/v2\/categories?post=156545"},{"taxonomy":"post_tag","embeddable":true,"href":"https:\/\/www.nettali.com\/rest\/wp\/v2\/tags?post=156545"}],"curies":[{"name":"wp","href":"https:\/\/api.w.org\/{rel}","templated":true}]}}