{"id":156543,"date":"2025-06-27T07:25:04","date_gmt":"2025-06-27T07:25:04","guid":{"rendered":"https:\/\/www.nettali.com\/?p=156543"},"modified":"2025-06-27T07:25:04","modified_gmt":"2025-06-27T07:25:04","slug":"le-croissant-lunaire-apercu-tamkharit-celebree-le-5-juillet","status":"publish","type":"post","link":"https:\/\/www.nettali.com\/2025\/06\/27\/le-croissant-lunaire-apercu-tamkharit-celebree-le-5-juillet\/","title":{"rendered":"LE CROISSANT LUNAIRE APER\u00c7U - Tamkharit c\u00e9l\u00e9br\u00e9e le 5 juillet"},"content":{"rendered":"<h3><strong>NETTALI.COM - La Commission Nationale de Concertation sur le Croissant Lunaire (CONACOC) a officialis\u00e9, ce jeudi soir, le d\u00e9but du mois de Mouharram au S\u00e9n\u00e9gal. R\u00e9unis dans les locaux de la RTS, les membres de la commission, en lien avec leurs correspondants dans l\u2019ensemble du pays, ont confirm\u00e9 l\u2019apparition du croissant lunaire dans plusieurs localit\u00e9s.<\/strong><\/h3>\n<p data-start=\"542\" data-end=\"681\">Ce vendredi 27 juin 2025 marquera ainsi le premier jour de l\u2019an 1447 de l\u2019H\u00e9gire, ouvrant la nouvelle ann\u00e9e du calendrier musulman.<\/p>\n<p>Moment fort du calendrier religieux et social s\u00e9n\u00e9galais, la f\u00eate de Tamkharit (Achoura) sera c\u00e9l\u00e9br\u00e9e dans la nuit du samedi 5 juillet 2025. Une veill\u00e9e de pri\u00e8res, de r\u00e9citals de Coran et de plats traditionnels viendra marquer cette nuit symbolique pour de nombreuses familles.<\/p>\n<p>Au terme de ses travaux, la CONACOC a adress\u00e9 \u00e0 la communaut\u00e9 musulmane ses v\u0153ux de paix, de sant\u00e9 et de prosp\u00e9rit\u00e9, priant pour une ann\u00e9e d\u2019harmonie pour le S\u00e9n\u00e9gal et pour l\u2019ensemble du monde musulman.<\/p>\n<div class='share-to-whatsapp-wrapper'><div class='share-on-whsp'>PARTAGER SUR : <\/div><a data-text='LE CROISSANT LUNAIRE APER\u00c7U - Tamkharit c\u00e9l\u00e9br\u00e9e le 5 juillet' data-link='https:\/\/www.nettali.com\/2025\/06\/27\/le-croissant-lunaire-apercu-tamkharit-celebree-le-5-juillet\/' class='whatsapp-button whatsapp-share'>WhatsApp<\/a><div class='clear '><\/div><\/div>","protected":false},"excerpt":{"rendered":"<p>NETTALI.COM - La Commission Nationale de Concertation sur le Croissant Lunaire (CONACOC) a officialis\u00e9, ce jeudi soir, le d\u00e9but du mois de Mouharram au S\u00e9n\u00e9gal. R\u00e9unis dans les locaux de la RTS, les membres de la commission, en lien avec leurs correspondants dans l\u2019ensemble du pays, ont confirm\u00e9 l\u2019apparition du croissant lunaire dans plusieurs localit\u00e9s. [&hellip;]<\/p>\n","protected":false},"author":4,"featured_media":136477,"comment_status":"open","ping_status":"open","sticky":false,"template":"","format":"standard","meta":{"_et_pb_use_builder":"","_et_pb_old_content":""},"categories":[3],"tags":[],"yoast_head":"<!-- This site is optimized with the Yoast SEO Premium plugin v17.8 (Yoast SEO v17.8) - https:\/\/yoast.com\/wordpress\/plugins\/seo\/ -->\n<title>LE CROISSANT LUNAIRE APER\u00c7U - Tamkharit c\u00e9l\u00e9br\u00e9e le 5 juillet | Nettali.com<\/title>\n<meta name=\"robots\" content=\"index, follow, max-snippet:-1, max-image-preview:large, max-video-preview:-1\" \/>\n<link rel=\"canonical\" href=\"https:\/\/www.nettali.com\/2025\/06\/27\/le-croissant-lunaire-apercu-tamkharit-celebree-le-5-juillet\/\" \/>\n<meta property=\"og:locale\" content=\"fr_FR\" \/>\n<meta property=\"og:type\" content=\"article\" \/>\n<meta property=\"og:title\" content=\"LE CROISSANT LUNAIRE APER\u00c7U - Tamkharit c\u00e9l\u00e9br\u00e9e le 5 juillet\" \/>\n<meta property=\"og:description\" content=\"NETTALI.COM - La Commission Nationale de Concertation sur le Croissant Lunaire (CONACOC) a officialis\u00e9, ce jeudi soir, le d\u00e9but du mois de Mouharram au S\u00e9n\u00e9gal. R\u00e9unis dans les locaux de la RTS, les membres de la commission, en lien avec leurs correspondants dans l\u2019ensemble du pays, ont confirm\u00e9 l\u2019apparition du croissant lunaire dans plusieurs localit\u00e9s. [&hellip;]\" \/>\n<meta property=\"og:url\" content=\"https:\/\/www.nettali.com\/2025\/06\/27\/le-croissant-lunaire-apercu-tamkharit-celebree-le-5-juillet\/\" \/>\n<meta property=\"og:site_name\" content=\"Nettali.com\" \/>\n<meta property=\"article:publisher\" content=\"https:\/\/www.facebook.com\/nettalicom\" \/>\n<meta property=\"article:published_time\" content=\"2025-06-27T07:25:04+00:00\" \/>\n<meta property=\"og:image\" content=\"https:\/\/www.nettali.com\/wp-content\/uploads\/2024\/07\/tamxarit.jpeg\" \/>\n\t<meta property=\"og:image:width\" content=\"700\" \/>\n\t<meta property=\"og:image:height\" content=\"400\" \/>\n<meta name=\"twitter:card\" content=\"summary_large_image\" \/>\n<meta name=\"twitter:label1\" content=\"\u00c9crit par\" \/>\n\t<meta name=\"twitter:data1\" content=\"Daouda\" \/>\n\t<meta name=\"twitter:label2\" content=\"Dur\u00e9e de lecture estim\u00e9e\" \/>\n\t<meta name=\"twitter:data2\" content=\"1 minute\" \/>\n<script type=\"application\/ld+json\" class=\"yoast-schema-graph\">{\"@context\":\"https:\/\/schema.org\",\"@graph\":[{\"@type\":\"WebSite\",\"@id\":\"https:\/\/www.nettali.com\/#website\",\"url\":\"https:\/\/www.nettali.com\/\",\"name\":\"Nettali.com\",\"description\":\"Le rendez-vous critique du Net\",\"potentialAction\":[{\"@type\":\"SearchAction\",\"target\":{\"@type\":\"EntryPoint\",\"urlTemplate\":\"https:\/\/www.nettali.com\/?s={search_term_string}\"},\"query-input\":\"required name=search_term_string\"}],\"inLanguage\":\"fr-FR\"},{\"@type\":\"ImageObject\",\"@id\":\"https:\/\/www.nettali.com\/2025\/06\/27\/le-croissant-lunaire-apercu-tamkharit-celebree-le-5-juillet\/#primaryimage\",\"inLanguage\":\"fr-FR\",\"url\":\"https:\/\/www.nettali.com\/wp-content\/uploads\/2024\/07\/tamxarit.jpeg\",\"contentUrl\":\"https:\/\/www.nettali.com\/wp-content\/uploads\/2024\/07\/tamxarit.jpeg\",\"width\":700,\"height\":400},{\"@type\":\"WebPage\",\"@id\":\"https:\/\/www.nettali.com\/2025\/06\/27\/le-croissant-lunaire-apercu-tamkharit-celebree-le-5-juillet\/#webpage\",\"url\":\"https:\/\/www.nettali.com\/2025\/06\/27\/le-croissant-lunaire-apercu-tamkharit-celebree-le-5-juillet\/\",\"name\":\"LE CROISSANT LUNAIRE APER\\u00c7U - Tamkharit c\\u00e9l\\u00e9br\\u00e9e le 5 juillet | Nettali.com\",\"isPartOf\":{\"@id\":\"https:\/\/www.nettali.com\/#website\"},\"primaryImageOfPage\":{\"@id\":\"https:\/\/www.nettali.com\/2025\/06\/27\/le-croissant-lunaire-apercu-tamkharit-celebree-le-5-juillet\/#primaryimage\"},\"datePublished\":\"2025-06-27T07:25:04+00:00\",\"dateModified\":\"2025-06-27T07:25:04+00:00\",\"author\":{\"@id\":\"https:\/\/www.nettali.com\/#\/schema\/person\/3317e0bb3aa1da309fbf7b2780901bf4\"},\"breadcrumb\":{\"@id\":\"https:\/\/www.nettali.com\/2025\/06\/27\/le-croissant-lunaire-apercu-tamkharit-celebree-le-5-juillet\/#breadcrumb\"},\"inLanguage\":\"fr-FR\",\"potentialAction\":[{\"@type\":\"ReadAction\",\"target\":[\"https:\/\/www.nettali.com\/2025\/06\/27\/le-croissant-lunaire-apercu-tamkharit-celebree-le-5-juillet\/\"]}]},{\"@type\":\"BreadcrumbList\",\"@id\":\"https:\/\/www.nettali.com\/2025\/06\/27\/le-croissant-lunaire-apercu-tamkharit-celebree-le-5-juillet\/#breadcrumb\",\"itemListElement\":[{\"@type\":\"ListItem\",\"position\":1,\"name\":\"Accueil\",\"item\":\"https:\/\/www.nettali.com\/\"},{\"@type\":\"ListItem\",\"position\":2,\"name\":\"LE CROISSANT LUNAIRE APER\\u00c7U - Tamkharit c\\u00e9l\\u00e9br\\u00e9e le 5 juillet\"}]},{\"@type\":\"Person\",\"@id\":\"https:\/\/www.nettali.com\/#\/schema\/person\/3317e0bb3aa1da309fbf7b2780901bf4\",\"name\":\"Daouda\",\"image\":{\"@type\":\"ImageObject\",\"@id\":\"https:\/\/www.nettali.com\/#personlogo\",\"inLanguage\":\"fr-FR\",\"url\":\"https:\/\/secure.gravatar.com\/avatar\/8d143b5a49345098ddcfee1c49c2f47c?s=96&d=mm&r=g\",\"contentUrl\":\"https:\/\/secure.gravatar.com\/avatar\/8d143b5a49345098ddcfee1c49c2f47c?s=96&d=mm&r=g\",\"caption\":\"Daouda\"},\"sameAs\":[\"https:\/\/www.nettali.com\"]}]}<\/script>\n<!-- \/ Yoast SEO Premium plugin. -->","yoast_head_json":{"title":"LE CROISSANT LUNAIRE APER\u00c7U - Tamkharit c\u00e9l\u00e9br\u00e9e le 5 juillet | Nettali.com","robots":{"index":"index","follow":"follow","max-snippet":"max-snippet:-1","max-image-preview":"max-image-preview:large","max-video-preview":"max-video-preview:-1"},"canonical":"https:\/\/www.nettali.com\/2025\/06\/27\/le-croissant-lunaire-apercu-tamkharit-celebree-le-5-juillet\/","og_locale":"fr_FR","og_type":"article","og_title":"LE CROISSANT LUNAIRE APER\u00c7U - Tamkharit c\u00e9l\u00e9br\u00e9e le 5 juillet","og_description":"NETTALI.COM - La Commission Nationale de Concertation sur le Croissant Lunaire (CONACOC) a officialis\u00e9, ce jeudi soir, le d\u00e9but du mois de Mouharram au S\u00e9n\u00e9gal. R\u00e9unis dans les locaux de la RTS, les membres de la commission, en lien avec leurs correspondants dans l\u2019ensemble du pays, ont confirm\u00e9 l\u2019apparition du croissant lunaire dans plusieurs localit\u00e9s. [&hellip;]","og_url":"https:\/\/www.nettali.com\/2025\/06\/27\/le-croissant-lunaire-apercu-tamkharit-celebree-le-5-juillet\/","og_site_name":"Nettali.com","article_publisher":"https:\/\/www.facebook.com\/nettalicom","article_published_time":"2025-06-27T07:25:04+00:00","og_image":[{"width":700,"height":400,"url":"https:\/\/www.nettali.com\/wp-content\/uploads\/2024\/07\/tamxarit.jpeg","type":"image\/jpeg"}],"twitter_card":"summary_large_image","twitter_misc":{"\u00c9crit par":"Daouda","Dur\u00e9e de lecture estim\u00e9e":"1 minute"},"schema":{"@context":"https:\/\/schema.org","@graph":[{"@type":"WebSite","@id":"https:\/\/www.nettali.com\/#website","url":"https:\/\/www.nettali.com\/","name":"Nettali.com","description":"Le rendez-vous critique du Net","potentialAction":[{"@type":"SearchAction","target":{"@type":"EntryPoint","urlTemplate":"https:\/\/www.nettali.com\/?s={search_term_string}"},"query-input":"required name=search_term_string"}],"inLanguage":"fr-FR"},{"@type":"ImageObject","@id":"https:\/\/www.nettali.com\/2025\/06\/27\/le-croissant-lunaire-apercu-tamkharit-celebree-le-5-juillet\/#primaryimage","inLanguage":"fr-FR","url":"https:\/\/www.nettali.com\/wp-content\/uploads\/2024\/07\/tamxarit.jpeg","contentUrl":"https:\/\/www.nettali.com\/wp-content\/uploads\/2024\/07\/tamxarit.jpeg","width":700,"height":400},{"@type":"WebPage","@id":"https:\/\/www.nettali.com\/2025\/06\/27\/le-croissant-lunaire-apercu-tamkharit-celebree-le-5-juillet\/#webpage","url":"https:\/\/www.nettali.com\/2025\/06\/27\/le-croissant-lunaire-apercu-tamkharit-celebree-le-5-juillet\/","name":"LE CROISSANT LUNAIRE APER\u00c7U - Tamkharit c\u00e9l\u00e9br\u00e9e le 5 juillet | Nettali.com","isPartOf":{"@id":"https:\/\/www.nettali.com\/#website"},"primaryImageOfPage":{"@id":"https:\/\/www.nettali.com\/2025\/06\/27\/le-croissant-lunaire-apercu-tamkharit-celebree-le-5-juillet\/#primaryimage"},"datePublished":"2025-06-27T07:25:04+00:00","dateModified":"2025-06-27T07:25:04+00:00","author":{"@id":"https:\/\/www.nettali.com\/#\/schema\/person\/3317e0bb3aa1da309fbf7b2780901bf4"},"breadcrumb":{"@id":"https:\/\/www.nettali.com\/2025\/06\/27\/le-croissant-lunaire-apercu-tamkharit-celebree-le-5-juillet\/#breadcrumb"},"inLanguage":"fr-FR","potentialAction":[{"@type":"ReadAction","target":["https:\/\/www.nettali.com\/2025\/06\/27\/le-croissant-lunaire-apercu-tamkharit-celebree-le-5-juillet\/"]}]},{"@type":"BreadcrumbList","@id":"https:\/\/www.nettali.com\/2025\/06\/27\/le-croissant-lunaire-apercu-tamkharit-celebree-le-5-juillet\/#breadcrumb","itemListElement":[{"@type":"ListItem","position":1,"name":"Accueil","item":"https:\/\/www.nettali.com\/"},{"@type":"ListItem","position":2,"name":"LE CROISSANT LUNAIRE APER\u00c7U - Tamkharit c\u00e9l\u00e9br\u00e9e le 5 juillet"}]},{"@type":"Person","@id":"https:\/\/www.nettali.com\/#\/schema\/person\/3317e0bb3aa1da309fbf7b2780901bf4","name":"Daouda","image":{"@type":"ImageObject","@id":"https:\/\/www.nettali.com\/#personlogo","inLanguage":"fr-FR","url":"https:\/\/secure.gravatar.com\/avatar\/8d143b5a49345098ddcfee1c49c2f47c?s=96&d=mm&r=g","contentUrl":"https:\/\/secure.gravatar.com\/avatar\/8d143b5a49345098ddcfee1c49c2f47c?s=96&d=mm&r=g","caption":"Daouda"},"sameAs":["https:\/\/www.nettali.com"]}]}},"_links":{"self":[{"href":"https:\/\/www.nettali.com\/rest\/wp\/v2\/posts\/156543"}],"collection":[{"href":"https:\/\/www.nettali.com\/rest\/wp\/v2\/posts"}],"about":[{"href":"https:\/\/www.nettali.com\/rest\/wp\/v2\/types\/post"}],"author":[{"embeddable":true,"href":"https:\/\/www.nettali.com\/rest\/wp\/v2\/users\/4"}],"replies":[{"embeddable":true,"href":"https:\/\/www.nettali.com\/rest\/wp\/v2\/comments?post=156543"}],"version-history":[{"count":1,"href":"https:\/\/www.nettali.com\/rest\/wp\/v2\/posts\/156543\/revisions"}],"predecessor-version":[{"id":156544,"href":"https:\/\/www.nettali.com\/rest\/wp\/v2\/posts\/156543\/revisions\/156544"}],"wp:featuredmedia":[{"embeddable":true,"href":"https:\/\/www.nettali.com\/rest\/wp\/v2\/media\/136477"}],"wp:attachment":[{"href":"https:\/\/www.nettali.com\/rest\/wp\/v2\/media?parent=156543"}],"wp:term":[{"taxonomy":"category","embeddable":true,"href":"https:\/\/www.nettali.com\/rest\/wp\/v2\/categories?post=156543"},{"taxonomy":"post_tag","embeddable":true,"href":"https:\/\/www.nettali.com\/rest\/wp\/v2\/tags?post=156543"}],"curies":[{"name":"wp","href":"https:\/\/api.w.org\/{rel}","templated":true}]}}