{"id":156540,"date":"2025-06-27T07:15:19","date_gmt":"2025-06-27T07:15:19","guid":{"rendered":"https:\/\/www.nettali.com\/?p=156540"},"modified":"2025-06-28T21:37:38","modified_gmt":"2025-06-28T21:37:38","slug":"ousmane-sonko-en-chine-les-senegalais-verront-bientot-les-retombees-concretes-de-cette-visite","status":"publish","type":"post","link":"https:\/\/www.nettali.com\/2025\/06\/27\/ousmane-sonko-en-chine-les-senegalais-verront-bientot-les-retombees-concretes-de-cette-visite\/","title":{"rendered":"OUSMANE SONKO EN CHINE : \u201cLes S\u00e9n\u00e9galais verront bient\u00f4t les retomb\u00e9es concr\u00e8tes de cette visite\u201d"},"content":{"rendered":"<p data-start=\"219\" data-end=\"529\"><strong>NETTALI.COM - En visite officielle en Chine, le Premier ministre s\u00e9n\u00e9galais Ousmane Sonko a exprim\u00e9, ce vendredi \u00e0 P\u00e9kin, sa satisfaction \u00e0 l\u2019issue de ses rencontres avec le pr\u00e9sident chinois Xi Jinping et le Premier ministre Li Qiang. Une mission qui, selon lui, portera rapidement ses fruits pour le peuple s\u00e9n\u00e9galais.<\/strong><\/p>\n<p data-start=\"531\" data-end=\"805\"><em>\u201cNous sortons tr\u00e8s satisfaits de ces rencontres. Dans les jours et les semaines \u00e0 venir, les S\u00e9n\u00e9galais verront de fa\u00e7on concr\u00e8te les retomb\u00e9es de cette visite\u201d<\/em>, a-t-il assur\u00e9 \u00e0 la presse au sortir d\u2019une audience au Grand Palais du peuple avec le chef de l\u2019\u00c9tat chinois.<\/p>\n<p data-start=\"863\" data-end=\"1110\">C\u2019est la premi\u00e8re mission hors du continent africain pour le chef du gouvernement s\u00e9n\u00e9galais depuis sa nomination en avril 2024. Un d\u00e9placement hautement symbolique, qui confirme la place strat\u00e9gique qu\u2019occupe P\u00e9kin dans la diplomatie s\u00e9n\u00e9galaise.<\/p>\n<p data-start=\"1112\" data-end=\"1382\">Au programme : s\u00e9ances de travail successives avec Li Qiang et Xi Jinping, \u00e9changes autour de la situation \u00e9conomique du S\u00e9n\u00e9gal, et plaidoyer pour un partenariat renforc\u00e9 dans le cadre de la Vision 2050, feuille de route \u00e9conomique et sociale du nouveau r\u00e9gime.<\/p>\n<p data-start=\"1438\" data-end=\"1700\">Selon Ousmane Sonko, les autorit\u00e9s chinoises se sont montr\u00e9es r\u00e9ceptives aux propositions s\u00e9n\u00e9galaises, avec des engagements fermes sur plusieurs dossiers, notamment la coop\u00e9ration d\u00e9centralis\u00e9e entre p\u00f4les de d\u00e9veloppement s\u00e9n\u00e9galais et provinces chinoises.<\/p>\n<p data-start=\"1702\" data-end=\"1974\"><em>\u201cLes audiences nous ont permis de sensibiliser les plus hautes autorit\u00e9s chinoises sur les enjeux en Afrique et au S\u00e9n\u00e9gal en particulier. Des r\u00e9ponses positives ont \u00e9t\u00e9 obtenues, et sur d\u2019autres dossiers, des engagements ont \u00e9t\u00e9 pris\u201d<\/em>, a d\u00e9taill\u00e9 le Premier ministre.<\/p>\n<p data-start=\"2026\" data-end=\"2374\">Au terme de cette visite, le chef du gouvernement a salu\u00e9 <em>\u201cla nature et la forme de la coop\u00e9ration chinoise, bas\u00e9e sur le respect mutuel et la volont\u00e9 d\u2019un partenariat juste et \u00e9quitable\u201d<\/em>. Il a \u00e9galement relev\u00e9 l\u2019engagement personnel du pr\u00e9sident Xi Jinping \u00e0 soutenir la Vision 2050 et \u00e0 accompagner le S\u00e9n\u00e9gal face \u00e0 ses d\u00e9fis financiers.<\/p>\n<p data-start=\"2376\" data-end=\"2562\">Ce d\u00e9placement confirme ainsi la solidit\u00e9 des relations sino-s\u00e9n\u00e9galaises et ouvre une nouvelle s\u00e9quence diplomatique dans la strat\u00e9gie ext\u00e9rieure du pr\u00e9sident Bassirou Diomaye Faye.<\/p>\n<div class='share-to-whatsapp-wrapper'><div class='share-on-whsp'>PARTAGER SUR : <\/div><a data-text='OUSMANE SONKO EN CHINE : \u201cLes S\u00e9n\u00e9galais verront bient\u00f4t les retomb\u00e9es concr\u00e8tes de cette visite\u201d' data-link='https:\/\/www.nettali.com\/2025\/06\/27\/ousmane-sonko-en-chine-les-senegalais-verront-bientot-les-retombees-concretes-de-cette-visite\/' class='whatsapp-button whatsapp-share'>WhatsApp<\/a><div class='clear '><\/div><\/div>","protected":false},"excerpt":{"rendered":"<p>NETTALI.COM - En visite officielle en Chine, le Premier ministre s\u00e9n\u00e9galais Ousmane Sonko a exprim\u00e9, ce vendredi \u00e0 P\u00e9kin, sa satisfaction \u00e0 l\u2019issue de ses rencontres avec le pr\u00e9sident chinois Xi Jinping et le Premier ministre Li Qiang. Une mission qui, selon lui, portera rapidement ses fruits pour le peuple s\u00e9n\u00e9galais. \u201cNous sortons tr\u00e8s satisfaits [&hellip;]<\/p>\n","protected":false},"author":4,"featured_media":156541,"comment_status":"open","ping_status":"open","sticky":false,"template":"","format":"standard","meta":{"_et_pb_use_builder":"","_et_pb_old_content":""},"categories":[2],"tags":[],"yoast_head":"<!-- This site is optimized with the Yoast SEO Premium plugin v17.8 (Yoast SEO v17.8) - https:\/\/yoast.com\/wordpress\/plugins\/seo\/ -->\n<title>OUSMANE SONKO EN CHINE : \u201cLes S\u00e9n\u00e9galais verront bient\u00f4t les retomb\u00e9es concr\u00e8tes de cette visite\u201d | Nettali.com<\/title>\n<meta name=\"robots\" content=\"index, follow, max-snippet:-1, max-image-preview:large, max-video-preview:-1\" \/>\n<link rel=\"canonical\" href=\"https:\/\/www.nettali.com\/2025\/06\/27\/ousmane-sonko-en-chine-les-senegalais-verront-bientot-les-retombees-concretes-de-cette-visite\/\" \/>\n<meta property=\"og:locale\" content=\"fr_FR\" \/>\n<meta property=\"og:type\" content=\"article\" \/>\n<meta property=\"og:title\" content=\"OUSMANE SONKO EN CHINE : \u201cLes S\u00e9n\u00e9galais verront bient\u00f4t les retomb\u00e9es concr\u00e8tes de cette visite\u201d\" \/>\n<meta property=\"og:description\" content=\"NETTALI.COM - En visite officielle en Chine, le Premier ministre s\u00e9n\u00e9galais Ousmane Sonko a exprim\u00e9, ce vendredi \u00e0 P\u00e9kin, sa satisfaction \u00e0 l\u2019issue de ses rencontres avec le pr\u00e9sident chinois Xi Jinping et le Premier ministre Li Qiang. Une mission qui, selon lui, portera rapidement ses fruits pour le peuple s\u00e9n\u00e9galais. \u201cNous sortons tr\u00e8s satisfaits [&hellip;]\" \/>\n<meta property=\"og:url\" content=\"https:\/\/www.nettali.com\/2025\/06\/27\/ousmane-sonko-en-chine-les-senegalais-verront-bientot-les-retombees-concretes-de-cette-visite\/\" \/>\n<meta property=\"og:site_name\" content=\"Nettali.com\" \/>\n<meta property=\"article:publisher\" content=\"https:\/\/www.facebook.com\/nettalicom\" \/>\n<meta property=\"article:published_time\" content=\"2025-06-27T07:15:19+00:00\" \/>\n<meta property=\"article:modified_time\" content=\"2025-06-28T21:37:38+00:00\" \/>\n<meta property=\"og:image\" content=\"https:\/\/www.nettali.com\/wp-content\/uploads\/2025\/06\/sonko-chine.jpeg\" \/>\n\t<meta property=\"og:image:width\" content=\"612\" \/>\n\t<meta property=\"og:image:height\" content=\"298\" \/>\n<meta name=\"twitter:card\" content=\"summary_large_image\" \/>\n<meta name=\"twitter:label1\" content=\"\u00c9crit par\" \/>\n\t<meta name=\"twitter:data1\" content=\"Daouda\" \/>\n\t<meta name=\"twitter:label2\" content=\"Dur\u00e9e de lecture estim\u00e9e\" \/>\n\t<meta name=\"twitter:data2\" content=\"2 minutes\" \/>\n<script type=\"application\/ld+json\" class=\"yoast-schema-graph\">{\"@context\":\"https:\/\/schema.org\",\"@graph\":[{\"@type\":\"WebSite\",\"@id\":\"https:\/\/www.nettali.com\/#website\",\"url\":\"https:\/\/www.nettali.com\/\",\"name\":\"Nettali.com\",\"description\":\"Le rendez-vous critique du Net\",\"potentialAction\":[{\"@type\":\"SearchAction\",\"target\":{\"@type\":\"EntryPoint\",\"urlTemplate\":\"https:\/\/www.nettali.com\/?s={search_term_string}\"},\"query-input\":\"required name=search_term_string\"}],\"inLanguage\":\"fr-FR\"},{\"@type\":\"ImageObject\",\"@id\":\"https:\/\/www.nettali.com\/2025\/06\/27\/ousmane-sonko-en-chine-les-senegalais-verront-bientot-les-retombees-concretes-de-cette-visite\/#primaryimage\",\"inLanguage\":\"fr-FR\",\"url\":\"https:\/\/www.nettali.com\/wp-content\/uploads\/2025\/06\/sonko-chine.jpeg\",\"contentUrl\":\"https:\/\/www.nettali.com\/wp-content\/uploads\/2025\/06\/sonko-chine.jpeg\",\"width\":612,\"height\":298},{\"@type\":\"WebPage\",\"@id\":\"https:\/\/www.nettali.com\/2025\/06\/27\/ousmane-sonko-en-chine-les-senegalais-verront-bientot-les-retombees-concretes-de-cette-visite\/#webpage\",\"url\":\"https:\/\/www.nettali.com\/2025\/06\/27\/ousmane-sonko-en-chine-les-senegalais-verront-bientot-les-retombees-concretes-de-cette-visite\/\",\"name\":\"OUSMANE SONKO EN CHINE : \\u201cLes S\\u00e9n\\u00e9galais verront bient\\u00f4t les retomb\\u00e9es concr\\u00e8tes de cette visite\\u201d | Nettali.com\",\"isPartOf\":{\"@id\":\"https:\/\/www.nettali.com\/#website\"},\"primaryImageOfPage\":{\"@id\":\"https:\/\/www.nettali.com\/2025\/06\/27\/ousmane-sonko-en-chine-les-senegalais-verront-bientot-les-retombees-concretes-de-cette-visite\/#primaryimage\"},\"datePublished\":\"2025-06-27T07:15:19+00:00\",\"dateModified\":\"2025-06-28T21:37:38+00:00\",\"author\":{\"@id\":\"https:\/\/www.nettali.com\/#\/schema\/person\/3317e0bb3aa1da309fbf7b2780901bf4\"},\"breadcrumb\":{\"@id\":\"https:\/\/www.nettali.com\/2025\/06\/27\/ousmane-sonko-en-chine-les-senegalais-verront-bientot-les-retombees-concretes-de-cette-visite\/#breadcrumb\"},\"inLanguage\":\"fr-FR\",\"potentialAction\":[{\"@type\":\"ReadAction\",\"target\":[\"https:\/\/www.nettali.com\/2025\/06\/27\/ousmane-sonko-en-chine-les-senegalais-verront-bientot-les-retombees-concretes-de-cette-visite\/\"]}]},{\"@type\":\"BreadcrumbList\",\"@id\":\"https:\/\/www.nettali.com\/2025\/06\/27\/ousmane-sonko-en-chine-les-senegalais-verront-bientot-les-retombees-concretes-de-cette-visite\/#breadcrumb\",\"itemListElement\":[{\"@type\":\"ListItem\",\"position\":1,\"name\":\"Accueil\",\"item\":\"https:\/\/www.nettali.com\/\"},{\"@type\":\"ListItem\",\"position\":2,\"name\":\"OUSMANE SONKO EN CHINE : \\u201cLes S\\u00e9n\\u00e9galais verront bient\\u00f4t les retomb\\u00e9es concr\\u00e8tes de cette visite\\u201d\"}]},{\"@type\":\"Person\",\"@id\":\"https:\/\/www.nettali.com\/#\/schema\/person\/3317e0bb3aa1da309fbf7b2780901bf4\",\"name\":\"Daouda\",\"image\":{\"@type\":\"ImageObject\",\"@id\":\"https:\/\/www.nettali.com\/#personlogo\",\"inLanguage\":\"fr-FR\",\"url\":\"https:\/\/secure.gravatar.com\/avatar\/8d143b5a49345098ddcfee1c49c2f47c?s=96&d=mm&r=g\",\"contentUrl\":\"https:\/\/secure.gravatar.com\/avatar\/8d143b5a49345098ddcfee1c49c2f47c?s=96&d=mm&r=g\",\"caption\":\"Daouda\"},\"sameAs\":[\"https:\/\/www.nettali.com\"]}]}<\/script>\n<!-- \/ Yoast SEO Premium plugin. -->","yoast_head_json":{"title":"OUSMANE SONKO EN CHINE : \u201cLes S\u00e9n\u00e9galais verront bient\u00f4t les retomb\u00e9es concr\u00e8tes de cette visite\u201d | Nettali.com","robots":{"index":"index","follow":"follow","max-snippet":"max-snippet:-1","max-image-preview":"max-image-preview:large","max-video-preview":"max-video-preview:-1"},"canonical":"https:\/\/www.nettali.com\/2025\/06\/27\/ousmane-sonko-en-chine-les-senegalais-verront-bientot-les-retombees-concretes-de-cette-visite\/","og_locale":"fr_FR","og_type":"article","og_title":"OUSMANE SONKO EN CHINE : \u201cLes S\u00e9n\u00e9galais verront bient\u00f4t les retomb\u00e9es concr\u00e8tes de cette visite\u201d","og_description":"NETTALI.COM - En visite officielle en Chine, le Premier ministre s\u00e9n\u00e9galais Ousmane Sonko a exprim\u00e9, ce vendredi \u00e0 P\u00e9kin, sa satisfaction \u00e0 l\u2019issue de ses rencontres avec le pr\u00e9sident chinois Xi Jinping et le Premier ministre Li Qiang. Une mission qui, selon lui, portera rapidement ses fruits pour le peuple s\u00e9n\u00e9galais. \u201cNous sortons tr\u00e8s satisfaits [&hellip;]","og_url":"https:\/\/www.nettali.com\/2025\/06\/27\/ousmane-sonko-en-chine-les-senegalais-verront-bientot-les-retombees-concretes-de-cette-visite\/","og_site_name":"Nettali.com","article_publisher":"https:\/\/www.facebook.com\/nettalicom","article_published_time":"2025-06-27T07:15:19+00:00","article_modified_time":"2025-06-28T21:37:38+00:00","og_image":[{"width":612,"height":298,"url":"https:\/\/www.nettali.com\/wp-content\/uploads\/2025\/06\/sonko-chine.jpeg","type":"image\/jpeg"}],"twitter_card":"summary_large_image","twitter_misc":{"\u00c9crit par":"Daouda","Dur\u00e9e de lecture estim\u00e9e":"2 minutes"},"schema":{"@context":"https:\/\/schema.org","@graph":[{"@type":"WebSite","@id":"https:\/\/www.nettali.com\/#website","url":"https:\/\/www.nettali.com\/","name":"Nettali.com","description":"Le rendez-vous critique du Net","potentialAction":[{"@type":"SearchAction","target":{"@type":"EntryPoint","urlTemplate":"https:\/\/www.nettali.com\/?s={search_term_string}"},"query-input":"required name=search_term_string"}],"inLanguage":"fr-FR"},{"@type":"ImageObject","@id":"https:\/\/www.nettali.com\/2025\/06\/27\/ousmane-sonko-en-chine-les-senegalais-verront-bientot-les-retombees-concretes-de-cette-visite\/#primaryimage","inLanguage":"fr-FR","url":"https:\/\/www.nettali.com\/wp-content\/uploads\/2025\/06\/sonko-chine.jpeg","contentUrl":"https:\/\/www.nettali.com\/wp-content\/uploads\/2025\/06\/sonko-chine.jpeg","width":612,"height":298},{"@type":"WebPage","@id":"https:\/\/www.nettali.com\/2025\/06\/27\/ousmane-sonko-en-chine-les-senegalais-verront-bientot-les-retombees-concretes-de-cette-visite\/#webpage","url":"https:\/\/www.nettali.com\/2025\/06\/27\/ousmane-sonko-en-chine-les-senegalais-verront-bientot-les-retombees-concretes-de-cette-visite\/","name":"OUSMANE SONKO EN CHINE : \u201cLes S\u00e9n\u00e9galais verront bient\u00f4t les retomb\u00e9es concr\u00e8tes de cette visite\u201d | Nettali.com","isPartOf":{"@id":"https:\/\/www.nettali.com\/#website"},"primaryImageOfPage":{"@id":"https:\/\/www.nettali.com\/2025\/06\/27\/ousmane-sonko-en-chine-les-senegalais-verront-bientot-les-retombees-concretes-de-cette-visite\/#primaryimage"},"datePublished":"2025-06-27T07:15:19+00:00","dateModified":"2025-06-28T21:37:38+00:00","author":{"@id":"https:\/\/www.nettali.com\/#\/schema\/person\/3317e0bb3aa1da309fbf7b2780901bf4"},"breadcrumb":{"@id":"https:\/\/www.nettali.com\/2025\/06\/27\/ousmane-sonko-en-chine-les-senegalais-verront-bientot-les-retombees-concretes-de-cette-visite\/#breadcrumb"},"inLanguage":"fr-FR","potentialAction":[{"@type":"ReadAction","target":["https:\/\/www.nettali.com\/2025\/06\/27\/ousmane-sonko-en-chine-les-senegalais-verront-bientot-les-retombees-concretes-de-cette-visite\/"]}]},{"@type":"BreadcrumbList","@id":"https:\/\/www.nettali.com\/2025\/06\/27\/ousmane-sonko-en-chine-les-senegalais-verront-bientot-les-retombees-concretes-de-cette-visite\/#breadcrumb","itemListElement":[{"@type":"ListItem","position":1,"name":"Accueil","item":"https:\/\/www.nettali.com\/"},{"@type":"ListItem","position":2,"name":"OUSMANE SONKO EN CHINE : \u201cLes S\u00e9n\u00e9galais verront bient\u00f4t les retomb\u00e9es concr\u00e8tes de cette visite\u201d"}]},{"@type":"Person","@id":"https:\/\/www.nettali.com\/#\/schema\/person\/3317e0bb3aa1da309fbf7b2780901bf4","name":"Daouda","image":{"@type":"ImageObject","@id":"https:\/\/www.nettali.com\/#personlogo","inLanguage":"fr-FR","url":"https:\/\/secure.gravatar.com\/avatar\/8d143b5a49345098ddcfee1c49c2f47c?s=96&d=mm&r=g","contentUrl":"https:\/\/secure.gravatar.com\/avatar\/8d143b5a49345098ddcfee1c49c2f47c?s=96&d=mm&r=g","caption":"Daouda"},"sameAs":["https:\/\/www.nettali.com"]}]}},"_links":{"self":[{"href":"https:\/\/www.nettali.com\/rest\/wp\/v2\/posts\/156540"}],"collection":[{"href":"https:\/\/www.nettali.com\/rest\/wp\/v2\/posts"}],"about":[{"href":"https:\/\/www.nettali.com\/rest\/wp\/v2\/types\/post"}],"author":[{"embeddable":true,"href":"https:\/\/www.nettali.com\/rest\/wp\/v2\/users\/4"}],"replies":[{"embeddable":true,"href":"https:\/\/www.nettali.com\/rest\/wp\/v2\/comments?post=156540"}],"version-history":[{"count":2,"href":"https:\/\/www.nettali.com\/rest\/wp\/v2\/posts\/156540\/revisions"}],"predecessor-version":[{"id":156581,"href":"https:\/\/www.nettali.com\/rest\/wp\/v2\/posts\/156540\/revisions\/156581"}],"wp:featuredmedia":[{"embeddable":true,"href":"https:\/\/www.nettali.com\/rest\/wp\/v2\/media\/156541"}],"wp:attachment":[{"href":"https:\/\/www.nettali.com\/rest\/wp\/v2\/media?parent=156540"}],"wp:term":[{"taxonomy":"category","embeddable":true,"href":"https:\/\/www.nettali.com\/rest\/wp\/v2\/categories?post=156540"},{"taxonomy":"post_tag","embeddable":true,"href":"https:\/\/www.nettali.com\/rest\/wp\/v2\/tags?post=156540"}],"curies":[{"name":"wp","href":"https:\/\/api.w.org\/{rel}","templated":true}]}}