{"id":156504,"date":"2025-06-26T09:04:35","date_gmt":"2025-06-26T09:04:35","guid":{"rendered":"https:\/\/www.nettali.com\/?p=156504"},"modified":"2025-06-26T09:04:35","modified_gmt":"2025-06-26T09:04:35","slug":"real-mbappe-encore-forfait","status":"publish","type":"post","link":"https:\/\/www.nettali.com\/2025\/06\/26\/real-mbappe-encore-forfait\/","title":{"rendered":"REAL - Mbapp\u00e9 encore forfait"},"content":{"rendered":"<p><strong>NETTALI.COM -<\/strong> Forfait pour les deux premiers matchs du Real Madrid dans la Coupe du monde des clubs \u00e0 cause d'un virus, Kylian Mbapp\u00e9 (26 ans, 56 matchs et 43 buts toutes comp\u00e9titions cette saison) ne participera pas \u00e0 la troisi\u00e8me rencontre de son \u00e9quipe face \u00e0 Salzbourg, dans la nuit de jeudi \u00e0 vendredi (3h).<\/p>\n<p>L'attaquant fran\u00e7ais n'est pas encore totalement r\u00e9tabli et ne figure pas dans le groupe convoqu\u00e9 par Xabi Alonso. C'est donc sans lui que les Merengue tenteront de d\u00e9crocher la qualification en huiti\u00e8mes de finale.<\/p>\n<div class='share-to-whatsapp-wrapper'><div class='share-on-whsp'>PARTAGER SUR : <\/div><a data-text='REAL - Mbapp\u00e9 encore forfait' data-link='https:\/\/www.nettali.com\/2025\/06\/26\/real-mbappe-encore-forfait\/' class='whatsapp-button whatsapp-share'>WhatsApp<\/a><div class='clear '><\/div><\/div>","protected":false},"excerpt":{"rendered":"<p>NETTALI.COM - Forfait pour les deux premiers matchs du Real Madrid dans la Coupe du monde des clubs \u00e0 cause d'un virus, Kylian Mbapp\u00e9 (26 ans, 56 matchs et 43 buts toutes comp\u00e9titions cette saison) ne participera pas \u00e0 la troisi\u00e8me rencontre de son \u00e9quipe face \u00e0 Salzbourg, dans la nuit de jeudi \u00e0 vendredi [&hellip;]<\/p>\n","protected":false},"author":2,"featured_media":156428,"comment_status":"open","ping_status":"open","sticky":false,"template":"","format":"standard","meta":{"_et_pb_use_builder":"","_et_pb_old_content":""},"categories":[6],"tags":[],"yoast_head":"<!-- This site is optimized with the Yoast SEO Premium plugin v17.8 (Yoast SEO v17.8) - https:\/\/yoast.com\/wordpress\/plugins\/seo\/ -->\n<title>REAL - Mbapp\u00e9 encore forfait | Nettali.com<\/title>\n<meta name=\"robots\" content=\"index, follow, max-snippet:-1, max-image-preview:large, max-video-preview:-1\" \/>\n<link rel=\"canonical\" href=\"https:\/\/www.nettali.com\/2025\/06\/26\/real-mbappe-encore-forfait\/\" \/>\n<meta property=\"og:locale\" content=\"fr_FR\" \/>\n<meta property=\"og:type\" content=\"article\" \/>\n<meta property=\"og:title\" content=\"REAL - Mbapp\u00e9 encore forfait\" \/>\n<meta property=\"og:description\" content=\"NETTALI.COM - Forfait pour les deux premiers matchs du Real Madrid dans la Coupe du monde des clubs \u00e0 cause d&#039;un virus, Kylian Mbapp\u00e9 (26 ans, 56 matchs et 43 buts toutes comp\u00e9titions cette saison) ne participera pas \u00e0 la troisi\u00e8me rencontre de son \u00e9quipe face \u00e0 Salzbourg, dans la nuit de jeudi \u00e0 vendredi [&hellip;]\" \/>\n<meta property=\"og:url\" content=\"https:\/\/www.nettali.com\/2025\/06\/26\/real-mbappe-encore-forfait\/\" \/>\n<meta property=\"og:site_name\" content=\"Nettali.com\" \/>\n<meta property=\"article:publisher\" content=\"https:\/\/www.facebook.com\/nettalicom\" \/>\n<meta property=\"article:published_time\" content=\"2025-06-26T09:04:35+00:00\" \/>\n<meta property=\"og:image\" content=\"https:\/\/www.nettali.com\/wp-content\/uploads\/2025\/06\/21c7a.jpg\" \/>\n\t<meta property=\"og:image:width\" content=\"828\" \/>\n\t<meta property=\"og:image:height\" content=\"552\" \/>\n<meta name=\"twitter:card\" content=\"summary_large_image\" \/>\n<meta name=\"twitter:label1\" content=\"\u00c9crit par\" \/>\n\t<meta name=\"twitter:data1\" content=\"CK\" \/>\n\t<meta name=\"twitter:label2\" content=\"Dur\u00e9e de lecture estim\u00e9e\" \/>\n\t<meta name=\"twitter:data2\" content=\"1 minute\" \/>\n<script type=\"application\/ld+json\" class=\"yoast-schema-graph\">{\"@context\":\"https:\/\/schema.org\",\"@graph\":[{\"@type\":\"WebSite\",\"@id\":\"https:\/\/www.nettali.com\/#website\",\"url\":\"https:\/\/www.nettali.com\/\",\"name\":\"Nettali.com\",\"description\":\"Le rendez-vous critique du Net\",\"potentialAction\":[{\"@type\":\"SearchAction\",\"target\":{\"@type\":\"EntryPoint\",\"urlTemplate\":\"https:\/\/www.nettali.com\/?s={search_term_string}\"},\"query-input\":\"required name=search_term_string\"}],\"inLanguage\":\"fr-FR\"},{\"@type\":\"ImageObject\",\"@id\":\"https:\/\/www.nettali.com\/2025\/06\/26\/real-mbappe-encore-forfait\/#primaryimage\",\"inLanguage\":\"fr-FR\",\"url\":\"https:\/\/www.nettali.com\/wp-content\/uploads\/2025\/06\/21c7a.jpg\",\"contentUrl\":\"https:\/\/www.nettali.com\/wp-content\/uploads\/2025\/06\/21c7a.jpg\",\"width\":828,\"height\":552},{\"@type\":\"WebPage\",\"@id\":\"https:\/\/www.nettali.com\/2025\/06\/26\/real-mbappe-encore-forfait\/#webpage\",\"url\":\"https:\/\/www.nettali.com\/2025\/06\/26\/real-mbappe-encore-forfait\/\",\"name\":\"REAL - Mbapp\\u00e9 encore forfait | Nettali.com\",\"isPartOf\":{\"@id\":\"https:\/\/www.nettali.com\/#website\"},\"primaryImageOfPage\":{\"@id\":\"https:\/\/www.nettali.com\/2025\/06\/26\/real-mbappe-encore-forfait\/#primaryimage\"},\"datePublished\":\"2025-06-26T09:04:35+00:00\",\"dateModified\":\"2025-06-26T09:04:35+00:00\",\"author\":{\"@id\":\"https:\/\/www.nettali.com\/#\/schema\/person\/d8ac7b7e27ddad43f1c0d2ef090d7f71\"},\"breadcrumb\":{\"@id\":\"https:\/\/www.nettali.com\/2025\/06\/26\/real-mbappe-encore-forfait\/#breadcrumb\"},\"inLanguage\":\"fr-FR\",\"potentialAction\":[{\"@type\":\"ReadAction\",\"target\":[\"https:\/\/www.nettali.com\/2025\/06\/26\/real-mbappe-encore-forfait\/\"]}]},{\"@type\":\"BreadcrumbList\",\"@id\":\"https:\/\/www.nettali.com\/2025\/06\/26\/real-mbappe-encore-forfait\/#breadcrumb\",\"itemListElement\":[{\"@type\":\"ListItem\",\"position\":1,\"name\":\"Accueil\",\"item\":\"https:\/\/www.nettali.com\/\"},{\"@type\":\"ListItem\",\"position\":2,\"name\":\"REAL - Mbapp\\u00e9 encore forfait\"}]},{\"@type\":\"Person\",\"@id\":\"https:\/\/www.nettali.com\/#\/schema\/person\/d8ac7b7e27ddad43f1c0d2ef090d7f71\",\"name\":\"CK\",\"image\":{\"@type\":\"ImageObject\",\"@id\":\"https:\/\/www.nettali.com\/#personlogo\",\"inLanguage\":\"fr-FR\",\"url\":\"https:\/\/secure.gravatar.com\/avatar\/1d8d5118b9327d94da7cd4ce7f17fec2?s=96&d=mm&r=g\",\"contentUrl\":\"https:\/\/secure.gravatar.com\/avatar\/1d8d5118b9327d94da7cd4ce7f17fec2?s=96&d=mm&r=g\",\"caption\":\"CK\"},\"sameAs\":[\"https:\/\/www.nettali.com\"]}]}<\/script>\n<!-- \/ Yoast SEO Premium plugin. -->","yoast_head_json":{"title":"REAL - Mbapp\u00e9 encore forfait | Nettali.com","robots":{"index":"index","follow":"follow","max-snippet":"max-snippet:-1","max-image-preview":"max-image-preview:large","max-video-preview":"max-video-preview:-1"},"canonical":"https:\/\/www.nettali.com\/2025\/06\/26\/real-mbappe-encore-forfait\/","og_locale":"fr_FR","og_type":"article","og_title":"REAL - Mbapp\u00e9 encore forfait","og_description":"NETTALI.COM - Forfait pour les deux premiers matchs du Real Madrid dans la Coupe du monde des clubs \u00e0 cause d'un virus, Kylian Mbapp\u00e9 (26 ans, 56 matchs et 43 buts toutes comp\u00e9titions cette saison) ne participera pas \u00e0 la troisi\u00e8me rencontre de son \u00e9quipe face \u00e0 Salzbourg, dans la nuit de jeudi \u00e0 vendredi [&hellip;]","og_url":"https:\/\/www.nettali.com\/2025\/06\/26\/real-mbappe-encore-forfait\/","og_site_name":"Nettali.com","article_publisher":"https:\/\/www.facebook.com\/nettalicom","article_published_time":"2025-06-26T09:04:35+00:00","og_image":[{"width":828,"height":552,"url":"https:\/\/www.nettali.com\/wp-content\/uploads\/2025\/06\/21c7a.jpg","type":"image\/jpeg"}],"twitter_card":"summary_large_image","twitter_misc":{"\u00c9crit par":"CK","Dur\u00e9e de lecture estim\u00e9e":"1 minute"},"schema":{"@context":"https:\/\/schema.org","@graph":[{"@type":"WebSite","@id":"https:\/\/www.nettali.com\/#website","url":"https:\/\/www.nettali.com\/","name":"Nettali.com","description":"Le rendez-vous critique du Net","potentialAction":[{"@type":"SearchAction","target":{"@type":"EntryPoint","urlTemplate":"https:\/\/www.nettali.com\/?s={search_term_string}"},"query-input":"required name=search_term_string"}],"inLanguage":"fr-FR"},{"@type":"ImageObject","@id":"https:\/\/www.nettali.com\/2025\/06\/26\/real-mbappe-encore-forfait\/#primaryimage","inLanguage":"fr-FR","url":"https:\/\/www.nettali.com\/wp-content\/uploads\/2025\/06\/21c7a.jpg","contentUrl":"https:\/\/www.nettali.com\/wp-content\/uploads\/2025\/06\/21c7a.jpg","width":828,"height":552},{"@type":"WebPage","@id":"https:\/\/www.nettali.com\/2025\/06\/26\/real-mbappe-encore-forfait\/#webpage","url":"https:\/\/www.nettali.com\/2025\/06\/26\/real-mbappe-encore-forfait\/","name":"REAL - Mbapp\u00e9 encore forfait | Nettali.com","isPartOf":{"@id":"https:\/\/www.nettali.com\/#website"},"primaryImageOfPage":{"@id":"https:\/\/www.nettali.com\/2025\/06\/26\/real-mbappe-encore-forfait\/#primaryimage"},"datePublished":"2025-06-26T09:04:35+00:00","dateModified":"2025-06-26T09:04:35+00:00","author":{"@id":"https:\/\/www.nettali.com\/#\/schema\/person\/d8ac7b7e27ddad43f1c0d2ef090d7f71"},"breadcrumb":{"@id":"https:\/\/www.nettali.com\/2025\/06\/26\/real-mbappe-encore-forfait\/#breadcrumb"},"inLanguage":"fr-FR","potentialAction":[{"@type":"ReadAction","target":["https:\/\/www.nettali.com\/2025\/06\/26\/real-mbappe-encore-forfait\/"]}]},{"@type":"BreadcrumbList","@id":"https:\/\/www.nettali.com\/2025\/06\/26\/real-mbappe-encore-forfait\/#breadcrumb","itemListElement":[{"@type":"ListItem","position":1,"name":"Accueil","item":"https:\/\/www.nettali.com\/"},{"@type":"ListItem","position":2,"name":"REAL - Mbapp\u00e9 encore forfait"}]},{"@type":"Person","@id":"https:\/\/www.nettali.com\/#\/schema\/person\/d8ac7b7e27ddad43f1c0d2ef090d7f71","name":"CK","image":{"@type":"ImageObject","@id":"https:\/\/www.nettali.com\/#personlogo","inLanguage":"fr-FR","url":"https:\/\/secure.gravatar.com\/avatar\/1d8d5118b9327d94da7cd4ce7f17fec2?s=96&d=mm&r=g","contentUrl":"https:\/\/secure.gravatar.com\/avatar\/1d8d5118b9327d94da7cd4ce7f17fec2?s=96&d=mm&r=g","caption":"CK"},"sameAs":["https:\/\/www.nettali.com"]}]}},"_links":{"self":[{"href":"https:\/\/www.nettali.com\/rest\/wp\/v2\/posts\/156504"}],"collection":[{"href":"https:\/\/www.nettali.com\/rest\/wp\/v2\/posts"}],"about":[{"href":"https:\/\/www.nettali.com\/rest\/wp\/v2\/types\/post"}],"author":[{"embeddable":true,"href":"https:\/\/www.nettali.com\/rest\/wp\/v2\/users\/2"}],"replies":[{"embeddable":true,"href":"https:\/\/www.nettali.com\/rest\/wp\/v2\/comments?post=156504"}],"version-history":[{"count":1,"href":"https:\/\/www.nettali.com\/rest\/wp\/v2\/posts\/156504\/revisions"}],"predecessor-version":[{"id":156505,"href":"https:\/\/www.nettali.com\/rest\/wp\/v2\/posts\/156504\/revisions\/156505"}],"wp:featuredmedia":[{"embeddable":true,"href":"https:\/\/www.nettali.com\/rest\/wp\/v2\/media\/156428"}],"wp:attachment":[{"href":"https:\/\/www.nettali.com\/rest\/wp\/v2\/media?parent=156504"}],"wp:term":[{"taxonomy":"category","embeddable":true,"href":"https:\/\/www.nettali.com\/rest\/wp\/v2\/categories?post=156504"},{"taxonomy":"post_tag","embeddable":true,"href":"https:\/\/www.nettali.com\/rest\/wp\/v2\/tags?post=156504"}],"curies":[{"name":"wp","href":"https:\/\/api.w.org\/{rel}","templated":true}]}}