{"id":156481,"date":"2025-06-26T10:09:28","date_gmt":"2025-06-26T10:09:28","guid":{"rendered":"https:\/\/www.nettali.com\/?p=156481"},"modified":"2025-06-26T08:12:52","modified_gmt":"2025-06-26T08:12:52","slug":"visite-officielle-seville-hote-du-president-bassirou-diomaye-faye","status":"publish","type":"post","link":"https:\/\/www.nettali.com\/2025\/06\/26\/visite-officielle-seville-hote-du-president-bassirou-diomaye-faye\/","title":{"rendered":"VISITE OFFICIELLE - S\u00e9ville, h\u00f4te du pr\u00e9sident Bassirou Diomaye Faye"},"content":{"rendered":"<p data-start=\"247\" data-end=\"722\"><strong>NETTALI.COM - Du 30 juin au 3 juillet 2025, S\u00e9ville sera le carrefour diplomatique et \u00e9conomique mondial, \u00e0 l\u2019occasion de la 4e Conf\u00e9rence internationale sur le financement du d\u00e9veloppement organis\u00e9e sous l\u2019\u00e9gide des Nations Unies. Une rencontre de haut niveau, dans un contexte mondial marqu\u00e9 par des d\u00e9fis \u00e9conomiques, climatiques et sociaux d\u2019une ampleur in\u00e9dite, o\u00f9 le financement des Objectifs de d\u00e9veloppement durable (ODD) \u00e0 l\u2019horizon 2030 reste un enjeu majeur.<\/strong><\/p>\n<p data-start=\"724\" data-end=\"1170\">Durant quatre jours, chefs d\u2019\u00c9tat, institutions financi\u00e8res internationales, banques de d\u00e9veloppement, entreprises priv\u00e9es et repr\u00e9sentants de la soci\u00e9t\u00e9 civile vont plancher sur des sujets aussi strat\u00e9giques qu\u2019urgents : r\u00e9forme de la fiscalit\u00e9 internationale, lutte contre les flux financiers illicites, r\u00e9duction des in\u00e9galit\u00e9s d\u2019acc\u00e8s aux ressources financi\u00e8res et gestion soutenable de la dette des pays en d\u00e9veloppement.<\/p>\n<h3 data-start=\"1172\" data-end=\"1258\"><strong data-start=\"1176\" data-end=\"1258\">Diomaye Faye \u00e0 S\u00e9ville : entre diplomatie \u00e9conomique et dialogue communautaire<\/strong><\/h3>\n<p data-start=\"1260\" data-end=\"1633\">Parmi les dirigeants annonc\u00e9s \u00e0 S\u00e9ville figure le pr\u00e9sident s\u00e9n\u00e9galais Bassirou Diomaye Diakhar Faye. Attendue dans le cadre des travaux officiels, sa participation rev\u00eat \u00e9galement un enjeu particulier : la rencontre qu\u2019il tiendra avec la communaut\u00e9 s\u00e9n\u00e9galaise d\u2019Espagne, pr\u00e9vue le 1er juillet \u00e0 16h45. Un rendez-vous que beaucoup qualifient d\u00e9j\u00e0 d\u2019historique.<\/p>\n<p data-start=\"1635\" data-end=\"2040\">Depuis des ann\u00e9es, les S\u00e9n\u00e9galais \u00e9tablis en Espagne expriment un sentiment de marginalisation dans les politiques publiques. Malgr\u00e9 leur poids \u00e9conomique \u2014 \u00e0 travers des transferts financiers annuels cons\u00e9quents \u2014 et leur r\u00f4le social, la diaspora s\u00e9n\u00e9galaise en Espagne se dit souvent ignor\u00e9e des grandes orientations gouvernementales, en mati\u00e8re d\u2019investissement, d\u2019int\u00e9gration ou de repr\u00e9sentation.<\/p>\n<h3 data-start=\"2042\" data-end=\"2087\"><strong data-start=\"2046\" data-end=\"2087\">Un moment attendu, charg\u00e9 de symboles<\/strong><\/h3>\n<p data-start=\"2089\" data-end=\"2558\">Cette rencontre avec Diomaye Faye est per\u00e7ue par nombre de ressortissants comme un premier geste fort, une occasion d\u2019exister enfin dans le d\u00e9bat public national et de participer activement \u00e0 la r\u00e9flexion sur le d\u00e9veloppement du S\u00e9n\u00e9gal. Un rendez-vous que beaucoup esp\u00e8rent comme le d\u00e9but d\u2019un rapport plus \u00e9quilibr\u00e9 entre l\u2019\u00c9tat s\u00e9n\u00e9galais et sa diaspora espagnole, bien trop souvent cantonn\u00e9e \u00e0 un r\u00f4le de pourvoyeur de devises ou de variable \u00e9lectorale.<\/p>\n<p data-start=\"2560\" data-end=\"2781\">Le face-\u00e0-face attendu \u00e0 S\u00e9ville pourrait ainsi marquer un tournant dans la politique migratoire et diplomatique s\u00e9n\u00e9galaise, en pla\u00e7ant la diaspora au c\u0153ur des projets de transformation sociale et \u00e9conomique du pays.<\/p>\n<p data-start=\"2783\" data-end=\"2955\">En somme, au-del\u00e0 des discours diplomatiques et des panels techniques, S\u00e9ville 2025 pourrait bien \u00eatre, pour le S\u00e9n\u00e9gal et ses fils de la diaspora, un moment de v\u00e9rit\u00e9.<\/p>\n<div class='share-to-whatsapp-wrapper'><div class='share-on-whsp'>PARTAGER SUR : <\/div><a data-text='VISITE OFFICIELLE - S\u00e9ville, h\u00f4te du pr\u00e9sident Bassirou Diomaye Faye' data-link='https:\/\/www.nettali.com\/2025\/06\/26\/visite-officielle-seville-hote-du-president-bassirou-diomaye-faye\/' class='whatsapp-button whatsapp-share'>WhatsApp<\/a><div class='clear '><\/div><\/div>","protected":false},"excerpt":{"rendered":"<p>NETTALI.COM - Du 30 juin au 3 juillet 2025, S\u00e9ville sera le carrefour diplomatique et \u00e9conomique mondial, \u00e0 l\u2019occasion de la 4e Conf\u00e9rence internationale sur le financement du d\u00e9veloppement organis\u00e9e sous l\u2019\u00e9gide des Nations Unies. Une rencontre de haut niveau, dans un contexte mondial marqu\u00e9 par des d\u00e9fis \u00e9conomiques, climatiques et sociaux d\u2019une ampleur in\u00e9dite, [&hellip;]<\/p>\n","protected":false},"author":4,"featured_media":148936,"comment_status":"open","ping_status":"open","sticky":false,"template":"","format":"standard","meta":{"_et_pb_use_builder":"","_et_pb_old_content":""},"categories":[2],"tags":[],"yoast_head":"<!-- This site is optimized with the Yoast SEO Premium plugin v17.8 (Yoast SEO v17.8) - https:\/\/yoast.com\/wordpress\/plugins\/seo\/ -->\n<title>VISITE OFFICIELLE - S\u00e9ville, h\u00f4te du pr\u00e9sident Bassirou Diomaye Faye | Nettali.com<\/title>\n<meta name=\"robots\" content=\"index, follow, max-snippet:-1, max-image-preview:large, max-video-preview:-1\" \/>\n<link rel=\"canonical\" href=\"https:\/\/www.nettali.com\/2025\/06\/26\/visite-officielle-seville-hote-du-president-bassirou-diomaye-faye\/\" \/>\n<meta property=\"og:locale\" content=\"fr_FR\" \/>\n<meta property=\"og:type\" content=\"article\" \/>\n<meta property=\"og:title\" content=\"VISITE OFFICIELLE - S\u00e9ville, h\u00f4te du pr\u00e9sident Bassirou Diomaye Faye\" \/>\n<meta property=\"og:description\" content=\"NETTALI.COM - Du 30 juin au 3 juillet 2025, S\u00e9ville sera le carrefour diplomatique et \u00e9conomique mondial, \u00e0 l\u2019occasion de la 4e Conf\u00e9rence internationale sur le financement du d\u00e9veloppement organis\u00e9e sous l\u2019\u00e9gide des Nations Unies. Une rencontre de haut niveau, dans un contexte mondial marqu\u00e9 par des d\u00e9fis \u00e9conomiques, climatiques et sociaux d\u2019une ampleur in\u00e9dite, [&hellip;]\" \/>\n<meta property=\"og:url\" content=\"https:\/\/www.nettali.com\/2025\/06\/26\/visite-officielle-seville-hote-du-president-bassirou-diomaye-faye\/\" \/>\n<meta property=\"og:site_name\" content=\"Nettali.com\" \/>\n<meta property=\"article:publisher\" content=\"https:\/\/www.facebook.com\/nettalicom\" \/>\n<meta property=\"article:published_time\" content=\"2025-06-26T10:09:28+00:00\" \/>\n<meta property=\"article:modified_time\" content=\"2025-06-26T08:12:52+00:00\" \/>\n<meta property=\"og:image\" content=\"https:\/\/www.nettali.com\/wp-content\/uploads\/2025\/02\/President-Bassirou-Diomaye-Faye-en-voyage.jpg\" \/>\n\t<meta property=\"og:image:width\" content=\"1280\" \/>\n\t<meta property=\"og:image:height\" content=\"865\" \/>\n<meta name=\"twitter:card\" content=\"summary_large_image\" \/>\n<meta name=\"twitter:label1\" content=\"\u00c9crit par\" \/>\n\t<meta name=\"twitter:data1\" content=\"Daouda\" \/>\n\t<meta name=\"twitter:label2\" content=\"Dur\u00e9e de lecture estim\u00e9e\" \/>\n\t<meta name=\"twitter:data2\" content=\"2 minutes\" \/>\n<script type=\"application\/ld+json\" class=\"yoast-schema-graph\">{\"@context\":\"https:\/\/schema.org\",\"@graph\":[{\"@type\":\"WebSite\",\"@id\":\"https:\/\/www.nettali.com\/#website\",\"url\":\"https:\/\/www.nettali.com\/\",\"name\":\"Nettali.com\",\"description\":\"Le rendez-vous critique du Net\",\"potentialAction\":[{\"@type\":\"SearchAction\",\"target\":{\"@type\":\"EntryPoint\",\"urlTemplate\":\"https:\/\/www.nettali.com\/?s={search_term_string}\"},\"query-input\":\"required name=search_term_string\"}],\"inLanguage\":\"fr-FR\"},{\"@type\":\"ImageObject\",\"@id\":\"https:\/\/www.nettali.com\/2025\/06\/26\/visite-officielle-seville-hote-du-president-bassirou-diomaye-faye\/#primaryimage\",\"inLanguage\":\"fr-FR\",\"url\":\"https:\/\/www.nettali.com\/wp-content\/uploads\/2025\/02\/President-Bassirou-Diomaye-Faye-en-voyage.jpg\",\"contentUrl\":\"https:\/\/www.nettali.com\/wp-content\/uploads\/2025\/02\/President-Bassirou-Diomaye-Faye-en-voyage.jpg\",\"width\":1280,\"height\":865},{\"@type\":\"WebPage\",\"@id\":\"https:\/\/www.nettali.com\/2025\/06\/26\/visite-officielle-seville-hote-du-president-bassirou-diomaye-faye\/#webpage\",\"url\":\"https:\/\/www.nettali.com\/2025\/06\/26\/visite-officielle-seville-hote-du-president-bassirou-diomaye-faye\/\",\"name\":\"VISITE OFFICIELLE - S\\u00e9ville, h\\u00f4te du pr\\u00e9sident Bassirou Diomaye Faye | Nettali.com\",\"isPartOf\":{\"@id\":\"https:\/\/www.nettali.com\/#website\"},\"primaryImageOfPage\":{\"@id\":\"https:\/\/www.nettali.com\/2025\/06\/26\/visite-officielle-seville-hote-du-president-bassirou-diomaye-faye\/#primaryimage\"},\"datePublished\":\"2025-06-26T10:09:28+00:00\",\"dateModified\":\"2025-06-26T08:12:52+00:00\",\"author\":{\"@id\":\"https:\/\/www.nettali.com\/#\/schema\/person\/3317e0bb3aa1da309fbf7b2780901bf4\"},\"breadcrumb\":{\"@id\":\"https:\/\/www.nettali.com\/2025\/06\/26\/visite-officielle-seville-hote-du-president-bassirou-diomaye-faye\/#breadcrumb\"},\"inLanguage\":\"fr-FR\",\"potentialAction\":[{\"@type\":\"ReadAction\",\"target\":[\"https:\/\/www.nettali.com\/2025\/06\/26\/visite-officielle-seville-hote-du-president-bassirou-diomaye-faye\/\"]}]},{\"@type\":\"BreadcrumbList\",\"@id\":\"https:\/\/www.nettali.com\/2025\/06\/26\/visite-officielle-seville-hote-du-president-bassirou-diomaye-faye\/#breadcrumb\",\"itemListElement\":[{\"@type\":\"ListItem\",\"position\":1,\"name\":\"Accueil\",\"item\":\"https:\/\/www.nettali.com\/\"},{\"@type\":\"ListItem\",\"position\":2,\"name\":\"VISITE OFFICIELLE - S\\u00e9ville, h\\u00f4te du pr\\u00e9sident Bassirou Diomaye Faye\"}]},{\"@type\":\"Person\",\"@id\":\"https:\/\/www.nettali.com\/#\/schema\/person\/3317e0bb3aa1da309fbf7b2780901bf4\",\"name\":\"Daouda\",\"image\":{\"@type\":\"ImageObject\",\"@id\":\"https:\/\/www.nettali.com\/#personlogo\",\"inLanguage\":\"fr-FR\",\"url\":\"https:\/\/secure.gravatar.com\/avatar\/8d143b5a49345098ddcfee1c49c2f47c?s=96&d=mm&r=g\",\"contentUrl\":\"https:\/\/secure.gravatar.com\/avatar\/8d143b5a49345098ddcfee1c49c2f47c?s=96&d=mm&r=g\",\"caption\":\"Daouda\"},\"sameAs\":[\"https:\/\/www.nettali.com\"]}]}<\/script>\n<!-- \/ Yoast SEO Premium plugin. -->","yoast_head_json":{"title":"VISITE OFFICIELLE - S\u00e9ville, h\u00f4te du pr\u00e9sident Bassirou Diomaye Faye | Nettali.com","robots":{"index":"index","follow":"follow","max-snippet":"max-snippet:-1","max-image-preview":"max-image-preview:large","max-video-preview":"max-video-preview:-1"},"canonical":"https:\/\/www.nettali.com\/2025\/06\/26\/visite-officielle-seville-hote-du-president-bassirou-diomaye-faye\/","og_locale":"fr_FR","og_type":"article","og_title":"VISITE OFFICIELLE - S\u00e9ville, h\u00f4te du pr\u00e9sident Bassirou Diomaye Faye","og_description":"NETTALI.COM - Du 30 juin au 3 juillet 2025, S\u00e9ville sera le carrefour diplomatique et \u00e9conomique mondial, \u00e0 l\u2019occasion de la 4e Conf\u00e9rence internationale sur le financement du d\u00e9veloppement organis\u00e9e sous l\u2019\u00e9gide des Nations Unies. Une rencontre de haut niveau, dans un contexte mondial marqu\u00e9 par des d\u00e9fis \u00e9conomiques, climatiques et sociaux d\u2019une ampleur in\u00e9dite, [&hellip;]","og_url":"https:\/\/www.nettali.com\/2025\/06\/26\/visite-officielle-seville-hote-du-president-bassirou-diomaye-faye\/","og_site_name":"Nettali.com","article_publisher":"https:\/\/www.facebook.com\/nettalicom","article_published_time":"2025-06-26T10:09:28+00:00","article_modified_time":"2025-06-26T08:12:52+00:00","og_image":[{"width":1280,"height":865,"url":"https:\/\/www.nettali.com\/wp-content\/uploads\/2025\/02\/President-Bassirou-Diomaye-Faye-en-voyage.jpg","type":"image\/jpeg"}],"twitter_card":"summary_large_image","twitter_misc":{"\u00c9crit par":"Daouda","Dur\u00e9e de lecture estim\u00e9e":"2 minutes"},"schema":{"@context":"https:\/\/schema.org","@graph":[{"@type":"WebSite","@id":"https:\/\/www.nettali.com\/#website","url":"https:\/\/www.nettali.com\/","name":"Nettali.com","description":"Le rendez-vous critique du Net","potentialAction":[{"@type":"SearchAction","target":{"@type":"EntryPoint","urlTemplate":"https:\/\/www.nettali.com\/?s={search_term_string}"},"query-input":"required name=search_term_string"}],"inLanguage":"fr-FR"},{"@type":"ImageObject","@id":"https:\/\/www.nettali.com\/2025\/06\/26\/visite-officielle-seville-hote-du-president-bassirou-diomaye-faye\/#primaryimage","inLanguage":"fr-FR","url":"https:\/\/www.nettali.com\/wp-content\/uploads\/2025\/02\/President-Bassirou-Diomaye-Faye-en-voyage.jpg","contentUrl":"https:\/\/www.nettali.com\/wp-content\/uploads\/2025\/02\/President-Bassirou-Diomaye-Faye-en-voyage.jpg","width":1280,"height":865},{"@type":"WebPage","@id":"https:\/\/www.nettali.com\/2025\/06\/26\/visite-officielle-seville-hote-du-president-bassirou-diomaye-faye\/#webpage","url":"https:\/\/www.nettali.com\/2025\/06\/26\/visite-officielle-seville-hote-du-president-bassirou-diomaye-faye\/","name":"VISITE OFFICIELLE - S\u00e9ville, h\u00f4te du pr\u00e9sident Bassirou Diomaye Faye | Nettali.com","isPartOf":{"@id":"https:\/\/www.nettali.com\/#website"},"primaryImageOfPage":{"@id":"https:\/\/www.nettali.com\/2025\/06\/26\/visite-officielle-seville-hote-du-president-bassirou-diomaye-faye\/#primaryimage"},"datePublished":"2025-06-26T10:09:28+00:00","dateModified":"2025-06-26T08:12:52+00:00","author":{"@id":"https:\/\/www.nettali.com\/#\/schema\/person\/3317e0bb3aa1da309fbf7b2780901bf4"},"breadcrumb":{"@id":"https:\/\/www.nettali.com\/2025\/06\/26\/visite-officielle-seville-hote-du-president-bassirou-diomaye-faye\/#breadcrumb"},"inLanguage":"fr-FR","potentialAction":[{"@type":"ReadAction","target":["https:\/\/www.nettali.com\/2025\/06\/26\/visite-officielle-seville-hote-du-president-bassirou-diomaye-faye\/"]}]},{"@type":"BreadcrumbList","@id":"https:\/\/www.nettali.com\/2025\/06\/26\/visite-officielle-seville-hote-du-president-bassirou-diomaye-faye\/#breadcrumb","itemListElement":[{"@type":"ListItem","position":1,"name":"Accueil","item":"https:\/\/www.nettali.com\/"},{"@type":"ListItem","position":2,"name":"VISITE OFFICIELLE - S\u00e9ville, h\u00f4te du pr\u00e9sident Bassirou Diomaye Faye"}]},{"@type":"Person","@id":"https:\/\/www.nettali.com\/#\/schema\/person\/3317e0bb3aa1da309fbf7b2780901bf4","name":"Daouda","image":{"@type":"ImageObject","@id":"https:\/\/www.nettali.com\/#personlogo","inLanguage":"fr-FR","url":"https:\/\/secure.gravatar.com\/avatar\/8d143b5a49345098ddcfee1c49c2f47c?s=96&d=mm&r=g","contentUrl":"https:\/\/secure.gravatar.com\/avatar\/8d143b5a49345098ddcfee1c49c2f47c?s=96&d=mm&r=g","caption":"Daouda"},"sameAs":["https:\/\/www.nettali.com"]}]}},"_links":{"self":[{"href":"https:\/\/www.nettali.com\/rest\/wp\/v2\/posts\/156481"}],"collection":[{"href":"https:\/\/www.nettali.com\/rest\/wp\/v2\/posts"}],"about":[{"href":"https:\/\/www.nettali.com\/rest\/wp\/v2\/types\/post"}],"author":[{"embeddable":true,"href":"https:\/\/www.nettali.com\/rest\/wp\/v2\/users\/4"}],"replies":[{"embeddable":true,"href":"https:\/\/www.nettali.com\/rest\/wp\/v2\/comments?post=156481"}],"version-history":[{"count":1,"href":"https:\/\/www.nettali.com\/rest\/wp\/v2\/posts\/156481\/revisions"}],"predecessor-version":[{"id":156482,"href":"https:\/\/www.nettali.com\/rest\/wp\/v2\/posts\/156481\/revisions\/156482"}],"wp:featuredmedia":[{"embeddable":true,"href":"https:\/\/www.nettali.com\/rest\/wp\/v2\/media\/148936"}],"wp:attachment":[{"href":"https:\/\/www.nettali.com\/rest\/wp\/v2\/media?parent=156481"}],"wp:term":[{"taxonomy":"category","embeddable":true,"href":"https:\/\/www.nettali.com\/rest\/wp\/v2\/categories?post=156481"},{"taxonomy":"post_tag","embeddable":true,"href":"https:\/\/www.nettali.com\/rest\/wp\/v2\/tags?post=156481"}],"curies":[{"name":"wp","href":"https:\/\/api.w.org\/{rel}","templated":true}]}}