{"id":156479,"date":"2025-06-26T08:24:55","date_gmt":"2025-06-26T08:24:55","guid":{"rendered":"https:\/\/www.nettali.com\/?p=156479"},"modified":"2025-06-26T08:30:12","modified_gmt":"2025-06-26T08:30:12","slug":"situation-des-universites-les-directives-du-president-diomaye-faye","status":"publish","type":"post","link":"https:\/\/www.nettali.com\/2025\/06\/26\/situation-des-universites-les-directives-du-president-diomaye-faye\/","title":{"rendered":"SITUATION DES UNIVERSIT\u00c9S- Les directives du Pr\u00e9sident Diomaye Faye\u00a0"},"content":{"rendered":"<p><strong>NETTALI.COM-\u00a0Face aux d\u00e9fis r\u00e9currents dans le secteur universitaire, le Chef de l\u2019\u00c9tat appelle \u00e0 des mesures urgentes pour assurer la stabilit\u00e9 sociale et la continuit\u00e9 acad\u00e9mique. L\u2019objectif est clair : faire de l\u2019enseignement sup\u00e9rieur un levier central pour le d\u00e9veloppement du S\u00e9n\u00e9gal.<\/strong><\/p>\n<p>L\u2019Enseignement sup\u00e9rieur, la Recherche et l\u2019Innovation sont d\u00e9sormais au premier rang des priorit\u00e9s de l\u2019\u00c9tat. C\u2019est ce qu\u2019a r\u00e9affirm\u00e9 le pr\u00e9sident Bassirou Diomaye Faye, ce mercredi 25 juin 2025, en Conseil des ministres. Selon le communiqu\u00e9 officiel, le Chef de l\u2019\u00c9tat a rappel\u00e9 \u00ab <em>la place fondamentale de l\u2019enseignement sup\u00e9rieur dans l\u2019Agenda national de Transformation<\/em> \u00bb, en insistant sur sa port\u00e9e strat\u00e9gique pour \u00ab<em> la valorisation du capital humain national et la transformation syst\u00e9mique durable du S\u00e9n\u00e9gal<\/em> \u00bb.<\/p>\n<p>Face aux tensions sociales et aux perturbations qui affectent r\u00e9guli\u00e8rement le fonctionnement des universit\u00e9s publiques, le Pr\u00e9sident a invit\u00e9 le gouvernement \u00e0 agir vite. Il a exig\u00e9 \u00ab <em>des dispositions pr\u00e9ventives ad\u00e9quates, en liaison avec toutes les parties prenantes, afin d\u2019assurer la continuit\u00e9 acad\u00e9mique et la stabilit\u00e9 sociale<\/em> \u00bb dans les \u00e9tablissements d\u2019enseignement sup\u00e9rieur.<\/p>\n<p>Dans cette perspective, cinq axes de r\u00e9forme sont jug\u00e9s prioritaires. D\u2019abord, \u00ab <em>la ma\u00eetrise du calendrier universitaire au regard du respect des prescriptions du syst\u00e8me LMD<\/em> \u00bb, afin d\u2019\u00e9viter les ann\u00e9es blanches ou prolong\u00e9es.<\/p>\n<p>Ensuite, l\u2019accent est mis sur \u00ab <em>le d\u00e9veloppement fonctionnel de la carte universitaire avec une reprise en main et une r\u00e9ception dans les d\u00e9lais des infrastructures dans les r\u00e9gions<\/em> \u00bb, notamment dans le cadre de la d\u00e9centralisation des universit\u00e9s.<\/p>\n<p>Le Pr\u00e9sident a aussi insist\u00e9 sur \u00ab <em>la bonne gestion des orientations des futurs bacheliers<\/em> \u00bb, une \u00e9tape cruciale pour pr\u00e9venir les surcharges dans certaines fili\u00e8res et universit\u00e9s.<\/p>\n<p>Le volet budg\u00e9taire n\u2019est pas en reste. Pour lui, il faut assurer \u00ab <em>une \u00e9valuation rigoureuse des ressources et charges des universit\u00e9s, \u00e9tablissements d\u2019enseignement sup\u00e9rieur et Centres des \u0152uvres sociales universitaires<\/em> \u00bb.<\/p>\n<p>Enfin, le recrutement d\u2019enseignants et de personnels administratifs, techniques et de service devra \u00eatre \u00ab <em>planifi\u00e9 en concertation avec les recteurs \u00bb <\/em>pour r\u00e9pondre aux besoins croissants du secteur.<\/p>\n<p>Le renforcement de la gouvernance financi\u00e8re constitue un autre point d\u2019attention majeur. Le Chef de l\u2019\u00c9tat a donn\u00e9 des instructions claires au ministre de l\u2019Enseignement sup\u00e9rieur et au ministre des Finances pour \u00ab <em>veiller au renforcement syst\u00e9matique de la gouvernance financi\u00e8re des universit\u00e9s publiques et des Centres des \u0152uvres sociales universitaires<\/em> \u00bb.<\/p>\n<p>Autre volet important : la collaboration avec le secteur priv\u00e9. Le Pr\u00e9sident a demand\u00e9 l\u2019ouverture de \u00ab <em>concertations sp\u00e9cifiques avec les acteurs de l\u2019enseignement sup\u00e9rieur priv\u00e9 \u00bb. L\u2019<\/em> objectif est de b\u00e2tir un mod\u00e8le d\u2019enseignement \u00ab <em>int\u00e9gr\u00e9, performant, plus professionnalisant et mieux \u00e0 m\u00eame de porter l\u2019Agenda national de Transformation<\/em> \u00bb.<\/p>\n<p>Toutes ces mesures s\u2019inscrivent dans le cadre de l\u2019Agenda national de Transformation de l\u2019Enseignement sup\u00e9rieur, de la Recherche et de l\u2019Innovation (ANTESRI). Les recommandations issues de ce processus de r\u00e9forme feront, selon le Pr\u00e9sident, \u00ab <em>l\u2019objet d\u2019une attention particuli\u00e8re<\/em> \u00bb.<\/p>\n<p>Avec ce recentrage strat\u00e9gique, le pouvoir ex\u00e9cutif semble d\u00e9termin\u00e9 \u00e0 sortir l\u2019universit\u00e9 publique s\u00e9n\u00e9galaise de la crise structurelle qui l\u2019entrave depuis plusieurs ann\u00e9es, et \u00e0 impulser une nouvelle dynamique fond\u00e9e sur l\u2019efficience, la gouvernance et la qualit\u00e9 de l\u2019enseignement.<\/p>\n<div class='share-to-whatsapp-wrapper'><div class='share-on-whsp'>PARTAGER SUR : <\/div><a data-text='SITUATION DES UNIVERSIT\u00c9S- Les directives du Pr\u00e9sident Diomaye Faye\u00a0' data-link='https:\/\/www.nettali.com\/2025\/06\/26\/situation-des-universites-les-directives-du-president-diomaye-faye\/' class='whatsapp-button whatsapp-share'>WhatsApp<\/a><div class='clear '><\/div><\/div>","protected":false},"excerpt":{"rendered":"<p>NETTALI.COM-\u00a0Face aux d\u00e9fis r\u00e9currents dans le secteur universitaire, le Chef de l\u2019\u00c9tat appelle \u00e0 des mesures urgentes pour assurer la stabilit\u00e9 sociale et la continuit\u00e9 acad\u00e9mique. L\u2019objectif est clair : faire de l\u2019enseignement sup\u00e9rieur un levier central pour le d\u00e9veloppement du S\u00e9n\u00e9gal. L\u2019Enseignement sup\u00e9rieur, la Recherche et l\u2019Innovation sont d\u00e9sormais au premier rang des priorit\u00e9s [&hellip;]<\/p>\n","protected":false},"author":6,"featured_media":139001,"comment_status":"open","ping_status":"open","sticky":false,"template":"","format":"standard","meta":{"_et_pb_use_builder":"","_et_pb_old_content":""},"categories":[3],"tags":[],"yoast_head":"<!-- This site is optimized with the Yoast SEO Premium plugin v17.8 (Yoast SEO v17.8) - https:\/\/yoast.com\/wordpress\/plugins\/seo\/ -->\n<title>SITUATION DES UNIVERSIT\u00c9S- Les directives du Pr\u00e9sident Diomaye Faye\u00a0 | Nettali.com<\/title>\n<meta name=\"robots\" content=\"index, follow, max-snippet:-1, max-image-preview:large, max-video-preview:-1\" \/>\n<link rel=\"canonical\" href=\"https:\/\/www.nettali.com\/2025\/06\/26\/situation-des-universites-les-directives-du-president-diomaye-faye\/\" \/>\n<meta property=\"og:locale\" content=\"fr_FR\" \/>\n<meta property=\"og:type\" content=\"article\" \/>\n<meta property=\"og:title\" content=\"SITUATION DES UNIVERSIT\u00c9S- Les directives du Pr\u00e9sident Diomaye Faye\u00a0\" \/>\n<meta property=\"og:description\" content=\"NETTALI.COM-\u00a0Face aux d\u00e9fis r\u00e9currents dans le secteur universitaire, le Chef de l\u2019\u00c9tat appelle \u00e0 des mesures urgentes pour assurer la stabilit\u00e9 sociale et la continuit\u00e9 acad\u00e9mique. L\u2019objectif est clair : faire de l\u2019enseignement sup\u00e9rieur un levier central pour le d\u00e9veloppement du S\u00e9n\u00e9gal. L\u2019Enseignement sup\u00e9rieur, la Recherche et l\u2019Innovation sont d\u00e9sormais au premier rang des priorit\u00e9s [&hellip;]\" \/>\n<meta property=\"og:url\" content=\"https:\/\/www.nettali.com\/2025\/06\/26\/situation-des-universites-les-directives-du-president-diomaye-faye\/\" \/>\n<meta property=\"og:site_name\" content=\"Nettali.com\" \/>\n<meta property=\"article:publisher\" content=\"https:\/\/www.facebook.com\/nettalicom\" \/>\n<meta property=\"article:published_time\" content=\"2025-06-26T08:24:55+00:00\" \/>\n<meta property=\"article:modified_time\" content=\"2025-06-26T08:30:12+00:00\" \/>\n<meta property=\"og:image\" content=\"https:\/\/www.nettali.com\/wp-content\/uploads\/2024\/08\/senegal-les-grandes-decisions-prises-lors-du-premier-conseil-des-ministres-de-diomaye-faye-1024x682-1.jpg\" \/>\n\t<meta property=\"og:image:width\" content=\"900\" \/>\n\t<meta property=\"og:image:height\" content=\"599\" \/>\n<meta name=\"twitter:card\" content=\"summary_large_image\" \/>\n<meta name=\"twitter:label1\" content=\"\u00c9crit par\" \/>\n\t<meta name=\"twitter:data1\" content=\"Fatou\" \/>\n\t<meta name=\"twitter:label2\" content=\"Dur\u00e9e de lecture estim\u00e9e\" \/>\n\t<meta name=\"twitter:data2\" content=\"3 minutes\" \/>\n<script type=\"application\/ld+json\" class=\"yoast-schema-graph\">{\"@context\":\"https:\/\/schema.org\",\"@graph\":[{\"@type\":\"WebSite\",\"@id\":\"https:\/\/www.nettali.com\/#website\",\"url\":\"https:\/\/www.nettali.com\/\",\"name\":\"Nettali.com\",\"description\":\"Le rendez-vous critique du Net\",\"potentialAction\":[{\"@type\":\"SearchAction\",\"target\":{\"@type\":\"EntryPoint\",\"urlTemplate\":\"https:\/\/www.nettali.com\/?s={search_term_string}\"},\"query-input\":\"required name=search_term_string\"}],\"inLanguage\":\"fr-FR\"},{\"@type\":\"ImageObject\",\"@id\":\"https:\/\/www.nettali.com\/2025\/06\/26\/situation-des-universites-les-directives-du-president-diomaye-faye\/#primaryimage\",\"inLanguage\":\"fr-FR\",\"url\":\"https:\/\/www.nettali.com\/wp-content\/uploads\/2024\/08\/senegal-les-grandes-decisions-prises-lors-du-premier-conseil-des-ministres-de-diomaye-faye-1024x682-1.jpg\",\"contentUrl\":\"https:\/\/www.nettali.com\/wp-content\/uploads\/2024\/08\/senegal-les-grandes-decisions-prises-lors-du-premier-conseil-des-ministres-de-diomaye-faye-1024x682-1.jpg\",\"width\":900,\"height\":599},{\"@type\":\"WebPage\",\"@id\":\"https:\/\/www.nettali.com\/2025\/06\/26\/situation-des-universites-les-directives-du-president-diomaye-faye\/#webpage\",\"url\":\"https:\/\/www.nettali.com\/2025\/06\/26\/situation-des-universites-les-directives-du-president-diomaye-faye\/\",\"name\":\"SITUATION DES UNIVERSIT\\u00c9S- Les directives du Pr\\u00e9sident Diomaye Faye\\u00a0 | Nettali.com\",\"isPartOf\":{\"@id\":\"https:\/\/www.nettali.com\/#website\"},\"primaryImageOfPage\":{\"@id\":\"https:\/\/www.nettali.com\/2025\/06\/26\/situation-des-universites-les-directives-du-president-diomaye-faye\/#primaryimage\"},\"datePublished\":\"2025-06-26T08:24:55+00:00\",\"dateModified\":\"2025-06-26T08:30:12+00:00\",\"author\":{\"@id\":\"https:\/\/www.nettali.com\/#\/schema\/person\/418274a86bdf87caff7a3ef476bd0bbf\"},\"breadcrumb\":{\"@id\":\"https:\/\/www.nettali.com\/2025\/06\/26\/situation-des-universites-les-directives-du-president-diomaye-faye\/#breadcrumb\"},\"inLanguage\":\"fr-FR\",\"potentialAction\":[{\"@type\":\"ReadAction\",\"target\":[\"https:\/\/www.nettali.com\/2025\/06\/26\/situation-des-universites-les-directives-du-president-diomaye-faye\/\"]}]},{\"@type\":\"BreadcrumbList\",\"@id\":\"https:\/\/www.nettali.com\/2025\/06\/26\/situation-des-universites-les-directives-du-president-diomaye-faye\/#breadcrumb\",\"itemListElement\":[{\"@type\":\"ListItem\",\"position\":1,\"name\":\"Accueil\",\"item\":\"https:\/\/www.nettali.com\/\"},{\"@type\":\"ListItem\",\"position\":2,\"name\":\"SITUATION DES UNIVERSIT\\u00c9S- Les directives du Pr\\u00e9sident Diomaye Faye\\u00a0\"}]},{\"@type\":\"Person\",\"@id\":\"https:\/\/www.nettali.com\/#\/schema\/person\/418274a86bdf87caff7a3ef476bd0bbf\",\"name\":\"Fatou\",\"image\":{\"@type\":\"ImageObject\",\"@id\":\"https:\/\/www.nettali.com\/#personlogo\",\"inLanguage\":\"fr-FR\",\"url\":\"https:\/\/secure.gravatar.com\/avatar\/5a9442a2bee7b4dcf167cab035858e9a?s=96&d=mm&r=g\",\"contentUrl\":\"https:\/\/secure.gravatar.com\/avatar\/5a9442a2bee7b4dcf167cab035858e9a?s=96&d=mm&r=g\",\"caption\":\"Fatou\"},\"sameAs\":[\"https:\/\/www.nettali.com\"]}]}<\/script>\n<!-- \/ Yoast SEO Premium plugin. -->","yoast_head_json":{"title":"SITUATION DES UNIVERSIT\u00c9S- Les directives du Pr\u00e9sident Diomaye Faye\u00a0 | Nettali.com","robots":{"index":"index","follow":"follow","max-snippet":"max-snippet:-1","max-image-preview":"max-image-preview:large","max-video-preview":"max-video-preview:-1"},"canonical":"https:\/\/www.nettali.com\/2025\/06\/26\/situation-des-universites-les-directives-du-president-diomaye-faye\/","og_locale":"fr_FR","og_type":"article","og_title":"SITUATION DES UNIVERSIT\u00c9S- Les directives du Pr\u00e9sident Diomaye Faye\u00a0","og_description":"NETTALI.COM-\u00a0Face aux d\u00e9fis r\u00e9currents dans le secteur universitaire, le Chef de l\u2019\u00c9tat appelle \u00e0 des mesures urgentes pour assurer la stabilit\u00e9 sociale et la continuit\u00e9 acad\u00e9mique. L\u2019objectif est clair : faire de l\u2019enseignement sup\u00e9rieur un levier central pour le d\u00e9veloppement du S\u00e9n\u00e9gal. L\u2019Enseignement sup\u00e9rieur, la Recherche et l\u2019Innovation sont d\u00e9sormais au premier rang des priorit\u00e9s [&hellip;]","og_url":"https:\/\/www.nettali.com\/2025\/06\/26\/situation-des-universites-les-directives-du-president-diomaye-faye\/","og_site_name":"Nettali.com","article_publisher":"https:\/\/www.facebook.com\/nettalicom","article_published_time":"2025-06-26T08:24:55+00:00","article_modified_time":"2025-06-26T08:30:12+00:00","og_image":[{"width":900,"height":599,"url":"https:\/\/www.nettali.com\/wp-content\/uploads\/2024\/08\/senegal-les-grandes-decisions-prises-lors-du-premier-conseil-des-ministres-de-diomaye-faye-1024x682-1.jpg","type":"image\/jpeg"}],"twitter_card":"summary_large_image","twitter_misc":{"\u00c9crit par":"Fatou","Dur\u00e9e de lecture estim\u00e9e":"3 minutes"},"schema":{"@context":"https:\/\/schema.org","@graph":[{"@type":"WebSite","@id":"https:\/\/www.nettali.com\/#website","url":"https:\/\/www.nettali.com\/","name":"Nettali.com","description":"Le rendez-vous critique du Net","potentialAction":[{"@type":"SearchAction","target":{"@type":"EntryPoint","urlTemplate":"https:\/\/www.nettali.com\/?s={search_term_string}"},"query-input":"required name=search_term_string"}],"inLanguage":"fr-FR"},{"@type":"ImageObject","@id":"https:\/\/www.nettali.com\/2025\/06\/26\/situation-des-universites-les-directives-du-president-diomaye-faye\/#primaryimage","inLanguage":"fr-FR","url":"https:\/\/www.nettali.com\/wp-content\/uploads\/2024\/08\/senegal-les-grandes-decisions-prises-lors-du-premier-conseil-des-ministres-de-diomaye-faye-1024x682-1.jpg","contentUrl":"https:\/\/www.nettali.com\/wp-content\/uploads\/2024\/08\/senegal-les-grandes-decisions-prises-lors-du-premier-conseil-des-ministres-de-diomaye-faye-1024x682-1.jpg","width":900,"height":599},{"@type":"WebPage","@id":"https:\/\/www.nettali.com\/2025\/06\/26\/situation-des-universites-les-directives-du-president-diomaye-faye\/#webpage","url":"https:\/\/www.nettali.com\/2025\/06\/26\/situation-des-universites-les-directives-du-president-diomaye-faye\/","name":"SITUATION DES UNIVERSIT\u00c9S- Les directives du Pr\u00e9sident Diomaye Faye\u00a0 | Nettali.com","isPartOf":{"@id":"https:\/\/www.nettali.com\/#website"},"primaryImageOfPage":{"@id":"https:\/\/www.nettali.com\/2025\/06\/26\/situation-des-universites-les-directives-du-president-diomaye-faye\/#primaryimage"},"datePublished":"2025-06-26T08:24:55+00:00","dateModified":"2025-06-26T08:30:12+00:00","author":{"@id":"https:\/\/www.nettali.com\/#\/schema\/person\/418274a86bdf87caff7a3ef476bd0bbf"},"breadcrumb":{"@id":"https:\/\/www.nettali.com\/2025\/06\/26\/situation-des-universites-les-directives-du-president-diomaye-faye\/#breadcrumb"},"inLanguage":"fr-FR","potentialAction":[{"@type":"ReadAction","target":["https:\/\/www.nettali.com\/2025\/06\/26\/situation-des-universites-les-directives-du-president-diomaye-faye\/"]}]},{"@type":"BreadcrumbList","@id":"https:\/\/www.nettali.com\/2025\/06\/26\/situation-des-universites-les-directives-du-president-diomaye-faye\/#breadcrumb","itemListElement":[{"@type":"ListItem","position":1,"name":"Accueil","item":"https:\/\/www.nettali.com\/"},{"@type":"ListItem","position":2,"name":"SITUATION DES UNIVERSIT\u00c9S- Les directives du Pr\u00e9sident Diomaye Faye\u00a0"}]},{"@type":"Person","@id":"https:\/\/www.nettali.com\/#\/schema\/person\/418274a86bdf87caff7a3ef476bd0bbf","name":"Fatou","image":{"@type":"ImageObject","@id":"https:\/\/www.nettali.com\/#personlogo","inLanguage":"fr-FR","url":"https:\/\/secure.gravatar.com\/avatar\/5a9442a2bee7b4dcf167cab035858e9a?s=96&d=mm&r=g","contentUrl":"https:\/\/secure.gravatar.com\/avatar\/5a9442a2bee7b4dcf167cab035858e9a?s=96&d=mm&r=g","caption":"Fatou"},"sameAs":["https:\/\/www.nettali.com"]}]}},"_links":{"self":[{"href":"https:\/\/www.nettali.com\/rest\/wp\/v2\/posts\/156479"}],"collection":[{"href":"https:\/\/www.nettali.com\/rest\/wp\/v2\/posts"}],"about":[{"href":"https:\/\/www.nettali.com\/rest\/wp\/v2\/types\/post"}],"author":[{"embeddable":true,"href":"https:\/\/www.nettali.com\/rest\/wp\/v2\/users\/6"}],"replies":[{"embeddable":true,"href":"https:\/\/www.nettali.com\/rest\/wp\/v2\/comments?post=156479"}],"version-history":[{"count":1,"href":"https:\/\/www.nettali.com\/rest\/wp\/v2\/posts\/156479\/revisions"}],"predecessor-version":[{"id":156480,"href":"https:\/\/www.nettali.com\/rest\/wp\/v2\/posts\/156479\/revisions\/156480"}],"wp:featuredmedia":[{"embeddable":true,"href":"https:\/\/www.nettali.com\/rest\/wp\/v2\/media\/139001"}],"wp:attachment":[{"href":"https:\/\/www.nettali.com\/rest\/wp\/v2\/media?parent=156479"}],"wp:term":[{"taxonomy":"category","embeddable":true,"href":"https:\/\/www.nettali.com\/rest\/wp\/v2\/categories?post=156479"},{"taxonomy":"post_tag","embeddable":true,"href":"https:\/\/www.nettali.com\/rest\/wp\/v2\/tags?post=156479"}],"curies":[{"name":"wp","href":"https:\/\/api.w.org\/{rel}","templated":true}]}}