{"id":156477,"date":"2025-06-26T06:02:59","date_gmt":"2025-06-26T06:02:59","guid":{"rendered":"https:\/\/www.nettali.com\/?p=156477"},"modified":"2025-06-26T08:03:19","modified_gmt":"2025-06-26T08:03:19","slug":"inclusion-sociale-diomaye-faye-veut-une-politique-ambitieuse-pour-les-personnes-handicapees","status":"publish","type":"post","link":"https:\/\/www.nettali.com\/2025\/06\/26\/inclusion-sociale-diomaye-faye-veut-une-politique-ambitieuse-pour-les-personnes-handicapees\/","title":{"rendered":"INCLUSION SOCIALE - Diomaye Faye veut une politique ambitieuse pour les personnes handicap\u00e9es"},"content":{"rendered":"<p><strong>NETTALI.COM-\u00a0Le pr\u00e9sident de la R\u00e9publique a fix\u00e9 de nouvelles orientations pour renforcer l\u2019inclusion sociale des personnes en situation de handicap. De la r\u00e9forme de la loi d\u2019orientation \u00e0 l\u2019am\u00e9lioration de l\u2019accessibilit\u00e9, le gouvernement est appel\u00e9 \u00e0 acc\u00e9l\u00e9rer les actions concr\u00e8tes.<\/strong><\/p>\n<p>Lors du Conseil des ministres du 25 juin 2025, le pr\u00e9sident Bassirou Diomaye Faye a soulign\u00e9 l\u2019importance capitale de l\u2019inclusion des personnes vivant avec un handicap dans le projet national de transformation. Il a rappel\u00e9 que la vision d\u2019un S\u00e9n\u00e9gal souverain, juste et prosp\u00e8re exige de ne laisser personne en marge, en particulier les citoyens en situation de handicap.<\/p>\n<p>\u00c0 ce titre, le chef de l\u2019\u00c9tat a insist\u00e9 sur \u00ab <em>la n\u00e9cessit\u00e9 d\u2019une \u00e9valuation inclusive de la loi d\u2019orientation sociale n\u00b0 2010-15 du 6 juillet 2010<\/em> \u00bb, qui encadre la promotion et la protection des droits des personnes handicap\u00e9es. Il a \u00e9galement attir\u00e9 l\u2019attention du gouvernement sur \u00ab <em>l\u2019application des dispositifs concernant la carte d\u2019\u00e9galit\u00e9 des chances<\/em> \u00bb, outil cl\u00e9 mais encore faiblement d\u00e9ploy\u00e9 sur le terrain.<\/p>\n<p>Le pr\u00e9sident Faye a plaid\u00e9 pour une meilleure implication des personnes vivant avec un handicap dans tous les domaines de la vie nationale : institutionnelle, administrative, \u00e9conomique, sociale, culturelle, appelant \u00e0 briser les barri\u00e8res invisibles qui freinent leur participation.<\/p>\n<p>Deux priorit\u00e9s concr\u00e8tes ont \u00e9t\u00e9 fix\u00e9es : accorder un traitement sp\u00e9cial aux demandes de recrutement des personnes handicap\u00e9es dans le secteur public, et faciliter leur acc\u00e8s aux formations et financements offerts par les structures \u00e9tatiques. Pour le pr\u00e9sident, il ne s\u2019agit pas d\u2019assistance, mais d\u2019\u00e9quit\u00e9 et de justice sociale.<\/p>\n<p>Au-del\u00e0 des politiques d\u2019emploi, l\u2019am\u00e9lioration de l\u2019accessibilit\u00e9 physique est aussi un chantier majeur. Le pr\u00e9sident a instruit les ministres de l\u2019Urbanisme et des Transports terrestres de \u00ab <em>veiller \u00e0 l\u2019am\u00e9lioration de l\u2019accessibilit\u00e9 des b\u00e2timents et moyens de transports publics<\/em> \u00bb. Cette exigence vise \u00e0 garantir l\u2019autonomie et la mobilit\u00e9 des personnes handicap\u00e9es, souvent confront\u00e9es \u00e0 des obstacles dans l\u2019espace public.<\/p>\n<p>Enfin, dans une d\u00e9marche participative, Bassirou Diomaye Faye a demand\u00e9 au minist\u00e8re de la Famille et des Solidarit\u00e9s d\u2019organiser, avant fin 2025, des concertations nationales sur le renforcement de la protection et du bien-\u00eatre des personnes handicap\u00e9es. Ces assises devront permettre de co-construire une politique plus juste et plus efficace, en phase avec les r\u00e9alit\u00e9s v\u00e9cues.<\/p>\n<div class='share-to-whatsapp-wrapper'><div class='share-on-whsp'>PARTAGER SUR : <\/div><a data-text='INCLUSION SOCIALE - Diomaye Faye veut une politique ambitieuse pour les personnes handicap\u00e9es' data-link='https:\/\/www.nettali.com\/2025\/06\/26\/inclusion-sociale-diomaye-faye-veut-une-politique-ambitieuse-pour-les-personnes-handicapees\/' class='whatsapp-button whatsapp-share'>WhatsApp<\/a><div class='clear '><\/div><\/div>","protected":false},"excerpt":{"rendered":"<p>NETTALI.COM-\u00a0Le pr\u00e9sident de la R\u00e9publique a fix\u00e9 de nouvelles orientations pour renforcer l\u2019inclusion sociale des personnes en situation de handicap. De la r\u00e9forme de la loi d\u2019orientation \u00e0 l\u2019am\u00e9lioration de l\u2019accessibilit\u00e9, le gouvernement est appel\u00e9 \u00e0 acc\u00e9l\u00e9rer les actions concr\u00e8tes. Lors du Conseil des ministres du 25 juin 2025, le pr\u00e9sident Bassirou Diomaye Faye a [&hellip;]<\/p>\n","protected":false},"author":6,"featured_media":136736,"comment_status":"open","ping_status":"open","sticky":false,"template":"","format":"standard","meta":{"_et_pb_use_builder":"","_et_pb_old_content":""},"categories":[3],"tags":[],"yoast_head":"<!-- This site is optimized with the Yoast SEO Premium plugin v17.8 (Yoast SEO v17.8) - https:\/\/yoast.com\/wordpress\/plugins\/seo\/ -->\n<title>INCLUSION SOCIALE - Diomaye Faye veut une politique ambitieuse pour les personnes handicap\u00e9es | Nettali.com<\/title>\n<meta name=\"robots\" content=\"index, follow, max-snippet:-1, max-image-preview:large, max-video-preview:-1\" \/>\n<link rel=\"canonical\" href=\"https:\/\/www.nettali.com\/2025\/06\/26\/inclusion-sociale-diomaye-faye-veut-une-politique-ambitieuse-pour-les-personnes-handicapees\/\" \/>\n<meta property=\"og:locale\" content=\"fr_FR\" \/>\n<meta property=\"og:type\" content=\"article\" \/>\n<meta property=\"og:title\" content=\"INCLUSION SOCIALE - Diomaye Faye veut une politique ambitieuse pour les personnes handicap\u00e9es\" \/>\n<meta property=\"og:description\" content=\"NETTALI.COM-\u00a0Le pr\u00e9sident de la R\u00e9publique a fix\u00e9 de nouvelles orientations pour renforcer l\u2019inclusion sociale des personnes en situation de handicap. De la r\u00e9forme de la loi d\u2019orientation \u00e0 l\u2019am\u00e9lioration de l\u2019accessibilit\u00e9, le gouvernement est appel\u00e9 \u00e0 acc\u00e9l\u00e9rer les actions concr\u00e8tes. Lors du Conseil des ministres du 25 juin 2025, le pr\u00e9sident Bassirou Diomaye Faye a [&hellip;]\" \/>\n<meta property=\"og:url\" content=\"https:\/\/www.nettali.com\/2025\/06\/26\/inclusion-sociale-diomaye-faye-veut-une-politique-ambitieuse-pour-les-personnes-handicapees\/\" \/>\n<meta property=\"og:site_name\" content=\"Nettali.com\" \/>\n<meta property=\"article:publisher\" content=\"https:\/\/www.facebook.com\/nettalicom\" \/>\n<meta property=\"article:published_time\" content=\"2025-06-26T06:02:59+00:00\" \/>\n<meta property=\"article:modified_time\" content=\"2025-06-26T08:03:19+00:00\" \/>\n<meta property=\"og:image\" content=\"https:\/\/www.nettali.com\/wp-content\/uploads\/2024\/07\/Senegal-Bassirou-Diomaye-Faye-un-president-qui-revolutionne-la-gouvernance-depuis-mars-2024_thumbnail.jpg\" \/>\n\t<meta property=\"og:image:width\" content=\"800\" \/>\n\t<meta property=\"og:image:height\" content=\"470\" \/>\n<meta name=\"twitter:card\" content=\"summary_large_image\" \/>\n<meta name=\"twitter:label1\" content=\"\u00c9crit par\" \/>\n\t<meta name=\"twitter:data1\" content=\"Fatou\" \/>\n\t<meta name=\"twitter:label2\" content=\"Dur\u00e9e de lecture estim\u00e9e\" \/>\n\t<meta name=\"twitter:data2\" content=\"2 minutes\" \/>\n<script type=\"application\/ld+json\" class=\"yoast-schema-graph\">{\"@context\":\"https:\/\/schema.org\",\"@graph\":[{\"@type\":\"WebSite\",\"@id\":\"https:\/\/www.nettali.com\/#website\",\"url\":\"https:\/\/www.nettali.com\/\",\"name\":\"Nettali.com\",\"description\":\"Le rendez-vous critique du Net\",\"potentialAction\":[{\"@type\":\"SearchAction\",\"target\":{\"@type\":\"EntryPoint\",\"urlTemplate\":\"https:\/\/www.nettali.com\/?s={search_term_string}\"},\"query-input\":\"required name=search_term_string\"}],\"inLanguage\":\"fr-FR\"},{\"@type\":\"ImageObject\",\"@id\":\"https:\/\/www.nettali.com\/2025\/06\/26\/inclusion-sociale-diomaye-faye-veut-une-politique-ambitieuse-pour-les-personnes-handicapees\/#primaryimage\",\"inLanguage\":\"fr-FR\",\"url\":\"https:\/\/www.nettali.com\/wp-content\/uploads\/2024\/07\/Senegal-Bassirou-Diomaye-Faye-un-president-qui-revolutionne-la-gouvernance-depuis-mars-2024_thumbnail.jpg\",\"contentUrl\":\"https:\/\/www.nettali.com\/wp-content\/uploads\/2024\/07\/Senegal-Bassirou-Diomaye-Faye-un-president-qui-revolutionne-la-gouvernance-depuis-mars-2024_thumbnail.jpg\",\"width\":800,\"height\":470},{\"@type\":\"WebPage\",\"@id\":\"https:\/\/www.nettali.com\/2025\/06\/26\/inclusion-sociale-diomaye-faye-veut-une-politique-ambitieuse-pour-les-personnes-handicapees\/#webpage\",\"url\":\"https:\/\/www.nettali.com\/2025\/06\/26\/inclusion-sociale-diomaye-faye-veut-une-politique-ambitieuse-pour-les-personnes-handicapees\/\",\"name\":\"INCLUSION SOCIALE - Diomaye Faye veut une politique ambitieuse pour les personnes handicap\\u00e9es | Nettali.com\",\"isPartOf\":{\"@id\":\"https:\/\/www.nettali.com\/#website\"},\"primaryImageOfPage\":{\"@id\":\"https:\/\/www.nettali.com\/2025\/06\/26\/inclusion-sociale-diomaye-faye-veut-une-politique-ambitieuse-pour-les-personnes-handicapees\/#primaryimage\"},\"datePublished\":\"2025-06-26T06:02:59+00:00\",\"dateModified\":\"2025-06-26T08:03:19+00:00\",\"author\":{\"@id\":\"https:\/\/www.nettali.com\/#\/schema\/person\/418274a86bdf87caff7a3ef476bd0bbf\"},\"breadcrumb\":{\"@id\":\"https:\/\/www.nettali.com\/2025\/06\/26\/inclusion-sociale-diomaye-faye-veut-une-politique-ambitieuse-pour-les-personnes-handicapees\/#breadcrumb\"},\"inLanguage\":\"fr-FR\",\"potentialAction\":[{\"@type\":\"ReadAction\",\"target\":[\"https:\/\/www.nettali.com\/2025\/06\/26\/inclusion-sociale-diomaye-faye-veut-une-politique-ambitieuse-pour-les-personnes-handicapees\/\"]}]},{\"@type\":\"BreadcrumbList\",\"@id\":\"https:\/\/www.nettali.com\/2025\/06\/26\/inclusion-sociale-diomaye-faye-veut-une-politique-ambitieuse-pour-les-personnes-handicapees\/#breadcrumb\",\"itemListElement\":[{\"@type\":\"ListItem\",\"position\":1,\"name\":\"Accueil\",\"item\":\"https:\/\/www.nettali.com\/\"},{\"@type\":\"ListItem\",\"position\":2,\"name\":\"INCLUSION SOCIALE - Diomaye Faye veut une politique ambitieuse pour les personnes handicap\\u00e9es\"}]},{\"@type\":\"Person\",\"@id\":\"https:\/\/www.nettali.com\/#\/schema\/person\/418274a86bdf87caff7a3ef476bd0bbf\",\"name\":\"Fatou\",\"image\":{\"@type\":\"ImageObject\",\"@id\":\"https:\/\/www.nettali.com\/#personlogo\",\"inLanguage\":\"fr-FR\",\"url\":\"https:\/\/secure.gravatar.com\/avatar\/5a9442a2bee7b4dcf167cab035858e9a?s=96&d=mm&r=g\",\"contentUrl\":\"https:\/\/secure.gravatar.com\/avatar\/5a9442a2bee7b4dcf167cab035858e9a?s=96&d=mm&r=g\",\"caption\":\"Fatou\"},\"sameAs\":[\"https:\/\/www.nettali.com\"]}]}<\/script>\n<!-- \/ Yoast SEO Premium plugin. -->","yoast_head_json":{"title":"INCLUSION SOCIALE - Diomaye Faye veut une politique ambitieuse pour les personnes handicap\u00e9es | Nettali.com","robots":{"index":"index","follow":"follow","max-snippet":"max-snippet:-1","max-image-preview":"max-image-preview:large","max-video-preview":"max-video-preview:-1"},"canonical":"https:\/\/www.nettali.com\/2025\/06\/26\/inclusion-sociale-diomaye-faye-veut-une-politique-ambitieuse-pour-les-personnes-handicapees\/","og_locale":"fr_FR","og_type":"article","og_title":"INCLUSION SOCIALE - Diomaye Faye veut une politique ambitieuse pour les personnes handicap\u00e9es","og_description":"NETTALI.COM-\u00a0Le pr\u00e9sident de la R\u00e9publique a fix\u00e9 de nouvelles orientations pour renforcer l\u2019inclusion sociale des personnes en situation de handicap. De la r\u00e9forme de la loi d\u2019orientation \u00e0 l\u2019am\u00e9lioration de l\u2019accessibilit\u00e9, le gouvernement est appel\u00e9 \u00e0 acc\u00e9l\u00e9rer les actions concr\u00e8tes. Lors du Conseil des ministres du 25 juin 2025, le pr\u00e9sident Bassirou Diomaye Faye a [&hellip;]","og_url":"https:\/\/www.nettali.com\/2025\/06\/26\/inclusion-sociale-diomaye-faye-veut-une-politique-ambitieuse-pour-les-personnes-handicapees\/","og_site_name":"Nettali.com","article_publisher":"https:\/\/www.facebook.com\/nettalicom","article_published_time":"2025-06-26T06:02:59+00:00","article_modified_time":"2025-06-26T08:03:19+00:00","og_image":[{"width":800,"height":470,"url":"https:\/\/www.nettali.com\/wp-content\/uploads\/2024\/07\/Senegal-Bassirou-Diomaye-Faye-un-president-qui-revolutionne-la-gouvernance-depuis-mars-2024_thumbnail.jpg","type":"image\/jpeg"}],"twitter_card":"summary_large_image","twitter_misc":{"\u00c9crit par":"Fatou","Dur\u00e9e de lecture estim\u00e9e":"2 minutes"},"schema":{"@context":"https:\/\/schema.org","@graph":[{"@type":"WebSite","@id":"https:\/\/www.nettali.com\/#website","url":"https:\/\/www.nettali.com\/","name":"Nettali.com","description":"Le rendez-vous critique du Net","potentialAction":[{"@type":"SearchAction","target":{"@type":"EntryPoint","urlTemplate":"https:\/\/www.nettali.com\/?s={search_term_string}"},"query-input":"required name=search_term_string"}],"inLanguage":"fr-FR"},{"@type":"ImageObject","@id":"https:\/\/www.nettali.com\/2025\/06\/26\/inclusion-sociale-diomaye-faye-veut-une-politique-ambitieuse-pour-les-personnes-handicapees\/#primaryimage","inLanguage":"fr-FR","url":"https:\/\/www.nettali.com\/wp-content\/uploads\/2024\/07\/Senegal-Bassirou-Diomaye-Faye-un-president-qui-revolutionne-la-gouvernance-depuis-mars-2024_thumbnail.jpg","contentUrl":"https:\/\/www.nettali.com\/wp-content\/uploads\/2024\/07\/Senegal-Bassirou-Diomaye-Faye-un-president-qui-revolutionne-la-gouvernance-depuis-mars-2024_thumbnail.jpg","width":800,"height":470},{"@type":"WebPage","@id":"https:\/\/www.nettali.com\/2025\/06\/26\/inclusion-sociale-diomaye-faye-veut-une-politique-ambitieuse-pour-les-personnes-handicapees\/#webpage","url":"https:\/\/www.nettali.com\/2025\/06\/26\/inclusion-sociale-diomaye-faye-veut-une-politique-ambitieuse-pour-les-personnes-handicapees\/","name":"INCLUSION SOCIALE - Diomaye Faye veut une politique ambitieuse pour les personnes handicap\u00e9es | Nettali.com","isPartOf":{"@id":"https:\/\/www.nettali.com\/#website"},"primaryImageOfPage":{"@id":"https:\/\/www.nettali.com\/2025\/06\/26\/inclusion-sociale-diomaye-faye-veut-une-politique-ambitieuse-pour-les-personnes-handicapees\/#primaryimage"},"datePublished":"2025-06-26T06:02:59+00:00","dateModified":"2025-06-26T08:03:19+00:00","author":{"@id":"https:\/\/www.nettali.com\/#\/schema\/person\/418274a86bdf87caff7a3ef476bd0bbf"},"breadcrumb":{"@id":"https:\/\/www.nettali.com\/2025\/06\/26\/inclusion-sociale-diomaye-faye-veut-une-politique-ambitieuse-pour-les-personnes-handicapees\/#breadcrumb"},"inLanguage":"fr-FR","potentialAction":[{"@type":"ReadAction","target":["https:\/\/www.nettali.com\/2025\/06\/26\/inclusion-sociale-diomaye-faye-veut-une-politique-ambitieuse-pour-les-personnes-handicapees\/"]}]},{"@type":"BreadcrumbList","@id":"https:\/\/www.nettali.com\/2025\/06\/26\/inclusion-sociale-diomaye-faye-veut-une-politique-ambitieuse-pour-les-personnes-handicapees\/#breadcrumb","itemListElement":[{"@type":"ListItem","position":1,"name":"Accueil","item":"https:\/\/www.nettali.com\/"},{"@type":"ListItem","position":2,"name":"INCLUSION SOCIALE - Diomaye Faye veut une politique ambitieuse pour les personnes handicap\u00e9es"}]},{"@type":"Person","@id":"https:\/\/www.nettali.com\/#\/schema\/person\/418274a86bdf87caff7a3ef476bd0bbf","name":"Fatou","image":{"@type":"ImageObject","@id":"https:\/\/www.nettali.com\/#personlogo","inLanguage":"fr-FR","url":"https:\/\/secure.gravatar.com\/avatar\/5a9442a2bee7b4dcf167cab035858e9a?s=96&d=mm&r=g","contentUrl":"https:\/\/secure.gravatar.com\/avatar\/5a9442a2bee7b4dcf167cab035858e9a?s=96&d=mm&r=g","caption":"Fatou"},"sameAs":["https:\/\/www.nettali.com"]}]}},"_links":{"self":[{"href":"https:\/\/www.nettali.com\/rest\/wp\/v2\/posts\/156477"}],"collection":[{"href":"https:\/\/www.nettali.com\/rest\/wp\/v2\/posts"}],"about":[{"href":"https:\/\/www.nettali.com\/rest\/wp\/v2\/types\/post"}],"author":[{"embeddable":true,"href":"https:\/\/www.nettali.com\/rest\/wp\/v2\/users\/6"}],"replies":[{"embeddable":true,"href":"https:\/\/www.nettali.com\/rest\/wp\/v2\/comments?post=156477"}],"version-history":[{"count":1,"href":"https:\/\/www.nettali.com\/rest\/wp\/v2\/posts\/156477\/revisions"}],"predecessor-version":[{"id":156478,"href":"https:\/\/www.nettali.com\/rest\/wp\/v2\/posts\/156477\/revisions\/156478"}],"wp:featuredmedia":[{"embeddable":true,"href":"https:\/\/www.nettali.com\/rest\/wp\/v2\/media\/136736"}],"wp:attachment":[{"href":"https:\/\/www.nettali.com\/rest\/wp\/v2\/media?parent=156477"}],"wp:term":[{"taxonomy":"category","embeddable":true,"href":"https:\/\/www.nettali.com\/rest\/wp\/v2\/categories?post=156477"},{"taxonomy":"post_tag","embeddable":true,"href":"https:\/\/www.nettali.com\/rest\/wp\/v2\/tags?post=156477"}],"curies":[{"name":"wp","href":"https:\/\/api.w.org\/{rel}","templated":true}]}}