{"id":156471,"date":"2025-06-26T08:02:33","date_gmt":"2025-06-26T08:02:33","guid":{"rendered":"https:\/\/www.nettali.com\/?p=156471"},"modified":"2025-06-26T08:02:33","modified_gmt":"2025-06-26T08:02:33","slug":"meteo-des-orages-et-pluies-dintensites-variables-a-partir-de-vendredi","status":"publish","type":"post","link":"https:\/\/www.nettali.com\/2025\/06\/26\/meteo-des-orages-et-pluies-dintensites-variables-a-partir-de-vendredi\/","title":{"rendered":"M\u00c9T\u00c9O - Des orages et pluies d\u2019intensit\u00e9s variables \u00e0 partir de vendredi"},"content":{"rendered":"<p><strong>NETTALI.COM - Des orages et pluies d\u2019intensit\u00e9s variables seront not\u00e9es du 27 au 29 juin sur une partie du territoire, a-t-on appris mercredi du bulletin d\u00e9cadaire agrom\u00e9t\u00e9orologique du Groupe de travail pluridisciplinaire (GTP).<\/strong><\/p>\n<p>\"<em>Des orages et pluies d\u2019intensit\u00e9s variables seront not\u00e9s, du 27 au 29 juin, sur une partie du territoire, notamment dans les r\u00e9gions du de Ziguinchor, de K\u00e9dougou, de Tambacounda, de Matam, de Kaffrine, de Kaolack, et de Fatick<\/em>\", indique le document.<\/p>\n<p>La m\u00eame source ajoute que \"<em>des extensions de ces orages et pluies d\u2019intensit\u00e9s variables vers les r\u00e9gions de Diourbel, Thi\u00e8s et Dakar, sont attendues durant la m\u00eame p\u00e9riode<\/em>\".<\/p>\n<p>Toutefois, signale t-elle, \"<em>les probabilit\u00e9s sont tr\u00e8s faibles dans la zone Nord o\u00f9 de faibles pluies pourraient y \u00eatre not\u00e9es<\/em>\".<\/p>\n<p>Le bulletin annonce que \"<em>des activit\u00e9s pluvieuses faibles \u00e0 localement mod\u00e9r\u00e9es sont attendues, ce mercredi et jeudi, dans la zone Sud du pays<\/em>\".<\/p>\n<p>Le GTP publie \u00e0 la fin de chaque d\u00e9cade un Bulletin agrom\u00e9t\u00e9orologique d\u00e9cadaire destin\u00e9 aux autorit\u00e9s nationales, aux bailleurs de fond et aux techniciens. Il sert aussi \u00e0 alerter les autorit\u00e9s sur la s\u00e9curit\u00e9 alimentaire, sur la campagne agricole, sur les pr\u00e9visions m\u00e9t\u00e9orologiques.<\/p>\n<p>Compos\u00e9 de diff\u00e9rents services publics, le GTP, est plac\u00e9 sous la coordination technique de l\u2019Agence nationale de l\u2019aviation civile et de la m\u00e9t\u00e9orologie (ANACIM).<\/p>\n<div class='share-to-whatsapp-wrapper'><div class='share-on-whsp'>PARTAGER SUR : <\/div><a data-text='M\u00c9T\u00c9O - Des orages et pluies d\u2019intensit\u00e9s variables \u00e0 partir de vendredi' data-link='https:\/\/www.nettali.com\/2025\/06\/26\/meteo-des-orages-et-pluies-dintensites-variables-a-partir-de-vendredi\/' class='whatsapp-button whatsapp-share'>WhatsApp<\/a><div class='clear '><\/div><\/div>","protected":false},"excerpt":{"rendered":"<p>NETTALI.COM - Des orages et pluies d\u2019intensit\u00e9s variables seront not\u00e9es du 27 au 29 juin sur une partie du territoire, a-t-on appris mercredi du bulletin d\u00e9cadaire agrom\u00e9t\u00e9orologique du Groupe de travail pluridisciplinaire (GTP). \"Des orages et pluies d\u2019intensit\u00e9s variables seront not\u00e9s, du 27 au 29 juin, sur une partie du territoire, notamment dans les r\u00e9gions [&hellip;]<\/p>\n","protected":false},"author":5,"featured_media":156472,"comment_status":"open","ping_status":"open","sticky":false,"template":"","format":"standard","meta":{"_et_pb_use_builder":"","_et_pb_old_content":""},"categories":[3],"tags":[],"yoast_head":"<!-- This site is optimized with the Yoast SEO Premium plugin v17.8 (Yoast SEO v17.8) - https:\/\/yoast.com\/wordpress\/plugins\/seo\/ -->\n<title>M\u00c9T\u00c9O - Des orages et pluies d\u2019intensit\u00e9s variables \u00e0 partir de vendredi | Nettali.com<\/title>\n<meta name=\"robots\" content=\"index, follow, max-snippet:-1, max-image-preview:large, max-video-preview:-1\" \/>\n<link rel=\"canonical\" href=\"https:\/\/www.nettali.com\/2025\/06\/26\/meteo-des-orages-et-pluies-dintensites-variables-a-partir-de-vendredi\/\" \/>\n<meta property=\"og:locale\" content=\"fr_FR\" \/>\n<meta property=\"og:type\" content=\"article\" \/>\n<meta property=\"og:title\" content=\"M\u00c9T\u00c9O - Des orages et pluies d\u2019intensit\u00e9s variables \u00e0 partir de vendredi\" \/>\n<meta property=\"og:description\" content=\"NETTALI.COM - Des orages et pluies d\u2019intensit\u00e9s variables seront not\u00e9es du 27 au 29 juin sur une partie du territoire, a-t-on appris mercredi du bulletin d\u00e9cadaire agrom\u00e9t\u00e9orologique du Groupe de travail pluridisciplinaire (GTP). &quot;Des orages et pluies d\u2019intensit\u00e9s variables seront not\u00e9s, du 27 au 29 juin, sur une partie du territoire, notamment dans les r\u00e9gions [&hellip;]\" \/>\n<meta property=\"og:url\" content=\"https:\/\/www.nettali.com\/2025\/06\/26\/meteo-des-orages-et-pluies-dintensites-variables-a-partir-de-vendredi\/\" \/>\n<meta property=\"og:site_name\" content=\"Nettali.com\" \/>\n<meta property=\"article:publisher\" content=\"https:\/\/www.facebook.com\/nettalicom\" \/>\n<meta property=\"article:published_time\" content=\"2025-06-26T08:02:33+00:00\" \/>\n<meta property=\"og:image\" content=\"https:\/\/www.nettali.com\/wp-content\/uploads\/2025\/06\/meteo-pluie-1.jpg\" \/>\n\t<meta property=\"og:image:width\" content=\"1980\" \/>\n\t<meta property=\"og:image:height\" content=\"1200\" \/>\n<meta name=\"twitter:card\" content=\"summary_large_image\" \/>\n<meta name=\"twitter:label1\" content=\"\u00c9crit par\" \/>\n\t<meta name=\"twitter:data1\" content=\"Ibrahima\" \/>\n\t<meta name=\"twitter:label2\" content=\"Dur\u00e9e de lecture estim\u00e9e\" \/>\n\t<meta name=\"twitter:data2\" content=\"2 minutes\" \/>\n<script type=\"application\/ld+json\" class=\"yoast-schema-graph\">{\"@context\":\"https:\/\/schema.org\",\"@graph\":[{\"@type\":\"WebSite\",\"@id\":\"https:\/\/www.nettali.com\/#website\",\"url\":\"https:\/\/www.nettali.com\/\",\"name\":\"Nettali.com\",\"description\":\"Le rendez-vous critique du Net\",\"potentialAction\":[{\"@type\":\"SearchAction\",\"target\":{\"@type\":\"EntryPoint\",\"urlTemplate\":\"https:\/\/www.nettali.com\/?s={search_term_string}\"},\"query-input\":\"required name=search_term_string\"}],\"inLanguage\":\"fr-FR\"},{\"@type\":\"ImageObject\",\"@id\":\"https:\/\/www.nettali.com\/2025\/06\/26\/meteo-des-orages-et-pluies-dintensites-variables-a-partir-de-vendredi\/#primaryimage\",\"inLanguage\":\"fr-FR\",\"url\":\"https:\/\/www.nettali.com\/wp-content\/uploads\/2025\/06\/meteo-pluie-1.jpg\",\"contentUrl\":\"https:\/\/www.nettali.com\/wp-content\/uploads\/2025\/06\/meteo-pluie-1.jpg\",\"width\":1980,\"height\":1200},{\"@type\":\"WebPage\",\"@id\":\"https:\/\/www.nettali.com\/2025\/06\/26\/meteo-des-orages-et-pluies-dintensites-variables-a-partir-de-vendredi\/#webpage\",\"url\":\"https:\/\/www.nettali.com\/2025\/06\/26\/meteo-des-orages-et-pluies-dintensites-variables-a-partir-de-vendredi\/\",\"name\":\"M\\u00c9T\\u00c9O - Des orages et pluies d\\u2019intensit\\u00e9s variables \\u00e0 partir de vendredi | Nettali.com\",\"isPartOf\":{\"@id\":\"https:\/\/www.nettali.com\/#website\"},\"primaryImageOfPage\":{\"@id\":\"https:\/\/www.nettali.com\/2025\/06\/26\/meteo-des-orages-et-pluies-dintensites-variables-a-partir-de-vendredi\/#primaryimage\"},\"datePublished\":\"2025-06-26T08:02:33+00:00\",\"dateModified\":\"2025-06-26T08:02:33+00:00\",\"author\":{\"@id\":\"https:\/\/www.nettali.com\/#\/schema\/person\/bb147657c2986240405a608162b9bb23\"},\"breadcrumb\":{\"@id\":\"https:\/\/www.nettali.com\/2025\/06\/26\/meteo-des-orages-et-pluies-dintensites-variables-a-partir-de-vendredi\/#breadcrumb\"},\"inLanguage\":\"fr-FR\",\"potentialAction\":[{\"@type\":\"ReadAction\",\"target\":[\"https:\/\/www.nettali.com\/2025\/06\/26\/meteo-des-orages-et-pluies-dintensites-variables-a-partir-de-vendredi\/\"]}]},{\"@type\":\"BreadcrumbList\",\"@id\":\"https:\/\/www.nettali.com\/2025\/06\/26\/meteo-des-orages-et-pluies-dintensites-variables-a-partir-de-vendredi\/#breadcrumb\",\"itemListElement\":[{\"@type\":\"ListItem\",\"position\":1,\"name\":\"Accueil\",\"item\":\"https:\/\/www.nettali.com\/\"},{\"@type\":\"ListItem\",\"position\":2,\"name\":\"M\\u00c9T\\u00c9O - Des orages et pluies d\\u2019intensit\\u00e9s variables \\u00e0 partir de vendredi\"}]},{\"@type\":\"Person\",\"@id\":\"https:\/\/www.nettali.com\/#\/schema\/person\/bb147657c2986240405a608162b9bb23\",\"name\":\"Ibrahima\",\"image\":{\"@type\":\"ImageObject\",\"@id\":\"https:\/\/www.nettali.com\/#personlogo\",\"inLanguage\":\"fr-FR\",\"url\":\"https:\/\/secure.gravatar.com\/avatar\/26a8a81f09f0dd7624c9d5c36c9ba3a2?s=96&d=mm&r=g\",\"contentUrl\":\"https:\/\/secure.gravatar.com\/avatar\/26a8a81f09f0dd7624c9d5c36c9ba3a2?s=96&d=mm&r=g\",\"caption\":\"Ibrahima\"},\"sameAs\":[\"https:\/\/www.nettali.com\"]}]}<\/script>\n<!-- \/ Yoast SEO Premium plugin. -->","yoast_head_json":{"title":"M\u00c9T\u00c9O - Des orages et pluies d\u2019intensit\u00e9s variables \u00e0 partir de vendredi | Nettali.com","robots":{"index":"index","follow":"follow","max-snippet":"max-snippet:-1","max-image-preview":"max-image-preview:large","max-video-preview":"max-video-preview:-1"},"canonical":"https:\/\/www.nettali.com\/2025\/06\/26\/meteo-des-orages-et-pluies-dintensites-variables-a-partir-de-vendredi\/","og_locale":"fr_FR","og_type":"article","og_title":"M\u00c9T\u00c9O - Des orages et pluies d\u2019intensit\u00e9s variables \u00e0 partir de vendredi","og_description":"NETTALI.COM - Des orages et pluies d\u2019intensit\u00e9s variables seront not\u00e9es du 27 au 29 juin sur une partie du territoire, a-t-on appris mercredi du bulletin d\u00e9cadaire agrom\u00e9t\u00e9orologique du Groupe de travail pluridisciplinaire (GTP). \"Des orages et pluies d\u2019intensit\u00e9s variables seront not\u00e9s, du 27 au 29 juin, sur une partie du territoire, notamment dans les r\u00e9gions [&hellip;]","og_url":"https:\/\/www.nettali.com\/2025\/06\/26\/meteo-des-orages-et-pluies-dintensites-variables-a-partir-de-vendredi\/","og_site_name":"Nettali.com","article_publisher":"https:\/\/www.facebook.com\/nettalicom","article_published_time":"2025-06-26T08:02:33+00:00","og_image":[{"width":1980,"height":1200,"url":"https:\/\/www.nettali.com\/wp-content\/uploads\/2025\/06\/meteo-pluie-1.jpg","type":"image\/jpeg"}],"twitter_card":"summary_large_image","twitter_misc":{"\u00c9crit par":"Ibrahima","Dur\u00e9e de lecture estim\u00e9e":"2 minutes"},"schema":{"@context":"https:\/\/schema.org","@graph":[{"@type":"WebSite","@id":"https:\/\/www.nettali.com\/#website","url":"https:\/\/www.nettali.com\/","name":"Nettali.com","description":"Le rendez-vous critique du Net","potentialAction":[{"@type":"SearchAction","target":{"@type":"EntryPoint","urlTemplate":"https:\/\/www.nettali.com\/?s={search_term_string}"},"query-input":"required name=search_term_string"}],"inLanguage":"fr-FR"},{"@type":"ImageObject","@id":"https:\/\/www.nettali.com\/2025\/06\/26\/meteo-des-orages-et-pluies-dintensites-variables-a-partir-de-vendredi\/#primaryimage","inLanguage":"fr-FR","url":"https:\/\/www.nettali.com\/wp-content\/uploads\/2025\/06\/meteo-pluie-1.jpg","contentUrl":"https:\/\/www.nettali.com\/wp-content\/uploads\/2025\/06\/meteo-pluie-1.jpg","width":1980,"height":1200},{"@type":"WebPage","@id":"https:\/\/www.nettali.com\/2025\/06\/26\/meteo-des-orages-et-pluies-dintensites-variables-a-partir-de-vendredi\/#webpage","url":"https:\/\/www.nettali.com\/2025\/06\/26\/meteo-des-orages-et-pluies-dintensites-variables-a-partir-de-vendredi\/","name":"M\u00c9T\u00c9O - Des orages et pluies d\u2019intensit\u00e9s variables \u00e0 partir de vendredi | Nettali.com","isPartOf":{"@id":"https:\/\/www.nettali.com\/#website"},"primaryImageOfPage":{"@id":"https:\/\/www.nettali.com\/2025\/06\/26\/meteo-des-orages-et-pluies-dintensites-variables-a-partir-de-vendredi\/#primaryimage"},"datePublished":"2025-06-26T08:02:33+00:00","dateModified":"2025-06-26T08:02:33+00:00","author":{"@id":"https:\/\/www.nettali.com\/#\/schema\/person\/bb147657c2986240405a608162b9bb23"},"breadcrumb":{"@id":"https:\/\/www.nettali.com\/2025\/06\/26\/meteo-des-orages-et-pluies-dintensites-variables-a-partir-de-vendredi\/#breadcrumb"},"inLanguage":"fr-FR","potentialAction":[{"@type":"ReadAction","target":["https:\/\/www.nettali.com\/2025\/06\/26\/meteo-des-orages-et-pluies-dintensites-variables-a-partir-de-vendredi\/"]}]},{"@type":"BreadcrumbList","@id":"https:\/\/www.nettali.com\/2025\/06\/26\/meteo-des-orages-et-pluies-dintensites-variables-a-partir-de-vendredi\/#breadcrumb","itemListElement":[{"@type":"ListItem","position":1,"name":"Accueil","item":"https:\/\/www.nettali.com\/"},{"@type":"ListItem","position":2,"name":"M\u00c9T\u00c9O - Des orages et pluies d\u2019intensit\u00e9s variables \u00e0 partir de vendredi"}]},{"@type":"Person","@id":"https:\/\/www.nettali.com\/#\/schema\/person\/bb147657c2986240405a608162b9bb23","name":"Ibrahima","image":{"@type":"ImageObject","@id":"https:\/\/www.nettali.com\/#personlogo","inLanguage":"fr-FR","url":"https:\/\/secure.gravatar.com\/avatar\/26a8a81f09f0dd7624c9d5c36c9ba3a2?s=96&d=mm&r=g","contentUrl":"https:\/\/secure.gravatar.com\/avatar\/26a8a81f09f0dd7624c9d5c36c9ba3a2?s=96&d=mm&r=g","caption":"Ibrahima"},"sameAs":["https:\/\/www.nettali.com"]}]}},"_links":{"self":[{"href":"https:\/\/www.nettali.com\/rest\/wp\/v2\/posts\/156471"}],"collection":[{"href":"https:\/\/www.nettali.com\/rest\/wp\/v2\/posts"}],"about":[{"href":"https:\/\/www.nettali.com\/rest\/wp\/v2\/types\/post"}],"author":[{"embeddable":true,"href":"https:\/\/www.nettali.com\/rest\/wp\/v2\/users\/5"}],"replies":[{"embeddable":true,"href":"https:\/\/www.nettali.com\/rest\/wp\/v2\/comments?post=156471"}],"version-history":[{"count":2,"href":"https:\/\/www.nettali.com\/rest\/wp\/v2\/posts\/156471\/revisions"}],"predecessor-version":[{"id":156474,"href":"https:\/\/www.nettali.com\/rest\/wp\/v2\/posts\/156471\/revisions\/156474"}],"wp:featuredmedia":[{"embeddable":true,"href":"https:\/\/www.nettali.com\/rest\/wp\/v2\/media\/156472"}],"wp:attachment":[{"href":"https:\/\/www.nettali.com\/rest\/wp\/v2\/media?parent=156471"}],"wp:term":[{"taxonomy":"category","embeddable":true,"href":"https:\/\/www.nettali.com\/rest\/wp\/v2\/categories?post=156471"},{"taxonomy":"post_tag","embeddable":true,"href":"https:\/\/www.nettali.com\/rest\/wp\/v2\/tags?post=156471"}],"curies":[{"name":"wp","href":"https:\/\/api.w.org\/{rel}","templated":true}]}}