{"id":156464,"date":"2025-06-25T18:41:53","date_gmt":"2025-06-25T18:41:53","guid":{"rendered":"https:\/\/www.nettali.com\/?p=156464"},"modified":"2025-06-25T18:41:53","modified_gmt":"2025-06-25T18:41:53","slug":"garde-a-vue-de-bachir-fofana-un-inquietant-signal-pour-la-democratie-senegalaise-selon-pape-malick-ndour","status":"publish","type":"post","link":"https:\/\/www.nettali.com\/2025\/06\/25\/garde-a-vue-de-bachir-fofana-un-inquietant-signal-pour-la-democratie-senegalaise-selon-pape-malick-ndour\/","title":{"rendered":"GARDE \u00c0 VUE DE BACHIR FOFANA - Un inqui\u00e9tant signal pour la d\u00e9mocratie s\u00e9n\u00e9galaise, selon Pape Malick Ndour"},"content":{"rendered":"<p data-start=\"285\" data-end=\"554\"><strong>NETTALI.COM - La mise en garde \u00e0 vue du citoyen et journaliste Bachir Fofana s\u2019apparente \u00e0 une v\u00e9ritable prise d\u2019otage politique, traduisant une d\u00e9rive r\u00e9pressive inqui\u00e9tante dans un contexte o\u00f9 l\u2019espace d\u00e9mocratique s\u00e9n\u00e9galais devrait au contraire \u00eatre pr\u00e9serv\u00e9 et renforc\u00e9, d\u00e9plore Pape Malick Ndour.<\/strong><\/p>\n<p data-start=\"556\" data-end=\"957\">Plut\u00f4t que de s\u2019enfermer dans des gesticulations autoritaires et des tentatives d\u2019intimidation \u00e0 l\u2019encontre de la presse et des voix critiques, le pr\u00e9sident de l\u2019Assembl\u00e9e nationale ferait mieux de s\u2019attaquer aux urgences concr\u00e8tes qui indignent l\u2019opinion. \u00c0 commencer par le march\u00e9 d\u2019acquisition de v\u00e9hicules pour les d\u00e9put\u00e9s, devenu un symbole ind\u00e9cent du gaspillage des deniers publics., note Pape Malick Ndour<\/p>\n<p data-start=\"959\" data-end=\"1216\">Un scandale, ajoute-t-il, d\u2019autant plus grave que ce march\u00e9 repr\u00e9sente, \u00e0 lui seul, quatre fois le montant total des investissements ex\u00e9cut\u00e9s par l\u2019\u00c9tat au premier trimestre 2025 et pr\u00e8s du double de l\u2019enveloppe budg\u00e9taire consacr\u00e9e aux d\u00e9tenus r\u00e9cemment amnisti\u00e9s.<\/p>\n<p data-start=\"1218\" data-end=\"1437\">Dans un contexte de fortes tensions budg\u00e9taires et de pr\u00e9carit\u00e9 sociale grandissante, l\u2019Assembl\u00e9e nationale devrait, par simple d\u00e9cence et responsabilit\u00e9 r\u00e9publicaine, surseoir imm\u00e9diatement \u00e0 ce projet dispendieux, laisse-t-il entendre.<\/p>\n<p data-start=\"1439\" data-end=\"1785\">\n<div class='share-to-whatsapp-wrapper'><div class='share-on-whsp'>PARTAGER SUR : <\/div><a data-text='GARDE \u00c0 VUE DE BACHIR FOFANA - Un inqui\u00e9tant signal pour la d\u00e9mocratie s\u00e9n\u00e9galaise, selon Pape Malick Ndour' data-link='https:\/\/www.nettali.com\/2025\/06\/25\/garde-a-vue-de-bachir-fofana-un-inquietant-signal-pour-la-democratie-senegalaise-selon-pape-malick-ndour\/' class='whatsapp-button whatsapp-share'>WhatsApp<\/a><div class='clear '><\/div><\/div>","protected":false},"excerpt":{"rendered":"<p>NETTALI.COM - La mise en garde \u00e0 vue du citoyen et journaliste Bachir Fofana s\u2019apparente \u00e0 une v\u00e9ritable prise d\u2019otage politique, traduisant une d\u00e9rive r\u00e9pressive inqui\u00e9tante dans un contexte o\u00f9 l\u2019espace d\u00e9mocratique s\u00e9n\u00e9galais devrait au contraire \u00eatre pr\u00e9serv\u00e9 et renforc\u00e9, d\u00e9plore Pape Malick Ndour. Plut\u00f4t que de s\u2019enfermer dans des gesticulations autoritaires et des tentatives [&hellip;]<\/p>\n","protected":false},"author":4,"featured_media":146977,"comment_status":"open","ping_status":"open","sticky":false,"template":"","format":"standard","meta":{"_et_pb_use_builder":"","_et_pb_old_content":""},"categories":[2],"tags":[],"yoast_head":"<!-- This site is optimized with the Yoast SEO Premium plugin v17.8 (Yoast SEO v17.8) - https:\/\/yoast.com\/wordpress\/plugins\/seo\/ -->\n<title>GARDE \u00c0 VUE DE BACHIR FOFANA - Un inqui\u00e9tant signal pour la d\u00e9mocratie s\u00e9n\u00e9galaise, selon Pape Malick Ndour | Nettali.com<\/title>\n<meta name=\"robots\" content=\"index, follow, max-snippet:-1, max-image-preview:large, max-video-preview:-1\" \/>\n<link rel=\"canonical\" href=\"https:\/\/www.nettali.com\/2025\/06\/25\/garde-a-vue-de-bachir-fofana-un-inquietant-signal-pour-la-democratie-senegalaise-selon-pape-malick-ndour\/\" \/>\n<meta property=\"og:locale\" content=\"fr_FR\" \/>\n<meta property=\"og:type\" content=\"article\" \/>\n<meta property=\"og:title\" content=\"GARDE \u00c0 VUE DE BACHIR FOFANA - Un inqui\u00e9tant signal pour la d\u00e9mocratie s\u00e9n\u00e9galaise, selon Pape Malick Ndour\" \/>\n<meta property=\"og:description\" content=\"NETTALI.COM - La mise en garde \u00e0 vue du citoyen et journaliste Bachir Fofana s\u2019apparente \u00e0 une v\u00e9ritable prise d\u2019otage politique, traduisant une d\u00e9rive r\u00e9pressive inqui\u00e9tante dans un contexte o\u00f9 l\u2019espace d\u00e9mocratique s\u00e9n\u00e9galais devrait au contraire \u00eatre pr\u00e9serv\u00e9 et renforc\u00e9, d\u00e9plore Pape Malick Ndour. Plut\u00f4t que de s\u2019enfermer dans des gesticulations autoritaires et des tentatives [&hellip;]\" \/>\n<meta property=\"og:url\" content=\"https:\/\/www.nettali.com\/2025\/06\/25\/garde-a-vue-de-bachir-fofana-un-inquietant-signal-pour-la-democratie-senegalaise-selon-pape-malick-ndour\/\" \/>\n<meta property=\"og:site_name\" content=\"Nettali.com\" \/>\n<meta property=\"article:publisher\" content=\"https:\/\/www.facebook.com\/nettalicom\" \/>\n<meta property=\"article:published_time\" content=\"2025-06-25T18:41:53+00:00\" \/>\n<meta property=\"og:image\" content=\"https:\/\/www.nettali.com\/wp-content\/uploads\/2025\/01\/pape-malick-ndour-ministre.jpg\" \/>\n\t<meta property=\"og:image:width\" content=\"792\" \/>\n\t<meta property=\"og:image:height\" content=\"420\" \/>\n<meta name=\"twitter:card\" content=\"summary_large_image\" \/>\n<meta name=\"twitter:label1\" content=\"\u00c9crit par\" \/>\n\t<meta name=\"twitter:data1\" content=\"Daouda\" \/>\n\t<meta name=\"twitter:label2\" content=\"Dur\u00e9e de lecture estim\u00e9e\" \/>\n\t<meta name=\"twitter:data2\" content=\"1 minute\" \/>\n<script type=\"application\/ld+json\" class=\"yoast-schema-graph\">{\"@context\":\"https:\/\/schema.org\",\"@graph\":[{\"@type\":\"WebSite\",\"@id\":\"https:\/\/www.nettali.com\/#website\",\"url\":\"https:\/\/www.nettali.com\/\",\"name\":\"Nettali.com\",\"description\":\"Le rendez-vous critique du Net\",\"potentialAction\":[{\"@type\":\"SearchAction\",\"target\":{\"@type\":\"EntryPoint\",\"urlTemplate\":\"https:\/\/www.nettali.com\/?s={search_term_string}\"},\"query-input\":\"required name=search_term_string\"}],\"inLanguage\":\"fr-FR\"},{\"@type\":\"ImageObject\",\"@id\":\"https:\/\/www.nettali.com\/2025\/06\/25\/garde-a-vue-de-bachir-fofana-un-inquietant-signal-pour-la-democratie-senegalaise-selon-pape-malick-ndour\/#primaryimage\",\"inLanguage\":\"fr-FR\",\"url\":\"https:\/\/www.nettali.com\/wp-content\/uploads\/2025\/01\/pape-malick-ndour-ministre.jpg\",\"contentUrl\":\"https:\/\/www.nettali.com\/wp-content\/uploads\/2025\/01\/pape-malick-ndour-ministre.jpg\",\"width\":792,\"height\":420},{\"@type\":\"WebPage\",\"@id\":\"https:\/\/www.nettali.com\/2025\/06\/25\/garde-a-vue-de-bachir-fofana-un-inquietant-signal-pour-la-democratie-senegalaise-selon-pape-malick-ndour\/#webpage\",\"url\":\"https:\/\/www.nettali.com\/2025\/06\/25\/garde-a-vue-de-bachir-fofana-un-inquietant-signal-pour-la-democratie-senegalaise-selon-pape-malick-ndour\/\",\"name\":\"GARDE \\u00c0 VUE DE BACHIR FOFANA - Un inqui\\u00e9tant signal pour la d\\u00e9mocratie s\\u00e9n\\u00e9galaise, selon Pape Malick Ndour | Nettali.com\",\"isPartOf\":{\"@id\":\"https:\/\/www.nettali.com\/#website\"},\"primaryImageOfPage\":{\"@id\":\"https:\/\/www.nettali.com\/2025\/06\/25\/garde-a-vue-de-bachir-fofana-un-inquietant-signal-pour-la-democratie-senegalaise-selon-pape-malick-ndour\/#primaryimage\"},\"datePublished\":\"2025-06-25T18:41:53+00:00\",\"dateModified\":\"2025-06-25T18:41:53+00:00\",\"author\":{\"@id\":\"https:\/\/www.nettali.com\/#\/schema\/person\/3317e0bb3aa1da309fbf7b2780901bf4\"},\"breadcrumb\":{\"@id\":\"https:\/\/www.nettali.com\/2025\/06\/25\/garde-a-vue-de-bachir-fofana-un-inquietant-signal-pour-la-democratie-senegalaise-selon-pape-malick-ndour\/#breadcrumb\"},\"inLanguage\":\"fr-FR\",\"potentialAction\":[{\"@type\":\"ReadAction\",\"target\":[\"https:\/\/www.nettali.com\/2025\/06\/25\/garde-a-vue-de-bachir-fofana-un-inquietant-signal-pour-la-democratie-senegalaise-selon-pape-malick-ndour\/\"]}]},{\"@type\":\"BreadcrumbList\",\"@id\":\"https:\/\/www.nettali.com\/2025\/06\/25\/garde-a-vue-de-bachir-fofana-un-inquietant-signal-pour-la-democratie-senegalaise-selon-pape-malick-ndour\/#breadcrumb\",\"itemListElement\":[{\"@type\":\"ListItem\",\"position\":1,\"name\":\"Accueil\",\"item\":\"https:\/\/www.nettali.com\/\"},{\"@type\":\"ListItem\",\"position\":2,\"name\":\"GARDE \\u00c0 VUE DE BACHIR FOFANA - Un inqui\\u00e9tant signal pour la d\\u00e9mocratie s\\u00e9n\\u00e9galaise, selon Pape Malick Ndour\"}]},{\"@type\":\"Person\",\"@id\":\"https:\/\/www.nettali.com\/#\/schema\/person\/3317e0bb3aa1da309fbf7b2780901bf4\",\"name\":\"Daouda\",\"image\":{\"@type\":\"ImageObject\",\"@id\":\"https:\/\/www.nettali.com\/#personlogo\",\"inLanguage\":\"fr-FR\",\"url\":\"https:\/\/secure.gravatar.com\/avatar\/8d143b5a49345098ddcfee1c49c2f47c?s=96&d=mm&r=g\",\"contentUrl\":\"https:\/\/secure.gravatar.com\/avatar\/8d143b5a49345098ddcfee1c49c2f47c?s=96&d=mm&r=g\",\"caption\":\"Daouda\"},\"sameAs\":[\"https:\/\/www.nettali.com\"]}]}<\/script>\n<!-- \/ Yoast SEO Premium plugin. -->","yoast_head_json":{"title":"GARDE \u00c0 VUE DE BACHIR FOFANA - Un inqui\u00e9tant signal pour la d\u00e9mocratie s\u00e9n\u00e9galaise, selon Pape Malick Ndour | Nettali.com","robots":{"index":"index","follow":"follow","max-snippet":"max-snippet:-1","max-image-preview":"max-image-preview:large","max-video-preview":"max-video-preview:-1"},"canonical":"https:\/\/www.nettali.com\/2025\/06\/25\/garde-a-vue-de-bachir-fofana-un-inquietant-signal-pour-la-democratie-senegalaise-selon-pape-malick-ndour\/","og_locale":"fr_FR","og_type":"article","og_title":"GARDE \u00c0 VUE DE BACHIR FOFANA - Un inqui\u00e9tant signal pour la d\u00e9mocratie s\u00e9n\u00e9galaise, selon Pape Malick Ndour","og_description":"NETTALI.COM - La mise en garde \u00e0 vue du citoyen et journaliste Bachir Fofana s\u2019apparente \u00e0 une v\u00e9ritable prise d\u2019otage politique, traduisant une d\u00e9rive r\u00e9pressive inqui\u00e9tante dans un contexte o\u00f9 l\u2019espace d\u00e9mocratique s\u00e9n\u00e9galais devrait au contraire \u00eatre pr\u00e9serv\u00e9 et renforc\u00e9, d\u00e9plore Pape Malick Ndour. Plut\u00f4t que de s\u2019enfermer dans des gesticulations autoritaires et des tentatives [&hellip;]","og_url":"https:\/\/www.nettali.com\/2025\/06\/25\/garde-a-vue-de-bachir-fofana-un-inquietant-signal-pour-la-democratie-senegalaise-selon-pape-malick-ndour\/","og_site_name":"Nettali.com","article_publisher":"https:\/\/www.facebook.com\/nettalicom","article_published_time":"2025-06-25T18:41:53+00:00","og_image":[{"width":792,"height":420,"url":"https:\/\/www.nettali.com\/wp-content\/uploads\/2025\/01\/pape-malick-ndour-ministre.jpg","type":"image\/jpeg"}],"twitter_card":"summary_large_image","twitter_misc":{"\u00c9crit par":"Daouda","Dur\u00e9e de lecture estim\u00e9e":"1 minute"},"schema":{"@context":"https:\/\/schema.org","@graph":[{"@type":"WebSite","@id":"https:\/\/www.nettali.com\/#website","url":"https:\/\/www.nettali.com\/","name":"Nettali.com","description":"Le rendez-vous critique du Net","potentialAction":[{"@type":"SearchAction","target":{"@type":"EntryPoint","urlTemplate":"https:\/\/www.nettali.com\/?s={search_term_string}"},"query-input":"required name=search_term_string"}],"inLanguage":"fr-FR"},{"@type":"ImageObject","@id":"https:\/\/www.nettali.com\/2025\/06\/25\/garde-a-vue-de-bachir-fofana-un-inquietant-signal-pour-la-democratie-senegalaise-selon-pape-malick-ndour\/#primaryimage","inLanguage":"fr-FR","url":"https:\/\/www.nettali.com\/wp-content\/uploads\/2025\/01\/pape-malick-ndour-ministre.jpg","contentUrl":"https:\/\/www.nettali.com\/wp-content\/uploads\/2025\/01\/pape-malick-ndour-ministre.jpg","width":792,"height":420},{"@type":"WebPage","@id":"https:\/\/www.nettali.com\/2025\/06\/25\/garde-a-vue-de-bachir-fofana-un-inquietant-signal-pour-la-democratie-senegalaise-selon-pape-malick-ndour\/#webpage","url":"https:\/\/www.nettali.com\/2025\/06\/25\/garde-a-vue-de-bachir-fofana-un-inquietant-signal-pour-la-democratie-senegalaise-selon-pape-malick-ndour\/","name":"GARDE \u00c0 VUE DE BACHIR FOFANA - Un inqui\u00e9tant signal pour la d\u00e9mocratie s\u00e9n\u00e9galaise, selon Pape Malick Ndour | Nettali.com","isPartOf":{"@id":"https:\/\/www.nettali.com\/#website"},"primaryImageOfPage":{"@id":"https:\/\/www.nettali.com\/2025\/06\/25\/garde-a-vue-de-bachir-fofana-un-inquietant-signal-pour-la-democratie-senegalaise-selon-pape-malick-ndour\/#primaryimage"},"datePublished":"2025-06-25T18:41:53+00:00","dateModified":"2025-06-25T18:41:53+00:00","author":{"@id":"https:\/\/www.nettali.com\/#\/schema\/person\/3317e0bb3aa1da309fbf7b2780901bf4"},"breadcrumb":{"@id":"https:\/\/www.nettali.com\/2025\/06\/25\/garde-a-vue-de-bachir-fofana-un-inquietant-signal-pour-la-democratie-senegalaise-selon-pape-malick-ndour\/#breadcrumb"},"inLanguage":"fr-FR","potentialAction":[{"@type":"ReadAction","target":["https:\/\/www.nettali.com\/2025\/06\/25\/garde-a-vue-de-bachir-fofana-un-inquietant-signal-pour-la-democratie-senegalaise-selon-pape-malick-ndour\/"]}]},{"@type":"BreadcrumbList","@id":"https:\/\/www.nettali.com\/2025\/06\/25\/garde-a-vue-de-bachir-fofana-un-inquietant-signal-pour-la-democratie-senegalaise-selon-pape-malick-ndour\/#breadcrumb","itemListElement":[{"@type":"ListItem","position":1,"name":"Accueil","item":"https:\/\/www.nettali.com\/"},{"@type":"ListItem","position":2,"name":"GARDE \u00c0 VUE DE BACHIR FOFANA - Un inqui\u00e9tant signal pour la d\u00e9mocratie s\u00e9n\u00e9galaise, selon Pape Malick Ndour"}]},{"@type":"Person","@id":"https:\/\/www.nettali.com\/#\/schema\/person\/3317e0bb3aa1da309fbf7b2780901bf4","name":"Daouda","image":{"@type":"ImageObject","@id":"https:\/\/www.nettali.com\/#personlogo","inLanguage":"fr-FR","url":"https:\/\/secure.gravatar.com\/avatar\/8d143b5a49345098ddcfee1c49c2f47c?s=96&d=mm&r=g","contentUrl":"https:\/\/secure.gravatar.com\/avatar\/8d143b5a49345098ddcfee1c49c2f47c?s=96&d=mm&r=g","caption":"Daouda"},"sameAs":["https:\/\/www.nettali.com"]}]}},"_links":{"self":[{"href":"https:\/\/www.nettali.com\/rest\/wp\/v2\/posts\/156464"}],"collection":[{"href":"https:\/\/www.nettali.com\/rest\/wp\/v2\/posts"}],"about":[{"href":"https:\/\/www.nettali.com\/rest\/wp\/v2\/types\/post"}],"author":[{"embeddable":true,"href":"https:\/\/www.nettali.com\/rest\/wp\/v2\/users\/4"}],"replies":[{"embeddable":true,"href":"https:\/\/www.nettali.com\/rest\/wp\/v2\/comments?post=156464"}],"version-history":[{"count":1,"href":"https:\/\/www.nettali.com\/rest\/wp\/v2\/posts\/156464\/revisions"}],"predecessor-version":[{"id":156465,"href":"https:\/\/www.nettali.com\/rest\/wp\/v2\/posts\/156464\/revisions\/156465"}],"wp:featuredmedia":[{"embeddable":true,"href":"https:\/\/www.nettali.com\/rest\/wp\/v2\/media\/146977"}],"wp:attachment":[{"href":"https:\/\/www.nettali.com\/rest\/wp\/v2\/media?parent=156464"}],"wp:term":[{"taxonomy":"category","embeddable":true,"href":"https:\/\/www.nettali.com\/rest\/wp\/v2\/categories?post=156464"},{"taxonomy":"post_tag","embeddable":true,"href":"https:\/\/www.nettali.com\/rest\/wp\/v2\/tags?post=156464"}],"curies":[{"name":"wp","href":"https:\/\/api.w.org\/{rel}","templated":true}]}}