{"id":156398,"date":"2025-06-24T22:10:55","date_gmt":"2025-06-24T22:10:55","guid":{"rendered":"https:\/\/www.nettali.com\/?p=156398"},"modified":"2025-06-24T22:10:55","modified_gmt":"2025-06-24T22:10:55","slug":"marche-de-lelectrification-rurale-papa-djibril-fall-demande-la-creation-dune-commission-denquete-parlementaire","status":"publish","type":"post","link":"https:\/\/www.nettali.com\/2025\/06\/24\/marche-de-lelectrification-rurale-papa-djibril-fall-demande-la-creation-dune-commission-denquete-parlementaire\/","title":{"rendered":"MARCHE DE L'ELECTRIFICATION RURALE - Papa Djibril Fall demande la cr\u00e9ation d\u2019une commission d\u2019enqu\u00eate parlementaire\u00a0"},"content":{"rendered":"<p data-start=\"227\" data-end=\"583\"><strong>NETTALI.COM - .Le d\u00e9put\u00e9 Papa Djibril Fall a annonc\u00e9 avoir officiellement d\u00e9pos\u00e9, ce lundi, une demande de constitution d\u2019une commission d\u2019enqu\u00eate parlementaire aupr\u00e8s du pr\u00e9sident de l\u2019Assembl\u00e9e nationale. <\/strong><\/p>\n<p data-start=\"227\" data-end=\"583\">Cette initiative s\u2019appuie sur l\u2019article 85, alin\u00e9a 4 de la Constitution s\u00e9n\u00e9galaise et l\u2019article 48 du R\u00e8glement int\u00e9rieur de l\u2019Assembl\u00e9e nationale.<\/p>\n<p data-start=\"585\" data-end=\"762\">La commission sollicit\u00e9e devra se pencher sur le march\u00e9 d\u2019\u00e9lectrification rurale attribu\u00e9 \u00e0 l\u2019entreprise AEE POWER par l\u2019Agence S\u00e9n\u00e9galaise d\u2019\u00c9lectrification Rurale (ASER).<\/p>\n<p data-start=\"764\" data-end=\"1162\">L\u2019objectif, selon le parlementaire, est de faire toute la lumi\u00e8re sur les conditions d\u2019attribution et d\u2019ex\u00e9cution de ce march\u00e9 et de produire un rapport \u00ab d\u00e9taill\u00e9, impartial et rigoureux \u00bb qui sera pr\u00e9sent\u00e9 \u00e0 l\u2019Assembl\u00e9e nationale. Papa Djibril Fall pr\u00e9cise que cette d\u00e9marche vise exclusivement \u00e0 informer le peuple s\u00e9n\u00e9galais sur une affaire qui soul\u00e8ve de nombreuses interrogations.<\/p>\n<div class='share-to-whatsapp-wrapper'><div class='share-on-whsp'>PARTAGER SUR : <\/div><a data-text='MARCHE DE L'ELECTRIFICATION RURALE - Papa Djibril Fall demande la cr\u00e9ation d\u2019une commission d\u2019enqu\u00eate parlementaire\u00a0' data-link='https:\/\/www.nettali.com\/2025\/06\/24\/marche-de-lelectrification-rurale-papa-djibril-fall-demande-la-creation-dune-commission-denquete-parlementaire\/' class='whatsapp-button whatsapp-share'>WhatsApp<\/a><div class='clear '><\/div><\/div>","protected":false},"excerpt":{"rendered":"<p>NETTALI.COM - .Le d\u00e9put\u00e9 Papa Djibril Fall a annonc\u00e9 avoir officiellement d\u00e9pos\u00e9, ce lundi, une demande de constitution d\u2019une commission d\u2019enqu\u00eate parlementaire aupr\u00e8s du pr\u00e9sident de l\u2019Assembl\u00e9e nationale. Cette initiative s\u2019appuie sur l\u2019article 85, alin\u00e9a 4 de la Constitution s\u00e9n\u00e9galaise et l\u2019article 48 du R\u00e8glement int\u00e9rieur de l\u2019Assembl\u00e9e nationale. La commission sollicit\u00e9e devra se pencher [&hellip;]<\/p>\n","protected":false},"author":4,"featured_media":110211,"comment_status":"open","ping_status":"open","sticky":false,"template":"","format":"standard","meta":{"_et_pb_use_builder":"","_et_pb_old_content":""},"categories":[2],"tags":[],"yoast_head":"<!-- This site is optimized with the Yoast SEO Premium plugin v17.8 (Yoast SEO v17.8) - https:\/\/yoast.com\/wordpress\/plugins\/seo\/ -->\n<title>MARCHE DE L&#039;ELECTRIFICATION RURALE - Papa Djibril Fall demande la cr\u00e9ation d\u2019une commission d\u2019enqu\u00eate parlementaire\u00a0 | Nettali.com<\/title>\n<meta name=\"robots\" content=\"index, follow, max-snippet:-1, max-image-preview:large, max-video-preview:-1\" \/>\n<link rel=\"canonical\" href=\"https:\/\/www.nettali.com\/2025\/06\/24\/marche-de-lelectrification-rurale-papa-djibril-fall-demande-la-creation-dune-commission-denquete-parlementaire\/\" \/>\n<meta property=\"og:locale\" content=\"fr_FR\" \/>\n<meta property=\"og:type\" content=\"article\" \/>\n<meta property=\"og:title\" content=\"MARCHE DE L&#039;ELECTRIFICATION RURALE - Papa Djibril Fall demande la cr\u00e9ation d\u2019une commission d\u2019enqu\u00eate parlementaire\u00a0\" \/>\n<meta property=\"og:description\" content=\"NETTALI.COM - .Le d\u00e9put\u00e9 Papa Djibril Fall a annonc\u00e9 avoir officiellement d\u00e9pos\u00e9, ce lundi, une demande de constitution d\u2019une commission d\u2019enqu\u00eate parlementaire aupr\u00e8s du pr\u00e9sident de l\u2019Assembl\u00e9e nationale. Cette initiative s\u2019appuie sur l\u2019article 85, alin\u00e9a 4 de la Constitution s\u00e9n\u00e9galaise et l\u2019article 48 du R\u00e8glement int\u00e9rieur de l\u2019Assembl\u00e9e nationale. La commission sollicit\u00e9e devra se pencher [&hellip;]\" \/>\n<meta property=\"og:url\" content=\"https:\/\/www.nettali.com\/2025\/06\/24\/marche-de-lelectrification-rurale-papa-djibril-fall-demande-la-creation-dune-commission-denquete-parlementaire\/\" \/>\n<meta property=\"og:site_name\" content=\"Nettali.com\" \/>\n<meta property=\"article:publisher\" content=\"https:\/\/www.facebook.com\/nettalicom\" \/>\n<meta property=\"article:published_time\" content=\"2025-06-24T22:10:55+00:00\" \/>\n<meta property=\"og:image\" content=\"https:\/\/www.nettali.com\/wp-content\/uploads\/2023\/05\/Pape-Djibril-Fall-1.jpg\" \/>\n\t<meta property=\"og:image:width\" content=\"600\" \/>\n\t<meta property=\"og:image:height\" content=\"384\" \/>\n<meta name=\"twitter:card\" content=\"summary_large_image\" \/>\n<meta name=\"twitter:label1\" content=\"\u00c9crit par\" \/>\n\t<meta name=\"twitter:data1\" content=\"Daouda\" \/>\n\t<meta name=\"twitter:label2\" content=\"Dur\u00e9e de lecture estim\u00e9e\" \/>\n\t<meta name=\"twitter:data2\" content=\"1 minute\" \/>\n<script type=\"application\/ld+json\" class=\"yoast-schema-graph\">{\"@context\":\"https:\/\/schema.org\",\"@graph\":[{\"@type\":\"WebSite\",\"@id\":\"https:\/\/www.nettali.com\/#website\",\"url\":\"https:\/\/www.nettali.com\/\",\"name\":\"Nettali.com\",\"description\":\"Le rendez-vous critique du Net\",\"potentialAction\":[{\"@type\":\"SearchAction\",\"target\":{\"@type\":\"EntryPoint\",\"urlTemplate\":\"https:\/\/www.nettali.com\/?s={search_term_string}\"},\"query-input\":\"required name=search_term_string\"}],\"inLanguage\":\"fr-FR\"},{\"@type\":\"ImageObject\",\"@id\":\"https:\/\/www.nettali.com\/2025\/06\/24\/marche-de-lelectrification-rurale-papa-djibril-fall-demande-la-creation-dune-commission-denquete-parlementaire\/#primaryimage\",\"inLanguage\":\"fr-FR\",\"url\":\"https:\/\/www.nettali.com\/wp-content\/uploads\/2023\/05\/Pape-Djibril-Fall-1.jpg\",\"contentUrl\":\"https:\/\/www.nettali.com\/wp-content\/uploads\/2023\/05\/Pape-Djibril-Fall-1.jpg\",\"width\":600,\"height\":384},{\"@type\":\"WebPage\",\"@id\":\"https:\/\/www.nettali.com\/2025\/06\/24\/marche-de-lelectrification-rurale-papa-djibril-fall-demande-la-creation-dune-commission-denquete-parlementaire\/#webpage\",\"url\":\"https:\/\/www.nettali.com\/2025\/06\/24\/marche-de-lelectrification-rurale-papa-djibril-fall-demande-la-creation-dune-commission-denquete-parlementaire\/\",\"name\":\"MARCHE DE L'ELECTRIFICATION RURALE - Papa Djibril Fall demande la cr\\u00e9ation d\\u2019une commission d\\u2019enqu\\u00eate parlementaire\\u00a0 | Nettali.com\",\"isPartOf\":{\"@id\":\"https:\/\/www.nettali.com\/#website\"},\"primaryImageOfPage\":{\"@id\":\"https:\/\/www.nettali.com\/2025\/06\/24\/marche-de-lelectrification-rurale-papa-djibril-fall-demande-la-creation-dune-commission-denquete-parlementaire\/#primaryimage\"},\"datePublished\":\"2025-06-24T22:10:55+00:00\",\"dateModified\":\"2025-06-24T22:10:55+00:00\",\"author\":{\"@id\":\"https:\/\/www.nettali.com\/#\/schema\/person\/3317e0bb3aa1da309fbf7b2780901bf4\"},\"breadcrumb\":{\"@id\":\"https:\/\/www.nettali.com\/2025\/06\/24\/marche-de-lelectrification-rurale-papa-djibril-fall-demande-la-creation-dune-commission-denquete-parlementaire\/#breadcrumb\"},\"inLanguage\":\"fr-FR\",\"potentialAction\":[{\"@type\":\"ReadAction\",\"target\":[\"https:\/\/www.nettali.com\/2025\/06\/24\/marche-de-lelectrification-rurale-papa-djibril-fall-demande-la-creation-dune-commission-denquete-parlementaire\/\"]}]},{\"@type\":\"BreadcrumbList\",\"@id\":\"https:\/\/www.nettali.com\/2025\/06\/24\/marche-de-lelectrification-rurale-papa-djibril-fall-demande-la-creation-dune-commission-denquete-parlementaire\/#breadcrumb\",\"itemListElement\":[{\"@type\":\"ListItem\",\"position\":1,\"name\":\"Accueil\",\"item\":\"https:\/\/www.nettali.com\/\"},{\"@type\":\"ListItem\",\"position\":2,\"name\":\"MARCHE DE L'ELECTRIFICATION RURALE - Papa Djibril Fall demande la cr\\u00e9ation d\\u2019une commission d\\u2019enqu\\u00eate parlementaire\\u00a0\"}]},{\"@type\":\"Person\",\"@id\":\"https:\/\/www.nettali.com\/#\/schema\/person\/3317e0bb3aa1da309fbf7b2780901bf4\",\"name\":\"Daouda\",\"image\":{\"@type\":\"ImageObject\",\"@id\":\"https:\/\/www.nettali.com\/#personlogo\",\"inLanguage\":\"fr-FR\",\"url\":\"https:\/\/secure.gravatar.com\/avatar\/8d143b5a49345098ddcfee1c49c2f47c?s=96&d=mm&r=g\",\"contentUrl\":\"https:\/\/secure.gravatar.com\/avatar\/8d143b5a49345098ddcfee1c49c2f47c?s=96&d=mm&r=g\",\"caption\":\"Daouda\"},\"sameAs\":[\"https:\/\/www.nettali.com\"]}]}<\/script>\n<!-- \/ Yoast SEO Premium plugin. -->","yoast_head_json":{"title":"MARCHE DE L'ELECTRIFICATION RURALE - Papa Djibril Fall demande la cr\u00e9ation d\u2019une commission d\u2019enqu\u00eate parlementaire\u00a0 | Nettali.com","robots":{"index":"index","follow":"follow","max-snippet":"max-snippet:-1","max-image-preview":"max-image-preview:large","max-video-preview":"max-video-preview:-1"},"canonical":"https:\/\/www.nettali.com\/2025\/06\/24\/marche-de-lelectrification-rurale-papa-djibril-fall-demande-la-creation-dune-commission-denquete-parlementaire\/","og_locale":"fr_FR","og_type":"article","og_title":"MARCHE DE L'ELECTRIFICATION RURALE - Papa Djibril Fall demande la cr\u00e9ation d\u2019une commission d\u2019enqu\u00eate parlementaire\u00a0","og_description":"NETTALI.COM - .Le d\u00e9put\u00e9 Papa Djibril Fall a annonc\u00e9 avoir officiellement d\u00e9pos\u00e9, ce lundi, une demande de constitution d\u2019une commission d\u2019enqu\u00eate parlementaire aupr\u00e8s du pr\u00e9sident de l\u2019Assembl\u00e9e nationale. Cette initiative s\u2019appuie sur l\u2019article 85, alin\u00e9a 4 de la Constitution s\u00e9n\u00e9galaise et l\u2019article 48 du R\u00e8glement int\u00e9rieur de l\u2019Assembl\u00e9e nationale. La commission sollicit\u00e9e devra se pencher [&hellip;]","og_url":"https:\/\/www.nettali.com\/2025\/06\/24\/marche-de-lelectrification-rurale-papa-djibril-fall-demande-la-creation-dune-commission-denquete-parlementaire\/","og_site_name":"Nettali.com","article_publisher":"https:\/\/www.facebook.com\/nettalicom","article_published_time":"2025-06-24T22:10:55+00:00","og_image":[{"width":600,"height":384,"url":"https:\/\/www.nettali.com\/wp-content\/uploads\/2023\/05\/Pape-Djibril-Fall-1.jpg","type":"image\/jpeg"}],"twitter_card":"summary_large_image","twitter_misc":{"\u00c9crit par":"Daouda","Dur\u00e9e de lecture estim\u00e9e":"1 minute"},"schema":{"@context":"https:\/\/schema.org","@graph":[{"@type":"WebSite","@id":"https:\/\/www.nettali.com\/#website","url":"https:\/\/www.nettali.com\/","name":"Nettali.com","description":"Le rendez-vous critique du Net","potentialAction":[{"@type":"SearchAction","target":{"@type":"EntryPoint","urlTemplate":"https:\/\/www.nettali.com\/?s={search_term_string}"},"query-input":"required name=search_term_string"}],"inLanguage":"fr-FR"},{"@type":"ImageObject","@id":"https:\/\/www.nettali.com\/2025\/06\/24\/marche-de-lelectrification-rurale-papa-djibril-fall-demande-la-creation-dune-commission-denquete-parlementaire\/#primaryimage","inLanguage":"fr-FR","url":"https:\/\/www.nettali.com\/wp-content\/uploads\/2023\/05\/Pape-Djibril-Fall-1.jpg","contentUrl":"https:\/\/www.nettali.com\/wp-content\/uploads\/2023\/05\/Pape-Djibril-Fall-1.jpg","width":600,"height":384},{"@type":"WebPage","@id":"https:\/\/www.nettali.com\/2025\/06\/24\/marche-de-lelectrification-rurale-papa-djibril-fall-demande-la-creation-dune-commission-denquete-parlementaire\/#webpage","url":"https:\/\/www.nettali.com\/2025\/06\/24\/marche-de-lelectrification-rurale-papa-djibril-fall-demande-la-creation-dune-commission-denquete-parlementaire\/","name":"MARCHE DE L'ELECTRIFICATION RURALE - Papa Djibril Fall demande la cr\u00e9ation d\u2019une commission d\u2019enqu\u00eate parlementaire\u00a0 | Nettali.com","isPartOf":{"@id":"https:\/\/www.nettali.com\/#website"},"primaryImageOfPage":{"@id":"https:\/\/www.nettali.com\/2025\/06\/24\/marche-de-lelectrification-rurale-papa-djibril-fall-demande-la-creation-dune-commission-denquete-parlementaire\/#primaryimage"},"datePublished":"2025-06-24T22:10:55+00:00","dateModified":"2025-06-24T22:10:55+00:00","author":{"@id":"https:\/\/www.nettali.com\/#\/schema\/person\/3317e0bb3aa1da309fbf7b2780901bf4"},"breadcrumb":{"@id":"https:\/\/www.nettali.com\/2025\/06\/24\/marche-de-lelectrification-rurale-papa-djibril-fall-demande-la-creation-dune-commission-denquete-parlementaire\/#breadcrumb"},"inLanguage":"fr-FR","potentialAction":[{"@type":"ReadAction","target":["https:\/\/www.nettali.com\/2025\/06\/24\/marche-de-lelectrification-rurale-papa-djibril-fall-demande-la-creation-dune-commission-denquete-parlementaire\/"]}]},{"@type":"BreadcrumbList","@id":"https:\/\/www.nettali.com\/2025\/06\/24\/marche-de-lelectrification-rurale-papa-djibril-fall-demande-la-creation-dune-commission-denquete-parlementaire\/#breadcrumb","itemListElement":[{"@type":"ListItem","position":1,"name":"Accueil","item":"https:\/\/www.nettali.com\/"},{"@type":"ListItem","position":2,"name":"MARCHE DE L'ELECTRIFICATION RURALE - Papa Djibril Fall demande la cr\u00e9ation d\u2019une commission d\u2019enqu\u00eate parlementaire\u00a0"}]},{"@type":"Person","@id":"https:\/\/www.nettali.com\/#\/schema\/person\/3317e0bb3aa1da309fbf7b2780901bf4","name":"Daouda","image":{"@type":"ImageObject","@id":"https:\/\/www.nettali.com\/#personlogo","inLanguage":"fr-FR","url":"https:\/\/secure.gravatar.com\/avatar\/8d143b5a49345098ddcfee1c49c2f47c?s=96&d=mm&r=g","contentUrl":"https:\/\/secure.gravatar.com\/avatar\/8d143b5a49345098ddcfee1c49c2f47c?s=96&d=mm&r=g","caption":"Daouda"},"sameAs":["https:\/\/www.nettali.com"]}]}},"_links":{"self":[{"href":"https:\/\/www.nettali.com\/rest\/wp\/v2\/posts\/156398"}],"collection":[{"href":"https:\/\/www.nettali.com\/rest\/wp\/v2\/posts"}],"about":[{"href":"https:\/\/www.nettali.com\/rest\/wp\/v2\/types\/post"}],"author":[{"embeddable":true,"href":"https:\/\/www.nettali.com\/rest\/wp\/v2\/users\/4"}],"replies":[{"embeddable":true,"href":"https:\/\/www.nettali.com\/rest\/wp\/v2\/comments?post=156398"}],"version-history":[{"count":1,"href":"https:\/\/www.nettali.com\/rest\/wp\/v2\/posts\/156398\/revisions"}],"predecessor-version":[{"id":156400,"href":"https:\/\/www.nettali.com\/rest\/wp\/v2\/posts\/156398\/revisions\/156400"}],"wp:featuredmedia":[{"embeddable":true,"href":"https:\/\/www.nettali.com\/rest\/wp\/v2\/media\/110211"}],"wp:attachment":[{"href":"https:\/\/www.nettali.com\/rest\/wp\/v2\/media?parent=156398"}],"wp:term":[{"taxonomy":"category","embeddable":true,"href":"https:\/\/www.nettali.com\/rest\/wp\/v2\/categories?post=156398"},{"taxonomy":"post_tag","embeddable":true,"href":"https:\/\/www.nettali.com\/rest\/wp\/v2\/tags?post=156398"}],"curies":[{"name":"wp","href":"https:\/\/api.w.org\/{rel}","templated":true}]}}