{"id":156393,"date":"2025-06-24T19:27:31","date_gmt":"2025-06-24T19:27:31","guid":{"rendered":"https:\/\/www.nettali.com\/?p=156393"},"modified":"2025-06-24T22:33:40","modified_gmt":"2025-06-24T22:33:40","slug":"en-coulisses-akhenaton-quitte-finalement-le-senegal","status":"publish","type":"post","link":"https:\/\/www.nettali.com\/2025\/06\/24\/en-coulisses-akhenaton-quitte-finalement-le-senegal\/","title":{"rendered":"EN COULISSES -\u00a0Akhenaton quitte finalement le S\u00e9n\u00e9gal"},"content":{"rendered":"<p data-start=\"171\" data-end=\"411\">NETTALI.COM - Ousseynou Seck, connu sous le pseudonyme \u00ab Akhenaton \u00bb et proche du parti Pastef, a quitt\u00e9 le territoire national \u00e0 bord d\u2019un vol depuis l\u2019a\u00e9roport international Blaise Diagne (AIBD), selon des sources polici\u00e8res.<\/p>\n<p data-start=\"413\" data-end=\"746\">Pour rappel, l\u2019activiste avait \u00e9t\u00e9 emp\u00each\u00e9 de voyager vendredi dernier suite \u00e0 une convocation de la Division sp\u00e9ciale de cybers\u00e9curit\u00e9 (DSC). Il a \u00e9t\u00e9 auditionn\u00e9 ce lundi avant d\u2019obtenir le feu vert des autorit\u00e9s pour reprendre son passeport, qui lui avait \u00e9t\u00e9 retir\u00e9 par la Direction de la Police de l\u2019air et des fronti\u00e8res (DPAF).<\/p>\n<p data-start=\"748\" data-end=\"926\">Contrairement aux rumeurs largement relay\u00e9es sur les r\u00e9seaux sociaux, Ousseynou Seck n\u2019a \u00e0 aucun moment \u00e9t\u00e9 arr\u00eat\u00e9. Apr\u00e8s son audition, il a \u00e9t\u00e9 autoris\u00e9 \u00e0 voyager librement.<\/p>\n<div class='share-to-whatsapp-wrapper'><div class='share-on-whsp'>PARTAGER SUR : <\/div><a data-text='EN COULISSES -\u00a0Akhenaton quitte finalement le S\u00e9n\u00e9gal' data-link='https:\/\/www.nettali.com\/2025\/06\/24\/en-coulisses-akhenaton-quitte-finalement-le-senegal\/' class='whatsapp-button whatsapp-share'>WhatsApp<\/a><div class='clear '><\/div><\/div>","protected":false},"excerpt":{"rendered":"<p>NETTALI.COM - Ousseynou Seck, connu sous le pseudonyme \u00ab Akhenaton \u00bb et proche du parti Pastef, a quitt\u00e9 le territoire national \u00e0 bord d\u2019un vol depuis l\u2019a\u00e9roport international Blaise Diagne (AIBD), selon des sources polici\u00e8res. Pour rappel, l\u2019activiste avait \u00e9t\u00e9 emp\u00each\u00e9 de voyager vendredi dernier suite \u00e0 une convocation de la Division sp\u00e9ciale de cybers\u00e9curit\u00e9 [&hellip;]<\/p>\n","protected":false},"author":4,"featured_media":156394,"comment_status":"open","ping_status":"open","sticky":false,"template":"","format":"standard","meta":{"_et_pb_use_builder":"","_et_pb_old_content":""},"categories":[34945],"tags":[],"yoast_head":"<!-- This site is optimized with the Yoast SEO Premium plugin v17.8 (Yoast SEO v17.8) - https:\/\/yoast.com\/wordpress\/plugins\/seo\/ -->\n<title>EN COULISSES -\u00a0Akhenaton quitte finalement le S\u00e9n\u00e9gal | Nettali.com<\/title>\n<meta name=\"robots\" content=\"index, follow, max-snippet:-1, max-image-preview:large, max-video-preview:-1\" \/>\n<link rel=\"canonical\" href=\"https:\/\/www.nettali.com\/2025\/06\/24\/en-coulisses-akhenaton-quitte-finalement-le-senegal\/\" \/>\n<meta property=\"og:locale\" content=\"fr_FR\" \/>\n<meta property=\"og:type\" content=\"article\" \/>\n<meta property=\"og:title\" content=\"EN COULISSES -\u00a0Akhenaton quitte finalement le S\u00e9n\u00e9gal\" \/>\n<meta property=\"og:description\" content=\"NETTALI.COM - Ousseynou Seck, connu sous le pseudonyme \u00ab Akhenaton \u00bb et proche du parti Pastef, a quitt\u00e9 le territoire national \u00e0 bord d\u2019un vol depuis l\u2019a\u00e9roport international Blaise Diagne (AIBD), selon des sources polici\u00e8res. Pour rappel, l\u2019activiste avait \u00e9t\u00e9 emp\u00each\u00e9 de voyager vendredi dernier suite \u00e0 une convocation de la Division sp\u00e9ciale de cybers\u00e9curit\u00e9 [&hellip;]\" \/>\n<meta property=\"og:url\" content=\"https:\/\/www.nettali.com\/2025\/06\/24\/en-coulisses-akhenaton-quitte-finalement-le-senegal\/\" \/>\n<meta property=\"og:site_name\" content=\"Nettali.com\" \/>\n<meta property=\"article:publisher\" content=\"https:\/\/www.facebook.com\/nettalicom\" \/>\n<meta property=\"article:published_time\" content=\"2025-06-24T19:27:31+00:00\" \/>\n<meta property=\"article:modified_time\" content=\"2025-06-24T22:33:40+00:00\" \/>\n<meta property=\"og:image\" content=\"https:\/\/www.nettali.com\/wp-content\/uploads\/2025\/06\/Capture-de\u0301cran-2025-06-24-a\u0300-07.32.07-1.png\" \/>\n\t<meta property=\"og:image:width\" content=\"961\" \/>\n\t<meta property=\"og:image:height\" content=\"579\" \/>\n<meta name=\"twitter:card\" content=\"summary_large_image\" \/>\n<meta name=\"twitter:label1\" content=\"\u00c9crit par\" \/>\n\t<meta name=\"twitter:data1\" content=\"Daouda\" \/>\n\t<meta name=\"twitter:label2\" content=\"Dur\u00e9e de lecture estim\u00e9e\" \/>\n\t<meta name=\"twitter:data2\" content=\"1 minute\" \/>\n<script type=\"application\/ld+json\" class=\"yoast-schema-graph\">{\"@context\":\"https:\/\/schema.org\",\"@graph\":[{\"@type\":\"WebSite\",\"@id\":\"https:\/\/www.nettali.com\/#website\",\"url\":\"https:\/\/www.nettali.com\/\",\"name\":\"Nettali.com\",\"description\":\"Le rendez-vous critique du Net\",\"potentialAction\":[{\"@type\":\"SearchAction\",\"target\":{\"@type\":\"EntryPoint\",\"urlTemplate\":\"https:\/\/www.nettali.com\/?s={search_term_string}\"},\"query-input\":\"required name=search_term_string\"}],\"inLanguage\":\"fr-FR\"},{\"@type\":\"ImageObject\",\"@id\":\"https:\/\/www.nettali.com\/2025\/06\/24\/en-coulisses-akhenaton-quitte-finalement-le-senegal\/#primaryimage\",\"inLanguage\":\"fr-FR\",\"url\":\"https:\/\/www.nettali.com\/wp-content\/uploads\/2025\/06\/Capture-de\\u0301cran-2025-06-24-a\\u0300-07.32.07-1.png\",\"contentUrl\":\"https:\/\/www.nettali.com\/wp-content\/uploads\/2025\/06\/Capture-de\\u0301cran-2025-06-24-a\\u0300-07.32.07-1.png\",\"width\":961,\"height\":579},{\"@type\":\"WebPage\",\"@id\":\"https:\/\/www.nettali.com\/2025\/06\/24\/en-coulisses-akhenaton-quitte-finalement-le-senegal\/#webpage\",\"url\":\"https:\/\/www.nettali.com\/2025\/06\/24\/en-coulisses-akhenaton-quitte-finalement-le-senegal\/\",\"name\":\"EN COULISSES -\\u00a0Akhenaton quitte finalement le S\\u00e9n\\u00e9gal | Nettali.com\",\"isPartOf\":{\"@id\":\"https:\/\/www.nettali.com\/#website\"},\"primaryImageOfPage\":{\"@id\":\"https:\/\/www.nettali.com\/2025\/06\/24\/en-coulisses-akhenaton-quitte-finalement-le-senegal\/#primaryimage\"},\"datePublished\":\"2025-06-24T19:27:31+00:00\",\"dateModified\":\"2025-06-24T22:33:40+00:00\",\"author\":{\"@id\":\"https:\/\/www.nettali.com\/#\/schema\/person\/3317e0bb3aa1da309fbf7b2780901bf4\"},\"breadcrumb\":{\"@id\":\"https:\/\/www.nettali.com\/2025\/06\/24\/en-coulisses-akhenaton-quitte-finalement-le-senegal\/#breadcrumb\"},\"inLanguage\":\"fr-FR\",\"potentialAction\":[{\"@type\":\"ReadAction\",\"target\":[\"https:\/\/www.nettali.com\/2025\/06\/24\/en-coulisses-akhenaton-quitte-finalement-le-senegal\/\"]}]},{\"@type\":\"BreadcrumbList\",\"@id\":\"https:\/\/www.nettali.com\/2025\/06\/24\/en-coulisses-akhenaton-quitte-finalement-le-senegal\/#breadcrumb\",\"itemListElement\":[{\"@type\":\"ListItem\",\"position\":1,\"name\":\"Accueil\",\"item\":\"https:\/\/www.nettali.com\/\"},{\"@type\":\"ListItem\",\"position\":2,\"name\":\"EN COULISSES -\\u00a0Akhenaton quitte finalement le S\\u00e9n\\u00e9gal\"}]},{\"@type\":\"Person\",\"@id\":\"https:\/\/www.nettali.com\/#\/schema\/person\/3317e0bb3aa1da309fbf7b2780901bf4\",\"name\":\"Daouda\",\"image\":{\"@type\":\"ImageObject\",\"@id\":\"https:\/\/www.nettali.com\/#personlogo\",\"inLanguage\":\"fr-FR\",\"url\":\"https:\/\/secure.gravatar.com\/avatar\/8d143b5a49345098ddcfee1c49c2f47c?s=96&d=mm&r=g\",\"contentUrl\":\"https:\/\/secure.gravatar.com\/avatar\/8d143b5a49345098ddcfee1c49c2f47c?s=96&d=mm&r=g\",\"caption\":\"Daouda\"},\"sameAs\":[\"https:\/\/www.nettali.com\"]}]}<\/script>\n<!-- \/ Yoast SEO Premium plugin. -->","yoast_head_json":{"title":"EN COULISSES -\u00a0Akhenaton quitte finalement le S\u00e9n\u00e9gal | Nettali.com","robots":{"index":"index","follow":"follow","max-snippet":"max-snippet:-1","max-image-preview":"max-image-preview:large","max-video-preview":"max-video-preview:-1"},"canonical":"https:\/\/www.nettali.com\/2025\/06\/24\/en-coulisses-akhenaton-quitte-finalement-le-senegal\/","og_locale":"fr_FR","og_type":"article","og_title":"EN COULISSES -\u00a0Akhenaton quitte finalement le S\u00e9n\u00e9gal","og_description":"NETTALI.COM - Ousseynou Seck, connu sous le pseudonyme \u00ab Akhenaton \u00bb et proche du parti Pastef, a quitt\u00e9 le territoire national \u00e0 bord d\u2019un vol depuis l\u2019a\u00e9roport international Blaise Diagne (AIBD), selon des sources polici\u00e8res. Pour rappel, l\u2019activiste avait \u00e9t\u00e9 emp\u00each\u00e9 de voyager vendredi dernier suite \u00e0 une convocation de la Division sp\u00e9ciale de cybers\u00e9curit\u00e9 [&hellip;]","og_url":"https:\/\/www.nettali.com\/2025\/06\/24\/en-coulisses-akhenaton-quitte-finalement-le-senegal\/","og_site_name":"Nettali.com","article_publisher":"https:\/\/www.facebook.com\/nettalicom","article_published_time":"2025-06-24T19:27:31+00:00","article_modified_time":"2025-06-24T22:33:40+00:00","og_image":[{"width":961,"height":579,"url":"https:\/\/www.nettali.com\/wp-content\/uploads\/2025\/06\/Capture-de\u0301cran-2025-06-24-a\u0300-07.32.07-1.png","type":"image\/png"}],"twitter_card":"summary_large_image","twitter_misc":{"\u00c9crit par":"Daouda","Dur\u00e9e de lecture estim\u00e9e":"1 minute"},"schema":{"@context":"https:\/\/schema.org","@graph":[{"@type":"WebSite","@id":"https:\/\/www.nettali.com\/#website","url":"https:\/\/www.nettali.com\/","name":"Nettali.com","description":"Le rendez-vous critique du Net","potentialAction":[{"@type":"SearchAction","target":{"@type":"EntryPoint","urlTemplate":"https:\/\/www.nettali.com\/?s={search_term_string}"},"query-input":"required name=search_term_string"}],"inLanguage":"fr-FR"},{"@type":"ImageObject","@id":"https:\/\/www.nettali.com\/2025\/06\/24\/en-coulisses-akhenaton-quitte-finalement-le-senegal\/#primaryimage","inLanguage":"fr-FR","url":"https:\/\/www.nettali.com\/wp-content\/uploads\/2025\/06\/Capture-de\u0301cran-2025-06-24-a\u0300-07.32.07-1.png","contentUrl":"https:\/\/www.nettali.com\/wp-content\/uploads\/2025\/06\/Capture-de\u0301cran-2025-06-24-a\u0300-07.32.07-1.png","width":961,"height":579},{"@type":"WebPage","@id":"https:\/\/www.nettali.com\/2025\/06\/24\/en-coulisses-akhenaton-quitte-finalement-le-senegal\/#webpage","url":"https:\/\/www.nettali.com\/2025\/06\/24\/en-coulisses-akhenaton-quitte-finalement-le-senegal\/","name":"EN COULISSES -\u00a0Akhenaton quitte finalement le S\u00e9n\u00e9gal | Nettali.com","isPartOf":{"@id":"https:\/\/www.nettali.com\/#website"},"primaryImageOfPage":{"@id":"https:\/\/www.nettali.com\/2025\/06\/24\/en-coulisses-akhenaton-quitte-finalement-le-senegal\/#primaryimage"},"datePublished":"2025-06-24T19:27:31+00:00","dateModified":"2025-06-24T22:33:40+00:00","author":{"@id":"https:\/\/www.nettali.com\/#\/schema\/person\/3317e0bb3aa1da309fbf7b2780901bf4"},"breadcrumb":{"@id":"https:\/\/www.nettali.com\/2025\/06\/24\/en-coulisses-akhenaton-quitte-finalement-le-senegal\/#breadcrumb"},"inLanguage":"fr-FR","potentialAction":[{"@type":"ReadAction","target":["https:\/\/www.nettali.com\/2025\/06\/24\/en-coulisses-akhenaton-quitte-finalement-le-senegal\/"]}]},{"@type":"BreadcrumbList","@id":"https:\/\/www.nettali.com\/2025\/06\/24\/en-coulisses-akhenaton-quitte-finalement-le-senegal\/#breadcrumb","itemListElement":[{"@type":"ListItem","position":1,"name":"Accueil","item":"https:\/\/www.nettali.com\/"},{"@type":"ListItem","position":2,"name":"EN COULISSES -\u00a0Akhenaton quitte finalement le S\u00e9n\u00e9gal"}]},{"@type":"Person","@id":"https:\/\/www.nettali.com\/#\/schema\/person\/3317e0bb3aa1da309fbf7b2780901bf4","name":"Daouda","image":{"@type":"ImageObject","@id":"https:\/\/www.nettali.com\/#personlogo","inLanguage":"fr-FR","url":"https:\/\/secure.gravatar.com\/avatar\/8d143b5a49345098ddcfee1c49c2f47c?s=96&d=mm&r=g","contentUrl":"https:\/\/secure.gravatar.com\/avatar\/8d143b5a49345098ddcfee1c49c2f47c?s=96&d=mm&r=g","caption":"Daouda"},"sameAs":["https:\/\/www.nettali.com"]}]}},"_links":{"self":[{"href":"https:\/\/www.nettali.com\/rest\/wp\/v2\/posts\/156393"}],"collection":[{"href":"https:\/\/www.nettali.com\/rest\/wp\/v2\/posts"}],"about":[{"href":"https:\/\/www.nettali.com\/rest\/wp\/v2\/types\/post"}],"author":[{"embeddable":true,"href":"https:\/\/www.nettali.com\/rest\/wp\/v2\/users\/4"}],"replies":[{"embeddable":true,"href":"https:\/\/www.nettali.com\/rest\/wp\/v2\/comments?post=156393"}],"version-history":[{"count":2,"href":"https:\/\/www.nettali.com\/rest\/wp\/v2\/posts\/156393\/revisions"}],"predecessor-version":[{"id":156402,"href":"https:\/\/www.nettali.com\/rest\/wp\/v2\/posts\/156393\/revisions\/156402"}],"wp:featuredmedia":[{"embeddable":true,"href":"https:\/\/www.nettali.com\/rest\/wp\/v2\/media\/156394"}],"wp:attachment":[{"href":"https:\/\/www.nettali.com\/rest\/wp\/v2\/media?parent=156393"}],"wp:term":[{"taxonomy":"category","embeddable":true,"href":"https:\/\/www.nettali.com\/rest\/wp\/v2\/categories?post=156393"},{"taxonomy":"post_tag","embeddable":true,"href":"https:\/\/www.nettali.com\/rest\/wp\/v2\/tags?post=156393"}],"curies":[{"name":"wp","href":"https:\/\/api.w.org\/{rel}","templated":true}]}}