{"id":156391,"date":"2025-06-24T20:20:44","date_gmt":"2025-06-24T20:20:44","guid":{"rendered":"https:\/\/www.nettali.com\/?p=156391"},"modified":"2025-06-24T19:24:05","modified_gmt":"2025-06-24T19:24:05","slug":"les-finances-publiques-sous-forte-tension-lalerte-severe-du-pr-amath-ndiaye","status":"publish","type":"post","link":"https:\/\/www.nettali.com\/2025\/06\/24\/les-finances-publiques-sous-forte-tension-lalerte-severe-du-pr-amath-ndiaye\/","title":{"rendered":"LES FINANCES PUBLIQUES SOUS FORTE TENSION - L\u2019alerte s\u00e9v\u00e8re du Pr Amath Ndiaye"},"content":{"rendered":"<p data-start=\"302\" data-end=\"749\"><strong>NETTALI.COM - Le minist\u00e8re des Finances et du Budget a publi\u00e9 les rapports d\u2019ex\u00e9cution budg\u00e9taire du quatri\u00e8me trimestre 2024 et du premier trimestre 2025. Une publication attendue, qui met en lumi\u00e8re les fragilit\u00e9s structurelles persistantes des finances publiques s\u00e9n\u00e9galaises. Selon l\u2019\u00e9conomiste Amath Ndiaye, professeur \u00e0 la Facult\u00e9 des sciences \u00e9conomiques et de gestion (FASEG) de l\u2019UCAD, le S\u00e9n\u00e9gal entame 2025 avec des finances sous tr\u00e8s forte pression.<\/strong><\/p>\n<p data-start=\"827\" data-end=\"1108\">Au 31 mars 2025, les recettes totales atteignent 1 027,82 milliards FCFA, en hausse de 9,7 % par rapport \u00e0 la m\u00eame p\u00e9riode de 2024. Les recettes fiscales affichent 960,26 milliards FCFA (+11,6 %), tandis que les recettes non fiscales progressent \u00e0 59,56 milliards FCFA (+24,4 %).<\/p>\n<p data-start=\"1110\" data-end=\"1450\">Cependant, les ressources ext\u00e9rieures s\u2019effondrent : 0 FCFA de dons budg\u00e9taires mobilis\u00e9s sur 45 milliards pr\u00e9vus, et \u00e0 peine 8 milliards de dons en capital sur 200 milliards, soit un maigre 4 %. En tout, 3,27 % seulement des ressources ext\u00e9rieures attendues ont \u00e9t\u00e9 mobilis\u00e9es, bridant s\u00e9v\u00e8rement les financements d\u2019investissement.<\/p>\n<h3 data-start=\"1452\" data-end=\"1532\"><strong data-start=\"1459\" data-end=\"1532\">D\u00e9penses : des charges en hausse et un investissement public en panne<\/strong><\/h3>\n<p data-start=\"1534\" data-end=\"1665\">Les d\u00e9penses s\u2019\u00e9l\u00e8vent \u00e0 1 419,45 milliards FCFA, avec une hausse notable des d\u00e9penses ordinaires \u00e0 1 130,89 milliards FCFA, dont :<\/p>\n<ul data-start=\"1667\" data-end=\"1916\">\n<li data-start=\"1667\" data-end=\"1730\">\n<p data-start=\"1669\" data-end=\"1730\">225,24 milliards FCFA pour le service de la dette (+24 %)<\/p>\n<\/li>\n<li data-start=\"1731\" data-end=\"1784\">\n<p data-start=\"1733\" data-end=\"1784\">357,07 milliards pour la masse salariale (+1 %)<\/p>\n<\/li>\n<li data-start=\"1785\" data-end=\"1916\">\n<p data-start=\"1787\" data-end=\"1916\">463,93 milliards pour les transferts courants (+15,2 %), dop\u00e9s par les subventions \u00e0 l\u2019\u00e9nergie et \u00e0 l\u2019enseignement sup\u00e9rieur.<\/p>\n<\/li>\n<\/ul>\n<p data-start=\"1918\" data-end=\"2214\">En revanche, les d\u00e9penses en capital chutent \u00e0 288,57 milliards FCFA, en baisse de 42,2 milliards. Plus inqui\u00e9tant encore : les investissements financ\u00e9s sur ressources internes plafonnent \u00e0 2,64 milliards FCFA sur 308,25 milliards pr\u00e9vus, soit un taux d\u2019ex\u00e9cution de seulement 0,86 %.<\/p>\n<h3 data-start=\"2216\" data-end=\"2265\"><strong data-start=\"2223\" data-end=\"2265\">Un d\u00e9ficit budg\u00e9taire hors de contr\u00f4le<\/strong><\/h3>\n<p data-start=\"2267\" data-end=\"2678\">Le d\u00e9ficit budg\u00e9taire en 2024 a atteint 2 500,95 milliards FCFA, soit 12,6 % du PIB, d\u00e9passant la pr\u00e9vision de 11,1 %. Et pour 2025, la trajectoire reste largement au-dessus de la norme communautaire UEMOA de 3 % \u00e0 atteindre d\u2019ici 2027, malgr\u00e9 des engagements pris. Le recours au march\u00e9 r\u00e9gional et international devient on\u00e9reux, avec des taux de 10 \u00e0 12 % \u00e0 l\u2019international contre 6-7 % dans la zone UEMOA.<\/p>\n<p data-start=\"2724\" data-end=\"2903\">Pour le Pr Amath Ndiaye, le retour \u00e0 l\u2019\u00e9quilibre budg\u00e9taire est devenu une urgence nationale. Il recommande un plan de redressement budg\u00e9taire ambitieux, avec ou sans le FMI :<\/p>\n<ul data-start=\"2905\" data-end=\"3113\">\n<li data-start=\"2905\" data-end=\"2944\">\n<p data-start=\"2907\" data-end=\"2944\">R\u00e9duction des subventions inefficaces<\/p>\n<\/li>\n<li data-start=\"2945\" data-end=\"2986\">\n<p data-start=\"2947\" data-end=\"2986\">Ma\u00eetrise des d\u00e9penses de fonctionnement<\/p>\n<\/li>\n<li data-start=\"2987\" data-end=\"3067\">\n<p data-start=\"2989\" data-end=\"3067\">R\u00e9allocation des investissements vers les secteurs \u00e0 fort rendement \u00e9conomique<\/p>\n<\/li>\n<li data-start=\"3068\" data-end=\"3113\">\n<p data-start=\"3070\" data-end=\"3113\">Protection des couches sociales vuln\u00e9rables<\/p>\n<\/li>\n<\/ul>\n<p data-start=\"3115\" data-end=\"3287\">\u00ab Sans rigueur budg\u00e9taire, le S\u00e9n\u00e9gal court un risque \u00e9lev\u00e9 de surendettement, ce qui compromettrait l\u2019emploi des jeunes, la croissance et la Vision 2050 \u00bb, avertit-il.<\/p>\n<p data-start=\"3340\" data-end=\"3596\">Le Pr Ndiaye conclut que \u00ab ce redressement n\u00e9cessitera du courage politique, car il impliquera des d\u00e9cisions socialement d\u00e9licates, mais elles demeurent incontournables pour pr\u00e9server la stabilit\u00e9 macro\u00e9conomique et un d\u00e9veloppement endog\u00e8ne durable \u00bb.<\/p>\n<div class='share-to-whatsapp-wrapper'><div class='share-on-whsp'>PARTAGER SUR : <\/div><a data-text='LES FINANCES PUBLIQUES SOUS FORTE TENSION - L\u2019alerte s\u00e9v\u00e8re du Pr Amath Ndiaye' data-link='https:\/\/www.nettali.com\/2025\/06\/24\/les-finances-publiques-sous-forte-tension-lalerte-severe-du-pr-amath-ndiaye\/' class='whatsapp-button whatsapp-share'>WhatsApp<\/a><div class='clear '><\/div><\/div>","protected":false},"excerpt":{"rendered":"<p>NETTALI.COM - Le minist\u00e8re des Finances et du Budget a publi\u00e9 les rapports d\u2019ex\u00e9cution budg\u00e9taire du quatri\u00e8me trimestre 2024 et du premier trimestre 2025. Une publication attendue, qui met en lumi\u00e8re les fragilit\u00e9s structurelles persistantes des finances publiques s\u00e9n\u00e9galaises. Selon l\u2019\u00e9conomiste Amath Ndiaye, professeur \u00e0 la Facult\u00e9 des sciences \u00e9conomiques et de gestion (FASEG) de [&hellip;]<\/p>\n","protected":false},"author":4,"featured_media":139792,"comment_status":"open","ping_status":"open","sticky":false,"template":"","format":"standard","meta":{"_et_pb_use_builder":"","_et_pb_old_content":""},"categories":[4],"tags":[],"yoast_head":"<!-- This site is optimized with the Yoast SEO Premium plugin v17.8 (Yoast SEO v17.8) - https:\/\/yoast.com\/wordpress\/plugins\/seo\/ -->\n<title>LES FINANCES PUBLIQUES SOUS FORTE TENSION - L\u2019alerte s\u00e9v\u00e8re du Pr Amath Ndiaye | Nettali.com<\/title>\n<meta name=\"robots\" content=\"index, follow, max-snippet:-1, max-image-preview:large, max-video-preview:-1\" \/>\n<link rel=\"canonical\" href=\"https:\/\/www.nettali.com\/2025\/06\/24\/les-finances-publiques-sous-forte-tension-lalerte-severe-du-pr-amath-ndiaye\/\" \/>\n<meta property=\"og:locale\" content=\"fr_FR\" \/>\n<meta property=\"og:type\" content=\"article\" \/>\n<meta property=\"og:title\" content=\"LES FINANCES PUBLIQUES SOUS FORTE TENSION - L\u2019alerte s\u00e9v\u00e8re du Pr Amath Ndiaye\" \/>\n<meta property=\"og:description\" content=\"NETTALI.COM - Le minist\u00e8re des Finances et du Budget a publi\u00e9 les rapports d\u2019ex\u00e9cution budg\u00e9taire du quatri\u00e8me trimestre 2024 et du premier trimestre 2025. Une publication attendue, qui met en lumi\u00e8re les fragilit\u00e9s structurelles persistantes des finances publiques s\u00e9n\u00e9galaises. Selon l\u2019\u00e9conomiste Amath Ndiaye, professeur \u00e0 la Facult\u00e9 des sciences \u00e9conomiques et de gestion (FASEG) de [&hellip;]\" \/>\n<meta property=\"og:url\" content=\"https:\/\/www.nettali.com\/2025\/06\/24\/les-finances-publiques-sous-forte-tension-lalerte-severe-du-pr-amath-ndiaye\/\" \/>\n<meta property=\"og:site_name\" content=\"Nettali.com\" \/>\n<meta property=\"article:publisher\" content=\"https:\/\/www.facebook.com\/nettalicom\" \/>\n<meta property=\"article:published_time\" content=\"2025-06-24T20:20:44+00:00\" \/>\n<meta property=\"article:modified_time\" content=\"2025-06-24T19:24:05+00:00\" \/>\n<meta property=\"og:image\" content=\"https:\/\/www.nettali.com\/wp-content\/uploads\/2024\/09\/diomaye-finances-argent_2395-e1725628355313.png\" \/>\n\t<meta property=\"og:image:width\" content=\"1532\" \/>\n\t<meta property=\"og:image:height\" content=\"756\" \/>\n<meta name=\"twitter:card\" content=\"summary_large_image\" \/>\n<meta name=\"twitter:label1\" content=\"\u00c9crit par\" \/>\n\t<meta name=\"twitter:data1\" content=\"Daouda\" \/>\n\t<meta name=\"twitter:label2\" content=\"Dur\u00e9e de lecture estim\u00e9e\" \/>\n\t<meta name=\"twitter:data2\" content=\"3 minutes\" \/>\n<script type=\"application\/ld+json\" class=\"yoast-schema-graph\">{\"@context\":\"https:\/\/schema.org\",\"@graph\":[{\"@type\":\"WebSite\",\"@id\":\"https:\/\/www.nettali.com\/#website\",\"url\":\"https:\/\/www.nettali.com\/\",\"name\":\"Nettali.com\",\"description\":\"Le rendez-vous critique du Net\",\"potentialAction\":[{\"@type\":\"SearchAction\",\"target\":{\"@type\":\"EntryPoint\",\"urlTemplate\":\"https:\/\/www.nettali.com\/?s={search_term_string}\"},\"query-input\":\"required name=search_term_string\"}],\"inLanguage\":\"fr-FR\"},{\"@type\":\"ImageObject\",\"@id\":\"https:\/\/www.nettali.com\/2025\/06\/24\/les-finances-publiques-sous-forte-tension-lalerte-severe-du-pr-amath-ndiaye\/#primaryimage\",\"inLanguage\":\"fr-FR\",\"url\":\"https:\/\/www.nettali.com\/wp-content\/uploads\/2024\/09\/diomaye-finances-argent_2395-e1725628355313.png\",\"contentUrl\":\"https:\/\/www.nettali.com\/wp-content\/uploads\/2024\/09\/diomaye-finances-argent_2395-e1725628355313.png\",\"width\":1532,\"height\":756},{\"@type\":\"WebPage\",\"@id\":\"https:\/\/www.nettali.com\/2025\/06\/24\/les-finances-publiques-sous-forte-tension-lalerte-severe-du-pr-amath-ndiaye\/#webpage\",\"url\":\"https:\/\/www.nettali.com\/2025\/06\/24\/les-finances-publiques-sous-forte-tension-lalerte-severe-du-pr-amath-ndiaye\/\",\"name\":\"LES FINANCES PUBLIQUES SOUS FORTE TENSION - L\\u2019alerte s\\u00e9v\\u00e8re du Pr Amath Ndiaye | Nettali.com\",\"isPartOf\":{\"@id\":\"https:\/\/www.nettali.com\/#website\"},\"primaryImageOfPage\":{\"@id\":\"https:\/\/www.nettali.com\/2025\/06\/24\/les-finances-publiques-sous-forte-tension-lalerte-severe-du-pr-amath-ndiaye\/#primaryimage\"},\"datePublished\":\"2025-06-24T20:20:44+00:00\",\"dateModified\":\"2025-06-24T19:24:05+00:00\",\"author\":{\"@id\":\"https:\/\/www.nettali.com\/#\/schema\/person\/3317e0bb3aa1da309fbf7b2780901bf4\"},\"breadcrumb\":{\"@id\":\"https:\/\/www.nettali.com\/2025\/06\/24\/les-finances-publiques-sous-forte-tension-lalerte-severe-du-pr-amath-ndiaye\/#breadcrumb\"},\"inLanguage\":\"fr-FR\",\"potentialAction\":[{\"@type\":\"ReadAction\",\"target\":[\"https:\/\/www.nettali.com\/2025\/06\/24\/les-finances-publiques-sous-forte-tension-lalerte-severe-du-pr-amath-ndiaye\/\"]}]},{\"@type\":\"BreadcrumbList\",\"@id\":\"https:\/\/www.nettali.com\/2025\/06\/24\/les-finances-publiques-sous-forte-tension-lalerte-severe-du-pr-amath-ndiaye\/#breadcrumb\",\"itemListElement\":[{\"@type\":\"ListItem\",\"position\":1,\"name\":\"Accueil\",\"item\":\"https:\/\/www.nettali.com\/\"},{\"@type\":\"ListItem\",\"position\":2,\"name\":\"LES FINANCES PUBLIQUES SOUS FORTE TENSION - L\\u2019alerte s\\u00e9v\\u00e8re du Pr Amath Ndiaye\"}]},{\"@type\":\"Person\",\"@id\":\"https:\/\/www.nettali.com\/#\/schema\/person\/3317e0bb3aa1da309fbf7b2780901bf4\",\"name\":\"Daouda\",\"image\":{\"@type\":\"ImageObject\",\"@id\":\"https:\/\/www.nettali.com\/#personlogo\",\"inLanguage\":\"fr-FR\",\"url\":\"https:\/\/secure.gravatar.com\/avatar\/8d143b5a49345098ddcfee1c49c2f47c?s=96&d=mm&r=g\",\"contentUrl\":\"https:\/\/secure.gravatar.com\/avatar\/8d143b5a49345098ddcfee1c49c2f47c?s=96&d=mm&r=g\",\"caption\":\"Daouda\"},\"sameAs\":[\"https:\/\/www.nettali.com\"]}]}<\/script>\n<!-- \/ Yoast SEO Premium plugin. -->","yoast_head_json":{"title":"LES FINANCES PUBLIQUES SOUS FORTE TENSION - L\u2019alerte s\u00e9v\u00e8re du Pr Amath Ndiaye | Nettali.com","robots":{"index":"index","follow":"follow","max-snippet":"max-snippet:-1","max-image-preview":"max-image-preview:large","max-video-preview":"max-video-preview:-1"},"canonical":"https:\/\/www.nettali.com\/2025\/06\/24\/les-finances-publiques-sous-forte-tension-lalerte-severe-du-pr-amath-ndiaye\/","og_locale":"fr_FR","og_type":"article","og_title":"LES FINANCES PUBLIQUES SOUS FORTE TENSION - L\u2019alerte s\u00e9v\u00e8re du Pr Amath Ndiaye","og_description":"NETTALI.COM - Le minist\u00e8re des Finances et du Budget a publi\u00e9 les rapports d\u2019ex\u00e9cution budg\u00e9taire du quatri\u00e8me trimestre 2024 et du premier trimestre 2025. Une publication attendue, qui met en lumi\u00e8re les fragilit\u00e9s structurelles persistantes des finances publiques s\u00e9n\u00e9galaises. Selon l\u2019\u00e9conomiste Amath Ndiaye, professeur \u00e0 la Facult\u00e9 des sciences \u00e9conomiques et de gestion (FASEG) de [&hellip;]","og_url":"https:\/\/www.nettali.com\/2025\/06\/24\/les-finances-publiques-sous-forte-tension-lalerte-severe-du-pr-amath-ndiaye\/","og_site_name":"Nettali.com","article_publisher":"https:\/\/www.facebook.com\/nettalicom","article_published_time":"2025-06-24T20:20:44+00:00","article_modified_time":"2025-06-24T19:24:05+00:00","og_image":[{"width":1532,"height":756,"url":"https:\/\/www.nettali.com\/wp-content\/uploads\/2024\/09\/diomaye-finances-argent_2395-e1725628355313.png","type":"image\/png"}],"twitter_card":"summary_large_image","twitter_misc":{"\u00c9crit par":"Daouda","Dur\u00e9e de lecture estim\u00e9e":"3 minutes"},"schema":{"@context":"https:\/\/schema.org","@graph":[{"@type":"WebSite","@id":"https:\/\/www.nettali.com\/#website","url":"https:\/\/www.nettali.com\/","name":"Nettali.com","description":"Le rendez-vous critique du Net","potentialAction":[{"@type":"SearchAction","target":{"@type":"EntryPoint","urlTemplate":"https:\/\/www.nettali.com\/?s={search_term_string}"},"query-input":"required name=search_term_string"}],"inLanguage":"fr-FR"},{"@type":"ImageObject","@id":"https:\/\/www.nettali.com\/2025\/06\/24\/les-finances-publiques-sous-forte-tension-lalerte-severe-du-pr-amath-ndiaye\/#primaryimage","inLanguage":"fr-FR","url":"https:\/\/www.nettali.com\/wp-content\/uploads\/2024\/09\/diomaye-finances-argent_2395-e1725628355313.png","contentUrl":"https:\/\/www.nettali.com\/wp-content\/uploads\/2024\/09\/diomaye-finances-argent_2395-e1725628355313.png","width":1532,"height":756},{"@type":"WebPage","@id":"https:\/\/www.nettali.com\/2025\/06\/24\/les-finances-publiques-sous-forte-tension-lalerte-severe-du-pr-amath-ndiaye\/#webpage","url":"https:\/\/www.nettali.com\/2025\/06\/24\/les-finances-publiques-sous-forte-tension-lalerte-severe-du-pr-amath-ndiaye\/","name":"LES FINANCES PUBLIQUES SOUS FORTE TENSION - L\u2019alerte s\u00e9v\u00e8re du Pr Amath Ndiaye | Nettali.com","isPartOf":{"@id":"https:\/\/www.nettali.com\/#website"},"primaryImageOfPage":{"@id":"https:\/\/www.nettali.com\/2025\/06\/24\/les-finances-publiques-sous-forte-tension-lalerte-severe-du-pr-amath-ndiaye\/#primaryimage"},"datePublished":"2025-06-24T20:20:44+00:00","dateModified":"2025-06-24T19:24:05+00:00","author":{"@id":"https:\/\/www.nettali.com\/#\/schema\/person\/3317e0bb3aa1da309fbf7b2780901bf4"},"breadcrumb":{"@id":"https:\/\/www.nettali.com\/2025\/06\/24\/les-finances-publiques-sous-forte-tension-lalerte-severe-du-pr-amath-ndiaye\/#breadcrumb"},"inLanguage":"fr-FR","potentialAction":[{"@type":"ReadAction","target":["https:\/\/www.nettali.com\/2025\/06\/24\/les-finances-publiques-sous-forte-tension-lalerte-severe-du-pr-amath-ndiaye\/"]}]},{"@type":"BreadcrumbList","@id":"https:\/\/www.nettali.com\/2025\/06\/24\/les-finances-publiques-sous-forte-tension-lalerte-severe-du-pr-amath-ndiaye\/#breadcrumb","itemListElement":[{"@type":"ListItem","position":1,"name":"Accueil","item":"https:\/\/www.nettali.com\/"},{"@type":"ListItem","position":2,"name":"LES FINANCES PUBLIQUES SOUS FORTE TENSION - L\u2019alerte s\u00e9v\u00e8re du Pr Amath Ndiaye"}]},{"@type":"Person","@id":"https:\/\/www.nettali.com\/#\/schema\/person\/3317e0bb3aa1da309fbf7b2780901bf4","name":"Daouda","image":{"@type":"ImageObject","@id":"https:\/\/www.nettali.com\/#personlogo","inLanguage":"fr-FR","url":"https:\/\/secure.gravatar.com\/avatar\/8d143b5a49345098ddcfee1c49c2f47c?s=96&d=mm&r=g","contentUrl":"https:\/\/secure.gravatar.com\/avatar\/8d143b5a49345098ddcfee1c49c2f47c?s=96&d=mm&r=g","caption":"Daouda"},"sameAs":["https:\/\/www.nettali.com"]}]}},"_links":{"self":[{"href":"https:\/\/www.nettali.com\/rest\/wp\/v2\/posts\/156391"}],"collection":[{"href":"https:\/\/www.nettali.com\/rest\/wp\/v2\/posts"}],"about":[{"href":"https:\/\/www.nettali.com\/rest\/wp\/v2\/types\/post"}],"author":[{"embeddable":true,"href":"https:\/\/www.nettali.com\/rest\/wp\/v2\/users\/4"}],"replies":[{"embeddable":true,"href":"https:\/\/www.nettali.com\/rest\/wp\/v2\/comments?post=156391"}],"version-history":[{"count":1,"href":"https:\/\/www.nettali.com\/rest\/wp\/v2\/posts\/156391\/revisions"}],"predecessor-version":[{"id":156392,"href":"https:\/\/www.nettali.com\/rest\/wp\/v2\/posts\/156391\/revisions\/156392"}],"wp:featuredmedia":[{"embeddable":true,"href":"https:\/\/www.nettali.com\/rest\/wp\/v2\/media\/139792"}],"wp:attachment":[{"href":"https:\/\/www.nettali.com\/rest\/wp\/v2\/media?parent=156391"}],"wp:term":[{"taxonomy":"category","embeddable":true,"href":"https:\/\/www.nettali.com\/rest\/wp\/v2\/categories?post=156391"},{"taxonomy":"post_tag","embeddable":true,"href":"https:\/\/www.nettali.com\/rest\/wp\/v2\/tags?post=156391"}],"curies":[{"name":"wp","href":"https:\/\/api.w.org\/{rel}","templated":true}]}}