{"id":156387,"date":"2025-06-24T17:51:17","date_gmt":"2025-06-24T17:51:17","guid":{"rendered":"https:\/\/www.nettali.com\/?p=156387"},"modified":"2025-06-25T10:28:10","modified_gmt":"2025-06-25T10:28:10","slug":"guy-marius-sagna-ce-que-je-nai-jamais-dit","status":"publish","type":"post","link":"https:\/\/www.nettali.com\/2025\/06\/24\/guy-marius-sagna-ce-que-je-nai-jamais-dit\/","title":{"rendered":"GUY MARIUS SAGNA : \"Ce que je n'ai jamais dit...\""},"content":{"rendered":"<p><strong>NETTALI.COM - Invit\u00e9 de Radio S\u00e9n\u00e9gal dans son \u00e9mission \"Gan Gi\", Guy Marius Sagna est revenu sur la pol\u00e9mique cr\u00e9\u00e9e par sa derni\u00e8re sortie sur les \"pratiques d'un autre \u00e2ge\" \u00e0 l'Assembl\u00e9e nationale. Il pr\u00e9cise n'avoir jamais accus\u00e9 le pr\u00e9sident El Malick Ndiaye.\u00a0<\/strong><\/p>\n<p>L'heure est \u00e0 la clarification. Au c\u0153ur de la pol\u00e9mique depuis sa derni\u00e8re sortie sur la gestion de l'Assembl\u00e9e nationale, Guy Marius Sagna s'explique. Invit\u00e9 de \"Gan Gi\" sur Radio S\u00e9n\u00e9gal, le d\u00e9put\u00e9 membre de Pastef a tenu \u00e0 faire quelques pr\u00e9cisions.<\/p>\n<p>A ceux qui lui reprochent ses sorties m\u00e9diatiques, Guy Marius Sagna rappelle qu'il en faisait de m\u00eame pendant la 14e l\u00e9gislature tous les trois ou quatre mois. Et de s'interroger : \"<em>Pourquoi on me demande aujourd'hui de ne pas rendre compte apr\u00e8s six mois d'exercice?<\/em>\" Seulement, en \u00e9voquant la question des <em>suk\u00ebru koor<\/em> distribu\u00e9 aux d\u00e9put\u00e9s, Guy Marius Sagna est accus\u00e9 de s'en prendre au pr\u00e9sident de l'Assembl\u00e9e nationale, lui-m\u00eame. \"<em>J'ai parl\u00e9 de mon groupe parlementaire, de notre devoir de rester fid\u00e8le au Jub, Jub\u00ebl, Jubanti<\/em>\", r\u00e9torque le d\u00e9put\u00e9. Avant d'insister : \"<em>Je n'ai jamais dit que le pr\u00e9sident de l'Assembl\u00e9e nationale distribuait des suk\u00ebru koor. Ceux qui l'interpr\u00e8tent de cette fa\u00e7on se trompent<\/em>.\"<\/p>\n<p>A en croire Guy Marius Sagna, c'est une mauvaise interpr\u00e9tation de ses propos m\u00eal\u00e9e \u00e0 une amplification des r\u00e9seaux sociaux qui a entra\u00een\u00e9 la pol\u00e9mique. Il jure n'avoir jamais dit que \"<em>le pr\u00e9sident El Malick Ndiaye distribuait du suk\u00ebru koor<\/em>\" encore moins que \"<em>l'Assembl\u00e9e nationale ne travaillait pas<\/em>\".<\/p>\n<div class='share-to-whatsapp-wrapper'><div class='share-on-whsp'>PARTAGER SUR : <\/div><a data-text='GUY MARIUS SAGNA : \"Ce que je n'ai jamais dit...\"' data-link='https:\/\/www.nettali.com\/2025\/06\/24\/guy-marius-sagna-ce-que-je-nai-jamais-dit\/' class='whatsapp-button whatsapp-share'>WhatsApp<\/a><div class='clear '><\/div><\/div>","protected":false},"excerpt":{"rendered":"<p>NETTALI.COM - Invit\u00e9 de Radio S\u00e9n\u00e9gal dans son \u00e9mission \"Gan Gi\", Guy Marius Sagna est revenu sur la pol\u00e9mique cr\u00e9\u00e9e par sa derni\u00e8re sortie sur les \"pratiques d'un autre \u00e2ge\" \u00e0 l'Assembl\u00e9e nationale. Il pr\u00e9cise n'avoir jamais accus\u00e9 le pr\u00e9sident El Malick Ndiaye.\u00a0 L'heure est \u00e0 la clarification. Au c\u0153ur de la pol\u00e9mique depuis sa [&hellip;]<\/p>\n","protected":false},"author":3,"featured_media":133651,"comment_status":"open","ping_status":"open","sticky":false,"template":"","format":"standard","meta":{"_et_pb_use_builder":"","_et_pb_old_content":""},"categories":[2],"tags":[],"yoast_head":"<!-- This site is optimized with the Yoast SEO Premium plugin v17.8 (Yoast SEO v17.8) - https:\/\/yoast.com\/wordpress\/plugins\/seo\/ -->\n<title>GUY MARIUS SAGNA : &quot;Ce que je n&#039;ai jamais dit...&quot; | Nettali.com<\/title>\n<meta name=\"robots\" content=\"index, follow, max-snippet:-1, max-image-preview:large, max-video-preview:-1\" \/>\n<link rel=\"canonical\" href=\"https:\/\/www.nettali.com\/2025\/06\/24\/guy-marius-sagna-ce-que-je-nai-jamais-dit\/\" \/>\n<meta property=\"og:locale\" content=\"fr_FR\" \/>\n<meta property=\"og:type\" content=\"article\" \/>\n<meta property=\"og:title\" content=\"GUY MARIUS SAGNA : &quot;Ce que je n&#039;ai jamais dit...&quot;\" \/>\n<meta property=\"og:description\" content=\"NETTALI.COM - Invit\u00e9 de Radio S\u00e9n\u00e9gal dans son \u00e9mission &quot;Gan Gi&quot;, Guy Marius Sagna est revenu sur la pol\u00e9mique cr\u00e9\u00e9e par sa derni\u00e8re sortie sur les &quot;pratiques d&#039;un autre \u00e2ge&quot; \u00e0 l&#039;Assembl\u00e9e nationale. Il pr\u00e9cise n&#039;avoir jamais accus\u00e9 le pr\u00e9sident El Malick Ndiaye.\u00a0 L&#039;heure est \u00e0 la clarification. Au c\u0153ur de la pol\u00e9mique depuis sa [&hellip;]\" \/>\n<meta property=\"og:url\" content=\"https:\/\/www.nettali.com\/2025\/06\/24\/guy-marius-sagna-ce-que-je-nai-jamais-dit\/\" \/>\n<meta property=\"og:site_name\" content=\"Nettali.com\" \/>\n<meta property=\"article:publisher\" content=\"https:\/\/www.facebook.com\/nettalicom\" \/>\n<meta property=\"article:published_time\" content=\"2025-06-24T17:51:17+00:00\" \/>\n<meta property=\"article:modified_time\" content=\"2025-06-25T10:28:10+00:00\" \/>\n<meta property=\"og:image\" content=\"https:\/\/www.nettali.com\/wp-content\/uploads\/2024\/05\/guy-marius-sagna_13.jpg\" \/>\n\t<meta property=\"og:image:width\" content=\"650\" \/>\n\t<meta property=\"og:image:height\" content=\"433\" \/>\n<meta name=\"twitter:card\" content=\"summary_large_image\" \/>\n<meta name=\"twitter:label1\" content=\"\u00c9crit par\" \/>\n\t<meta name=\"twitter:data1\" content=\"Moustapha\" \/>\n\t<meta name=\"twitter:label2\" content=\"Dur\u00e9e de lecture estim\u00e9e\" \/>\n\t<meta name=\"twitter:data2\" content=\"2 minutes\" \/>\n<script type=\"application\/ld+json\" class=\"yoast-schema-graph\">{\"@context\":\"https:\/\/schema.org\",\"@graph\":[{\"@type\":\"WebSite\",\"@id\":\"https:\/\/www.nettali.com\/#website\",\"url\":\"https:\/\/www.nettali.com\/\",\"name\":\"Nettali.com\",\"description\":\"Le rendez-vous critique du Net\",\"potentialAction\":[{\"@type\":\"SearchAction\",\"target\":{\"@type\":\"EntryPoint\",\"urlTemplate\":\"https:\/\/www.nettali.com\/?s={search_term_string}\"},\"query-input\":\"required name=search_term_string\"}],\"inLanguage\":\"fr-FR\"},{\"@type\":\"ImageObject\",\"@id\":\"https:\/\/www.nettali.com\/2025\/06\/24\/guy-marius-sagna-ce-que-je-nai-jamais-dit\/#primaryimage\",\"inLanguage\":\"fr-FR\",\"url\":\"https:\/\/www.nettali.com\/wp-content\/uploads\/2024\/05\/guy-marius-sagna_13.jpg\",\"contentUrl\":\"https:\/\/www.nettali.com\/wp-content\/uploads\/2024\/05\/guy-marius-sagna_13.jpg\",\"width\":650,\"height\":433},{\"@type\":\"WebPage\",\"@id\":\"https:\/\/www.nettali.com\/2025\/06\/24\/guy-marius-sagna-ce-que-je-nai-jamais-dit\/#webpage\",\"url\":\"https:\/\/www.nettali.com\/2025\/06\/24\/guy-marius-sagna-ce-que-je-nai-jamais-dit\/\",\"name\":\"GUY MARIUS SAGNA : \\\"Ce que je n'ai jamais dit...\\\" | Nettali.com\",\"isPartOf\":{\"@id\":\"https:\/\/www.nettali.com\/#website\"},\"primaryImageOfPage\":{\"@id\":\"https:\/\/www.nettali.com\/2025\/06\/24\/guy-marius-sagna-ce-que-je-nai-jamais-dit\/#primaryimage\"},\"datePublished\":\"2025-06-24T17:51:17+00:00\",\"dateModified\":\"2025-06-25T10:28:10+00:00\",\"author\":{\"@id\":\"https:\/\/www.nettali.com\/#\/schema\/person\/7962a12a6e0267f88f0ffa544c36469a\"},\"breadcrumb\":{\"@id\":\"https:\/\/www.nettali.com\/2025\/06\/24\/guy-marius-sagna-ce-que-je-nai-jamais-dit\/#breadcrumb\"},\"inLanguage\":\"fr-FR\",\"potentialAction\":[{\"@type\":\"ReadAction\",\"target\":[\"https:\/\/www.nettali.com\/2025\/06\/24\/guy-marius-sagna-ce-que-je-nai-jamais-dit\/\"]}]},{\"@type\":\"BreadcrumbList\",\"@id\":\"https:\/\/www.nettali.com\/2025\/06\/24\/guy-marius-sagna-ce-que-je-nai-jamais-dit\/#breadcrumb\",\"itemListElement\":[{\"@type\":\"ListItem\",\"position\":1,\"name\":\"Accueil\",\"item\":\"https:\/\/www.nettali.com\/\"},{\"@type\":\"ListItem\",\"position\":2,\"name\":\"GUY MARIUS SAGNA : \\\"Ce que je n'ai jamais dit...\\\"\"}]},{\"@type\":\"Person\",\"@id\":\"https:\/\/www.nettali.com\/#\/schema\/person\/7962a12a6e0267f88f0ffa544c36469a\",\"name\":\"Moustapha\",\"image\":{\"@type\":\"ImageObject\",\"@id\":\"https:\/\/www.nettali.com\/#personlogo\",\"inLanguage\":\"fr-FR\",\"url\":\"https:\/\/secure.gravatar.com\/avatar\/10fdf6a071cccdcf374e3dbe45159590?s=96&d=mm&r=g\",\"contentUrl\":\"https:\/\/secure.gravatar.com\/avatar\/10fdf6a071cccdcf374e3dbe45159590?s=96&d=mm&r=g\",\"caption\":\"Moustapha\"},\"sameAs\":[\"https:\/\/www.nettali.com\"]}]}<\/script>\n<!-- \/ Yoast SEO Premium plugin. -->","yoast_head_json":{"title":"GUY MARIUS SAGNA : \"Ce que je n'ai jamais dit...\" | Nettali.com","robots":{"index":"index","follow":"follow","max-snippet":"max-snippet:-1","max-image-preview":"max-image-preview:large","max-video-preview":"max-video-preview:-1"},"canonical":"https:\/\/www.nettali.com\/2025\/06\/24\/guy-marius-sagna-ce-que-je-nai-jamais-dit\/","og_locale":"fr_FR","og_type":"article","og_title":"GUY MARIUS SAGNA : \"Ce que je n'ai jamais dit...\"","og_description":"NETTALI.COM - Invit\u00e9 de Radio S\u00e9n\u00e9gal dans son \u00e9mission \"Gan Gi\", Guy Marius Sagna est revenu sur la pol\u00e9mique cr\u00e9\u00e9e par sa derni\u00e8re sortie sur les \"pratiques d'un autre \u00e2ge\" \u00e0 l'Assembl\u00e9e nationale. Il pr\u00e9cise n'avoir jamais accus\u00e9 le pr\u00e9sident El Malick Ndiaye.\u00a0 L'heure est \u00e0 la clarification. Au c\u0153ur de la pol\u00e9mique depuis sa [&hellip;]","og_url":"https:\/\/www.nettali.com\/2025\/06\/24\/guy-marius-sagna-ce-que-je-nai-jamais-dit\/","og_site_name":"Nettali.com","article_publisher":"https:\/\/www.facebook.com\/nettalicom","article_published_time":"2025-06-24T17:51:17+00:00","article_modified_time":"2025-06-25T10:28:10+00:00","og_image":[{"width":650,"height":433,"url":"https:\/\/www.nettali.com\/wp-content\/uploads\/2024\/05\/guy-marius-sagna_13.jpg","type":"image\/jpeg"}],"twitter_card":"summary_large_image","twitter_misc":{"\u00c9crit par":"Moustapha","Dur\u00e9e de lecture estim\u00e9e":"2 minutes"},"schema":{"@context":"https:\/\/schema.org","@graph":[{"@type":"WebSite","@id":"https:\/\/www.nettali.com\/#website","url":"https:\/\/www.nettali.com\/","name":"Nettali.com","description":"Le rendez-vous critique du Net","potentialAction":[{"@type":"SearchAction","target":{"@type":"EntryPoint","urlTemplate":"https:\/\/www.nettali.com\/?s={search_term_string}"},"query-input":"required name=search_term_string"}],"inLanguage":"fr-FR"},{"@type":"ImageObject","@id":"https:\/\/www.nettali.com\/2025\/06\/24\/guy-marius-sagna-ce-que-je-nai-jamais-dit\/#primaryimage","inLanguage":"fr-FR","url":"https:\/\/www.nettali.com\/wp-content\/uploads\/2024\/05\/guy-marius-sagna_13.jpg","contentUrl":"https:\/\/www.nettali.com\/wp-content\/uploads\/2024\/05\/guy-marius-sagna_13.jpg","width":650,"height":433},{"@type":"WebPage","@id":"https:\/\/www.nettali.com\/2025\/06\/24\/guy-marius-sagna-ce-que-je-nai-jamais-dit\/#webpage","url":"https:\/\/www.nettali.com\/2025\/06\/24\/guy-marius-sagna-ce-que-je-nai-jamais-dit\/","name":"GUY MARIUS SAGNA : \"Ce que je n'ai jamais dit...\" | Nettali.com","isPartOf":{"@id":"https:\/\/www.nettali.com\/#website"},"primaryImageOfPage":{"@id":"https:\/\/www.nettali.com\/2025\/06\/24\/guy-marius-sagna-ce-que-je-nai-jamais-dit\/#primaryimage"},"datePublished":"2025-06-24T17:51:17+00:00","dateModified":"2025-06-25T10:28:10+00:00","author":{"@id":"https:\/\/www.nettali.com\/#\/schema\/person\/7962a12a6e0267f88f0ffa544c36469a"},"breadcrumb":{"@id":"https:\/\/www.nettali.com\/2025\/06\/24\/guy-marius-sagna-ce-que-je-nai-jamais-dit\/#breadcrumb"},"inLanguage":"fr-FR","potentialAction":[{"@type":"ReadAction","target":["https:\/\/www.nettali.com\/2025\/06\/24\/guy-marius-sagna-ce-que-je-nai-jamais-dit\/"]}]},{"@type":"BreadcrumbList","@id":"https:\/\/www.nettali.com\/2025\/06\/24\/guy-marius-sagna-ce-que-je-nai-jamais-dit\/#breadcrumb","itemListElement":[{"@type":"ListItem","position":1,"name":"Accueil","item":"https:\/\/www.nettali.com\/"},{"@type":"ListItem","position":2,"name":"GUY MARIUS SAGNA : \"Ce que je n'ai jamais dit...\""}]},{"@type":"Person","@id":"https:\/\/www.nettali.com\/#\/schema\/person\/7962a12a6e0267f88f0ffa544c36469a","name":"Moustapha","image":{"@type":"ImageObject","@id":"https:\/\/www.nettali.com\/#personlogo","inLanguage":"fr-FR","url":"https:\/\/secure.gravatar.com\/avatar\/10fdf6a071cccdcf374e3dbe45159590?s=96&d=mm&r=g","contentUrl":"https:\/\/secure.gravatar.com\/avatar\/10fdf6a071cccdcf374e3dbe45159590?s=96&d=mm&r=g","caption":"Moustapha"},"sameAs":["https:\/\/www.nettali.com"]}]}},"_links":{"self":[{"href":"https:\/\/www.nettali.com\/rest\/wp\/v2\/posts\/156387"}],"collection":[{"href":"https:\/\/www.nettali.com\/rest\/wp\/v2\/posts"}],"about":[{"href":"https:\/\/www.nettali.com\/rest\/wp\/v2\/types\/post"}],"author":[{"embeddable":true,"href":"https:\/\/www.nettali.com\/rest\/wp\/v2\/users\/3"}],"replies":[{"embeddable":true,"href":"https:\/\/www.nettali.com\/rest\/wp\/v2\/comments?post=156387"}],"version-history":[{"count":1,"href":"https:\/\/www.nettali.com\/rest\/wp\/v2\/posts\/156387\/revisions"}],"predecessor-version":[{"id":156388,"href":"https:\/\/www.nettali.com\/rest\/wp\/v2\/posts\/156387\/revisions\/156388"}],"wp:featuredmedia":[{"embeddable":true,"href":"https:\/\/www.nettali.com\/rest\/wp\/v2\/media\/133651"}],"wp:attachment":[{"href":"https:\/\/www.nettali.com\/rest\/wp\/v2\/media?parent=156387"}],"wp:term":[{"taxonomy":"category","embeddable":true,"href":"https:\/\/www.nettali.com\/rest\/wp\/v2\/categories?post=156387"},{"taxonomy":"post_tag","embeddable":true,"href":"https:\/\/www.nettali.com\/rest\/wp\/v2\/tags?post=156387"}],"curies":[{"name":"wp","href":"https:\/\/api.w.org\/{rel}","templated":true}]}}