{"id":156380,"date":"2025-06-24T08:37:05","date_gmt":"2025-06-24T08:37:05","guid":{"rendered":"https:\/\/www.nettali.com\/?p=156380"},"modified":"2025-06-25T01:18:30","modified_gmt":"2025-06-25T01:18:30","slug":"riposte-iranienne-contre-al-udeid-loffensive-de-teheran-bouleverse-lequilibre-regional","status":"publish","type":"post","link":"https:\/\/www.nettali.com\/2025\/06\/24\/riposte-iranienne-contre-al-udeid-loffensive-de-teheran-bouleverse-lequilibre-regional\/","title":{"rendered":"RIPOSTE IRANIENNE CONTRE AL-UDEID - L\u2019offensive de T\u00e9h\u00e9ran bouleverse l\u2019\u00e9quilibre r\u00e9gional"},"content":{"rendered":"<p><strong>NETTALI.COM - Dans la nuit de lundi \u00e0 mardi, le Moyen-Orient a \u00e9t\u00e9 brutalement replong\u00e9 dans l\u2019instabilit\u00e9, avec une attaque directe revendiqu\u00e9e par l\u2019Iran contre la base a\u00e9rienne d\u2019Al-Udeid, principal centre op\u00e9rationnel am\u00e9ricain au Qatar. Selon les gardiens de la r\u00e9volution islamique, six missiles balistiques de haute pr\u00e9cision ont cibl\u00e9 des infrastructures critiques de la base, en r\u00e9ponse aux frappes am\u00e9ricaines men\u00e9es 48 heures plus t\u00f4t contre les sites nucl\u00e9aires de Fordo, Natanz et Ispahan.<\/strong><\/p>\n<p>Cette action militaire marque une rupture dans le face-\u00e0face strat\u00e9gique entre T\u00e9h\u00e9ran et Washington. Annonc\u00e9e comme \u201cin\u00e9vitable\u201d par les responsables iraniens apr\u00e8s l\u2019attaque am\u00e9ricaine contre leurs installations sensibles, cette frappe sur Al-Udeid franchit un cap symbolique : elle vise une installation am\u00e9ricaine situ\u00e9e dans un \u00c9tat alli\u00e9 de Washington, d\u00e9montrant la d\u00e9termination de l\u2019Iran \u00e0 \u00e9tendre le th\u00e9\u00e2tre des repr\u00e9sailles au-del\u00e0 de ses fronti\u00e8res imm\u00e9diates.<\/p>\n<p>La base d\u2019Al-Udeid, vitale pour les op\u00e9rations am\u00e9ricaines au Moyen- Orient, abrite des milliers de soldats, des chasseurs F-22, des drones et un centre de coordination strat\u00e9gique. Toucher une telle cible revient \u00e0 envoyer un message clair : l\u2019Iran ne reculera plus dans le rapport de force avec les \u00c9tats- Unis. \u201cToute agression contre le territoire iranien entra\u00eenera une riposte encore plus s\u00e9v\u00e8re\u201d, ont averti les gardiens dans un communiqu\u00e9 diffus\u00e9 par l\u2019agence de presse Irna.<\/p>\n<p><strong>Vague de r\u00e9actions et prudence r\u00e9gionale <\/strong><\/p>\n<p>Les r\u00e9actions n\u2019ont pas tard\u00e9. Riyad et Abou Dhabi ont qualifi\u00e9 l\u2019attaque de \u201cdangereuse provocation\u201d, exprimant leur soutien \u00e0 Doha. Le Qatar, tout en d\u00e9non\u00e7ant la violation de sa souverainet\u00e9, a affirm\u00e9 \u201c<em>se r\u00e9server le droit de r\u00e9agir par les moyens appropri\u00e9s<\/em>\u201d. Dans un r\u00e9flexe de prudence, le Kowe\u00eft et Bahre\u00efn ont imm\u00e9diatement ferm\u00e9 leur espace a\u00e9rien.<\/p>\n<p>Le Kowe\u00eft a invoqu\u00e9 \u201c<em>des mesures de pr\u00e9caution n\u00e9cessaires dans un contexte de tensions r\u00e9gionales<\/em>\u201d, tandis que Bahre\u00efn a suspendu tout trafic a\u00e9rien, \u201cpar souci de s\u00e9curit\u00e9 publique\u201d. Cette coordination s\u00e9curitaire laisse entrevoir l\u2019ampleur de l\u2019onde de choc d\u00e9clench\u00e9e par la frappe iranienne.<\/p>\n<p>\u00c0 Bagdad, o\u00f9 se trouvent plusieurs bases am\u00e9ricaines, notamment celle d\u2019A\u00efn al-Assad, l\u2019\u00e9tat d\u2019alerte a \u00e9t\u00e9 renforc\u00e9. Le gouvernement irakien, alli\u00e9 de T\u00e9h\u00e9ran, a exprim\u00e9 sa \u201cprofonde inqui\u00e9tude\u201d quant aux risques de r\u00e9gionalisation du conflit.<\/p>\n<p>Pour l\u2019heure, aucune attaque n\u2019a \u00e9t\u00e9 signal\u00e9e sur le sol irakien, bien que les dispositifs de d\u00e9fense y aient \u00e9t\u00e9 activ\u00e9s. En frappant Al-Udeid, l\u2019Iran ne s\u2019attaque pas seulement \u00e0 une base militaire, mais \u00e0 l\u2019architecture s\u00e9curitaire du Golfe telle qu\u2019\u00e9difi\u00e9e depuis des d\u00e9cennies autour de la puissance am\u00e9ricaine. Cette d\u00e9monstration de force pourrait d\u00e9clencher une s\u00e9rie de ripostes crois\u00e9es.<\/p>\n<p>D\u2019ores et d\u00e9j\u00e0, les march\u00e9s mondiaux ont r\u00e9agi : les prix du p\u00e9trole ont chut\u00e9, inquiets d\u2019une d\u00e9sorganisation du trafic maritime dans le d\u00e9troit d\u2019Ormuz, art\u00e8re strat\u00e9gique du commerce mondial. La perspective d\u2019une entrave au transport p\u00e9trolier inqui\u00e8te particuli\u00e8rement les puissances importatrices d\u2019Asie et d\u2019Europe.<\/p>\n<p>Plusieurs \u00c9tats arabes et musulmans \u2013 le Maroc, la Turquie, la Jordanie, Oman \u2013 ont r\u00e9agi avec mesure. S\u2019ils ont condamn\u00e9 l\u2019escalade, ils ont \u00e9galement appel\u00e9 les deux parties \u00e0 la d\u00e9sescalade. Le Conseil de coop\u00e9ration du Golfe (CCG) a convoqu\u00e9 une r\u00e9union d\u2019urgence pour examiner les cons\u00e9quences de cette atta-que et d\u00e9finir une r\u00e9ponse commune.<\/p>\n<p>Les \u00c9tats-Unis, de leur c\u00f4t\u00e9, maintiennent un ton contenu, mais ont activ\u00e9 des mouvements militaires. Le Pentagone a ordonn\u00e9 le red\u00e9ploiement d\u2019unit\u00e9s suppl\u00e9mentaires vers le Golfe. Des renforts a\u00e9riens ont \u00e9t\u00e9 envoy\u00e9s pour pr\u00e9venir toute nouvelle frappe.<\/p>\n<p><strong>Trump minimise l\u2019attaque et appelle \u00e0 la retenue <\/strong><\/p>\n<p>Donald Trump a comment\u00e9 l\u2019attaque dans un message au ton singulier. Il a qualifi\u00e9 la riposte iranienne de \u201ctr\u00e8s faible\u201d, affirmant que sur quatorze missiles tir\u00e9s, treize avaient \u00e9t\u00e9 intercept\u00e9s et le dernier \u201claiss\u00e9 libre\u201d, car ne pr\u00e9sentant aucune menace. \u201c<em>Aucun Am\u00e9ricain n\u2019a \u00e9t\u00e9 bless\u00e9 et tr\u00e8s peu de d\u00e9g\u00e2ts ont \u00e9t\u00e9 caus\u00e9s<\/em>\u201d, a-t-il insist\u00e9, avant d\u2019appeler \u00e0 \u201c<em>la paix et l\u2019harmonie dans la r\u00e9gion<\/em>\u201d. Il a m\u00eame remerci\u00e9 l\u2019Iran pour \u201cl\u2019avoir pr\u00e9venu\u201d, ironisant sur l\u2019efficacit\u00e9 du syst\u00e8me de d\u00e9fense am\u00e9ricain.<\/p>\n<p>Cette d\u00e9claration, m\u00ealant provocation, sarcasme et diplomatie, divise les analystes. Certains y voient une manoeuvre politique opportuniste, d\u2019autres une tentative de d\u00e9samor\u00e7age calcul\u00e9e. Mais tous s\u2019accordent sur un point : la complexit\u00e9 du moment interdit toute lecture binaire.<\/p>\n<p><strong>Le Golfe au bord de la d\u00e9flagration <\/strong><\/p>\n<p>Le v\u00e9ritable enjeu d\u00e9sormais r\u00e9side dans la capacit\u00e9 des parties \u00e0 contenir l\u2019engrenage. L\u2019Iran a d\u00e9montr\u00e9 sa capacit\u00e9 de projection, les \u00c9tats-Unis leur puissance d\u00e9fensive. Mais au-del\u00e0 des d\u00e9monstrations militaires, c\u2019est la configuration g\u00e9opolitique du Moyen-Orient qui pourrait \u00eatre boulevers\u00e9e. Des voix au sein de l\u2019ONU appellent \u00e0 un cessez-le-feu imm\u00e9diat et \u00e0 l\u2019ouverture de n\u00e9gociations r\u00e9gionales. Mais le temps diplomatique semble d\u00e9pass\u00e9 par l\u2019acc\u00e9l\u00e9ration des affrontements sur le terrain. La Chine et la Russie, pourtant alli\u00e9es de T\u00e9h\u00e9ran, gardent, pour l\u2019heure, leurs distances. P\u00e9kin appelle \u00e0 la d\u00e9sescalade rapide ; Moscou observe avec r\u00e9serve.<\/p>\n<p>L\u2019Iran pourrait se retrouver isol\u00e9 au moment o\u00f9 il pensait avoir marqu\u00e9 un point strat\u00e9gique majeur. La frappe sur Al-Udeid d\u00e9passe la simple logique bilat\u00e9rale. Elle r\u00e9v\u00e8le les tensions latentes dans un ordre r\u00e9gional en recomposition, o\u00f9 les alliances sont plus fragiles que jamais. L\u2019attaque iranienne est un signal fort : les anciennes lignes rouges ont \u00e9t\u00e9 franchies.<\/p>\n<p>Reste \u00e0 savoir si cette crise d\u00e9bouchera sur une r\u00e9organisation de la s\u00e9curit\u00e9 r\u00e9gionale ou si elle marquera le d\u00e9but d\u2019un cycle de confrontation durable entre puissances. \u00c0 l\u2019heure o\u00f9 les appels \u00e0 la retenue se multiplient, la r\u00e9gion se trouve \u00e0 la crois\u00e9e des chemins. La r\u00e9ponse de Washington d\u00e9terminera si ce tournant reste contenu ou s\u2019il d\u00e9clenchera une cha\u00eene d\u2019\u00e9v\u00e9nements aux cons\u00e9quences incalculables.<\/p>\n<p>EnQu\u00eate<\/p>\n<div class='share-to-whatsapp-wrapper'><div class='share-on-whsp'>PARTAGER SUR : <\/div><a data-text='RIPOSTE IRANIENNE CONTRE AL-UDEID - L\u2019offensive de T\u00e9h\u00e9ran bouleverse l\u2019\u00e9quilibre r\u00e9gional' data-link='https:\/\/www.nettali.com\/2025\/06\/24\/riposte-iranienne-contre-al-udeid-loffensive-de-teheran-bouleverse-lequilibre-regional\/' class='whatsapp-button whatsapp-share'>WhatsApp<\/a><div class='clear '><\/div><\/div>","protected":false},"excerpt":{"rendered":"<p>NETTALI.COM - Dans la nuit de lundi \u00e0 mardi, le Moyen-Orient a \u00e9t\u00e9 brutalement replong\u00e9 dans l\u2019instabilit\u00e9, avec une attaque directe revendiqu\u00e9e par l\u2019Iran contre la base a\u00e9rienne d\u2019Al-Udeid, principal centre op\u00e9rationnel am\u00e9ricain au Qatar. Selon les gardiens de la r\u00e9volution islamique, six missiles balistiques de haute pr\u00e9cision ont cibl\u00e9 des infrastructures critiques de la [&hellip;]<\/p>\n","protected":false},"author":2,"featured_media":156381,"comment_status":"open","ping_status":"open","sticky":false,"template":"","format":"standard","meta":{"_et_pb_use_builder":"","_et_pb_old_content":""},"categories":[8],"tags":[],"yoast_head":"<!-- This site is optimized with the Yoast SEO Premium plugin v17.8 (Yoast SEO v17.8) - https:\/\/yoast.com\/wordpress\/plugins\/seo\/ -->\n<title>RIPOSTE IRANIENNE CONTRE AL-UDEID - L\u2019offensive de T\u00e9h\u00e9ran bouleverse l\u2019\u00e9quilibre r\u00e9gional | Nettali.com<\/title>\n<meta name=\"robots\" content=\"index, follow, max-snippet:-1, max-image-preview:large, max-video-preview:-1\" \/>\n<link rel=\"canonical\" href=\"https:\/\/www.nettali.com\/2025\/06\/24\/riposte-iranienne-contre-al-udeid-loffensive-de-teheran-bouleverse-lequilibre-regional\/\" \/>\n<meta property=\"og:locale\" content=\"fr_FR\" \/>\n<meta property=\"og:type\" content=\"article\" \/>\n<meta property=\"og:title\" content=\"RIPOSTE IRANIENNE CONTRE AL-UDEID - L\u2019offensive de T\u00e9h\u00e9ran bouleverse l\u2019\u00e9quilibre r\u00e9gional\" \/>\n<meta property=\"og:description\" content=\"NETTALI.COM - Dans la nuit de lundi \u00e0 mardi, le Moyen-Orient a \u00e9t\u00e9 brutalement replong\u00e9 dans l\u2019instabilit\u00e9, avec une attaque directe revendiqu\u00e9e par l\u2019Iran contre la base a\u00e9rienne d\u2019Al-Udeid, principal centre op\u00e9rationnel am\u00e9ricain au Qatar. Selon les gardiens de la r\u00e9volution islamique, six missiles balistiques de haute pr\u00e9cision ont cibl\u00e9 des infrastructures critiques de la [&hellip;]\" \/>\n<meta property=\"og:url\" content=\"https:\/\/www.nettali.com\/2025\/06\/24\/riposte-iranienne-contre-al-udeid-loffensive-de-teheran-bouleverse-lequilibre-regional\/\" \/>\n<meta property=\"og:site_name\" content=\"Nettali.com\" \/>\n<meta property=\"article:publisher\" content=\"https:\/\/www.facebook.com\/nettalicom\" \/>\n<meta property=\"article:published_time\" content=\"2025-06-24T08:37:05+00:00\" \/>\n<meta property=\"article:modified_time\" content=\"2025-06-25T01:18:30+00:00\" \/>\n<meta property=\"og:image\" content=\"https:\/\/www.nettali.com\/wp-content\/uploads\/2025\/06\/field_media_image-2931193-cc71a0fc06b1c4a2701cf771ace3450c610a1c6b.jpg\" \/>\n\t<meta property=\"og:image:width\" content=\"734\" \/>\n\t<meta property=\"og:image:height\" content=\"489\" \/>\n<meta name=\"twitter:card\" content=\"summary_large_image\" \/>\n<meta name=\"twitter:label1\" content=\"\u00c9crit par\" \/>\n\t<meta name=\"twitter:data1\" content=\"CK\" \/>\n\t<meta name=\"twitter:label2\" content=\"Dur\u00e9e de lecture estim\u00e9e\" \/>\n\t<meta name=\"twitter:data2\" content=\"5 minutes\" \/>\n<script type=\"application\/ld+json\" class=\"yoast-schema-graph\">{\"@context\":\"https:\/\/schema.org\",\"@graph\":[{\"@type\":\"WebSite\",\"@id\":\"https:\/\/www.nettali.com\/#website\",\"url\":\"https:\/\/www.nettali.com\/\",\"name\":\"Nettali.com\",\"description\":\"Le rendez-vous critique du Net\",\"potentialAction\":[{\"@type\":\"SearchAction\",\"target\":{\"@type\":\"EntryPoint\",\"urlTemplate\":\"https:\/\/www.nettali.com\/?s={search_term_string}\"},\"query-input\":\"required name=search_term_string\"}],\"inLanguage\":\"fr-FR\"},{\"@type\":\"ImageObject\",\"@id\":\"https:\/\/www.nettali.com\/2025\/06\/24\/riposte-iranienne-contre-al-udeid-loffensive-de-teheran-bouleverse-lequilibre-regional\/#primaryimage\",\"inLanguage\":\"fr-FR\",\"url\":\"https:\/\/www.nettali.com\/wp-content\/uploads\/2025\/06\/field_media_image-2931193-cc71a0fc06b1c4a2701cf771ace3450c610a1c6b.jpg\",\"contentUrl\":\"https:\/\/www.nettali.com\/wp-content\/uploads\/2025\/06\/field_media_image-2931193-cc71a0fc06b1c4a2701cf771ace3450c610a1c6b.jpg\",\"width\":734,\"height\":489},{\"@type\":\"WebPage\",\"@id\":\"https:\/\/www.nettali.com\/2025\/06\/24\/riposte-iranienne-contre-al-udeid-loffensive-de-teheran-bouleverse-lequilibre-regional\/#webpage\",\"url\":\"https:\/\/www.nettali.com\/2025\/06\/24\/riposte-iranienne-contre-al-udeid-loffensive-de-teheran-bouleverse-lequilibre-regional\/\",\"name\":\"RIPOSTE IRANIENNE CONTRE AL-UDEID - L\\u2019offensive de T\\u00e9h\\u00e9ran bouleverse l\\u2019\\u00e9quilibre r\\u00e9gional | Nettali.com\",\"isPartOf\":{\"@id\":\"https:\/\/www.nettali.com\/#website\"},\"primaryImageOfPage\":{\"@id\":\"https:\/\/www.nettali.com\/2025\/06\/24\/riposte-iranienne-contre-al-udeid-loffensive-de-teheran-bouleverse-lequilibre-regional\/#primaryimage\"},\"datePublished\":\"2025-06-24T08:37:05+00:00\",\"dateModified\":\"2025-06-25T01:18:30+00:00\",\"author\":{\"@id\":\"https:\/\/www.nettali.com\/#\/schema\/person\/d8ac7b7e27ddad43f1c0d2ef090d7f71\"},\"breadcrumb\":{\"@id\":\"https:\/\/www.nettali.com\/2025\/06\/24\/riposte-iranienne-contre-al-udeid-loffensive-de-teheran-bouleverse-lequilibre-regional\/#breadcrumb\"},\"inLanguage\":\"fr-FR\",\"potentialAction\":[{\"@type\":\"ReadAction\",\"target\":[\"https:\/\/www.nettali.com\/2025\/06\/24\/riposte-iranienne-contre-al-udeid-loffensive-de-teheran-bouleverse-lequilibre-regional\/\"]}]},{\"@type\":\"BreadcrumbList\",\"@id\":\"https:\/\/www.nettali.com\/2025\/06\/24\/riposte-iranienne-contre-al-udeid-loffensive-de-teheran-bouleverse-lequilibre-regional\/#breadcrumb\",\"itemListElement\":[{\"@type\":\"ListItem\",\"position\":1,\"name\":\"Accueil\",\"item\":\"https:\/\/www.nettali.com\/\"},{\"@type\":\"ListItem\",\"position\":2,\"name\":\"RIPOSTE IRANIENNE CONTRE AL-UDEID - L\\u2019offensive de T\\u00e9h\\u00e9ran bouleverse l\\u2019\\u00e9quilibre r\\u00e9gional\"}]},{\"@type\":\"Person\",\"@id\":\"https:\/\/www.nettali.com\/#\/schema\/person\/d8ac7b7e27ddad43f1c0d2ef090d7f71\",\"name\":\"CK\",\"image\":{\"@type\":\"ImageObject\",\"@id\":\"https:\/\/www.nettali.com\/#personlogo\",\"inLanguage\":\"fr-FR\",\"url\":\"https:\/\/secure.gravatar.com\/avatar\/1d8d5118b9327d94da7cd4ce7f17fec2?s=96&d=mm&r=g\",\"contentUrl\":\"https:\/\/secure.gravatar.com\/avatar\/1d8d5118b9327d94da7cd4ce7f17fec2?s=96&d=mm&r=g\",\"caption\":\"CK\"},\"sameAs\":[\"https:\/\/www.nettali.com\"]}]}<\/script>\n<!-- \/ Yoast SEO Premium plugin. -->","yoast_head_json":{"title":"RIPOSTE IRANIENNE CONTRE AL-UDEID - L\u2019offensive de T\u00e9h\u00e9ran bouleverse l\u2019\u00e9quilibre r\u00e9gional | Nettali.com","robots":{"index":"index","follow":"follow","max-snippet":"max-snippet:-1","max-image-preview":"max-image-preview:large","max-video-preview":"max-video-preview:-1"},"canonical":"https:\/\/www.nettali.com\/2025\/06\/24\/riposte-iranienne-contre-al-udeid-loffensive-de-teheran-bouleverse-lequilibre-regional\/","og_locale":"fr_FR","og_type":"article","og_title":"RIPOSTE IRANIENNE CONTRE AL-UDEID - L\u2019offensive de T\u00e9h\u00e9ran bouleverse l\u2019\u00e9quilibre r\u00e9gional","og_description":"NETTALI.COM - Dans la nuit de lundi \u00e0 mardi, le Moyen-Orient a \u00e9t\u00e9 brutalement replong\u00e9 dans l\u2019instabilit\u00e9, avec une attaque directe revendiqu\u00e9e par l\u2019Iran contre la base a\u00e9rienne d\u2019Al-Udeid, principal centre op\u00e9rationnel am\u00e9ricain au Qatar. Selon les gardiens de la r\u00e9volution islamique, six missiles balistiques de haute pr\u00e9cision ont cibl\u00e9 des infrastructures critiques de la [&hellip;]","og_url":"https:\/\/www.nettali.com\/2025\/06\/24\/riposte-iranienne-contre-al-udeid-loffensive-de-teheran-bouleverse-lequilibre-regional\/","og_site_name":"Nettali.com","article_publisher":"https:\/\/www.facebook.com\/nettalicom","article_published_time":"2025-06-24T08:37:05+00:00","article_modified_time":"2025-06-25T01:18:30+00:00","og_image":[{"width":734,"height":489,"url":"https:\/\/www.nettali.com\/wp-content\/uploads\/2025\/06\/field_media_image-2931193-cc71a0fc06b1c4a2701cf771ace3450c610a1c6b.jpg","type":"image\/jpeg"}],"twitter_card":"summary_large_image","twitter_misc":{"\u00c9crit par":"CK","Dur\u00e9e de lecture estim\u00e9e":"5 minutes"},"schema":{"@context":"https:\/\/schema.org","@graph":[{"@type":"WebSite","@id":"https:\/\/www.nettali.com\/#website","url":"https:\/\/www.nettali.com\/","name":"Nettali.com","description":"Le rendez-vous critique du Net","potentialAction":[{"@type":"SearchAction","target":{"@type":"EntryPoint","urlTemplate":"https:\/\/www.nettali.com\/?s={search_term_string}"},"query-input":"required name=search_term_string"}],"inLanguage":"fr-FR"},{"@type":"ImageObject","@id":"https:\/\/www.nettali.com\/2025\/06\/24\/riposte-iranienne-contre-al-udeid-loffensive-de-teheran-bouleverse-lequilibre-regional\/#primaryimage","inLanguage":"fr-FR","url":"https:\/\/www.nettali.com\/wp-content\/uploads\/2025\/06\/field_media_image-2931193-cc71a0fc06b1c4a2701cf771ace3450c610a1c6b.jpg","contentUrl":"https:\/\/www.nettali.com\/wp-content\/uploads\/2025\/06\/field_media_image-2931193-cc71a0fc06b1c4a2701cf771ace3450c610a1c6b.jpg","width":734,"height":489},{"@type":"WebPage","@id":"https:\/\/www.nettali.com\/2025\/06\/24\/riposte-iranienne-contre-al-udeid-loffensive-de-teheran-bouleverse-lequilibre-regional\/#webpage","url":"https:\/\/www.nettali.com\/2025\/06\/24\/riposte-iranienne-contre-al-udeid-loffensive-de-teheran-bouleverse-lequilibre-regional\/","name":"RIPOSTE IRANIENNE CONTRE AL-UDEID - L\u2019offensive de T\u00e9h\u00e9ran bouleverse l\u2019\u00e9quilibre r\u00e9gional | Nettali.com","isPartOf":{"@id":"https:\/\/www.nettali.com\/#website"},"primaryImageOfPage":{"@id":"https:\/\/www.nettali.com\/2025\/06\/24\/riposte-iranienne-contre-al-udeid-loffensive-de-teheran-bouleverse-lequilibre-regional\/#primaryimage"},"datePublished":"2025-06-24T08:37:05+00:00","dateModified":"2025-06-25T01:18:30+00:00","author":{"@id":"https:\/\/www.nettali.com\/#\/schema\/person\/d8ac7b7e27ddad43f1c0d2ef090d7f71"},"breadcrumb":{"@id":"https:\/\/www.nettali.com\/2025\/06\/24\/riposte-iranienne-contre-al-udeid-loffensive-de-teheran-bouleverse-lequilibre-regional\/#breadcrumb"},"inLanguage":"fr-FR","potentialAction":[{"@type":"ReadAction","target":["https:\/\/www.nettali.com\/2025\/06\/24\/riposte-iranienne-contre-al-udeid-loffensive-de-teheran-bouleverse-lequilibre-regional\/"]}]},{"@type":"BreadcrumbList","@id":"https:\/\/www.nettali.com\/2025\/06\/24\/riposte-iranienne-contre-al-udeid-loffensive-de-teheran-bouleverse-lequilibre-regional\/#breadcrumb","itemListElement":[{"@type":"ListItem","position":1,"name":"Accueil","item":"https:\/\/www.nettali.com\/"},{"@type":"ListItem","position":2,"name":"RIPOSTE IRANIENNE CONTRE AL-UDEID - L\u2019offensive de T\u00e9h\u00e9ran bouleverse l\u2019\u00e9quilibre r\u00e9gional"}]},{"@type":"Person","@id":"https:\/\/www.nettali.com\/#\/schema\/person\/d8ac7b7e27ddad43f1c0d2ef090d7f71","name":"CK","image":{"@type":"ImageObject","@id":"https:\/\/www.nettali.com\/#personlogo","inLanguage":"fr-FR","url":"https:\/\/secure.gravatar.com\/avatar\/1d8d5118b9327d94da7cd4ce7f17fec2?s=96&d=mm&r=g","contentUrl":"https:\/\/secure.gravatar.com\/avatar\/1d8d5118b9327d94da7cd4ce7f17fec2?s=96&d=mm&r=g","caption":"CK"},"sameAs":["https:\/\/www.nettali.com"]}]}},"_links":{"self":[{"href":"https:\/\/www.nettali.com\/rest\/wp\/v2\/posts\/156380"}],"collection":[{"href":"https:\/\/www.nettali.com\/rest\/wp\/v2\/posts"}],"about":[{"href":"https:\/\/www.nettali.com\/rest\/wp\/v2\/types\/post"}],"author":[{"embeddable":true,"href":"https:\/\/www.nettali.com\/rest\/wp\/v2\/users\/2"}],"replies":[{"embeddable":true,"href":"https:\/\/www.nettali.com\/rest\/wp\/v2\/comments?post=156380"}],"version-history":[{"count":1,"href":"https:\/\/www.nettali.com\/rest\/wp\/v2\/posts\/156380\/revisions"}],"predecessor-version":[{"id":156382,"href":"https:\/\/www.nettali.com\/rest\/wp\/v2\/posts\/156380\/revisions\/156382"}],"wp:featuredmedia":[{"embeddable":true,"href":"https:\/\/www.nettali.com\/rest\/wp\/v2\/media\/156381"}],"wp:attachment":[{"href":"https:\/\/www.nettali.com\/rest\/wp\/v2\/media?parent=156380"}],"wp:term":[{"taxonomy":"category","embeddable":true,"href":"https:\/\/www.nettali.com\/rest\/wp\/v2\/categories?post=156380"},{"taxonomy":"post_tag","embeddable":true,"href":"https:\/\/www.nettali.com\/rest\/wp\/v2\/tags?post=156380"}],"curies":[{"name":"wp","href":"https:\/\/api.w.org\/{rel}","templated":true}]}}