{"id":156377,"date":"2025-06-24T08:25:28","date_gmt":"2025-06-24T08:25:28","guid":{"rendered":"https:\/\/www.nettali.com\/?p=156377"},"modified":"2025-06-25T08:06:24","modified_gmt":"2025-06-25T08:06:24","slug":"greve-dans-les-secteurs-sante-education-et-justice-la-tempete-sociale-sannonce","status":"publish","type":"post","link":"https:\/\/www.nettali.com\/2025\/06\/24\/greve-dans-les-secteurs-sante-education-et-justice-la-tempete-sociale-sannonce\/","title":{"rendered":"GR\u00c8VE DANS LES SECTEURS SANT\u00c9, \u00c9DUCATION ET JUSTICE - La temp\u00eate sociale s\u2019annonce"},"content":{"rendered":"<p><strong>NETTALI.COM - Les mouvements d'humeur se multiplient. Des gr\u00e8ves sont annonc\u00e9es dans les secteurs de la sant\u00e9, de la justice et de l'enseignement.<\/strong><\/p>\n<p>Le secteur social est en pleine \u00e9bullition. L\u2019actuel gouvernement devra faire face \u00e0 d'\u00e9ventuels premiers v\u00e9ritables mouvements d\u2019humeur qui risquent de faire mal. Des gr\u00e8ves sont pr\u00e9vues dans des secteurs strat\u00e9giques tels que la sant\u00e9, l'enseignement et la justice. Ces suspensions d'activit\u00e9s seront sans nul doute un coup dur pour les populations, qui souffrent d\u00e9j\u00e0 des \u00e9preuves que traverse le pays. Elles r\u00e9sultent, pour la plupart, des promesses non tenues des autorit\u00e9s.<\/p>\n<p><strong>Le Sutjust pointe du doigt le silence des ministres concern\u00e9s et fustige les propos \"indignes\" d'Olivier Boucal<\/strong><\/p>\n<p>Dans le domaine de la justice, apr\u00e8s trois jours de gr\u00e8ve qui ont \u201centi\u00e8rement paralys\u00e9 le secteur\u201d, selon le Syndicat des travailleurs de la Justice (Sytjust), une gr\u00e8ve de 72 heures est pr\u00e9vue \u00e0 compter du lundi 23 juin. \u201c<em>Les cons\u00e9quences de cette paralysie sont lourdes<\/em>\u201d, rel\u00e8ve-t-on dans un communiqu\u00e9 de presse, soulignant qu\u2019elles sont directement ressenties par les justiciables s\u00e9n\u00e9galais, confront\u00e9s \u00e0 des retards et \u00e0 une incertitude angoissante quant \u00e0 la suite de leurs proc\u00e9dures.<\/p>\n<p>Ces cons\u00e9quences, notent les syndicalistes, frappent \u00e9galement les d\u00e9tenus dont la situation judiciaire reste en suspens. Les travailleurs de la justice demandent aux autorit\u00e9s de r\u00e9pondre aux revendications. Ils d\u00e9plorent le silence du gouvernement face \u00e0 cette crise. \u201c<em>Il est incompr\u00e9hensible qu\u2019en pareille circonstance, les minist\u00e8res concern\u00e9s \u2013 celui de la Justice et celui de la Fonction publique \u2013 n\u2019aient pris aucune initiative pour renouer le dialogue avec les repr\u00e9sentants des travailleurs de la justice<\/em>\u201d, regrette Sytjust qui s\u2019est alli\u00e9 avec l'Union nationale des travailleurs de la justice (UNTJ) dimanche.<\/p>\n<p>Hier lundi 23 juin, les deux organisations ont publi\u00e9 un nouveau communiqu\u00e9 de presse, pour cette fois fustiger la sortie du ministre Olivier Boucal. Ce dernier, disent-ils, a qualifi\u00e9 leur mouvement de gr\u00e8ve de \u201c<em>chantage<\/em>\u201d. Ce que le Sytjust et l\u2019UNTJ consid\u00e8rent comme \u201c<em>indigne d\u2019un responsable d\u2019\u00c9tat<\/em>\u201d. Une r\u00e9action \u201c<em>non seulement inacceptable mais aussi r\u00e9v\u00e9latrice d\u2019un profond malaise dans la gestion actuelle des conflits sociaux<\/em>\u201d, ajoutent-ils. \u201c<em>Il est malvenu, pour une personnalit\u00e9 investie d\u2019une si haute responsabilit\u00e9, de porter un jugement aussi h\u00e2tif et r\u00e9ducteur sur une action syndicale l\u00e9gale et encadr\u00e9e par la Constitution de la R\u00e9publique du S\u00e9n\u00e9gal. La qualification de \u201cchantage\u201d traduit une forme de l\u00e9g\u00e8ret\u00e9 dans l\u2019appr\u00e9ciation des causes profondes de la mobilisation et un manque manifeste de s\u00e9r\u00e9nit\u00e9. Elle jette, par ailleurs, le discr\u00e9dit sur la fonction minist\u00e9rielle, qui devrait se caract\u00e9riser par la mesure, l\u2019\u00e9l\u00e9gance dans l\u2019expression et le respect du dialogue social<\/em>\u201d, se d\u00e9solent les syndicalistes.<\/p>\n<p>Ainsi, ils ont tenu \u201c<em>\u00e0 rappeler, avec la plus grande clart\u00e9, que la signature d\u2019un pacte de stabilit\u00e9 sociale ne constitue ni une suspension ni, \u00e0 fortiori, une renonciation au droit de gr\u00e8ve. Ce droit, fondamental, est garanti par la Constitution du S\u00e9n\u00e9gal et reconnu par les engagements internationaux de notre pays. Par ailleurs, le S\u00e9n\u00e9gal n\u2019en est pas \u00e0 sa premi\u00e8re exp\u00e9rience de pacte de stabilit\u00e9 : le ministre devrait, en toute rigueur, relativiser ses certitudes<\/em>\u201d.<\/p>\n<p>Par cons\u00e9quent, lui sugg\u00e8rent-ils \u201c<em>plut\u00f4t que de multiplier les sorties inopportunes dans les m\u00e9dias, monsieur le Ministre de la Fonction publique aurait mieux fait de convoquer, d\u00e8s r\u00e9ception des pr\u00e9avis de gr\u00e8ve en f\u00e9vrier 2025, une r\u00e9union de concertation entre le gouvernement et les syndicats du minist\u00e8re de la Justice, notamment le Sytjust et l\u2019UNTJ. C\u2019est \u00e0 cette hauteur de responsabilit\u00e9 que les S\u00e9n\u00e9galais attendent le membre du gouvernement charg\u00e9 de la gestion du dialogue social<\/em>\u201d.<\/p>\n<p><strong>Sant\u00e9 : And Gueusseum maintient son sit-in national et annonce d'autres actions \u00e0 venir\/ Enseignement : une gr\u00e8ve de 72 heures annonc\u00e9e<\/strong><\/p>\n<p>Dans le secteur de la sant\u00e9, And Gueusseum a annonc\u00e9, vendredi dernier, le maintien de son sit-in national du 27 juin, de 10 h \u00e0 13 h, soulignant qu\u2019il y a d\u2019autres activit\u00e9s inscrites dans la p\u00e9riode. Le directoire appelle \u00e0 la mobilisation pour une application diligente des accords sign\u00e9s. \u201cAnd Gueusseum rend le gouvernement responsable de toutes les perturbations \u00e9ventuelles et de leurs cons\u00e9quences pour non-respect de ses engagements, dont le passif social\u201d, a pr\u00e9venu le syndicat, qui entend mettre en oeuvre son premier plan d\u2019action.<\/p>\n<p>Il se d\u00e9sole de l\u201d\u2019<em>inertie du gouvernement \u00e0 travers le minist\u00e8re de la Sant\u00e9, du mutisme du minist\u00e8re des Finances et les atermoiements du ministre de la Sant\u00e9 et de l'Action sociale et surtout du m\u00e9pris affich\u00e9 du ministre charg\u00e9 des Collectivit\u00e9s territoriales et de l\u2019Urbanisme<\/em>\u201d.<\/p>\n<p>Pis, si les autorit\u00e9s ont manifest\u00e9 certaines dispositions, aucun engagement formel n\u2019a \u00e9t\u00e9 pris sur les questions \u00e0 incidence financi\u00e8re, selon les travailleurs de la sant\u00e9.<\/p>\n<p>En ce qui concerne le secteur de l\u2019enseignement, une gr\u00e8ve de 72 heures est pr\u00e9vue \u00e0 partir de ce mardi. Parmi les suspensions p\u00e9dagogiques figurent les d\u00e9lib\u00e9rations des examens du bac. Les syndicalistes notent plusieurs revendications non satisfaites, celles concernant l'allocation sp\u00e9ciale de retraite pour les enseignants-chercheurs et chercheurs titulaires des universit\u00e9s.<\/p>\n<div class='share-to-whatsapp-wrapper'><div class='share-on-whsp'>PARTAGER SUR : <\/div><a data-text='GR\u00c8VE DANS LES SECTEURS SANT\u00c9, \u00c9DUCATION ET JUSTICE - La temp\u00eate sociale s\u2019annonce' data-link='https:\/\/www.nettali.com\/2025\/06\/24\/greve-dans-les-secteurs-sante-education-et-justice-la-tempete-sociale-sannonce\/' class='whatsapp-button whatsapp-share'>WhatsApp<\/a><div class='clear '><\/div><\/div>","protected":false},"excerpt":{"rendered":"<p>NETTALI.COM - Les mouvements d'humeur se multiplient. Des gr\u00e8ves sont annonc\u00e9es dans les secteurs de la sant\u00e9, de la justice et de l'enseignement. Le secteur social est en pleine \u00e9bullition. L\u2019actuel gouvernement devra faire face \u00e0 d'\u00e9ventuels premiers v\u00e9ritables mouvements d\u2019humeur qui risquent de faire mal. Des gr\u00e8ves sont pr\u00e9vues dans des secteurs strat\u00e9giques tels [&hellip;]<\/p>\n","protected":false},"author":2,"featured_media":156378,"comment_status":"open","ping_status":"open","sticky":false,"template":"","format":"standard","meta":{"_et_pb_use_builder":"","_et_pb_old_content":""},"categories":[3],"tags":[],"yoast_head":"<!-- This site is optimized with the Yoast SEO Premium plugin v17.8 (Yoast SEO v17.8) - https:\/\/yoast.com\/wordpress\/plugins\/seo\/ -->\n<title>GR\u00c8VE DANS LES SECTEURS SANT\u00c9, \u00c9DUCATION ET JUSTICE - La temp\u00eate sociale s\u2019annonce | Nettali.com<\/title>\n<meta name=\"robots\" content=\"index, follow, max-snippet:-1, max-image-preview:large, max-video-preview:-1\" \/>\n<link rel=\"canonical\" href=\"https:\/\/www.nettali.com\/2025\/06\/24\/greve-dans-les-secteurs-sante-education-et-justice-la-tempete-sociale-sannonce\/\" \/>\n<meta property=\"og:locale\" content=\"fr_FR\" \/>\n<meta property=\"og:type\" content=\"article\" \/>\n<meta property=\"og:title\" content=\"GR\u00c8VE DANS LES SECTEURS SANT\u00c9, \u00c9DUCATION ET JUSTICE - La temp\u00eate sociale s\u2019annonce\" \/>\n<meta property=\"og:description\" content=\"NETTALI.COM - Les mouvements d&#039;humeur se multiplient. Des gr\u00e8ves sont annonc\u00e9es dans les secteurs de la sant\u00e9, de la justice et de l&#039;enseignement. Le secteur social est en pleine \u00e9bullition. L\u2019actuel gouvernement devra faire face \u00e0 d&#039;\u00e9ventuels premiers v\u00e9ritables mouvements d\u2019humeur qui risquent de faire mal. Des gr\u00e8ves sont pr\u00e9vues dans des secteurs strat\u00e9giques tels [&hellip;]\" \/>\n<meta property=\"og:url\" content=\"https:\/\/www.nettali.com\/2025\/06\/24\/greve-dans-les-secteurs-sante-education-et-justice-la-tempete-sociale-sannonce\/\" \/>\n<meta property=\"og:site_name\" content=\"Nettali.com\" \/>\n<meta property=\"article:publisher\" content=\"https:\/\/www.facebook.com\/nettalicom\" \/>\n<meta property=\"article:published_time\" content=\"2025-06-24T08:25:28+00:00\" \/>\n<meta property=\"article:modified_time\" content=\"2025-06-25T08:06:24+00:00\" \/>\n<meta property=\"og:image\" content=\"https:\/\/www.nettali.com\/wp-content\/uploads\/2025\/06\/InCollage_20250617_161543307-scaled-1.jpg\" \/>\n\t<meta property=\"og:image:width\" content=\"2560\" \/>\n\t<meta property=\"og:image:height\" content=\"1440\" \/>\n<meta name=\"twitter:card\" content=\"summary_large_image\" \/>\n<meta name=\"twitter:label1\" content=\"\u00c9crit par\" \/>\n\t<meta name=\"twitter:data1\" content=\"CK\" \/>\n\t<meta name=\"twitter:label2\" content=\"Dur\u00e9e de lecture estim\u00e9e\" \/>\n\t<meta name=\"twitter:data2\" content=\"5 minutes\" \/>\n<script type=\"application\/ld+json\" class=\"yoast-schema-graph\">{\"@context\":\"https:\/\/schema.org\",\"@graph\":[{\"@type\":\"WebSite\",\"@id\":\"https:\/\/www.nettali.com\/#website\",\"url\":\"https:\/\/www.nettali.com\/\",\"name\":\"Nettali.com\",\"description\":\"Le rendez-vous critique du Net\",\"potentialAction\":[{\"@type\":\"SearchAction\",\"target\":{\"@type\":\"EntryPoint\",\"urlTemplate\":\"https:\/\/www.nettali.com\/?s={search_term_string}\"},\"query-input\":\"required name=search_term_string\"}],\"inLanguage\":\"fr-FR\"},{\"@type\":\"ImageObject\",\"@id\":\"https:\/\/www.nettali.com\/2025\/06\/24\/greve-dans-les-secteurs-sante-education-et-justice-la-tempete-sociale-sannonce\/#primaryimage\",\"inLanguage\":\"fr-FR\",\"url\":\"https:\/\/www.nettali.com\/wp-content\/uploads\/2025\/06\/InCollage_20250617_161543307-scaled-1.jpg\",\"contentUrl\":\"https:\/\/www.nettali.com\/wp-content\/uploads\/2025\/06\/InCollage_20250617_161543307-scaled-1.jpg\",\"width\":2560,\"height\":1440},{\"@type\":\"WebPage\",\"@id\":\"https:\/\/www.nettali.com\/2025\/06\/24\/greve-dans-les-secteurs-sante-education-et-justice-la-tempete-sociale-sannonce\/#webpage\",\"url\":\"https:\/\/www.nettali.com\/2025\/06\/24\/greve-dans-les-secteurs-sante-education-et-justice-la-tempete-sociale-sannonce\/\",\"name\":\"GR\\u00c8VE DANS LES SECTEURS SANT\\u00c9, \\u00c9DUCATION ET JUSTICE - La temp\\u00eate sociale s\\u2019annonce | Nettali.com\",\"isPartOf\":{\"@id\":\"https:\/\/www.nettali.com\/#website\"},\"primaryImageOfPage\":{\"@id\":\"https:\/\/www.nettali.com\/2025\/06\/24\/greve-dans-les-secteurs-sante-education-et-justice-la-tempete-sociale-sannonce\/#primaryimage\"},\"datePublished\":\"2025-06-24T08:25:28+00:00\",\"dateModified\":\"2025-06-25T08:06:24+00:00\",\"author\":{\"@id\":\"https:\/\/www.nettali.com\/#\/schema\/person\/d8ac7b7e27ddad43f1c0d2ef090d7f71\"},\"breadcrumb\":{\"@id\":\"https:\/\/www.nettali.com\/2025\/06\/24\/greve-dans-les-secteurs-sante-education-et-justice-la-tempete-sociale-sannonce\/#breadcrumb\"},\"inLanguage\":\"fr-FR\",\"potentialAction\":[{\"@type\":\"ReadAction\",\"target\":[\"https:\/\/www.nettali.com\/2025\/06\/24\/greve-dans-les-secteurs-sante-education-et-justice-la-tempete-sociale-sannonce\/\"]}]},{\"@type\":\"BreadcrumbList\",\"@id\":\"https:\/\/www.nettali.com\/2025\/06\/24\/greve-dans-les-secteurs-sante-education-et-justice-la-tempete-sociale-sannonce\/#breadcrumb\",\"itemListElement\":[{\"@type\":\"ListItem\",\"position\":1,\"name\":\"Accueil\",\"item\":\"https:\/\/www.nettali.com\/\"},{\"@type\":\"ListItem\",\"position\":2,\"name\":\"GR\\u00c8VE DANS LES SECTEURS SANT\\u00c9, \\u00c9DUCATION ET JUSTICE - La temp\\u00eate sociale s\\u2019annonce\"}]},{\"@type\":\"Person\",\"@id\":\"https:\/\/www.nettali.com\/#\/schema\/person\/d8ac7b7e27ddad43f1c0d2ef090d7f71\",\"name\":\"CK\",\"image\":{\"@type\":\"ImageObject\",\"@id\":\"https:\/\/www.nettali.com\/#personlogo\",\"inLanguage\":\"fr-FR\",\"url\":\"https:\/\/secure.gravatar.com\/avatar\/1d8d5118b9327d94da7cd4ce7f17fec2?s=96&d=mm&r=g\",\"contentUrl\":\"https:\/\/secure.gravatar.com\/avatar\/1d8d5118b9327d94da7cd4ce7f17fec2?s=96&d=mm&r=g\",\"caption\":\"CK\"},\"sameAs\":[\"https:\/\/www.nettali.com\"]}]}<\/script>\n<!-- \/ Yoast SEO Premium plugin. -->","yoast_head_json":{"title":"GR\u00c8VE DANS LES SECTEURS SANT\u00c9, \u00c9DUCATION ET JUSTICE - La temp\u00eate sociale s\u2019annonce | Nettali.com","robots":{"index":"index","follow":"follow","max-snippet":"max-snippet:-1","max-image-preview":"max-image-preview:large","max-video-preview":"max-video-preview:-1"},"canonical":"https:\/\/www.nettali.com\/2025\/06\/24\/greve-dans-les-secteurs-sante-education-et-justice-la-tempete-sociale-sannonce\/","og_locale":"fr_FR","og_type":"article","og_title":"GR\u00c8VE DANS LES SECTEURS SANT\u00c9, \u00c9DUCATION ET JUSTICE - La temp\u00eate sociale s\u2019annonce","og_description":"NETTALI.COM - Les mouvements d'humeur se multiplient. Des gr\u00e8ves sont annonc\u00e9es dans les secteurs de la sant\u00e9, de la justice et de l'enseignement. Le secteur social est en pleine \u00e9bullition. L\u2019actuel gouvernement devra faire face \u00e0 d'\u00e9ventuels premiers v\u00e9ritables mouvements d\u2019humeur qui risquent de faire mal. Des gr\u00e8ves sont pr\u00e9vues dans des secteurs strat\u00e9giques tels [&hellip;]","og_url":"https:\/\/www.nettali.com\/2025\/06\/24\/greve-dans-les-secteurs-sante-education-et-justice-la-tempete-sociale-sannonce\/","og_site_name":"Nettali.com","article_publisher":"https:\/\/www.facebook.com\/nettalicom","article_published_time":"2025-06-24T08:25:28+00:00","article_modified_time":"2025-06-25T08:06:24+00:00","og_image":[{"width":2560,"height":1440,"url":"https:\/\/www.nettali.com\/wp-content\/uploads\/2025\/06\/InCollage_20250617_161543307-scaled-1.jpg","type":"image\/jpeg"}],"twitter_card":"summary_large_image","twitter_misc":{"\u00c9crit par":"CK","Dur\u00e9e de lecture estim\u00e9e":"5 minutes"},"schema":{"@context":"https:\/\/schema.org","@graph":[{"@type":"WebSite","@id":"https:\/\/www.nettali.com\/#website","url":"https:\/\/www.nettali.com\/","name":"Nettali.com","description":"Le rendez-vous critique du Net","potentialAction":[{"@type":"SearchAction","target":{"@type":"EntryPoint","urlTemplate":"https:\/\/www.nettali.com\/?s={search_term_string}"},"query-input":"required name=search_term_string"}],"inLanguage":"fr-FR"},{"@type":"ImageObject","@id":"https:\/\/www.nettali.com\/2025\/06\/24\/greve-dans-les-secteurs-sante-education-et-justice-la-tempete-sociale-sannonce\/#primaryimage","inLanguage":"fr-FR","url":"https:\/\/www.nettali.com\/wp-content\/uploads\/2025\/06\/InCollage_20250617_161543307-scaled-1.jpg","contentUrl":"https:\/\/www.nettali.com\/wp-content\/uploads\/2025\/06\/InCollage_20250617_161543307-scaled-1.jpg","width":2560,"height":1440},{"@type":"WebPage","@id":"https:\/\/www.nettali.com\/2025\/06\/24\/greve-dans-les-secteurs-sante-education-et-justice-la-tempete-sociale-sannonce\/#webpage","url":"https:\/\/www.nettali.com\/2025\/06\/24\/greve-dans-les-secteurs-sante-education-et-justice-la-tempete-sociale-sannonce\/","name":"GR\u00c8VE DANS LES SECTEURS SANT\u00c9, \u00c9DUCATION ET JUSTICE - La temp\u00eate sociale s\u2019annonce | Nettali.com","isPartOf":{"@id":"https:\/\/www.nettali.com\/#website"},"primaryImageOfPage":{"@id":"https:\/\/www.nettali.com\/2025\/06\/24\/greve-dans-les-secteurs-sante-education-et-justice-la-tempete-sociale-sannonce\/#primaryimage"},"datePublished":"2025-06-24T08:25:28+00:00","dateModified":"2025-06-25T08:06:24+00:00","author":{"@id":"https:\/\/www.nettali.com\/#\/schema\/person\/d8ac7b7e27ddad43f1c0d2ef090d7f71"},"breadcrumb":{"@id":"https:\/\/www.nettali.com\/2025\/06\/24\/greve-dans-les-secteurs-sante-education-et-justice-la-tempete-sociale-sannonce\/#breadcrumb"},"inLanguage":"fr-FR","potentialAction":[{"@type":"ReadAction","target":["https:\/\/www.nettali.com\/2025\/06\/24\/greve-dans-les-secteurs-sante-education-et-justice-la-tempete-sociale-sannonce\/"]}]},{"@type":"BreadcrumbList","@id":"https:\/\/www.nettali.com\/2025\/06\/24\/greve-dans-les-secteurs-sante-education-et-justice-la-tempete-sociale-sannonce\/#breadcrumb","itemListElement":[{"@type":"ListItem","position":1,"name":"Accueil","item":"https:\/\/www.nettali.com\/"},{"@type":"ListItem","position":2,"name":"GR\u00c8VE DANS LES SECTEURS SANT\u00c9, \u00c9DUCATION ET JUSTICE - La temp\u00eate sociale s\u2019annonce"}]},{"@type":"Person","@id":"https:\/\/www.nettali.com\/#\/schema\/person\/d8ac7b7e27ddad43f1c0d2ef090d7f71","name":"CK","image":{"@type":"ImageObject","@id":"https:\/\/www.nettali.com\/#personlogo","inLanguage":"fr-FR","url":"https:\/\/secure.gravatar.com\/avatar\/1d8d5118b9327d94da7cd4ce7f17fec2?s=96&d=mm&r=g","contentUrl":"https:\/\/secure.gravatar.com\/avatar\/1d8d5118b9327d94da7cd4ce7f17fec2?s=96&d=mm&r=g","caption":"CK"},"sameAs":["https:\/\/www.nettali.com"]}]}},"_links":{"self":[{"href":"https:\/\/www.nettali.com\/rest\/wp\/v2\/posts\/156377"}],"collection":[{"href":"https:\/\/www.nettali.com\/rest\/wp\/v2\/posts"}],"about":[{"href":"https:\/\/www.nettali.com\/rest\/wp\/v2\/types\/post"}],"author":[{"embeddable":true,"href":"https:\/\/www.nettali.com\/rest\/wp\/v2\/users\/2"}],"replies":[{"embeddable":true,"href":"https:\/\/www.nettali.com\/rest\/wp\/v2\/comments?post=156377"}],"version-history":[{"count":1,"href":"https:\/\/www.nettali.com\/rest\/wp\/v2\/posts\/156377\/revisions"}],"predecessor-version":[{"id":156379,"href":"https:\/\/www.nettali.com\/rest\/wp\/v2\/posts\/156377\/revisions\/156379"}],"wp:featuredmedia":[{"embeddable":true,"href":"https:\/\/www.nettali.com\/rest\/wp\/v2\/media\/156378"}],"wp:attachment":[{"href":"https:\/\/www.nettali.com\/rest\/wp\/v2\/media?parent=156377"}],"wp:term":[{"taxonomy":"category","embeddable":true,"href":"https:\/\/www.nettali.com\/rest\/wp\/v2\/categories?post=156377"},{"taxonomy":"post_tag","embeddable":true,"href":"https:\/\/www.nettali.com\/rest\/wp\/v2\/tags?post=156377"}],"curies":[{"name":"wp","href":"https:\/\/api.w.org\/{rel}","templated":true}]}}