{"id":156374,"date":"2025-06-24T08:06:20","date_gmt":"2025-06-24T08:06:20","guid":{"rendered":"https:\/\/www.nettali.com\/?p=156374"},"modified":"2025-06-24T08:06:20","modified_gmt":"2025-06-24T08:06:20","slug":"transfert-pape-demba-diop-a-strasbourg-pour-signer-son-contrat","status":"publish","type":"post","link":"https:\/\/www.nettali.com\/2025\/06\/24\/transfert-pape-demba-diop-a-strasbourg-pour-signer-son-contrat\/","title":{"rendered":"TRANSFERT - Pape Demba Diop \u00e0 Strasbourg pour signer son contrat"},"content":{"rendered":"<p><strong>NETTALI.COM -<\/strong> Suivi par le Racing club de Strasbourg depuis plusieurs semaines, Pape Demba Diop a \u00e9t\u00e9 aper\u00e7u ce lundi 23 juin, sortant d'un h\u00f4tel du quartier r\u00e9sidentiel du Wacken, situ\u00e9 au nord du centre-ville de Strasbourg. Le milieu s\u00e9n\u00e9galais de 21 ans va signer un contrat pour rejoindre le club alsacien, toujours \u00e0 la recherche de jeunes joueurs \u00e0 fort potentiel.<\/p>\n<p>Pour Strasbourg, cette signature r\u00e9pondrait \u00e0 un besoin au milieu de terrain, notamment apr\u00e8s le retour d'Andrey Santos \u00e0 Chelsea et les incertitudes concernant l'avenir d'Habib Diarra.<\/p>\n<p>Pape Demba Diop a \u00e9t\u00e9 form\u00e9 \u00e0 l'institut Diambars au S\u00e9n\u00e9gal, reconnu pour avoir r\u00e9v\u00e9l\u00e9 de nombreux internationaux comme Idrissa Gana Gu\u00e8ye ou Bamba Dieng. Il rejoint, en 2022, le Zulte Waregem (D2) en Belgique, o\u00f9 il s'impose progressivement comme un \u00e9l\u00e9ment d\u00e9cisif du milieu de terrain. Son rendement et ses bonnes statistiques (6 buts et 4 passes d\u00e9cisives en 28 matches disput\u00e9s sur 29) lui ont permis d'obtenir le titre de champion et la mont\u00e9e du club en Jupiler Pro League, puis d'\u00eatre \u00e9lu Meilleur joueur de la deuxi\u00e8me division belge cette saison.<\/p>\n<p>Bien qu'il lui reste encore trois ans de contrat avec Zulte Waregem, Pape Demba Diop est sur le point de franchir une \u00e9tape importante dans sa carri\u00e8re en rejoignant la jeune garde strasbourgeoise.<\/p>\n<p>Pour ce qui est de son profil de jeu, Pape Demba Diop est un milieu d\u00e9fensif qualifi\u00e9 de \u201cbox to box\u201d. Solide pour d\u00e9fendre, mais \u00e0 l'aise avec le ballon, il est capable d'organiser le jeu avec de bonnes passes pour casser des lignes ou de se projeter vers l'avant. Le jeune S\u00e9n\u00e9galais d'1m82 peut \u00e9galement \u00e9voluer en relayeur, ce qui pourrait s'av\u00e9rer utile dans le syst\u00e8me de Liam Rosenior. En ralliant l'Alsace, il retrouverait ses compatriotes s\u00e9n\u00e9galais Habib Diarra et Pape Diong (dont les avenirs sont encore incertains). Et ferait l'objet d'un transfert d'environ 2 millions d'euros.<\/p>\n<div class='share-to-whatsapp-wrapper'><div class='share-on-whsp'>PARTAGER SUR : <\/div><a data-text='TRANSFERT - Pape Demba Diop \u00e0 Strasbourg pour signer son contrat' data-link='https:\/\/www.nettali.com\/2025\/06\/24\/transfert-pape-demba-diop-a-strasbourg-pour-signer-son-contrat\/' class='whatsapp-button whatsapp-share'>WhatsApp<\/a><div class='clear '><\/div><\/div>","protected":false},"excerpt":{"rendered":"<p>NETTALI.COM - Suivi par le Racing club de Strasbourg depuis plusieurs semaines, Pape Demba Diop a \u00e9t\u00e9 aper\u00e7u ce lundi 23 juin, sortant d'un h\u00f4tel du quartier r\u00e9sidentiel du Wacken, situ\u00e9 au nord du centre-ville de Strasbourg. Le milieu s\u00e9n\u00e9galais de 21 ans va signer un contrat pour rejoindre le club alsacien, toujours \u00e0 la [&hellip;]<\/p>\n","protected":false},"author":2,"featured_media":156375,"comment_status":"open","ping_status":"open","sticky":false,"template":"","format":"standard","meta":{"_et_pb_use_builder":"","_et_pb_old_content":""},"categories":[6],"tags":[],"yoast_head":"<!-- This site is optimized with the Yoast SEO Premium plugin v17.8 (Yoast SEO v17.8) - https:\/\/yoast.com\/wordpress\/plugins\/seo\/ -->\n<title>TRANSFERT - Pape Demba Diop \u00e0 Strasbourg pour signer son contrat | Nettali.com<\/title>\n<meta name=\"robots\" content=\"index, follow, max-snippet:-1, max-image-preview:large, max-video-preview:-1\" \/>\n<link rel=\"canonical\" href=\"https:\/\/www.nettali.com\/2025\/06\/24\/transfert-pape-demba-diop-a-strasbourg-pour-signer-son-contrat\/\" \/>\n<meta property=\"og:locale\" content=\"fr_FR\" \/>\n<meta property=\"og:type\" content=\"article\" \/>\n<meta property=\"og:title\" content=\"TRANSFERT - Pape Demba Diop \u00e0 Strasbourg pour signer son contrat\" \/>\n<meta property=\"og:description\" content=\"NETTALI.COM - Suivi par le Racing club de Strasbourg depuis plusieurs semaines, Pape Demba Diop a \u00e9t\u00e9 aper\u00e7u ce lundi 23 juin, sortant d&#039;un h\u00f4tel du quartier r\u00e9sidentiel du Wacken, situ\u00e9 au nord du centre-ville de Strasbourg. Le milieu s\u00e9n\u00e9galais de 21 ans va signer un contrat pour rejoindre le club alsacien, toujours \u00e0 la [&hellip;]\" \/>\n<meta property=\"og:url\" content=\"https:\/\/www.nettali.com\/2025\/06\/24\/transfert-pape-demba-diop-a-strasbourg-pour-signer-son-contrat\/\" \/>\n<meta property=\"og:site_name\" content=\"Nettali.com\" \/>\n<meta property=\"article:publisher\" content=\"https:\/\/www.facebook.com\/nettalicom\" \/>\n<meta property=\"article:published_time\" content=\"2025-06-24T08:06:20+00:00\" \/>\n<meta property=\"og:image\" content=\"https:\/\/www.nettali.com\/wp-content\/uploads\/2025\/06\/pape-demba-diop-1164x675-1.png\" \/>\n\t<meta property=\"og:image:width\" content=\"1164\" \/>\n\t<meta property=\"og:image:height\" content=\"675\" \/>\n<meta name=\"twitter:card\" content=\"summary_large_image\" \/>\n<meta name=\"twitter:label1\" content=\"\u00c9crit par\" \/>\n\t<meta name=\"twitter:data1\" content=\"CK\" \/>\n\t<meta name=\"twitter:label2\" content=\"Dur\u00e9e de lecture estim\u00e9e\" \/>\n\t<meta name=\"twitter:data2\" content=\"2 minutes\" \/>\n<script type=\"application\/ld+json\" class=\"yoast-schema-graph\">{\"@context\":\"https:\/\/schema.org\",\"@graph\":[{\"@type\":\"WebSite\",\"@id\":\"https:\/\/www.nettali.com\/#website\",\"url\":\"https:\/\/www.nettali.com\/\",\"name\":\"Nettali.com\",\"description\":\"Le rendez-vous critique du Net\",\"potentialAction\":[{\"@type\":\"SearchAction\",\"target\":{\"@type\":\"EntryPoint\",\"urlTemplate\":\"https:\/\/www.nettali.com\/?s={search_term_string}\"},\"query-input\":\"required name=search_term_string\"}],\"inLanguage\":\"fr-FR\"},{\"@type\":\"ImageObject\",\"@id\":\"https:\/\/www.nettali.com\/2025\/06\/24\/transfert-pape-demba-diop-a-strasbourg-pour-signer-son-contrat\/#primaryimage\",\"inLanguage\":\"fr-FR\",\"url\":\"https:\/\/www.nettali.com\/wp-content\/uploads\/2025\/06\/pape-demba-diop-1164x675-1.png\",\"contentUrl\":\"https:\/\/www.nettali.com\/wp-content\/uploads\/2025\/06\/pape-demba-diop-1164x675-1.png\",\"width\":1164,\"height\":675},{\"@type\":\"WebPage\",\"@id\":\"https:\/\/www.nettali.com\/2025\/06\/24\/transfert-pape-demba-diop-a-strasbourg-pour-signer-son-contrat\/#webpage\",\"url\":\"https:\/\/www.nettali.com\/2025\/06\/24\/transfert-pape-demba-diop-a-strasbourg-pour-signer-son-contrat\/\",\"name\":\"TRANSFERT - Pape Demba Diop \\u00e0 Strasbourg pour signer son contrat | Nettali.com\",\"isPartOf\":{\"@id\":\"https:\/\/www.nettali.com\/#website\"},\"primaryImageOfPage\":{\"@id\":\"https:\/\/www.nettali.com\/2025\/06\/24\/transfert-pape-demba-diop-a-strasbourg-pour-signer-son-contrat\/#primaryimage\"},\"datePublished\":\"2025-06-24T08:06:20+00:00\",\"dateModified\":\"2025-06-24T08:06:20+00:00\",\"author\":{\"@id\":\"https:\/\/www.nettali.com\/#\/schema\/person\/d8ac7b7e27ddad43f1c0d2ef090d7f71\"},\"breadcrumb\":{\"@id\":\"https:\/\/www.nettali.com\/2025\/06\/24\/transfert-pape-demba-diop-a-strasbourg-pour-signer-son-contrat\/#breadcrumb\"},\"inLanguage\":\"fr-FR\",\"potentialAction\":[{\"@type\":\"ReadAction\",\"target\":[\"https:\/\/www.nettali.com\/2025\/06\/24\/transfert-pape-demba-diop-a-strasbourg-pour-signer-son-contrat\/\"]}]},{\"@type\":\"BreadcrumbList\",\"@id\":\"https:\/\/www.nettali.com\/2025\/06\/24\/transfert-pape-demba-diop-a-strasbourg-pour-signer-son-contrat\/#breadcrumb\",\"itemListElement\":[{\"@type\":\"ListItem\",\"position\":1,\"name\":\"Accueil\",\"item\":\"https:\/\/www.nettali.com\/\"},{\"@type\":\"ListItem\",\"position\":2,\"name\":\"TRANSFERT - Pape Demba Diop \\u00e0 Strasbourg pour signer son contrat\"}]},{\"@type\":\"Person\",\"@id\":\"https:\/\/www.nettali.com\/#\/schema\/person\/d8ac7b7e27ddad43f1c0d2ef090d7f71\",\"name\":\"CK\",\"image\":{\"@type\":\"ImageObject\",\"@id\":\"https:\/\/www.nettali.com\/#personlogo\",\"inLanguage\":\"fr-FR\",\"url\":\"https:\/\/secure.gravatar.com\/avatar\/1d8d5118b9327d94da7cd4ce7f17fec2?s=96&d=mm&r=g\",\"contentUrl\":\"https:\/\/secure.gravatar.com\/avatar\/1d8d5118b9327d94da7cd4ce7f17fec2?s=96&d=mm&r=g\",\"caption\":\"CK\"},\"sameAs\":[\"https:\/\/www.nettali.com\"]}]}<\/script>\n<!-- \/ Yoast SEO Premium plugin. -->","yoast_head_json":{"title":"TRANSFERT - Pape Demba Diop \u00e0 Strasbourg pour signer son contrat | Nettali.com","robots":{"index":"index","follow":"follow","max-snippet":"max-snippet:-1","max-image-preview":"max-image-preview:large","max-video-preview":"max-video-preview:-1"},"canonical":"https:\/\/www.nettali.com\/2025\/06\/24\/transfert-pape-demba-diop-a-strasbourg-pour-signer-son-contrat\/","og_locale":"fr_FR","og_type":"article","og_title":"TRANSFERT - Pape Demba Diop \u00e0 Strasbourg pour signer son contrat","og_description":"NETTALI.COM - Suivi par le Racing club de Strasbourg depuis plusieurs semaines, Pape Demba Diop a \u00e9t\u00e9 aper\u00e7u ce lundi 23 juin, sortant d'un h\u00f4tel du quartier r\u00e9sidentiel du Wacken, situ\u00e9 au nord du centre-ville de Strasbourg. Le milieu s\u00e9n\u00e9galais de 21 ans va signer un contrat pour rejoindre le club alsacien, toujours \u00e0 la [&hellip;]","og_url":"https:\/\/www.nettali.com\/2025\/06\/24\/transfert-pape-demba-diop-a-strasbourg-pour-signer-son-contrat\/","og_site_name":"Nettali.com","article_publisher":"https:\/\/www.facebook.com\/nettalicom","article_published_time":"2025-06-24T08:06:20+00:00","og_image":[{"width":1164,"height":675,"url":"https:\/\/www.nettali.com\/wp-content\/uploads\/2025\/06\/pape-demba-diop-1164x675-1.png","type":"image\/png"}],"twitter_card":"summary_large_image","twitter_misc":{"\u00c9crit par":"CK","Dur\u00e9e de lecture estim\u00e9e":"2 minutes"},"schema":{"@context":"https:\/\/schema.org","@graph":[{"@type":"WebSite","@id":"https:\/\/www.nettali.com\/#website","url":"https:\/\/www.nettali.com\/","name":"Nettali.com","description":"Le rendez-vous critique du Net","potentialAction":[{"@type":"SearchAction","target":{"@type":"EntryPoint","urlTemplate":"https:\/\/www.nettali.com\/?s={search_term_string}"},"query-input":"required name=search_term_string"}],"inLanguage":"fr-FR"},{"@type":"ImageObject","@id":"https:\/\/www.nettali.com\/2025\/06\/24\/transfert-pape-demba-diop-a-strasbourg-pour-signer-son-contrat\/#primaryimage","inLanguage":"fr-FR","url":"https:\/\/www.nettali.com\/wp-content\/uploads\/2025\/06\/pape-demba-diop-1164x675-1.png","contentUrl":"https:\/\/www.nettali.com\/wp-content\/uploads\/2025\/06\/pape-demba-diop-1164x675-1.png","width":1164,"height":675},{"@type":"WebPage","@id":"https:\/\/www.nettali.com\/2025\/06\/24\/transfert-pape-demba-diop-a-strasbourg-pour-signer-son-contrat\/#webpage","url":"https:\/\/www.nettali.com\/2025\/06\/24\/transfert-pape-demba-diop-a-strasbourg-pour-signer-son-contrat\/","name":"TRANSFERT - Pape Demba Diop \u00e0 Strasbourg pour signer son contrat | Nettali.com","isPartOf":{"@id":"https:\/\/www.nettali.com\/#website"},"primaryImageOfPage":{"@id":"https:\/\/www.nettali.com\/2025\/06\/24\/transfert-pape-demba-diop-a-strasbourg-pour-signer-son-contrat\/#primaryimage"},"datePublished":"2025-06-24T08:06:20+00:00","dateModified":"2025-06-24T08:06:20+00:00","author":{"@id":"https:\/\/www.nettali.com\/#\/schema\/person\/d8ac7b7e27ddad43f1c0d2ef090d7f71"},"breadcrumb":{"@id":"https:\/\/www.nettali.com\/2025\/06\/24\/transfert-pape-demba-diop-a-strasbourg-pour-signer-son-contrat\/#breadcrumb"},"inLanguage":"fr-FR","potentialAction":[{"@type":"ReadAction","target":["https:\/\/www.nettali.com\/2025\/06\/24\/transfert-pape-demba-diop-a-strasbourg-pour-signer-son-contrat\/"]}]},{"@type":"BreadcrumbList","@id":"https:\/\/www.nettali.com\/2025\/06\/24\/transfert-pape-demba-diop-a-strasbourg-pour-signer-son-contrat\/#breadcrumb","itemListElement":[{"@type":"ListItem","position":1,"name":"Accueil","item":"https:\/\/www.nettali.com\/"},{"@type":"ListItem","position":2,"name":"TRANSFERT - Pape Demba Diop \u00e0 Strasbourg pour signer son contrat"}]},{"@type":"Person","@id":"https:\/\/www.nettali.com\/#\/schema\/person\/d8ac7b7e27ddad43f1c0d2ef090d7f71","name":"CK","image":{"@type":"ImageObject","@id":"https:\/\/www.nettali.com\/#personlogo","inLanguage":"fr-FR","url":"https:\/\/secure.gravatar.com\/avatar\/1d8d5118b9327d94da7cd4ce7f17fec2?s=96&d=mm&r=g","contentUrl":"https:\/\/secure.gravatar.com\/avatar\/1d8d5118b9327d94da7cd4ce7f17fec2?s=96&d=mm&r=g","caption":"CK"},"sameAs":["https:\/\/www.nettali.com"]}]}},"_links":{"self":[{"href":"https:\/\/www.nettali.com\/rest\/wp\/v2\/posts\/156374"}],"collection":[{"href":"https:\/\/www.nettali.com\/rest\/wp\/v2\/posts"}],"about":[{"href":"https:\/\/www.nettali.com\/rest\/wp\/v2\/types\/post"}],"author":[{"embeddable":true,"href":"https:\/\/www.nettali.com\/rest\/wp\/v2\/users\/2"}],"replies":[{"embeddable":true,"href":"https:\/\/www.nettali.com\/rest\/wp\/v2\/comments?post=156374"}],"version-history":[{"count":1,"href":"https:\/\/www.nettali.com\/rest\/wp\/v2\/posts\/156374\/revisions"}],"predecessor-version":[{"id":156376,"href":"https:\/\/www.nettali.com\/rest\/wp\/v2\/posts\/156374\/revisions\/156376"}],"wp:featuredmedia":[{"embeddable":true,"href":"https:\/\/www.nettali.com\/rest\/wp\/v2\/media\/156375"}],"wp:attachment":[{"href":"https:\/\/www.nettali.com\/rest\/wp\/v2\/media?parent=156374"}],"wp:term":[{"taxonomy":"category","embeddable":true,"href":"https:\/\/www.nettali.com\/rest\/wp\/v2\/categories?post=156374"},{"taxonomy":"post_tag","embeddable":true,"href":"https:\/\/www.nettali.com\/rest\/wp\/v2\/tags?post=156374"}],"curies":[{"name":"wp","href":"https:\/\/api.w.org\/{rel}","templated":true}]}}