{"id":156365,"date":"2025-06-24T13:28:14","date_gmt":"2025-06-24T13:28:14","guid":{"rendered":"https:\/\/www.nettali.com\/?p=156365"},"modified":"2025-06-26T08:21:46","modified_gmt":"2025-06-26T08:21:46","slug":"coup-de-gueule-trois-anciens-presidents-un-immense-gachis-pour-la-memoire-nationale","status":"publish","type":"post","link":"https:\/\/www.nettali.com\/2025\/06\/24\/coup-de-gueule-trois-anciens-presidents-un-immense-gachis-pour-la-memoire-nationale\/","title":{"rendered":"COUP DE GUEULE - Trois anciens Pr\u00e9sidents, un immense g\u00e2chis pour la m\u00e9moire nationale"},"content":{"rendered":"<p data-start=\"202\" data-end=\"634\"><strong>NETTALI.COM - Le S\u00e9n\u00e9gal vit une situation in\u00e9dite : trois anciens Pr\u00e9sidents encore en vie \u2014 Abdou Diouf, Abdoulaye Wade et Macky Sall \u2014 repr\u00e9sentant ensemble 44 ann\u00e9es de pouvoir pr\u00e9sidentiel. S\u2019ajoute \u00e0 eux Moustapha Niasse, t\u00e9moin privil\u00e9gi\u00e9 de toutes les r\u00e9publiques s\u00e9n\u00e9galaises et compagnon de route de leaders africains et internationaux. Pourtant, cette richesse politique et diplomatique demeure superbement ignor\u00e9e.<\/strong><\/p>\n<p data-start=\"636\" data-end=\"1001\">Dans bien des pays, de telles figures servent de recours discret lors des crises, de relais diplomatiques dans les n\u00e9gociations r\u00e9gionales, ou de mentors pour les g\u00e9n\u00e9rations politiques montantes. Le S\u00e9n\u00e9gal, lui, pr\u00e9f\u00e8re enterrer ses anciens dirigeants dans un silence pesant, comme si le simple fait de solliciter leur avis mena\u00e7ait l\u2019autorit\u00e9 du r\u00e9gime en place.<\/p>\n<p data-start=\"1003\" data-end=\"1367\">C\u2019est un g\u00e2chis politique et historique. Ces hommes d\u00e9tiennent une connaissance pr\u00e9cieuse des rouages de l\u2019\u00c9tat, des \u00e9quilibres sous-r\u00e9gionaux et des non-dits des grands dossiers internationaux. En les laissant de c\u00f4t\u00e9, le pays se prive de rep\u00e8res et de conseils utiles dans un contexte sous-r\u00e9gional marqu\u00e9 par les tensions et les repositionnements g\u00e9opolitiques.<\/p>\n<p data-start=\"1369\" data-end=\"1708\">Ce d\u00e9sint\u00e9r\u00eat r\u00e9v\u00e8le aussi un mal s\u00e9n\u00e9galais : cette manie de rompre brutalement avec ses pr\u00e9d\u00e9cesseurs au lieu de b\u00e2tir sur l\u2019exp\u00e9rience et la m\u00e9moire collective. Aucun cadre officiel n\u2019existe pour valoriser cet h\u00e9ritage politique, et les tentatives de rapprochement sont souvent per\u00e7ues comme des signes de faiblesse ou de compromission.<\/p>\n<p data-start=\"1710\" data-end=\"1928\">Il serait pourtant sage de leur tendre la main. Non pour les r\u00e9habiliter politiquement, mais pour \u00e9couter, apprendre et transmettre. Car un pays qui refuse d\u2019interroger sa m\u00e9moire condamne son avenir \u00e0 l\u2019improvisation.<\/p>\n<div class='share-to-whatsapp-wrapper'><div class='share-on-whsp'>PARTAGER SUR : <\/div><a data-text='COUP DE GUEULE - Trois anciens Pr\u00e9sidents, un immense g\u00e2chis pour la m\u00e9moire nationale' data-link='https:\/\/www.nettali.com\/2025\/06\/24\/coup-de-gueule-trois-anciens-presidents-un-immense-gachis-pour-la-memoire-nationale\/' class='whatsapp-button whatsapp-share'>WhatsApp<\/a><div class='clear '><\/div><\/div>","protected":false},"excerpt":{"rendered":"<p>NETTALI.COM - Le S\u00e9n\u00e9gal vit une situation in\u00e9dite : trois anciens Pr\u00e9sidents encore en vie \u2014 Abdou Diouf, Abdoulaye Wade et Macky Sall \u2014 repr\u00e9sentant ensemble 44 ann\u00e9es de pouvoir pr\u00e9sidentiel. S\u2019ajoute \u00e0 eux Moustapha Niasse, t\u00e9moin privil\u00e9gi\u00e9 de toutes les r\u00e9publiques s\u00e9n\u00e9galaises et compagnon de route de leaders africains et internationaux. Pourtant, cette richesse [&hellip;]<\/p>\n","protected":false},"author":4,"featured_media":156384,"comment_status":"open","ping_status":"open","sticky":false,"template":"","format":"standard","meta":{"_et_pb_use_builder":"","_et_pb_old_content":""},"categories":[12],"tags":[],"yoast_head":"<!-- This site is optimized with the Yoast SEO Premium plugin v17.8 (Yoast SEO v17.8) - https:\/\/yoast.com\/wordpress\/plugins\/seo\/ -->\n<title>COUP DE GUEULE - Trois anciens Pr\u00e9sidents, un immense g\u00e2chis pour la m\u00e9moire nationale | Nettali.com<\/title>\n<meta name=\"robots\" content=\"index, follow, max-snippet:-1, max-image-preview:large, max-video-preview:-1\" \/>\n<link rel=\"canonical\" href=\"https:\/\/www.nettali.com\/2025\/06\/24\/coup-de-gueule-trois-anciens-presidents-un-immense-gachis-pour-la-memoire-nationale\/\" \/>\n<meta property=\"og:locale\" content=\"fr_FR\" \/>\n<meta property=\"og:type\" content=\"article\" \/>\n<meta property=\"og:title\" content=\"COUP DE GUEULE - Trois anciens Pr\u00e9sidents, un immense g\u00e2chis pour la m\u00e9moire nationale\" \/>\n<meta property=\"og:description\" content=\"NETTALI.COM - Le S\u00e9n\u00e9gal vit une situation in\u00e9dite : trois anciens Pr\u00e9sidents encore en vie \u2014 Abdou Diouf, Abdoulaye Wade et Macky Sall \u2014 repr\u00e9sentant ensemble 44 ann\u00e9es de pouvoir pr\u00e9sidentiel. S\u2019ajoute \u00e0 eux Moustapha Niasse, t\u00e9moin privil\u00e9gi\u00e9 de toutes les r\u00e9publiques s\u00e9n\u00e9galaises et compagnon de route de leaders africains et internationaux. Pourtant, cette richesse [&hellip;]\" \/>\n<meta property=\"og:url\" content=\"https:\/\/www.nettali.com\/2025\/06\/24\/coup-de-gueule-trois-anciens-presidents-un-immense-gachis-pour-la-memoire-nationale\/\" \/>\n<meta property=\"og:site_name\" content=\"Nettali.com\" \/>\n<meta property=\"article:publisher\" content=\"https:\/\/www.facebook.com\/nettalicom\" \/>\n<meta property=\"article:published_time\" content=\"2025-06-24T13:28:14+00:00\" \/>\n<meta property=\"article:modified_time\" content=\"2025-06-26T08:21:46+00:00\" \/>\n<meta property=\"og:image\" content=\"https:\/\/www.nettali.com\/wp-content\/uploads\/2025\/06\/Diouf-Macky-Wade.jpg\" \/>\n\t<meta property=\"og:image:width\" content=\"1100\" \/>\n\t<meta property=\"og:image:height\" content=\"642\" \/>\n<meta name=\"twitter:card\" content=\"summary_large_image\" \/>\n<meta name=\"twitter:label1\" content=\"\u00c9crit par\" \/>\n\t<meta name=\"twitter:data1\" content=\"Daouda\" \/>\n\t<meta name=\"twitter:label2\" content=\"Dur\u00e9e de lecture estim\u00e9e\" \/>\n\t<meta name=\"twitter:data2\" content=\"2 minutes\" \/>\n<script type=\"application\/ld+json\" class=\"yoast-schema-graph\">{\"@context\":\"https:\/\/schema.org\",\"@graph\":[{\"@type\":\"WebSite\",\"@id\":\"https:\/\/www.nettali.com\/#website\",\"url\":\"https:\/\/www.nettali.com\/\",\"name\":\"Nettali.com\",\"description\":\"Le rendez-vous critique du Net\",\"potentialAction\":[{\"@type\":\"SearchAction\",\"target\":{\"@type\":\"EntryPoint\",\"urlTemplate\":\"https:\/\/www.nettali.com\/?s={search_term_string}\"},\"query-input\":\"required name=search_term_string\"}],\"inLanguage\":\"fr-FR\"},{\"@type\":\"ImageObject\",\"@id\":\"https:\/\/www.nettali.com\/2025\/06\/24\/coup-de-gueule-trois-anciens-presidents-un-immense-gachis-pour-la-memoire-nationale\/#primaryimage\",\"inLanguage\":\"fr-FR\",\"url\":\"https:\/\/www.nettali.com\/wp-content\/uploads\/2025\/06\/Diouf-Macky-Wade.jpg\",\"contentUrl\":\"https:\/\/www.nettali.com\/wp-content\/uploads\/2025\/06\/Diouf-Macky-Wade.jpg\",\"width\":1100,\"height\":642},{\"@type\":\"WebPage\",\"@id\":\"https:\/\/www.nettali.com\/2025\/06\/24\/coup-de-gueule-trois-anciens-presidents-un-immense-gachis-pour-la-memoire-nationale\/#webpage\",\"url\":\"https:\/\/www.nettali.com\/2025\/06\/24\/coup-de-gueule-trois-anciens-presidents-un-immense-gachis-pour-la-memoire-nationale\/\",\"name\":\"COUP DE GUEULE - Trois anciens Pr\\u00e9sidents, un immense g\\u00e2chis pour la m\\u00e9moire nationale | Nettali.com\",\"isPartOf\":{\"@id\":\"https:\/\/www.nettali.com\/#website\"},\"primaryImageOfPage\":{\"@id\":\"https:\/\/www.nettali.com\/2025\/06\/24\/coup-de-gueule-trois-anciens-presidents-un-immense-gachis-pour-la-memoire-nationale\/#primaryimage\"},\"datePublished\":\"2025-06-24T13:28:14+00:00\",\"dateModified\":\"2025-06-26T08:21:46+00:00\",\"author\":{\"@id\":\"https:\/\/www.nettali.com\/#\/schema\/person\/3317e0bb3aa1da309fbf7b2780901bf4\"},\"breadcrumb\":{\"@id\":\"https:\/\/www.nettali.com\/2025\/06\/24\/coup-de-gueule-trois-anciens-presidents-un-immense-gachis-pour-la-memoire-nationale\/#breadcrumb\"},\"inLanguage\":\"fr-FR\",\"potentialAction\":[{\"@type\":\"ReadAction\",\"target\":[\"https:\/\/www.nettali.com\/2025\/06\/24\/coup-de-gueule-trois-anciens-presidents-un-immense-gachis-pour-la-memoire-nationale\/\"]}]},{\"@type\":\"BreadcrumbList\",\"@id\":\"https:\/\/www.nettali.com\/2025\/06\/24\/coup-de-gueule-trois-anciens-presidents-un-immense-gachis-pour-la-memoire-nationale\/#breadcrumb\",\"itemListElement\":[{\"@type\":\"ListItem\",\"position\":1,\"name\":\"Accueil\",\"item\":\"https:\/\/www.nettali.com\/\"},{\"@type\":\"ListItem\",\"position\":2,\"name\":\"COUP DE GUEULE - Trois anciens Pr\\u00e9sidents, un immense g\\u00e2chis pour la m\\u00e9moire nationale\"}]},{\"@type\":\"Person\",\"@id\":\"https:\/\/www.nettali.com\/#\/schema\/person\/3317e0bb3aa1da309fbf7b2780901bf4\",\"name\":\"Daouda\",\"image\":{\"@type\":\"ImageObject\",\"@id\":\"https:\/\/www.nettali.com\/#personlogo\",\"inLanguage\":\"fr-FR\",\"url\":\"https:\/\/secure.gravatar.com\/avatar\/8d143b5a49345098ddcfee1c49c2f47c?s=96&d=mm&r=g\",\"contentUrl\":\"https:\/\/secure.gravatar.com\/avatar\/8d143b5a49345098ddcfee1c49c2f47c?s=96&d=mm&r=g\",\"caption\":\"Daouda\"},\"sameAs\":[\"https:\/\/www.nettali.com\"]}]}<\/script>\n<!-- \/ Yoast SEO Premium plugin. -->","yoast_head_json":{"title":"COUP DE GUEULE - Trois anciens Pr\u00e9sidents, un immense g\u00e2chis pour la m\u00e9moire nationale | Nettali.com","robots":{"index":"index","follow":"follow","max-snippet":"max-snippet:-1","max-image-preview":"max-image-preview:large","max-video-preview":"max-video-preview:-1"},"canonical":"https:\/\/www.nettali.com\/2025\/06\/24\/coup-de-gueule-trois-anciens-presidents-un-immense-gachis-pour-la-memoire-nationale\/","og_locale":"fr_FR","og_type":"article","og_title":"COUP DE GUEULE - Trois anciens Pr\u00e9sidents, un immense g\u00e2chis pour la m\u00e9moire nationale","og_description":"NETTALI.COM - Le S\u00e9n\u00e9gal vit une situation in\u00e9dite : trois anciens Pr\u00e9sidents encore en vie \u2014 Abdou Diouf, Abdoulaye Wade et Macky Sall \u2014 repr\u00e9sentant ensemble 44 ann\u00e9es de pouvoir pr\u00e9sidentiel. S\u2019ajoute \u00e0 eux Moustapha Niasse, t\u00e9moin privil\u00e9gi\u00e9 de toutes les r\u00e9publiques s\u00e9n\u00e9galaises et compagnon de route de leaders africains et internationaux. Pourtant, cette richesse [&hellip;]","og_url":"https:\/\/www.nettali.com\/2025\/06\/24\/coup-de-gueule-trois-anciens-presidents-un-immense-gachis-pour-la-memoire-nationale\/","og_site_name":"Nettali.com","article_publisher":"https:\/\/www.facebook.com\/nettalicom","article_published_time":"2025-06-24T13:28:14+00:00","article_modified_time":"2025-06-26T08:21:46+00:00","og_image":[{"width":1100,"height":642,"url":"https:\/\/www.nettali.com\/wp-content\/uploads\/2025\/06\/Diouf-Macky-Wade.jpg","type":"image\/jpeg"}],"twitter_card":"summary_large_image","twitter_misc":{"\u00c9crit par":"Daouda","Dur\u00e9e de lecture estim\u00e9e":"2 minutes"},"schema":{"@context":"https:\/\/schema.org","@graph":[{"@type":"WebSite","@id":"https:\/\/www.nettali.com\/#website","url":"https:\/\/www.nettali.com\/","name":"Nettali.com","description":"Le rendez-vous critique du Net","potentialAction":[{"@type":"SearchAction","target":{"@type":"EntryPoint","urlTemplate":"https:\/\/www.nettali.com\/?s={search_term_string}"},"query-input":"required name=search_term_string"}],"inLanguage":"fr-FR"},{"@type":"ImageObject","@id":"https:\/\/www.nettali.com\/2025\/06\/24\/coup-de-gueule-trois-anciens-presidents-un-immense-gachis-pour-la-memoire-nationale\/#primaryimage","inLanguage":"fr-FR","url":"https:\/\/www.nettali.com\/wp-content\/uploads\/2025\/06\/Diouf-Macky-Wade.jpg","contentUrl":"https:\/\/www.nettali.com\/wp-content\/uploads\/2025\/06\/Diouf-Macky-Wade.jpg","width":1100,"height":642},{"@type":"WebPage","@id":"https:\/\/www.nettali.com\/2025\/06\/24\/coup-de-gueule-trois-anciens-presidents-un-immense-gachis-pour-la-memoire-nationale\/#webpage","url":"https:\/\/www.nettali.com\/2025\/06\/24\/coup-de-gueule-trois-anciens-presidents-un-immense-gachis-pour-la-memoire-nationale\/","name":"COUP DE GUEULE - Trois anciens Pr\u00e9sidents, un immense g\u00e2chis pour la m\u00e9moire nationale | Nettali.com","isPartOf":{"@id":"https:\/\/www.nettali.com\/#website"},"primaryImageOfPage":{"@id":"https:\/\/www.nettali.com\/2025\/06\/24\/coup-de-gueule-trois-anciens-presidents-un-immense-gachis-pour-la-memoire-nationale\/#primaryimage"},"datePublished":"2025-06-24T13:28:14+00:00","dateModified":"2025-06-26T08:21:46+00:00","author":{"@id":"https:\/\/www.nettali.com\/#\/schema\/person\/3317e0bb3aa1da309fbf7b2780901bf4"},"breadcrumb":{"@id":"https:\/\/www.nettali.com\/2025\/06\/24\/coup-de-gueule-trois-anciens-presidents-un-immense-gachis-pour-la-memoire-nationale\/#breadcrumb"},"inLanguage":"fr-FR","potentialAction":[{"@type":"ReadAction","target":["https:\/\/www.nettali.com\/2025\/06\/24\/coup-de-gueule-trois-anciens-presidents-un-immense-gachis-pour-la-memoire-nationale\/"]}]},{"@type":"BreadcrumbList","@id":"https:\/\/www.nettali.com\/2025\/06\/24\/coup-de-gueule-trois-anciens-presidents-un-immense-gachis-pour-la-memoire-nationale\/#breadcrumb","itemListElement":[{"@type":"ListItem","position":1,"name":"Accueil","item":"https:\/\/www.nettali.com\/"},{"@type":"ListItem","position":2,"name":"COUP DE GUEULE - Trois anciens Pr\u00e9sidents, un immense g\u00e2chis pour la m\u00e9moire nationale"}]},{"@type":"Person","@id":"https:\/\/www.nettali.com\/#\/schema\/person\/3317e0bb3aa1da309fbf7b2780901bf4","name":"Daouda","image":{"@type":"ImageObject","@id":"https:\/\/www.nettali.com\/#personlogo","inLanguage":"fr-FR","url":"https:\/\/secure.gravatar.com\/avatar\/8d143b5a49345098ddcfee1c49c2f47c?s=96&d=mm&r=g","contentUrl":"https:\/\/secure.gravatar.com\/avatar\/8d143b5a49345098ddcfee1c49c2f47c?s=96&d=mm&r=g","caption":"Daouda"},"sameAs":["https:\/\/www.nettali.com"]}]}},"_links":{"self":[{"href":"https:\/\/www.nettali.com\/rest\/wp\/v2\/posts\/156365"}],"collection":[{"href":"https:\/\/www.nettali.com\/rest\/wp\/v2\/posts"}],"about":[{"href":"https:\/\/www.nettali.com\/rest\/wp\/v2\/types\/post"}],"author":[{"embeddable":true,"href":"https:\/\/www.nettali.com\/rest\/wp\/v2\/users\/4"}],"replies":[{"embeddable":true,"href":"https:\/\/www.nettali.com\/rest\/wp\/v2\/comments?post=156365"}],"version-history":[{"count":1,"href":"https:\/\/www.nettali.com\/rest\/wp\/v2\/posts\/156365\/revisions"}],"predecessor-version":[{"id":156366,"href":"https:\/\/www.nettali.com\/rest\/wp\/v2\/posts\/156365\/revisions\/156366"}],"wp:featuredmedia":[{"embeddable":true,"href":"https:\/\/www.nettali.com\/rest\/wp\/v2\/media\/156384"}],"wp:attachment":[{"href":"https:\/\/www.nettali.com\/rest\/wp\/v2\/media?parent=156365"}],"wp:term":[{"taxonomy":"category","embeddable":true,"href":"https:\/\/www.nettali.com\/rest\/wp\/v2\/categories?post=156365"},{"taxonomy":"post_tag","embeddable":true,"href":"https:\/\/www.nettali.com\/rest\/wp\/v2\/tags?post=156365"}],"curies":[{"name":"wp","href":"https:\/\/api.w.org\/{rel}","templated":true}]}}