{"id":156359,"date":"2025-06-24T07:26:50","date_gmt":"2025-06-24T07:26:50","guid":{"rendered":"https:\/\/www.nettali.com\/?p=156359"},"modified":"2025-06-24T07:26:50","modified_gmt":"2025-06-24T07:26:50","slug":"en-coulisses-declaration-complete-du-gouvernement-israelien-confirmant-le-cessez-le-feu","status":"publish","type":"post","link":"https:\/\/www.nettali.com\/2025\/06\/24\/en-coulisses-declaration-complete-du-gouvernement-israelien-confirmant-le-cessez-le-feu\/","title":{"rendered":"EN COULISSES - D\u00e9claration compl\u00e8te du gouvernement isra\u00e9lien confirmant le cessez-le-feu\u00a0"},"content":{"rendered":"<div class=\"xdj266r x14z9mp xat24cr x1lziwak x1vvkbs x126k92a\">\n<div dir=\"auto\"><strong>NETTALI.COM - Hier soir, le Premier ministre Benjamin Netanyahou a r\u00e9uni le cabinet, le ministre de la D\u00e9fense, le chef d\u2019\u00e9tat-major et le chef du Mossad, pour annoncer qu\u2019Isra\u00ebl avait atteint tous les objectifs de l\u2019op\u00e9ration \u00ab Am Kalavi \u00bb, et m\u00eame bien plus.<\/strong><\/div>\n<\/div>\n<div class=\"x14z9mp xat24cr x1lziwak x1vvkbs xtlvy1s x126k92a\">\n<div dir=\"auto\">Isra\u00ebl a \u00e9limin\u00e9 une double menace existentielle imm\u00e9diate : dans le domaine nucl\u00e9aire et dans le domaine des missiles balistiques.<\/div>\n<div dir=\"auto\">De plus, Tsahal a obtenu un contr\u00f4le a\u00e9rien complet du ciel de T\u00e9h\u00e9ran, inflig\u00e9 de graves dommages aux dirigeants militaires et d\u00e9truit des dizaines de cibles du gouvernement iranien central.<\/div>\n<\/div>\n<div class=\"x14z9mp xat24cr x1lziwak x1vvkbs xtlvy1s x126k92a\">\n<div dir=\"auto\">Au cours des derni\u00e8res 24 heures, Tsahal a \u00e9galement frapp\u00e9 violemment des cibles gouvernementales au c\u0153ur de T\u00e9h\u00e9ran, \u00e9liminant des centaines d\u2019agents du Bassidj \u2013 le m\u00e9canisme de r\u00e9pression du r\u00e9gime terroriste\u2013 et un autre scientifique nucl\u00e9aire de haut rang.<\/div>\n<\/div>\n<div class=\"x14z9mp xat24cr x1lziwak x1vvkbs xtlvy1s x126k92a\">\n<div dir=\"auto\">Isra\u00ebl remercie le pr\u00e9sident Trump et les \u00c9tats-Unis pour leur soutien en mati\u00e8re de d\u00e9fense et leur participation \u00e0 l'\u00e9limination de la menace nucl\u00e9aire iranienne.<\/div>\n<\/div>\n<div class=\"x14z9mp xat24cr x1lziwak x1vvkbs xtlvy1s x126k92a\">\n<div dir=\"auto\">Compte tenu de la r\u00e9alisation des objectifs de l'op\u00e9ration, et en pleine coordination avec le pr\u00e9sident Trump, Isra\u00ebl a accept\u00e9 la proposition du pr\u00e9sident d'un cessez-le-feu bilat\u00e9ral.<\/div>\n<\/div>\n<div class=\"x14z9mp xat24cr x1lziwak x1vvkbs xtlvy1s x126k92a\">\n<div dir=\"auto\">Isra\u00ebl r\u00e9agira avec force \u00e0 toute violation du cessez-le-feu.<\/div>\n<\/div>\n<div class=\"x14z9mp xat24cr x1lziwak x1vvkbs xtlvy1s x126k92a\">\n<div dir=\"auto\">Les citoyens isra\u00e9liens doivent continuer \u00e0 respecter les instructions du Commandement du front int\u00e9rieur jusqu'\u00e0 ce que le respect total du cessez-le-feu soit confirm\u00e9.<\/div>\n<\/div>\n<div class=\"x14z9mp xat24cr x1lziwak x1vvkbs xtlvy1s x126k92a\">\n<div dir=\"auto\">Nous sommes de tout c\u0153ur avec les familles qui ont perdu leurs proches et adressons nos v\u0153ux de r\u00e9tablissement complet aux bless\u00e9s.<\/div>\n<\/div>\n<div class=\"x14z9mp xat24cr x1lziwak x1vvkbs xtlvy1s x126k92a\">\n<div dir=\"auto\">*Lors de l'op\u00e9ration \u00ab Am Kalavi \u00bb, l'\u00c9tat d'Isra\u00ebl a accompli de grandes r\u00e9alisations historiques et s'est plac\u00e9 sur un pied d'\u00e9galit\u00e9 avec les puissances mondiales.*<\/div>\n<\/div>\n<div class=\"x14z9mp xat24cr x1lziwak x1vvkbs xtlvy1s x126k92a\">\n<div dir=\"auto\">*Il s'agit d'un immense succ\u00e8s pour le peuple d'Isra\u00ebl et ses combattants, qui ont \u00e9limin\u00e9 deux menaces existentielles pesant sur notre \u00c9tat et assur\u00e9 l'\u00e9ternit\u00e9 d'Isra\u00ebl.*<\/div>\n<\/div>\n<div class=\"x14z9mp xat24cr x1lziwak x1vvkbs xtlvy1s x126k92a\">\n<div dir=\"auto\">Le Premier ministre fera une d\u00e9claration plus tard dans la journ\u00e9e.<\/div>\n<\/div>\n<div class='share-to-whatsapp-wrapper'><div class='share-on-whsp'>PARTAGER SUR : <\/div><a data-text='EN COULISSES - D\u00e9claration compl\u00e8te du gouvernement isra\u00e9lien confirmant le cessez-le-feu\u00a0' data-link='https:\/\/www.nettali.com\/2025\/06\/24\/en-coulisses-declaration-complete-du-gouvernement-israelien-confirmant-le-cessez-le-feu\/' class='whatsapp-button whatsapp-share'>WhatsApp<\/a><div class='clear '><\/div><\/div>","protected":false},"excerpt":{"rendered":"<p>NETTALI.COM - Hier soir, le Premier ministre Benjamin Netanyahou a r\u00e9uni le cabinet, le ministre de la D\u00e9fense, le chef d\u2019\u00e9tat-major et le chef du Mossad, pour annoncer qu\u2019Isra\u00ebl avait atteint tous les objectifs de l\u2019op\u00e9ration \u00ab Am Kalavi \u00bb, et m\u00eame bien plus. Isra\u00ebl a \u00e9limin\u00e9 une double menace existentielle imm\u00e9diate : dans le [&hellip;]<\/p>\n","protected":false},"author":4,"featured_media":156360,"comment_status":"open","ping_status":"open","sticky":false,"template":"","format":"standard","meta":{"_et_pb_use_builder":"","_et_pb_old_content":""},"categories":[8],"tags":[],"yoast_head":"<!-- This site is optimized with the Yoast SEO Premium plugin v17.8 (Yoast SEO v17.8) - https:\/\/yoast.com\/wordpress\/plugins\/seo\/ -->\n<title>EN COULISSES - D\u00e9claration compl\u00e8te du gouvernement isra\u00e9lien confirmant le cessez-le-feu\u00a0 | Nettali.com<\/title>\n<meta name=\"robots\" content=\"index, follow, max-snippet:-1, max-image-preview:large, max-video-preview:-1\" \/>\n<link rel=\"canonical\" href=\"https:\/\/www.nettali.com\/2025\/06\/24\/en-coulisses-declaration-complete-du-gouvernement-israelien-confirmant-le-cessez-le-feu\/\" \/>\n<meta property=\"og:locale\" content=\"fr_FR\" \/>\n<meta property=\"og:type\" content=\"article\" \/>\n<meta property=\"og:title\" content=\"EN COULISSES - D\u00e9claration compl\u00e8te du gouvernement isra\u00e9lien confirmant le cessez-le-feu\u00a0\" \/>\n<meta property=\"og:description\" content=\"NETTALI.COM - Hier soir, le Premier ministre Benjamin Netanyahou a r\u00e9uni le cabinet, le ministre de la D\u00e9fense, le chef d\u2019\u00e9tat-major et le chef du Mossad, pour annoncer qu\u2019Isra\u00ebl avait atteint tous les objectifs de l\u2019op\u00e9ration \u00ab Am Kalavi \u00bb, et m\u00eame bien plus. Isra\u00ebl a \u00e9limin\u00e9 une double menace existentielle imm\u00e9diate : dans le [&hellip;]\" \/>\n<meta property=\"og:url\" content=\"https:\/\/www.nettali.com\/2025\/06\/24\/en-coulisses-declaration-complete-du-gouvernement-israelien-confirmant-le-cessez-le-feu\/\" \/>\n<meta property=\"og:site_name\" content=\"Nettali.com\" \/>\n<meta property=\"article:publisher\" content=\"https:\/\/www.facebook.com\/nettalicom\" \/>\n<meta property=\"article:published_time\" content=\"2025-06-24T07:26:50+00:00\" \/>\n<meta property=\"og:image\" content=\"https:\/\/www.nettali.com\/wp-content\/uploads\/2025\/06\/guerre-scaled.jpg\" \/>\n\t<meta property=\"og:image:width\" content=\"2560\" \/>\n\t<meta property=\"og:image:height\" content=\"1707\" \/>\n<meta name=\"twitter:card\" content=\"summary_large_image\" \/>\n<meta name=\"twitter:label1\" content=\"\u00c9crit par\" \/>\n\t<meta name=\"twitter:data1\" content=\"Daouda\" \/>\n\t<meta name=\"twitter:label2\" content=\"Dur\u00e9e de lecture estim\u00e9e\" \/>\n\t<meta name=\"twitter:data2\" content=\"2 minutes\" \/>\n<script type=\"application\/ld+json\" class=\"yoast-schema-graph\">{\"@context\":\"https:\/\/schema.org\",\"@graph\":[{\"@type\":\"WebSite\",\"@id\":\"https:\/\/www.nettali.com\/#website\",\"url\":\"https:\/\/www.nettali.com\/\",\"name\":\"Nettali.com\",\"description\":\"Le rendez-vous critique du Net\",\"potentialAction\":[{\"@type\":\"SearchAction\",\"target\":{\"@type\":\"EntryPoint\",\"urlTemplate\":\"https:\/\/www.nettali.com\/?s={search_term_string}\"},\"query-input\":\"required name=search_term_string\"}],\"inLanguage\":\"fr-FR\"},{\"@type\":\"ImageObject\",\"@id\":\"https:\/\/www.nettali.com\/2025\/06\/24\/en-coulisses-declaration-complete-du-gouvernement-israelien-confirmant-le-cessez-le-feu\/#primaryimage\",\"inLanguage\":\"fr-FR\",\"url\":\"https:\/\/www.nettali.com\/wp-content\/uploads\/2025\/06\/guerre-scaled.jpg\",\"contentUrl\":\"https:\/\/www.nettali.com\/wp-content\/uploads\/2025\/06\/guerre-scaled.jpg\",\"width\":2560,\"height\":1707,\"caption\":\"Iranian attend the funeral procession for seven Islamic Revolutionary Guard Corps members killed in a strike in Syria, which Iran blamed on Israel, in Tehran on April 5, 2024. The Guards, including two generals, were killed in the air strike on April 1, which levelled the Iranian embassy's consular annex in Damascus. The funeral ceremony coincides with the annual Quds (Jerusalem) Day commemorations, when Iran and its allies stage marches in support of the Palestinians. (Photo by ATTA KENARE \/ AFP)\"},{\"@type\":\"WebPage\",\"@id\":\"https:\/\/www.nettali.com\/2025\/06\/24\/en-coulisses-declaration-complete-du-gouvernement-israelien-confirmant-le-cessez-le-feu\/#webpage\",\"url\":\"https:\/\/www.nettali.com\/2025\/06\/24\/en-coulisses-declaration-complete-du-gouvernement-israelien-confirmant-le-cessez-le-feu\/\",\"name\":\"EN COULISSES - D\\u00e9claration compl\\u00e8te du gouvernement isra\\u00e9lien confirmant le cessez-le-feu\\u00a0 | Nettali.com\",\"isPartOf\":{\"@id\":\"https:\/\/www.nettali.com\/#website\"},\"primaryImageOfPage\":{\"@id\":\"https:\/\/www.nettali.com\/2025\/06\/24\/en-coulisses-declaration-complete-du-gouvernement-israelien-confirmant-le-cessez-le-feu\/#primaryimage\"},\"datePublished\":\"2025-06-24T07:26:50+00:00\",\"dateModified\":\"2025-06-24T07:26:50+00:00\",\"author\":{\"@id\":\"https:\/\/www.nettali.com\/#\/schema\/person\/3317e0bb3aa1da309fbf7b2780901bf4\"},\"breadcrumb\":{\"@id\":\"https:\/\/www.nettali.com\/2025\/06\/24\/en-coulisses-declaration-complete-du-gouvernement-israelien-confirmant-le-cessez-le-feu\/#breadcrumb\"},\"inLanguage\":\"fr-FR\",\"potentialAction\":[{\"@type\":\"ReadAction\",\"target\":[\"https:\/\/www.nettali.com\/2025\/06\/24\/en-coulisses-declaration-complete-du-gouvernement-israelien-confirmant-le-cessez-le-feu\/\"]}]},{\"@type\":\"BreadcrumbList\",\"@id\":\"https:\/\/www.nettali.com\/2025\/06\/24\/en-coulisses-declaration-complete-du-gouvernement-israelien-confirmant-le-cessez-le-feu\/#breadcrumb\",\"itemListElement\":[{\"@type\":\"ListItem\",\"position\":1,\"name\":\"Accueil\",\"item\":\"https:\/\/www.nettali.com\/\"},{\"@type\":\"ListItem\",\"position\":2,\"name\":\"EN COULISSES - D\\u00e9claration compl\\u00e8te du gouvernement isra\\u00e9lien confirmant le cessez-le-feu\\u00a0\"}]},{\"@type\":\"Person\",\"@id\":\"https:\/\/www.nettali.com\/#\/schema\/person\/3317e0bb3aa1da309fbf7b2780901bf4\",\"name\":\"Daouda\",\"image\":{\"@type\":\"ImageObject\",\"@id\":\"https:\/\/www.nettali.com\/#personlogo\",\"inLanguage\":\"fr-FR\",\"url\":\"https:\/\/secure.gravatar.com\/avatar\/8d143b5a49345098ddcfee1c49c2f47c?s=96&d=mm&r=g\",\"contentUrl\":\"https:\/\/secure.gravatar.com\/avatar\/8d143b5a49345098ddcfee1c49c2f47c?s=96&d=mm&r=g\",\"caption\":\"Daouda\"},\"sameAs\":[\"https:\/\/www.nettali.com\"]}]}<\/script>\n<!-- \/ Yoast SEO Premium plugin. -->","yoast_head_json":{"title":"EN COULISSES - D\u00e9claration compl\u00e8te du gouvernement isra\u00e9lien confirmant le cessez-le-feu\u00a0 | Nettali.com","robots":{"index":"index","follow":"follow","max-snippet":"max-snippet:-1","max-image-preview":"max-image-preview:large","max-video-preview":"max-video-preview:-1"},"canonical":"https:\/\/www.nettali.com\/2025\/06\/24\/en-coulisses-declaration-complete-du-gouvernement-israelien-confirmant-le-cessez-le-feu\/","og_locale":"fr_FR","og_type":"article","og_title":"EN COULISSES - D\u00e9claration compl\u00e8te du gouvernement isra\u00e9lien confirmant le cessez-le-feu\u00a0","og_description":"NETTALI.COM - Hier soir, le Premier ministre Benjamin Netanyahou a r\u00e9uni le cabinet, le ministre de la D\u00e9fense, le chef d\u2019\u00e9tat-major et le chef du Mossad, pour annoncer qu\u2019Isra\u00ebl avait atteint tous les objectifs de l\u2019op\u00e9ration \u00ab Am Kalavi \u00bb, et m\u00eame bien plus. Isra\u00ebl a \u00e9limin\u00e9 une double menace existentielle imm\u00e9diate : dans le [&hellip;]","og_url":"https:\/\/www.nettali.com\/2025\/06\/24\/en-coulisses-declaration-complete-du-gouvernement-israelien-confirmant-le-cessez-le-feu\/","og_site_name":"Nettali.com","article_publisher":"https:\/\/www.facebook.com\/nettalicom","article_published_time":"2025-06-24T07:26:50+00:00","og_image":[{"width":2560,"height":1707,"url":"https:\/\/www.nettali.com\/wp-content\/uploads\/2025\/06\/guerre-scaled.jpg","type":"image\/jpeg"}],"twitter_card":"summary_large_image","twitter_misc":{"\u00c9crit par":"Daouda","Dur\u00e9e de lecture estim\u00e9e":"2 minutes"},"schema":{"@context":"https:\/\/schema.org","@graph":[{"@type":"WebSite","@id":"https:\/\/www.nettali.com\/#website","url":"https:\/\/www.nettali.com\/","name":"Nettali.com","description":"Le rendez-vous critique du Net","potentialAction":[{"@type":"SearchAction","target":{"@type":"EntryPoint","urlTemplate":"https:\/\/www.nettali.com\/?s={search_term_string}"},"query-input":"required name=search_term_string"}],"inLanguage":"fr-FR"},{"@type":"ImageObject","@id":"https:\/\/www.nettali.com\/2025\/06\/24\/en-coulisses-declaration-complete-du-gouvernement-israelien-confirmant-le-cessez-le-feu\/#primaryimage","inLanguage":"fr-FR","url":"https:\/\/www.nettali.com\/wp-content\/uploads\/2025\/06\/guerre-scaled.jpg","contentUrl":"https:\/\/www.nettali.com\/wp-content\/uploads\/2025\/06\/guerre-scaled.jpg","width":2560,"height":1707,"caption":"Iranian attend the funeral procession for seven Islamic Revolutionary Guard Corps members killed in a strike in Syria, which Iran blamed on Israel, in Tehran on April 5, 2024. The Guards, including two generals, were killed in the air strike on April 1, which levelled the Iranian embassy's consular annex in Damascus. The funeral ceremony coincides with the annual Quds (Jerusalem) Day commemorations, when Iran and its allies stage marches in support of the Palestinians. (Photo by ATTA KENARE \/ AFP)"},{"@type":"WebPage","@id":"https:\/\/www.nettali.com\/2025\/06\/24\/en-coulisses-declaration-complete-du-gouvernement-israelien-confirmant-le-cessez-le-feu\/#webpage","url":"https:\/\/www.nettali.com\/2025\/06\/24\/en-coulisses-declaration-complete-du-gouvernement-israelien-confirmant-le-cessez-le-feu\/","name":"EN COULISSES - D\u00e9claration compl\u00e8te du gouvernement isra\u00e9lien confirmant le cessez-le-feu\u00a0 | Nettali.com","isPartOf":{"@id":"https:\/\/www.nettali.com\/#website"},"primaryImageOfPage":{"@id":"https:\/\/www.nettali.com\/2025\/06\/24\/en-coulisses-declaration-complete-du-gouvernement-israelien-confirmant-le-cessez-le-feu\/#primaryimage"},"datePublished":"2025-06-24T07:26:50+00:00","dateModified":"2025-06-24T07:26:50+00:00","author":{"@id":"https:\/\/www.nettali.com\/#\/schema\/person\/3317e0bb3aa1da309fbf7b2780901bf4"},"breadcrumb":{"@id":"https:\/\/www.nettali.com\/2025\/06\/24\/en-coulisses-declaration-complete-du-gouvernement-israelien-confirmant-le-cessez-le-feu\/#breadcrumb"},"inLanguage":"fr-FR","potentialAction":[{"@type":"ReadAction","target":["https:\/\/www.nettali.com\/2025\/06\/24\/en-coulisses-declaration-complete-du-gouvernement-israelien-confirmant-le-cessez-le-feu\/"]}]},{"@type":"BreadcrumbList","@id":"https:\/\/www.nettali.com\/2025\/06\/24\/en-coulisses-declaration-complete-du-gouvernement-israelien-confirmant-le-cessez-le-feu\/#breadcrumb","itemListElement":[{"@type":"ListItem","position":1,"name":"Accueil","item":"https:\/\/www.nettali.com\/"},{"@type":"ListItem","position":2,"name":"EN COULISSES - D\u00e9claration compl\u00e8te du gouvernement isra\u00e9lien confirmant le cessez-le-feu\u00a0"}]},{"@type":"Person","@id":"https:\/\/www.nettali.com\/#\/schema\/person\/3317e0bb3aa1da309fbf7b2780901bf4","name":"Daouda","image":{"@type":"ImageObject","@id":"https:\/\/www.nettali.com\/#personlogo","inLanguage":"fr-FR","url":"https:\/\/secure.gravatar.com\/avatar\/8d143b5a49345098ddcfee1c49c2f47c?s=96&d=mm&r=g","contentUrl":"https:\/\/secure.gravatar.com\/avatar\/8d143b5a49345098ddcfee1c49c2f47c?s=96&d=mm&r=g","caption":"Daouda"},"sameAs":["https:\/\/www.nettali.com"]}]}},"_links":{"self":[{"href":"https:\/\/www.nettali.com\/rest\/wp\/v2\/posts\/156359"}],"collection":[{"href":"https:\/\/www.nettali.com\/rest\/wp\/v2\/posts"}],"about":[{"href":"https:\/\/www.nettali.com\/rest\/wp\/v2\/types\/post"}],"author":[{"embeddable":true,"href":"https:\/\/www.nettali.com\/rest\/wp\/v2\/users\/4"}],"replies":[{"embeddable":true,"href":"https:\/\/www.nettali.com\/rest\/wp\/v2\/comments?post=156359"}],"version-history":[{"count":1,"href":"https:\/\/www.nettali.com\/rest\/wp\/v2\/posts\/156359\/revisions"}],"predecessor-version":[{"id":156361,"href":"https:\/\/www.nettali.com\/rest\/wp\/v2\/posts\/156359\/revisions\/156361"}],"wp:featuredmedia":[{"embeddable":true,"href":"https:\/\/www.nettali.com\/rest\/wp\/v2\/media\/156360"}],"wp:attachment":[{"href":"https:\/\/www.nettali.com\/rest\/wp\/v2\/media?parent=156359"}],"wp:term":[{"taxonomy":"category","embeddable":true,"href":"https:\/\/www.nettali.com\/rest\/wp\/v2\/categories?post=156359"},{"taxonomy":"post_tag","embeddable":true,"href":"https:\/\/www.nettali.com\/rest\/wp\/v2\/tags?post=156359"}],"curies":[{"name":"wp","href":"https:\/\/api.w.org\/{rel}","templated":true}]}}