{"id":156342,"date":"2025-06-24T06:50:50","date_gmt":"2025-06-24T06:50:50","guid":{"rendered":"https:\/\/www.nettali.com\/?p=156342"},"modified":"2025-06-24T06:50:50","modified_gmt":"2025-06-24T06:50:50","slug":"sortie-de-olivier-boucal-qualifiant-de-chantage-leur-greve-le-sytjust-et-luntj-parlent-dune-appreciation-indigne-dun-responsable-detat","status":"publish","type":"post","link":"https:\/\/www.nettali.com\/2025\/06\/24\/sortie-de-olivier-boucal-qualifiant-de-chantage-leur-greve-le-sytjust-et-luntj-parlent-dune-appreciation-indigne-dun-responsable-detat\/","title":{"rendered":"SORTIE DE OLIVIER BOUCAL QUALIFIANT DE CHANTAGE LEUR GR\u00c8VE- Le Sytjust et l\u2019Untj  parlent d\u2019une \"appr\u00e9ciation indigne d\u2019un responsable d\u2019\u00c9tat \"-"},"content":{"rendered":"<p><strong>NETTALI.COM- Le Syndicat des travailleurs de la Justice (Sytjust)\u00a0 et l\u2019Union nationale des travailleurs de la Justice ( Untj) r\u00e9agissent aux propos du ministre de la Fonction publique et de la R\u00e9forme du Service public qualifiant leur gr\u00e8ve de chantage. Les syndicalistes parlent d\u2019une appr\u00e9ciation, indigne d\u2019un responsable d\u2019\u00c9tat.\u00a0<\/strong><\/p>\n<p>Les travailleurs de la Justice sont tr\u00e8s remont\u00e9s contre le ministre Olivier Boucal. Dans un communiqu\u00e9, le Syndicat des Travailleurs de la Justice ( Sytjust) et l\u2019Union nationale des travailleurs de la Justice ( Untj) disent avoir appris, avec \u00e9tonnement et regret, les d\u00e9clarations publiques du ministre de la Fonction publique et de la R\u00e9forme du Service public, qualifiant leur mouvement de gr\u00e8ve de \u00ab chantage \u00bb. Pour les syndicalistes, \u00ab <em>une telle appr\u00e9ciation, indigne d\u2019un responsable d\u2019\u00c9tat, est non seulement inacceptable mais aussi r\u00e9v\u00e9latrice d\u2019un profond malaise dans la gestion actuelle des conflits sociaux<\/em> \u00bb.<\/p>\n<p>\u00ab <em>Il est malvenu, pour une personnalit\u00e9 investie d\u2019une si haute responsabilit\u00e9, de porter un jugement aussi h\u00e2tif et r\u00e9ducteur sur une action syndicale l\u00e9gale et encadr\u00e9e par la Constitution de la R\u00e9publique du S\u00e9n\u00e9gal<\/em> \u00bb, d\u00e9noncent les syndicalistes.<\/p>\n<p>Pour eux, la qualification de \u00ab chantage \u00bb traduit une forme de l\u00e9g\u00e8ret\u00e9 dans l\u2019appr\u00e9ciation des causes profondes de la mobilisation et un manque manifeste de s\u00e9r\u00e9nit\u00e9. Elle jette, par ailleurs, \u00ab <em>le discr\u00e9dit sur la fonction minist\u00e9rielle, qui devrait se caract\u00e9riser par la mesure, l\u2019\u00e9l\u00e9gance dans l\u2019expression et le respect du dialogue social \u00bb<\/em><\/p>\n<p>Par ailleurs, les travailleurs de la Justice tiennent \u00e0 rappeler, \u00ab <em>avec la plus grande clart\u00e9, que la signature d\u2019un pacte de stabilit\u00e9 sociale ne constitue ni une suspension ni, a fortiori, une renonciation au droit de gr\u00e8ve \u00bb. Ce droit, fondamental, est garanti par la Constitution du S\u00e9n\u00e9gal et reconnu par les engagements internationaux de notre pays. Par ailleurs, le S\u00e9n\u00e9gal n\u2019en est pas \u00e0 sa premi\u00e8re exp\u00e9rience de pacte de stabilit\u00e9 : le Ministre devrait, en toute rigueur, relativiser ses certitudes \u00bb, <\/em>ajoutent les travailleurs.<\/p>\n<p>Exprimant leur col\u00e8re \u00e0 l\u2019endroit de Olivier Boucal, ils mart\u00e8lent :\u00ab <em>Plut\u00f4t que de multiplier les sorties inopportunes dans les m\u00e9dias, Monsieur le Ministre de la Fonction publique aurait mieux fait de convoquer, d\u00e8s r\u00e9ception des pr\u00e9avis de gr\u00e8ve en f\u00e9vrier 2025, une r\u00e9union de concertation entre le gouvernement et les syndicats du Minist\u00e8re de la Justice, notamment le SYTJUST et l\u2019UNTJ<\/em>. <em>C\u2019est \u00e0 cette hauteur de responsabilit\u00e9 que les S\u00e9n\u00e9galais attendent le membre du gouvernement charg\u00e9 de la gestion du dialogue social \u00bb.<\/em><\/p>\n<p>Pour finir, le Sytjust et l\u2019Untj r\u00e9affirment \u00ab <em>avec gravit\u00e9 et d\u00e9termination, leur attachement au respect des droits des travailleurs de la Justice, \u00e0 la dignit\u00e9 de leurs conditions de travail et \u00e0 la recherche de solutions constructives, dans l\u2019int\u00e9r\u00eat du service public de la Justice et de la stabilit\u00e9 sociale \u00bb.<\/em><\/p>\n<p>&nbsp;<\/p>\n<p>&nbsp;<\/p>\n<div class='share-to-whatsapp-wrapper'><div class='share-on-whsp'>PARTAGER SUR : <\/div><a data-text='SORTIE DE OLIVIER BOUCAL QUALIFIANT DE CHANTAGE LEUR GR\u00c8VE- Le Sytjust et l\u2019Untj  parlent d\u2019une \"appr\u00e9ciation indigne d\u2019un responsable d\u2019\u00c9tat \"-' data-link='https:\/\/www.nettali.com\/2025\/06\/24\/sortie-de-olivier-boucal-qualifiant-de-chantage-leur-greve-le-sytjust-et-luntj-parlent-dune-appreciation-indigne-dun-responsable-detat\/' class='whatsapp-button whatsapp-share'>WhatsApp<\/a><div class='clear '><\/div><\/div>","protected":false},"excerpt":{"rendered":"<p>NETTALI.COM- Le Syndicat des travailleurs de la Justice (Sytjust)\u00a0 et l\u2019Union nationale des travailleurs de la Justice ( Untj) r\u00e9agissent aux propos du ministre de la Fonction publique et de la R\u00e9forme du Service public qualifiant leur gr\u00e8ve de chantage. Les syndicalistes parlent d\u2019une appr\u00e9ciation, indigne d\u2019un responsable d\u2019\u00c9tat.\u00a0 Les travailleurs de la Justice sont [&hellip;]<\/p>\n","protected":false},"author":6,"featured_media":132417,"comment_status":"open","ping_status":"open","sticky":false,"template":"","format":"standard","meta":{"_et_pb_use_builder":"","_et_pb_old_content":""},"categories":[3],"tags":[],"yoast_head":"<!-- This site is optimized with the Yoast SEO Premium plugin v17.8 (Yoast SEO v17.8) - https:\/\/yoast.com\/wordpress\/plugins\/seo\/ -->\n<title>SORTIE DE OLIVIER BOUCAL QUALIFIANT DE CHANTAGE LEUR GR\u00c8VE- Le Sytjust et l\u2019Untj parlent d\u2019une &quot;appr\u00e9ciation indigne d\u2019un responsable d\u2019\u00c9tat &quot;- | Nettali.com<\/title>\n<meta name=\"robots\" content=\"index, follow, max-snippet:-1, max-image-preview:large, max-video-preview:-1\" \/>\n<link rel=\"canonical\" href=\"https:\/\/www.nettali.com\/2025\/06\/24\/sortie-de-olivier-boucal-qualifiant-de-chantage-leur-greve-le-sytjust-et-luntj-parlent-dune-appreciation-indigne-dun-responsable-detat\/\" \/>\n<meta property=\"og:locale\" content=\"fr_FR\" \/>\n<meta property=\"og:type\" content=\"article\" \/>\n<meta property=\"og:title\" content=\"SORTIE DE OLIVIER BOUCAL QUALIFIANT DE CHANTAGE LEUR GR\u00c8VE- Le Sytjust et l\u2019Untj parlent d\u2019une &quot;appr\u00e9ciation indigne d\u2019un responsable d\u2019\u00c9tat &quot;-\" \/>\n<meta property=\"og:description\" content=\"NETTALI.COM- Le Syndicat des travailleurs de la Justice (Sytjust)\u00a0 et l\u2019Union nationale des travailleurs de la Justice ( Untj) r\u00e9agissent aux propos du ministre de la Fonction publique et de la R\u00e9forme du Service public qualifiant leur gr\u00e8ve de chantage. Les syndicalistes parlent d\u2019une appr\u00e9ciation, indigne d\u2019un responsable d\u2019\u00c9tat.\u00a0 Les travailleurs de la Justice sont [&hellip;]\" \/>\n<meta property=\"og:url\" content=\"https:\/\/www.nettali.com\/2025\/06\/24\/sortie-de-olivier-boucal-qualifiant-de-chantage-leur-greve-le-sytjust-et-luntj-parlent-dune-appreciation-indigne-dun-responsable-detat\/\" \/>\n<meta property=\"og:site_name\" content=\"Nettali.com\" \/>\n<meta property=\"article:publisher\" content=\"https:\/\/www.facebook.com\/nettalicom\" \/>\n<meta property=\"article:published_time\" content=\"2025-06-24T06:50:50+00:00\" \/>\n<meta property=\"og:image\" content=\"https:\/\/www.nettali.com\/wp-content\/uploads\/2024\/04\/Olivier-Boucal.jpeg\" \/>\n\t<meta property=\"og:image:width\" content=\"1024\" \/>\n\t<meta property=\"og:image:height\" content=\"631\" \/>\n<meta name=\"twitter:card\" content=\"summary_large_image\" \/>\n<meta name=\"twitter:label1\" content=\"\u00c9crit par\" \/>\n\t<meta name=\"twitter:data1\" content=\"Fatou\" \/>\n\t<meta name=\"twitter:label2\" content=\"Dur\u00e9e de lecture estim\u00e9e\" \/>\n\t<meta name=\"twitter:data2\" content=\"3 minutes\" \/>\n<script type=\"application\/ld+json\" class=\"yoast-schema-graph\">{\"@context\":\"https:\/\/schema.org\",\"@graph\":[{\"@type\":\"WebSite\",\"@id\":\"https:\/\/www.nettali.com\/#website\",\"url\":\"https:\/\/www.nettali.com\/\",\"name\":\"Nettali.com\",\"description\":\"Le rendez-vous critique du Net\",\"potentialAction\":[{\"@type\":\"SearchAction\",\"target\":{\"@type\":\"EntryPoint\",\"urlTemplate\":\"https:\/\/www.nettali.com\/?s={search_term_string}\"},\"query-input\":\"required name=search_term_string\"}],\"inLanguage\":\"fr-FR\"},{\"@type\":\"ImageObject\",\"@id\":\"https:\/\/www.nettali.com\/2025\/06\/24\/sortie-de-olivier-boucal-qualifiant-de-chantage-leur-greve-le-sytjust-et-luntj-parlent-dune-appreciation-indigne-dun-responsable-detat\/#primaryimage\",\"inLanguage\":\"fr-FR\",\"url\":\"https:\/\/www.nettali.com\/wp-content\/uploads\/2024\/04\/Olivier-Boucal.jpeg\",\"contentUrl\":\"https:\/\/www.nettali.com\/wp-content\/uploads\/2024\/04\/Olivier-Boucal.jpeg\",\"width\":1024,\"height\":631},{\"@type\":\"WebPage\",\"@id\":\"https:\/\/www.nettali.com\/2025\/06\/24\/sortie-de-olivier-boucal-qualifiant-de-chantage-leur-greve-le-sytjust-et-luntj-parlent-dune-appreciation-indigne-dun-responsable-detat\/#webpage\",\"url\":\"https:\/\/www.nettali.com\/2025\/06\/24\/sortie-de-olivier-boucal-qualifiant-de-chantage-leur-greve-le-sytjust-et-luntj-parlent-dune-appreciation-indigne-dun-responsable-detat\/\",\"name\":\"SORTIE DE OLIVIER BOUCAL QUALIFIANT DE CHANTAGE LEUR GR\\u00c8VE- Le Sytjust et l\\u2019Untj parlent d\\u2019une \\\"appr\\u00e9ciation indigne d\\u2019un responsable d\\u2019\\u00c9tat \\\"- | Nettali.com\",\"isPartOf\":{\"@id\":\"https:\/\/www.nettali.com\/#website\"},\"primaryImageOfPage\":{\"@id\":\"https:\/\/www.nettali.com\/2025\/06\/24\/sortie-de-olivier-boucal-qualifiant-de-chantage-leur-greve-le-sytjust-et-luntj-parlent-dune-appreciation-indigne-dun-responsable-detat\/#primaryimage\"},\"datePublished\":\"2025-06-24T06:50:50+00:00\",\"dateModified\":\"2025-06-24T06:50:50+00:00\",\"author\":{\"@id\":\"https:\/\/www.nettali.com\/#\/schema\/person\/418274a86bdf87caff7a3ef476bd0bbf\"},\"breadcrumb\":{\"@id\":\"https:\/\/www.nettali.com\/2025\/06\/24\/sortie-de-olivier-boucal-qualifiant-de-chantage-leur-greve-le-sytjust-et-luntj-parlent-dune-appreciation-indigne-dun-responsable-detat\/#breadcrumb\"},\"inLanguage\":\"fr-FR\",\"potentialAction\":[{\"@type\":\"ReadAction\",\"target\":[\"https:\/\/www.nettali.com\/2025\/06\/24\/sortie-de-olivier-boucal-qualifiant-de-chantage-leur-greve-le-sytjust-et-luntj-parlent-dune-appreciation-indigne-dun-responsable-detat\/\"]}]},{\"@type\":\"BreadcrumbList\",\"@id\":\"https:\/\/www.nettali.com\/2025\/06\/24\/sortie-de-olivier-boucal-qualifiant-de-chantage-leur-greve-le-sytjust-et-luntj-parlent-dune-appreciation-indigne-dun-responsable-detat\/#breadcrumb\",\"itemListElement\":[{\"@type\":\"ListItem\",\"position\":1,\"name\":\"Accueil\",\"item\":\"https:\/\/www.nettali.com\/\"},{\"@type\":\"ListItem\",\"position\":2,\"name\":\"SORTIE DE OLIVIER BOUCAL QUALIFIANT DE CHANTAGE LEUR GR\\u00c8VE- Le Sytjust et l\\u2019Untj parlent d\\u2019une \\\"appr\\u00e9ciation indigne d\\u2019un responsable d\\u2019\\u00c9tat \\\"-\"}]},{\"@type\":\"Person\",\"@id\":\"https:\/\/www.nettali.com\/#\/schema\/person\/418274a86bdf87caff7a3ef476bd0bbf\",\"name\":\"Fatou\",\"image\":{\"@type\":\"ImageObject\",\"@id\":\"https:\/\/www.nettali.com\/#personlogo\",\"inLanguage\":\"fr-FR\",\"url\":\"https:\/\/secure.gravatar.com\/avatar\/5a9442a2bee7b4dcf167cab035858e9a?s=96&d=mm&r=g\",\"contentUrl\":\"https:\/\/secure.gravatar.com\/avatar\/5a9442a2bee7b4dcf167cab035858e9a?s=96&d=mm&r=g\",\"caption\":\"Fatou\"},\"sameAs\":[\"https:\/\/www.nettali.com\"]}]}<\/script>\n<!-- \/ Yoast SEO Premium plugin. -->","yoast_head_json":{"title":"SORTIE DE OLIVIER BOUCAL QUALIFIANT DE CHANTAGE LEUR GR\u00c8VE- Le Sytjust et l\u2019Untj parlent d\u2019une \"appr\u00e9ciation indigne d\u2019un responsable d\u2019\u00c9tat \"- | Nettali.com","robots":{"index":"index","follow":"follow","max-snippet":"max-snippet:-1","max-image-preview":"max-image-preview:large","max-video-preview":"max-video-preview:-1"},"canonical":"https:\/\/www.nettali.com\/2025\/06\/24\/sortie-de-olivier-boucal-qualifiant-de-chantage-leur-greve-le-sytjust-et-luntj-parlent-dune-appreciation-indigne-dun-responsable-detat\/","og_locale":"fr_FR","og_type":"article","og_title":"SORTIE DE OLIVIER BOUCAL QUALIFIANT DE CHANTAGE LEUR GR\u00c8VE- Le Sytjust et l\u2019Untj parlent d\u2019une \"appr\u00e9ciation indigne d\u2019un responsable d\u2019\u00c9tat \"-","og_description":"NETTALI.COM- Le Syndicat des travailleurs de la Justice (Sytjust)\u00a0 et l\u2019Union nationale des travailleurs de la Justice ( Untj) r\u00e9agissent aux propos du ministre de la Fonction publique et de la R\u00e9forme du Service public qualifiant leur gr\u00e8ve de chantage. Les syndicalistes parlent d\u2019une appr\u00e9ciation, indigne d\u2019un responsable d\u2019\u00c9tat.\u00a0 Les travailleurs de la Justice sont [&hellip;]","og_url":"https:\/\/www.nettali.com\/2025\/06\/24\/sortie-de-olivier-boucal-qualifiant-de-chantage-leur-greve-le-sytjust-et-luntj-parlent-dune-appreciation-indigne-dun-responsable-detat\/","og_site_name":"Nettali.com","article_publisher":"https:\/\/www.facebook.com\/nettalicom","article_published_time":"2025-06-24T06:50:50+00:00","og_image":[{"width":1024,"height":631,"url":"https:\/\/www.nettali.com\/wp-content\/uploads\/2024\/04\/Olivier-Boucal.jpeg","type":"image\/jpeg"}],"twitter_card":"summary_large_image","twitter_misc":{"\u00c9crit par":"Fatou","Dur\u00e9e de lecture estim\u00e9e":"3 minutes"},"schema":{"@context":"https:\/\/schema.org","@graph":[{"@type":"WebSite","@id":"https:\/\/www.nettali.com\/#website","url":"https:\/\/www.nettali.com\/","name":"Nettali.com","description":"Le rendez-vous critique du Net","potentialAction":[{"@type":"SearchAction","target":{"@type":"EntryPoint","urlTemplate":"https:\/\/www.nettali.com\/?s={search_term_string}"},"query-input":"required name=search_term_string"}],"inLanguage":"fr-FR"},{"@type":"ImageObject","@id":"https:\/\/www.nettali.com\/2025\/06\/24\/sortie-de-olivier-boucal-qualifiant-de-chantage-leur-greve-le-sytjust-et-luntj-parlent-dune-appreciation-indigne-dun-responsable-detat\/#primaryimage","inLanguage":"fr-FR","url":"https:\/\/www.nettali.com\/wp-content\/uploads\/2024\/04\/Olivier-Boucal.jpeg","contentUrl":"https:\/\/www.nettali.com\/wp-content\/uploads\/2024\/04\/Olivier-Boucal.jpeg","width":1024,"height":631},{"@type":"WebPage","@id":"https:\/\/www.nettali.com\/2025\/06\/24\/sortie-de-olivier-boucal-qualifiant-de-chantage-leur-greve-le-sytjust-et-luntj-parlent-dune-appreciation-indigne-dun-responsable-detat\/#webpage","url":"https:\/\/www.nettali.com\/2025\/06\/24\/sortie-de-olivier-boucal-qualifiant-de-chantage-leur-greve-le-sytjust-et-luntj-parlent-dune-appreciation-indigne-dun-responsable-detat\/","name":"SORTIE DE OLIVIER BOUCAL QUALIFIANT DE CHANTAGE LEUR GR\u00c8VE- Le Sytjust et l\u2019Untj parlent d\u2019une \"appr\u00e9ciation indigne d\u2019un responsable d\u2019\u00c9tat \"- | Nettali.com","isPartOf":{"@id":"https:\/\/www.nettali.com\/#website"},"primaryImageOfPage":{"@id":"https:\/\/www.nettali.com\/2025\/06\/24\/sortie-de-olivier-boucal-qualifiant-de-chantage-leur-greve-le-sytjust-et-luntj-parlent-dune-appreciation-indigne-dun-responsable-detat\/#primaryimage"},"datePublished":"2025-06-24T06:50:50+00:00","dateModified":"2025-06-24T06:50:50+00:00","author":{"@id":"https:\/\/www.nettali.com\/#\/schema\/person\/418274a86bdf87caff7a3ef476bd0bbf"},"breadcrumb":{"@id":"https:\/\/www.nettali.com\/2025\/06\/24\/sortie-de-olivier-boucal-qualifiant-de-chantage-leur-greve-le-sytjust-et-luntj-parlent-dune-appreciation-indigne-dun-responsable-detat\/#breadcrumb"},"inLanguage":"fr-FR","potentialAction":[{"@type":"ReadAction","target":["https:\/\/www.nettali.com\/2025\/06\/24\/sortie-de-olivier-boucal-qualifiant-de-chantage-leur-greve-le-sytjust-et-luntj-parlent-dune-appreciation-indigne-dun-responsable-detat\/"]}]},{"@type":"BreadcrumbList","@id":"https:\/\/www.nettali.com\/2025\/06\/24\/sortie-de-olivier-boucal-qualifiant-de-chantage-leur-greve-le-sytjust-et-luntj-parlent-dune-appreciation-indigne-dun-responsable-detat\/#breadcrumb","itemListElement":[{"@type":"ListItem","position":1,"name":"Accueil","item":"https:\/\/www.nettali.com\/"},{"@type":"ListItem","position":2,"name":"SORTIE DE OLIVIER BOUCAL QUALIFIANT DE CHANTAGE LEUR GR\u00c8VE- Le Sytjust et l\u2019Untj parlent d\u2019une \"appr\u00e9ciation indigne d\u2019un responsable d\u2019\u00c9tat \"-"}]},{"@type":"Person","@id":"https:\/\/www.nettali.com\/#\/schema\/person\/418274a86bdf87caff7a3ef476bd0bbf","name":"Fatou","image":{"@type":"ImageObject","@id":"https:\/\/www.nettali.com\/#personlogo","inLanguage":"fr-FR","url":"https:\/\/secure.gravatar.com\/avatar\/5a9442a2bee7b4dcf167cab035858e9a?s=96&d=mm&r=g","contentUrl":"https:\/\/secure.gravatar.com\/avatar\/5a9442a2bee7b4dcf167cab035858e9a?s=96&d=mm&r=g","caption":"Fatou"},"sameAs":["https:\/\/www.nettali.com"]}]}},"_links":{"self":[{"href":"https:\/\/www.nettali.com\/rest\/wp\/v2\/posts\/156342"}],"collection":[{"href":"https:\/\/www.nettali.com\/rest\/wp\/v2\/posts"}],"about":[{"href":"https:\/\/www.nettali.com\/rest\/wp\/v2\/types\/post"}],"author":[{"embeddable":true,"href":"https:\/\/www.nettali.com\/rest\/wp\/v2\/users\/6"}],"replies":[{"embeddable":true,"href":"https:\/\/www.nettali.com\/rest\/wp\/v2\/comments?post=156342"}],"version-history":[{"count":1,"href":"https:\/\/www.nettali.com\/rest\/wp\/v2\/posts\/156342\/revisions"}],"predecessor-version":[{"id":156343,"href":"https:\/\/www.nettali.com\/rest\/wp\/v2\/posts\/156342\/revisions\/156343"}],"wp:featuredmedia":[{"embeddable":true,"href":"https:\/\/www.nettali.com\/rest\/wp\/v2\/media\/132417"}],"wp:attachment":[{"href":"https:\/\/www.nettali.com\/rest\/wp\/v2\/media?parent=156342"}],"wp:term":[{"taxonomy":"category","embeddable":true,"href":"https:\/\/www.nettali.com\/rest\/wp\/v2\/categories?post=156342"},{"taxonomy":"post_tag","embeddable":true,"href":"https:\/\/www.nettali.com\/rest\/wp\/v2\/tags?post=156342"}],"curies":[{"name":"wp","href":"https:\/\/api.w.org\/{rel}","templated":true}]}}