{"id":156336,"date":"2025-06-23T20:45:20","date_gmt":"2025-06-23T20:45:20","guid":{"rendered":"https:\/\/www.nettali.com\/?p=156336"},"modified":"2025-06-23T16:47:44","modified_gmt":"2025-06-23T16:47:44","slug":"presidentielle-ivoirienne-alassane-ouattara-entretient-le-suspense-sur-sa-candidature","status":"publish","type":"post","link":"https:\/\/www.nettali.com\/2025\/06\/23\/presidentielle-ivoirienne-alassane-ouattara-entretient-le-suspense-sur-sa-candidature\/","title":{"rendered":"PRESIDENTIELLE IVOIRIENNE - Alassane Ouattara entretient le suspense sur sa candidature"},"content":{"rendered":"<p data-start=\"203\" data-end=\"505\"><strong>NETTALI.COM - \u00c0 quatre mois du scrutin pr\u00e9sidentiel en C\u00f4te d\u2019Ivoire, le pr\u00e9sident Alassane Ouattara refuse toujours de clarifier ses intentions. Devant ses partisans rassembl\u00e9s \u00e0 Abidjan, il a promis d\u2019annoncer sa d\u00e9cision \u00ab dans les jours \u00e0 venir \u00bb, prolongeant un suspense qui agite la sc\u00e8ne politique ivoirienne.<\/strong><\/p>\n<p data-start=\"525\" data-end=\"977\">Le flou persiste \u00e0 Abidjan. Lors d\u2019un grand rassemblement au stade olympique d\u2019Ebimp\u00e9 ce 22 juin 2025, Alassane Ouattara a choisi de maintenir le myst\u00e8re sur sa participation ou non \u00e0 la pr\u00e9sidentielle du 25 octobre prochain. Devant des dizaines de milliers de militants du Rassemblement des houphou\u00ebtistes pour la d\u00e9mocratie et la paix (RHDP), le pr\u00e9sident ivoirien a simplement \u00e9voqu\u00e9 \u00ab une d\u00e9cision dans les jours \u00e0 venir \u00bb, sans plus de pr\u00e9cisions.<\/p>\n<p data-start=\"979\" data-end=\"1365\">Dans la presse ivoirienne, les r\u00e9actions sont vives. Le quotidien L\u2019Intelligent d\u2019Abidjan parle d\u2019une d\u00e9claration habile, citant Claude Sahy, chef de cabinet du pr\u00e9sident, pour qui cette position laisse \u00ab la porte ouverte tout en ma\u00eetrisant le tempo \u00bb. Le Patriote, proche du pouvoir, joue la mobilisation et barre sa Une avec ce message : \u00ab Pr\u00e9sident, ne nous abandonnez pas. \u00bb<\/p>\n<p data-start=\"1367\" data-end=\"1787\">\u00c0 l\u2019oppos\u00e9, Notre Voie, proche du Front populaire ivoirien (FPI), y voit un pr\u00e9sident \u00ab pris au pi\u00e8ge de ses promesses \u00bb de 2020 et de sa volont\u00e9 affich\u00e9e \u00e0 l\u2019\u00e9poque de passer la main. G\u00e9n\u00e9rations Nouvelles, affili\u00e9 \u00e0 Guillaume Soro, use de m\u00e9taphores sportives et parle d\u2019un \u00ab petit pont politique \u00bb que le chef de l\u2019\u00c9tat vient d\u2019infliger \u00e0 ses partisans, orchestrant selon le journal un \u00ab vrai-faux suspense \u00bb.<\/p>\n<h3 data-start=\"1789\" data-end=\"1831\"><strong data-start=\"1793\" data-end=\"1831\">Des r\u00e9actions politiques partag\u00e9es<\/strong><\/h3>\n<p data-start=\"1833\" data-end=\"2293\">Dans l\u2019opposition, les r\u00e9actions oscillent entre indiff\u00e9rence et m\u00e9fiance. Pour le porte-parole du Parti d\u00e9mocratique de C\u00f4te d\u2019Ivoire (PDCI-RDA) de Tidjane Thiam, \u00ab ce n\u2019est pas un sujet, car il n\u2019y a pas de d\u00e9cision \u00bb, d\u00e9non\u00e7ant une mise en sc\u00e8ne autour d\u2019une demande populaire fabriqu\u00e9e. M\u00eame tonalit\u00e9 du c\u00f4t\u00e9 du Congr\u00e8s panafricain pour la justice et l\u2019\u00e9galit\u00e9 des peuples (Cojep) de Charles Bl\u00e9 Goud\u00e9 : \u00ab Cette non-d\u00e9cision est un non-\u00e9v\u00e9nement. \u00bb<\/p>\n<p data-start=\"2295\" data-end=\"2791\">Pascal Affi N\u2019Guessan, pr\u00e9sident du FPI, voit pour sa part un chef de l\u2019\u00c9tat qui \u00ab r\u00e9siste \u00e0 la pression de son parti \u00bb, conscient des risques d\u2019une nouvelle candidature dans un climat politique tendu. Enfin, le parti Aujourd\u2019hui et Demain la C\u00f4te d\u2019Ivoire (ADCI) d\u2019Assal\u00e9 Ti\u00e9moko reste convaincu qu\u2019Alassane Ouattara ne sera pas candidat, rappelant ses propres propos tenus sur RFI avant la pr\u00e9sidentielle de 2020 : <em data-start=\"2720\" data-end=\"2791\">\u00ab Il est difficile, voire impossible, que je sois candidat en 2025. \u00bb<\/em><\/p>\n<p data-start=\"2793\" data-end=\"2942\">\u00c0 quatre mois de la pr\u00e9sidentielle, le suspense reste entier \u00e0 Abidjan. Et chaque d\u00e9claration du chef de l\u2019\u00c9tat continue de nourrir les sp\u00e9culations.<\/p>\n<div class='share-to-whatsapp-wrapper'><div class='share-on-whsp'>PARTAGER SUR : <\/div><a data-text='PRESIDENTIELLE IVOIRIENNE - Alassane Ouattara entretient le suspense sur sa candidature' data-link='https:\/\/www.nettali.com\/2025\/06\/23\/presidentielle-ivoirienne-alassane-ouattara-entretient-le-suspense-sur-sa-candidature\/' class='whatsapp-button whatsapp-share'>WhatsApp<\/a><div class='clear '><\/div><\/div>","protected":false},"excerpt":{"rendered":"<p>NETTALI.COM - \u00c0 quatre mois du scrutin pr\u00e9sidentiel en C\u00f4te d\u2019Ivoire, le pr\u00e9sident Alassane Ouattara refuse toujours de clarifier ses intentions. Devant ses partisans rassembl\u00e9s \u00e0 Abidjan, il a promis d\u2019annoncer sa d\u00e9cision \u00ab dans les jours \u00e0 venir \u00bb, prolongeant un suspense qui agite la sc\u00e8ne politique ivoirienne. Le flou persiste \u00e0 Abidjan. Lors [&hellip;]<\/p>\n","protected":false},"author":4,"featured_media":42875,"comment_status":"open","ping_status":"open","sticky":false,"template":"","format":"standard","meta":{"_et_pb_use_builder":"","_et_pb_old_content":""},"categories":[2],"tags":[],"yoast_head":"<!-- This site is optimized with the Yoast SEO Premium plugin v17.8 (Yoast SEO v17.8) - https:\/\/yoast.com\/wordpress\/plugins\/seo\/ -->\n<title>PRESIDENTIELLE IVOIRIENNE - Alassane Ouattara entretient le suspense sur sa candidature | Nettali.com<\/title>\n<meta name=\"robots\" content=\"index, follow, max-snippet:-1, max-image-preview:large, max-video-preview:-1\" \/>\n<link rel=\"canonical\" href=\"https:\/\/www.nettali.com\/2025\/06\/23\/presidentielle-ivoirienne-alassane-ouattara-entretient-le-suspense-sur-sa-candidature\/\" \/>\n<meta property=\"og:locale\" content=\"fr_FR\" \/>\n<meta property=\"og:type\" content=\"article\" \/>\n<meta property=\"og:title\" content=\"PRESIDENTIELLE IVOIRIENNE - Alassane Ouattara entretient le suspense sur sa candidature\" \/>\n<meta property=\"og:description\" content=\"NETTALI.COM - \u00c0 quatre mois du scrutin pr\u00e9sidentiel en C\u00f4te d\u2019Ivoire, le pr\u00e9sident Alassane Ouattara refuse toujours de clarifier ses intentions. Devant ses partisans rassembl\u00e9s \u00e0 Abidjan, il a promis d\u2019annoncer sa d\u00e9cision \u00ab dans les jours \u00e0 venir \u00bb, prolongeant un suspense qui agite la sc\u00e8ne politique ivoirienne. Le flou persiste \u00e0 Abidjan. Lors [&hellip;]\" \/>\n<meta property=\"og:url\" content=\"https:\/\/www.nettali.com\/2025\/06\/23\/presidentielle-ivoirienne-alassane-ouattara-entretient-le-suspense-sur-sa-candidature\/\" \/>\n<meta property=\"og:site_name\" content=\"Nettali.com\" \/>\n<meta property=\"article:publisher\" content=\"https:\/\/www.facebook.com\/nettalicom\" \/>\n<meta property=\"article:published_time\" content=\"2025-06-23T20:45:20+00:00\" \/>\n<meta property=\"article:modified_time\" content=\"2025-06-23T16:47:44+00:00\" \/>\n<meta property=\"og:image\" content=\"https:\/\/www.nettali.com\/wp-content\/uploads\/2020\/08\/Alassane-Ouattara-a.jpg\" \/>\n\t<meta property=\"og:image:width\" content=\"685\" \/>\n\t<meta property=\"og:image:height\" content=\"473\" \/>\n<meta name=\"twitter:card\" content=\"summary_large_image\" \/>\n<meta name=\"twitter:label1\" content=\"\u00c9crit par\" \/>\n\t<meta name=\"twitter:data1\" content=\"Daouda\" \/>\n\t<meta name=\"twitter:label2\" content=\"Dur\u00e9e de lecture estim\u00e9e\" \/>\n\t<meta name=\"twitter:data2\" content=\"3 minutes\" \/>\n<script type=\"application\/ld+json\" class=\"yoast-schema-graph\">{\"@context\":\"https:\/\/schema.org\",\"@graph\":[{\"@type\":\"WebSite\",\"@id\":\"https:\/\/www.nettali.com\/#website\",\"url\":\"https:\/\/www.nettali.com\/\",\"name\":\"Nettali.com\",\"description\":\"Le rendez-vous critique du Net\",\"potentialAction\":[{\"@type\":\"SearchAction\",\"target\":{\"@type\":\"EntryPoint\",\"urlTemplate\":\"https:\/\/www.nettali.com\/?s={search_term_string}\"},\"query-input\":\"required name=search_term_string\"}],\"inLanguage\":\"fr-FR\"},{\"@type\":\"ImageObject\",\"@id\":\"https:\/\/www.nettali.com\/2025\/06\/23\/presidentielle-ivoirienne-alassane-ouattara-entretient-le-suspense-sur-sa-candidature\/#primaryimage\",\"inLanguage\":\"fr-FR\",\"url\":\"https:\/\/www.nettali.com\/wp-content\/uploads\/2020\/08\/Alassane-Ouattara-a.jpg\",\"contentUrl\":\"https:\/\/www.nettali.com\/wp-content\/uploads\/2020\/08\/Alassane-Ouattara-a.jpg\",\"width\":685,\"height\":473},{\"@type\":\"WebPage\",\"@id\":\"https:\/\/www.nettali.com\/2025\/06\/23\/presidentielle-ivoirienne-alassane-ouattara-entretient-le-suspense-sur-sa-candidature\/#webpage\",\"url\":\"https:\/\/www.nettali.com\/2025\/06\/23\/presidentielle-ivoirienne-alassane-ouattara-entretient-le-suspense-sur-sa-candidature\/\",\"name\":\"PRESIDENTIELLE IVOIRIENNE - Alassane Ouattara entretient le suspense sur sa candidature | Nettali.com\",\"isPartOf\":{\"@id\":\"https:\/\/www.nettali.com\/#website\"},\"primaryImageOfPage\":{\"@id\":\"https:\/\/www.nettali.com\/2025\/06\/23\/presidentielle-ivoirienne-alassane-ouattara-entretient-le-suspense-sur-sa-candidature\/#primaryimage\"},\"datePublished\":\"2025-06-23T20:45:20+00:00\",\"dateModified\":\"2025-06-23T16:47:44+00:00\",\"author\":{\"@id\":\"https:\/\/www.nettali.com\/#\/schema\/person\/3317e0bb3aa1da309fbf7b2780901bf4\"},\"breadcrumb\":{\"@id\":\"https:\/\/www.nettali.com\/2025\/06\/23\/presidentielle-ivoirienne-alassane-ouattara-entretient-le-suspense-sur-sa-candidature\/#breadcrumb\"},\"inLanguage\":\"fr-FR\",\"potentialAction\":[{\"@type\":\"ReadAction\",\"target\":[\"https:\/\/www.nettali.com\/2025\/06\/23\/presidentielle-ivoirienne-alassane-ouattara-entretient-le-suspense-sur-sa-candidature\/\"]}]},{\"@type\":\"BreadcrumbList\",\"@id\":\"https:\/\/www.nettali.com\/2025\/06\/23\/presidentielle-ivoirienne-alassane-ouattara-entretient-le-suspense-sur-sa-candidature\/#breadcrumb\",\"itemListElement\":[{\"@type\":\"ListItem\",\"position\":1,\"name\":\"Accueil\",\"item\":\"https:\/\/www.nettali.com\/\"},{\"@type\":\"ListItem\",\"position\":2,\"name\":\"PRESIDENTIELLE IVOIRIENNE - Alassane Ouattara entretient le suspense sur sa candidature\"}]},{\"@type\":\"Person\",\"@id\":\"https:\/\/www.nettali.com\/#\/schema\/person\/3317e0bb3aa1da309fbf7b2780901bf4\",\"name\":\"Daouda\",\"image\":{\"@type\":\"ImageObject\",\"@id\":\"https:\/\/www.nettali.com\/#personlogo\",\"inLanguage\":\"fr-FR\",\"url\":\"https:\/\/secure.gravatar.com\/avatar\/8d143b5a49345098ddcfee1c49c2f47c?s=96&d=mm&r=g\",\"contentUrl\":\"https:\/\/secure.gravatar.com\/avatar\/8d143b5a49345098ddcfee1c49c2f47c?s=96&d=mm&r=g\",\"caption\":\"Daouda\"},\"sameAs\":[\"https:\/\/www.nettali.com\"]}]}<\/script>\n<!-- \/ Yoast SEO Premium plugin. -->","yoast_head_json":{"title":"PRESIDENTIELLE IVOIRIENNE - Alassane Ouattara entretient le suspense sur sa candidature | Nettali.com","robots":{"index":"index","follow":"follow","max-snippet":"max-snippet:-1","max-image-preview":"max-image-preview:large","max-video-preview":"max-video-preview:-1"},"canonical":"https:\/\/www.nettali.com\/2025\/06\/23\/presidentielle-ivoirienne-alassane-ouattara-entretient-le-suspense-sur-sa-candidature\/","og_locale":"fr_FR","og_type":"article","og_title":"PRESIDENTIELLE IVOIRIENNE - Alassane Ouattara entretient le suspense sur sa candidature","og_description":"NETTALI.COM - \u00c0 quatre mois du scrutin pr\u00e9sidentiel en C\u00f4te d\u2019Ivoire, le pr\u00e9sident Alassane Ouattara refuse toujours de clarifier ses intentions. Devant ses partisans rassembl\u00e9s \u00e0 Abidjan, il a promis d\u2019annoncer sa d\u00e9cision \u00ab dans les jours \u00e0 venir \u00bb, prolongeant un suspense qui agite la sc\u00e8ne politique ivoirienne. Le flou persiste \u00e0 Abidjan. Lors [&hellip;]","og_url":"https:\/\/www.nettali.com\/2025\/06\/23\/presidentielle-ivoirienne-alassane-ouattara-entretient-le-suspense-sur-sa-candidature\/","og_site_name":"Nettali.com","article_publisher":"https:\/\/www.facebook.com\/nettalicom","article_published_time":"2025-06-23T20:45:20+00:00","article_modified_time":"2025-06-23T16:47:44+00:00","og_image":[{"width":685,"height":473,"url":"https:\/\/www.nettali.com\/wp-content\/uploads\/2020\/08\/Alassane-Ouattara-a.jpg","type":"image\/jpeg"}],"twitter_card":"summary_large_image","twitter_misc":{"\u00c9crit par":"Daouda","Dur\u00e9e de lecture estim\u00e9e":"3 minutes"},"schema":{"@context":"https:\/\/schema.org","@graph":[{"@type":"WebSite","@id":"https:\/\/www.nettali.com\/#website","url":"https:\/\/www.nettali.com\/","name":"Nettali.com","description":"Le rendez-vous critique du Net","potentialAction":[{"@type":"SearchAction","target":{"@type":"EntryPoint","urlTemplate":"https:\/\/www.nettali.com\/?s={search_term_string}"},"query-input":"required name=search_term_string"}],"inLanguage":"fr-FR"},{"@type":"ImageObject","@id":"https:\/\/www.nettali.com\/2025\/06\/23\/presidentielle-ivoirienne-alassane-ouattara-entretient-le-suspense-sur-sa-candidature\/#primaryimage","inLanguage":"fr-FR","url":"https:\/\/www.nettali.com\/wp-content\/uploads\/2020\/08\/Alassane-Ouattara-a.jpg","contentUrl":"https:\/\/www.nettali.com\/wp-content\/uploads\/2020\/08\/Alassane-Ouattara-a.jpg","width":685,"height":473},{"@type":"WebPage","@id":"https:\/\/www.nettali.com\/2025\/06\/23\/presidentielle-ivoirienne-alassane-ouattara-entretient-le-suspense-sur-sa-candidature\/#webpage","url":"https:\/\/www.nettali.com\/2025\/06\/23\/presidentielle-ivoirienne-alassane-ouattara-entretient-le-suspense-sur-sa-candidature\/","name":"PRESIDENTIELLE IVOIRIENNE - Alassane Ouattara entretient le suspense sur sa candidature | Nettali.com","isPartOf":{"@id":"https:\/\/www.nettali.com\/#website"},"primaryImageOfPage":{"@id":"https:\/\/www.nettali.com\/2025\/06\/23\/presidentielle-ivoirienne-alassane-ouattara-entretient-le-suspense-sur-sa-candidature\/#primaryimage"},"datePublished":"2025-06-23T20:45:20+00:00","dateModified":"2025-06-23T16:47:44+00:00","author":{"@id":"https:\/\/www.nettali.com\/#\/schema\/person\/3317e0bb3aa1da309fbf7b2780901bf4"},"breadcrumb":{"@id":"https:\/\/www.nettali.com\/2025\/06\/23\/presidentielle-ivoirienne-alassane-ouattara-entretient-le-suspense-sur-sa-candidature\/#breadcrumb"},"inLanguage":"fr-FR","potentialAction":[{"@type":"ReadAction","target":["https:\/\/www.nettali.com\/2025\/06\/23\/presidentielle-ivoirienne-alassane-ouattara-entretient-le-suspense-sur-sa-candidature\/"]}]},{"@type":"BreadcrumbList","@id":"https:\/\/www.nettali.com\/2025\/06\/23\/presidentielle-ivoirienne-alassane-ouattara-entretient-le-suspense-sur-sa-candidature\/#breadcrumb","itemListElement":[{"@type":"ListItem","position":1,"name":"Accueil","item":"https:\/\/www.nettali.com\/"},{"@type":"ListItem","position":2,"name":"PRESIDENTIELLE IVOIRIENNE - Alassane Ouattara entretient le suspense sur sa candidature"}]},{"@type":"Person","@id":"https:\/\/www.nettali.com\/#\/schema\/person\/3317e0bb3aa1da309fbf7b2780901bf4","name":"Daouda","image":{"@type":"ImageObject","@id":"https:\/\/www.nettali.com\/#personlogo","inLanguage":"fr-FR","url":"https:\/\/secure.gravatar.com\/avatar\/8d143b5a49345098ddcfee1c49c2f47c?s=96&d=mm&r=g","contentUrl":"https:\/\/secure.gravatar.com\/avatar\/8d143b5a49345098ddcfee1c49c2f47c?s=96&d=mm&r=g","caption":"Daouda"},"sameAs":["https:\/\/www.nettali.com"]}]}},"_links":{"self":[{"href":"https:\/\/www.nettali.com\/rest\/wp\/v2\/posts\/156336"}],"collection":[{"href":"https:\/\/www.nettali.com\/rest\/wp\/v2\/posts"}],"about":[{"href":"https:\/\/www.nettali.com\/rest\/wp\/v2\/types\/post"}],"author":[{"embeddable":true,"href":"https:\/\/www.nettali.com\/rest\/wp\/v2\/users\/4"}],"replies":[{"embeddable":true,"href":"https:\/\/www.nettali.com\/rest\/wp\/v2\/comments?post=156336"}],"version-history":[{"count":1,"href":"https:\/\/www.nettali.com\/rest\/wp\/v2\/posts\/156336\/revisions"}],"predecessor-version":[{"id":156337,"href":"https:\/\/www.nettali.com\/rest\/wp\/v2\/posts\/156336\/revisions\/156337"}],"wp:featuredmedia":[{"embeddable":true,"href":"https:\/\/www.nettali.com\/rest\/wp\/v2\/media\/42875"}],"wp:attachment":[{"href":"https:\/\/www.nettali.com\/rest\/wp\/v2\/media?parent=156336"}],"wp:term":[{"taxonomy":"category","embeddable":true,"href":"https:\/\/www.nettali.com\/rest\/wp\/v2\/categories?post=156336"},{"taxonomy":"post_tag","embeddable":true,"href":"https:\/\/www.nettali.com\/rest\/wp\/v2\/tags?post=156336"}],"curies":[{"name":"wp","href":"https:\/\/api.w.org\/{rel}","templated":true}]}}