{"id":156333,"date":"2025-06-23T18:27:27","date_gmt":"2025-06-23T18:27:27","guid":{"rendered":"https:\/\/www.nettali.com\/?p=156333"},"modified":"2025-06-23T16:31:01","modified_gmt":"2025-06-23T16:31:01","slug":"23-juin-2011-kalidou-diallo-salue-la-grande-lecon-de-democratie-donnee-par-abdoulaye-wade","status":"publish","type":"post","link":"https:\/\/www.nettali.com\/2025\/06\/23\/23-juin-2011-kalidou-diallo-salue-la-grande-lecon-de-democratie-donnee-par-abdoulaye-wade\/","title":{"rendered":"23 JUIN 2011 - Kalidou Diallo salue \"la grande le\u00e7on de d\u00e9mocratie\" donn\u00e9e par Abdoulaye Wade"},"content":{"rendered":"<p data-start=\"273\" data-end=\"652\"><strong>NETTALI.COM - \u00c0 l\u2019occasion du 14\u1d49 anniversaire des \u00e9v\u00e8nements du 23 juin 2011, l\u2019ancien ministre de l\u2019\u00c9ducation nationale et historien Kalidou Diallo rend hommage \u00e0 l\u2019ancien pr\u00e9sident Abdoulaye Wade, qui avait retir\u00e9 son projet de r\u00e9vision constitutionnelle sous la pression de la rue. Il invite les dirigeants actuels \u00e0 s\u2019inspirer de ce geste et de la vision d\u00e9mocratique du fondateur du PDS.<\/strong><\/p>\n<p data-start=\"672\" data-end=\"1150\">Quatorze ans apr\u00e8s les \u00e9v\u00e9nements du 23 juin 2011, Kalidou Diallo, ancien ministre de l\u2019\u00c9ducation nationale sous Abdoulaye Wade, revient sur cet \u00e9pisode marquant de l\u2019histoire politique du S\u00e9n\u00e9gal et en tire des enseignements pour le pr\u00e9sent. Dans un entretien accord\u00e9 \u00e0 l\u2019APS, le professeur d\u2019histoire moderne et contemporaine \u00e0 l\u2019Universit\u00e9 Cheikh-Anta-Diop de Dakar estime que l\u2019ancien pr\u00e9sident s\u00e9n\u00e9galais avait, ce jour-l\u00e0, donn\u00e9 \u2018\u2019une grande le\u00e7on de d\u00e9mocratie\u2019\u2019 au pays.<\/p>\n<p data-start=\"1152\" data-end=\"1583\">Ce 23 juin 2011, des milliers de S\u00e9n\u00e9galais avaient envahi les rues de Dakar pour protester contre un projet de r\u00e9vision constitutionnelle controvers\u00e9, visant \u00e0 instaurer un \u2018\u2019ticket pr\u00e9sidentiel\u2019\u2019 et \u00e0 abaisser le seuil de victoire \u00e0 25 % des suffrages exprim\u00e9s d\u00e8s le premier tour de la pr\u00e9sidentielle. Une r\u00e9forme per\u00e7ue comme une tentative d\u2019Abdoulaye Wade de baliser la voie \u00e0 son fils, Karim Wade, pour la succession en 2012.<\/p>\n<p data-start=\"1585\" data-end=\"1945\">Face \u00e0 la col\u00e8re populaire et aux affrontements entre forces de l\u2019ordre et manifestants, Abdoulaye Wade avait ordonn\u00e9, en fin de journ\u00e9e, le retrait du texte. Un geste que Kalidou Diallo qualifie de \u2018\u2019le\u00e7on de d\u00e9mocratie\u2019\u2019, rappelant que le pr\u00e9sident Wade avait toujours encourag\u00e9 les S\u00e9n\u00e9galais \u00e0 manifester pacifiquement et \u00e0 exprimer leur opinion librement.<\/p>\n<p data-start=\"1947\" data-end=\"1998\"><strong data-start=\"1947\" data-end=\"1998\">Un mod\u00e8le \u00e0 m\u00e9diter pour les dirigeants actuels<\/strong><\/p>\n<p data-start=\"2000\" data-end=\"2479\">L\u2019universitaire et ancien ministre invite le pr\u00e9sident Bassirou Diomaye Faye et le Premier ministre Ousmane Sonko \u00e0 <em>\"s\u2019inspirer de la vision, de la g\u00e9n\u00e9rosit\u00e9 et du pragmatisme\u2019\u2019<\/em> de Wade en mati\u00e8re de d\u00e9mocratie, de libert\u00e9s publiques, mais aussi de d\u00e9veloppement \u00e9conomique et social. Selon lui, de nombreuses revendications discut\u00e9es lors du dialogue national du 28 mai 2025 auraient d\u00e9j\u00e0 pu \u00eatre satisfaites si l\u2019esprit d\u2019\u00e9coute et de compromis du 23 juin 2011 avait pr\u00e9valu.<\/p>\n<p data-start=\"2481\" data-end=\"2928\">Interrog\u00e9 sur la possibilit\u00e9 de nouvelles manifestations d\u2019ampleur, Kalidou Diallo rappelle que chaque pr\u00e9sident du S\u00e9n\u00e9gal a \u00e9t\u00e9 confront\u00e9 \u00e0 des mouvements sociaux majeurs : L\u00e9opold S\u00e9dar Senghor en 1963 et 1968, Abdou Diouf en 1988, Abdoulaye Wade en 2011 et Macky Sall en mars 2021. Pour lui, Bassirou Diomaye Faye et son gouvernement pourront \u00e9viter ce genre de soul\u00e8vements <em>\"s\u2019ils travaillent bien et \u00e9vitent les erreurs politiques graves\u2019\u2019.<\/em><\/p>\n<p data-start=\"2930\" data-end=\"2961\"><strong data-start=\"2930\" data-end=\"2961\">Une attente forte du peuple<\/strong><\/p>\n<p data-start=\"2963\" data-end=\"3350\">Kalidou Diallo reste toutefois prudent sur le bilan du nouveau r\u00e9gime, \u00e9lu en avril 2024. <em>\"Il est pr\u00e9matur\u00e9 de juger, mais s\u2019ils d\u00e9\u00e7oivent, ils n\u2019\u00e9chapperont pas \u00e0 la vindicte populaire\u2019\u2019<\/em>, pr\u00e9vient-il. L\u2019ancien ministre rappelle que les aspirations du peuple s\u00e9n\u00e9galais demeurent inchang\u00e9es : sortir de la pauvret\u00e9, offrir un avenir aux jeunes et conduire le pays vers le d\u00e9veloppement.<\/p>\n<p data-start=\"3352\" data-end=\"3643\">En conclusion, Kalidou Diallo souligne que le S\u00e9n\u00e9gal, <em>\"petit par sa taille mais grand par son histoire et ses ressources humaines\u2019<\/em>\u2019, a tous les atouts pour r\u00e9ussir, \u00e0 condition de tirer les le\u00e7ons de son pass\u00e9 politique pour instaurer \u2018\u2019la paix, la justice sociale et le progr\u00e8s durable\u2019\u2019.<\/p>\n<div class='share-to-whatsapp-wrapper'><div class='share-on-whsp'>PARTAGER SUR : <\/div><a data-text='23 JUIN 2011 - Kalidou Diallo salue \"la grande le\u00e7on de d\u00e9mocratie\" donn\u00e9e par Abdoulaye Wade' data-link='https:\/\/www.nettali.com\/2025\/06\/23\/23-juin-2011-kalidou-diallo-salue-la-grande-lecon-de-democratie-donnee-par-abdoulaye-wade\/' class='whatsapp-button whatsapp-share'>WhatsApp<\/a><div class='clear '><\/div><\/div>","protected":false},"excerpt":{"rendered":"<p>NETTALI.COM - \u00c0 l\u2019occasion du 14\u1d49 anniversaire des \u00e9v\u00e8nements du 23 juin 2011, l\u2019ancien ministre de l\u2019\u00c9ducation nationale et historien Kalidou Diallo rend hommage \u00e0 l\u2019ancien pr\u00e9sident Abdoulaye Wade, qui avait retir\u00e9 son projet de r\u00e9vision constitutionnelle sous la pression de la rue. Il invite les dirigeants actuels \u00e0 s\u2019inspirer de ce geste et de [&hellip;]<\/p>\n","protected":false},"author":4,"featured_media":156334,"comment_status":"open","ping_status":"open","sticky":false,"template":"","format":"standard","meta":{"_et_pb_use_builder":"","_et_pb_old_content":""},"categories":[2],"tags":[],"yoast_head":"<!-- This site is optimized with the Yoast SEO Premium plugin v17.8 (Yoast SEO v17.8) - https:\/\/yoast.com\/wordpress\/plugins\/seo\/ -->\n<title>23 JUIN 2011 - Kalidou Diallo salue &quot;la grande le\u00e7on de d\u00e9mocratie&quot; donn\u00e9e par Abdoulaye Wade | Nettali.com<\/title>\n<meta name=\"robots\" content=\"index, follow, max-snippet:-1, max-image-preview:large, max-video-preview:-1\" \/>\n<link rel=\"canonical\" href=\"https:\/\/www.nettali.com\/2025\/06\/23\/23-juin-2011-kalidou-diallo-salue-la-grande-lecon-de-democratie-donnee-par-abdoulaye-wade\/\" \/>\n<meta property=\"og:locale\" content=\"fr_FR\" \/>\n<meta property=\"og:type\" content=\"article\" \/>\n<meta property=\"og:title\" content=\"23 JUIN 2011 - Kalidou Diallo salue &quot;la grande le\u00e7on de d\u00e9mocratie&quot; donn\u00e9e par Abdoulaye Wade\" \/>\n<meta property=\"og:description\" content=\"NETTALI.COM - \u00c0 l\u2019occasion du 14\u1d49 anniversaire des \u00e9v\u00e8nements du 23 juin 2011, l\u2019ancien ministre de l\u2019\u00c9ducation nationale et historien Kalidou Diallo rend hommage \u00e0 l\u2019ancien pr\u00e9sident Abdoulaye Wade, qui avait retir\u00e9 son projet de r\u00e9vision constitutionnelle sous la pression de la rue. Il invite les dirigeants actuels \u00e0 s\u2019inspirer de ce geste et de [&hellip;]\" \/>\n<meta property=\"og:url\" content=\"https:\/\/www.nettali.com\/2025\/06\/23\/23-juin-2011-kalidou-diallo-salue-la-grande-lecon-de-democratie-donnee-par-abdoulaye-wade\/\" \/>\n<meta property=\"og:site_name\" content=\"Nettali.com\" \/>\n<meta property=\"article:publisher\" content=\"https:\/\/www.facebook.com\/nettalicom\" \/>\n<meta property=\"article:published_time\" content=\"2025-06-23T18:27:27+00:00\" \/>\n<meta property=\"article:modified_time\" content=\"2025-06-23T16:31:01+00:00\" \/>\n<meta property=\"og:image\" content=\"https:\/\/www.nettali.com\/wp-content\/uploads\/2025\/06\/Capture-de\u0301cran-2025-06-23-a\u0300-16.29.32.png\" \/>\n\t<meta property=\"og:image:width\" content=\"752\" \/>\n\t<meta property=\"og:image:height\" content=\"341\" \/>\n<meta name=\"twitter:card\" content=\"summary_large_image\" \/>\n<meta name=\"twitter:label1\" content=\"\u00c9crit par\" \/>\n\t<meta name=\"twitter:data1\" content=\"Daouda\" \/>\n\t<meta name=\"twitter:label2\" content=\"Dur\u00e9e de lecture estim\u00e9e\" \/>\n\t<meta name=\"twitter:data2\" content=\"3 minutes\" \/>\n<script type=\"application\/ld+json\" class=\"yoast-schema-graph\">{\"@context\":\"https:\/\/schema.org\",\"@graph\":[{\"@type\":\"WebSite\",\"@id\":\"https:\/\/www.nettali.com\/#website\",\"url\":\"https:\/\/www.nettali.com\/\",\"name\":\"Nettali.com\",\"description\":\"Le rendez-vous critique du Net\",\"potentialAction\":[{\"@type\":\"SearchAction\",\"target\":{\"@type\":\"EntryPoint\",\"urlTemplate\":\"https:\/\/www.nettali.com\/?s={search_term_string}\"},\"query-input\":\"required name=search_term_string\"}],\"inLanguage\":\"fr-FR\"},{\"@type\":\"ImageObject\",\"@id\":\"https:\/\/www.nettali.com\/2025\/06\/23\/23-juin-2011-kalidou-diallo-salue-la-grande-lecon-de-democratie-donnee-par-abdoulaye-wade\/#primaryimage\",\"inLanguage\":\"fr-FR\",\"url\":\"https:\/\/www.nettali.com\/wp-content\/uploads\/2025\/06\/Capture-de\\u0301cran-2025-06-23-a\\u0300-16.29.32.png\",\"contentUrl\":\"https:\/\/www.nettali.com\/wp-content\/uploads\/2025\/06\/Capture-de\\u0301cran-2025-06-23-a\\u0300-16.29.32.png\",\"width\":752,\"height\":341},{\"@type\":\"WebPage\",\"@id\":\"https:\/\/www.nettali.com\/2025\/06\/23\/23-juin-2011-kalidou-diallo-salue-la-grande-lecon-de-democratie-donnee-par-abdoulaye-wade\/#webpage\",\"url\":\"https:\/\/www.nettali.com\/2025\/06\/23\/23-juin-2011-kalidou-diallo-salue-la-grande-lecon-de-democratie-donnee-par-abdoulaye-wade\/\",\"name\":\"23 JUIN 2011 - Kalidou Diallo salue \\\"la grande le\\u00e7on de d\\u00e9mocratie\\\" donn\\u00e9e par Abdoulaye Wade | Nettali.com\",\"isPartOf\":{\"@id\":\"https:\/\/www.nettali.com\/#website\"},\"primaryImageOfPage\":{\"@id\":\"https:\/\/www.nettali.com\/2025\/06\/23\/23-juin-2011-kalidou-diallo-salue-la-grande-lecon-de-democratie-donnee-par-abdoulaye-wade\/#primaryimage\"},\"datePublished\":\"2025-06-23T18:27:27+00:00\",\"dateModified\":\"2025-06-23T16:31:01+00:00\",\"author\":{\"@id\":\"https:\/\/www.nettali.com\/#\/schema\/person\/3317e0bb3aa1da309fbf7b2780901bf4\"},\"breadcrumb\":{\"@id\":\"https:\/\/www.nettali.com\/2025\/06\/23\/23-juin-2011-kalidou-diallo-salue-la-grande-lecon-de-democratie-donnee-par-abdoulaye-wade\/#breadcrumb\"},\"inLanguage\":\"fr-FR\",\"potentialAction\":[{\"@type\":\"ReadAction\",\"target\":[\"https:\/\/www.nettali.com\/2025\/06\/23\/23-juin-2011-kalidou-diallo-salue-la-grande-lecon-de-democratie-donnee-par-abdoulaye-wade\/\"]}]},{\"@type\":\"BreadcrumbList\",\"@id\":\"https:\/\/www.nettali.com\/2025\/06\/23\/23-juin-2011-kalidou-diallo-salue-la-grande-lecon-de-democratie-donnee-par-abdoulaye-wade\/#breadcrumb\",\"itemListElement\":[{\"@type\":\"ListItem\",\"position\":1,\"name\":\"Accueil\",\"item\":\"https:\/\/www.nettali.com\/\"},{\"@type\":\"ListItem\",\"position\":2,\"name\":\"23 JUIN 2011 - Kalidou Diallo salue \\\"la grande le\\u00e7on de d\\u00e9mocratie\\\" donn\\u00e9e par Abdoulaye Wade\"}]},{\"@type\":\"Person\",\"@id\":\"https:\/\/www.nettali.com\/#\/schema\/person\/3317e0bb3aa1da309fbf7b2780901bf4\",\"name\":\"Daouda\",\"image\":{\"@type\":\"ImageObject\",\"@id\":\"https:\/\/www.nettali.com\/#personlogo\",\"inLanguage\":\"fr-FR\",\"url\":\"https:\/\/secure.gravatar.com\/avatar\/8d143b5a49345098ddcfee1c49c2f47c?s=96&d=mm&r=g\",\"contentUrl\":\"https:\/\/secure.gravatar.com\/avatar\/8d143b5a49345098ddcfee1c49c2f47c?s=96&d=mm&r=g\",\"caption\":\"Daouda\"},\"sameAs\":[\"https:\/\/www.nettali.com\"]}]}<\/script>\n<!-- \/ Yoast SEO Premium plugin. -->","yoast_head_json":{"title":"23 JUIN 2011 - Kalidou Diallo salue \"la grande le\u00e7on de d\u00e9mocratie\" donn\u00e9e par Abdoulaye Wade | Nettali.com","robots":{"index":"index","follow":"follow","max-snippet":"max-snippet:-1","max-image-preview":"max-image-preview:large","max-video-preview":"max-video-preview:-1"},"canonical":"https:\/\/www.nettali.com\/2025\/06\/23\/23-juin-2011-kalidou-diallo-salue-la-grande-lecon-de-democratie-donnee-par-abdoulaye-wade\/","og_locale":"fr_FR","og_type":"article","og_title":"23 JUIN 2011 - Kalidou Diallo salue \"la grande le\u00e7on de d\u00e9mocratie\" donn\u00e9e par Abdoulaye Wade","og_description":"NETTALI.COM - \u00c0 l\u2019occasion du 14\u1d49 anniversaire des \u00e9v\u00e8nements du 23 juin 2011, l\u2019ancien ministre de l\u2019\u00c9ducation nationale et historien Kalidou Diallo rend hommage \u00e0 l\u2019ancien pr\u00e9sident Abdoulaye Wade, qui avait retir\u00e9 son projet de r\u00e9vision constitutionnelle sous la pression de la rue. Il invite les dirigeants actuels \u00e0 s\u2019inspirer de ce geste et de [&hellip;]","og_url":"https:\/\/www.nettali.com\/2025\/06\/23\/23-juin-2011-kalidou-diallo-salue-la-grande-lecon-de-democratie-donnee-par-abdoulaye-wade\/","og_site_name":"Nettali.com","article_publisher":"https:\/\/www.facebook.com\/nettalicom","article_published_time":"2025-06-23T18:27:27+00:00","article_modified_time":"2025-06-23T16:31:01+00:00","og_image":[{"width":752,"height":341,"url":"https:\/\/www.nettali.com\/wp-content\/uploads\/2025\/06\/Capture-de\u0301cran-2025-06-23-a\u0300-16.29.32.png","type":"image\/png"}],"twitter_card":"summary_large_image","twitter_misc":{"\u00c9crit par":"Daouda","Dur\u00e9e de lecture estim\u00e9e":"3 minutes"},"schema":{"@context":"https:\/\/schema.org","@graph":[{"@type":"WebSite","@id":"https:\/\/www.nettali.com\/#website","url":"https:\/\/www.nettali.com\/","name":"Nettali.com","description":"Le rendez-vous critique du Net","potentialAction":[{"@type":"SearchAction","target":{"@type":"EntryPoint","urlTemplate":"https:\/\/www.nettali.com\/?s={search_term_string}"},"query-input":"required name=search_term_string"}],"inLanguage":"fr-FR"},{"@type":"ImageObject","@id":"https:\/\/www.nettali.com\/2025\/06\/23\/23-juin-2011-kalidou-diallo-salue-la-grande-lecon-de-democratie-donnee-par-abdoulaye-wade\/#primaryimage","inLanguage":"fr-FR","url":"https:\/\/www.nettali.com\/wp-content\/uploads\/2025\/06\/Capture-de\u0301cran-2025-06-23-a\u0300-16.29.32.png","contentUrl":"https:\/\/www.nettali.com\/wp-content\/uploads\/2025\/06\/Capture-de\u0301cran-2025-06-23-a\u0300-16.29.32.png","width":752,"height":341},{"@type":"WebPage","@id":"https:\/\/www.nettali.com\/2025\/06\/23\/23-juin-2011-kalidou-diallo-salue-la-grande-lecon-de-democratie-donnee-par-abdoulaye-wade\/#webpage","url":"https:\/\/www.nettali.com\/2025\/06\/23\/23-juin-2011-kalidou-diallo-salue-la-grande-lecon-de-democratie-donnee-par-abdoulaye-wade\/","name":"23 JUIN 2011 - Kalidou Diallo salue \"la grande le\u00e7on de d\u00e9mocratie\" donn\u00e9e par Abdoulaye Wade | Nettali.com","isPartOf":{"@id":"https:\/\/www.nettali.com\/#website"},"primaryImageOfPage":{"@id":"https:\/\/www.nettali.com\/2025\/06\/23\/23-juin-2011-kalidou-diallo-salue-la-grande-lecon-de-democratie-donnee-par-abdoulaye-wade\/#primaryimage"},"datePublished":"2025-06-23T18:27:27+00:00","dateModified":"2025-06-23T16:31:01+00:00","author":{"@id":"https:\/\/www.nettali.com\/#\/schema\/person\/3317e0bb3aa1da309fbf7b2780901bf4"},"breadcrumb":{"@id":"https:\/\/www.nettali.com\/2025\/06\/23\/23-juin-2011-kalidou-diallo-salue-la-grande-lecon-de-democratie-donnee-par-abdoulaye-wade\/#breadcrumb"},"inLanguage":"fr-FR","potentialAction":[{"@type":"ReadAction","target":["https:\/\/www.nettali.com\/2025\/06\/23\/23-juin-2011-kalidou-diallo-salue-la-grande-lecon-de-democratie-donnee-par-abdoulaye-wade\/"]}]},{"@type":"BreadcrumbList","@id":"https:\/\/www.nettali.com\/2025\/06\/23\/23-juin-2011-kalidou-diallo-salue-la-grande-lecon-de-democratie-donnee-par-abdoulaye-wade\/#breadcrumb","itemListElement":[{"@type":"ListItem","position":1,"name":"Accueil","item":"https:\/\/www.nettali.com\/"},{"@type":"ListItem","position":2,"name":"23 JUIN 2011 - Kalidou Diallo salue \"la grande le\u00e7on de d\u00e9mocratie\" donn\u00e9e par Abdoulaye Wade"}]},{"@type":"Person","@id":"https:\/\/www.nettali.com\/#\/schema\/person\/3317e0bb3aa1da309fbf7b2780901bf4","name":"Daouda","image":{"@type":"ImageObject","@id":"https:\/\/www.nettali.com\/#personlogo","inLanguage":"fr-FR","url":"https:\/\/secure.gravatar.com\/avatar\/8d143b5a49345098ddcfee1c49c2f47c?s=96&d=mm&r=g","contentUrl":"https:\/\/secure.gravatar.com\/avatar\/8d143b5a49345098ddcfee1c49c2f47c?s=96&d=mm&r=g","caption":"Daouda"},"sameAs":["https:\/\/www.nettali.com"]}]}},"_links":{"self":[{"href":"https:\/\/www.nettali.com\/rest\/wp\/v2\/posts\/156333"}],"collection":[{"href":"https:\/\/www.nettali.com\/rest\/wp\/v2\/posts"}],"about":[{"href":"https:\/\/www.nettali.com\/rest\/wp\/v2\/types\/post"}],"author":[{"embeddable":true,"href":"https:\/\/www.nettali.com\/rest\/wp\/v2\/users\/4"}],"replies":[{"embeddable":true,"href":"https:\/\/www.nettali.com\/rest\/wp\/v2\/comments?post=156333"}],"version-history":[{"count":1,"href":"https:\/\/www.nettali.com\/rest\/wp\/v2\/posts\/156333\/revisions"}],"predecessor-version":[{"id":156335,"href":"https:\/\/www.nettali.com\/rest\/wp\/v2\/posts\/156333\/revisions\/156335"}],"wp:featuredmedia":[{"embeddable":true,"href":"https:\/\/www.nettali.com\/rest\/wp\/v2\/media\/156334"}],"wp:attachment":[{"href":"https:\/\/www.nettali.com\/rest\/wp\/v2\/media?parent=156333"}],"wp:term":[{"taxonomy":"category","embeddable":true,"href":"https:\/\/www.nettali.com\/rest\/wp\/v2\/categories?post=156333"},{"taxonomy":"post_tag","embeddable":true,"href":"https:\/\/www.nettali.com\/rest\/wp\/v2\/tags?post=156333"}],"curies":[{"name":"wp","href":"https:\/\/api.w.org\/{rel}","templated":true}]}}