{"id":156320,"date":"2025-06-23T11:07:06","date_gmt":"2025-06-23T11:07:06","guid":{"rendered":"https:\/\/www.nettali.com\/?p=156320"},"modified":"2025-06-23T11:07:06","modified_gmt":"2025-06-23T11:07:06","slug":"grave-accident-sur-laxe-dahra-mbeuleukhe-11-blesses-dont-4-dans-un-etat-critique","status":"publish","type":"post","link":"https:\/\/www.nettali.com\/2025\/06\/23\/grave-accident-sur-laxe-dahra-mbeuleukhe-11-blesses-dont-4-dans-un-etat-critique\/","title":{"rendered":"GRAVE ACCIDENT SUR L'AXE DAHRA-MBEULEUKH\u00c9 - 11 bless\u00e9s, dont 4 dans un \u00e9tat critique"},"content":{"rendered":"<p data-start=\"211\" data-end=\"417\"><strong>NETTALI.COM - Un accident de la circulation impliquant un minicar a fait 11 bless\u00e9s ce dimanche 22 juin sur la route de Dahra \u00e0 Mbeuleukh\u00e9. Les sapeurs-pompiers et la gendarmerie sont intervenus rapidement sur les lieux.<\/strong><\/p>\n<p data-start=\"437\" data-end=\"765\">Un grave accident de la route s\u2019est produit ce dimanche 22 juin 2025 aux environs de 17 heures sur l\u2019axe Dahra\u2013Mbeuleukh\u00e9, pr\u00e9cis\u00e9ment \u00e0 hauteur des champs de gommiers de la soci\u00e9t\u00e9 Azyla Gum Company. Le v\u00e9hicule en cause, un minicar de type \u00ab Wopouya \u00bb, revenait du march\u00e9 hebdomadaire de Dahra et se dirigeait vers Mbeuleukh\u00e9.<\/p>\n<p data-start=\"767\" data-end=\"1097\">Selon les premi\u00e8res informations recueillies sur place, le conducteur aurait perdu le contr\u00f4le du v\u00e9hicule, qui a d\u00e9rap\u00e9 avant de se renverser sur le bas-c\u00f4t\u00e9. Le bilan provisoire \u00e9tabli par l\u2019Adjudant-chef Adrien Malick Faye, chef du d\u00e9tachement des sapeurs-pompiers de Dahra, fait \u00e9tat de 11 bless\u00e9s, dont 4 gri\u00e8vement atteints.<\/p>\n<p data-start=\"1099\" data-end=\"1249\">Les secours, arriv\u00e9s rapidement sur les lieux, ont proc\u00e9d\u00e9 \u00e0 l\u2019\u00e9vacuation des bless\u00e9s vers le centre de sant\u00e9 de Dahra, o\u00f9 ils ont \u00e9t\u00e9 pris en charge.<\/p>\n<p data-start=\"1251\" data-end=\"1522\">La brigade de gendarmerie territoriale de Yang-Yang a imm\u00e9diatement ouvert une enqu\u00eate pour d\u00e9terminer les circonstances exactes de l\u2019accident. Des t\u00e9moins seront entendus et le v\u00e9hicule expertis\u00e9 pour tenter de faire la lumi\u00e8re sur ce nouveau drame routier dans la zone.<\/p>\n<div class='share-to-whatsapp-wrapper'><div class='share-on-whsp'>PARTAGER SUR : <\/div><a data-text='GRAVE ACCIDENT SUR L'AXE DAHRA-MBEULEUKH\u00c9 - 11 bless\u00e9s, dont 4 dans un \u00e9tat critique' data-link='https:\/\/www.nettali.com\/2025\/06\/23\/grave-accident-sur-laxe-dahra-mbeuleukhe-11-blesses-dont-4-dans-un-etat-critique\/' class='whatsapp-button whatsapp-share'>WhatsApp<\/a><div class='clear '><\/div><\/div>","protected":false},"excerpt":{"rendered":"<p>NETTALI.COM - Un accident de la circulation impliquant un minicar a fait 11 bless\u00e9s ce dimanche 22 juin sur la route de Dahra \u00e0 Mbeuleukh\u00e9. Les sapeurs-pompiers et la gendarmerie sont intervenus rapidement sur les lieux. Un grave accident de la route s\u2019est produit ce dimanche 22 juin 2025 aux environs de 17 heures sur [&hellip;]<\/p>\n","protected":false},"author":4,"featured_media":139105,"comment_status":"open","ping_status":"open","sticky":false,"template":"","format":"standard","meta":{"_et_pb_use_builder":"","_et_pb_old_content":""},"categories":[3],"tags":[],"yoast_head":"<!-- This site is optimized with the Yoast SEO Premium plugin v17.8 (Yoast SEO v17.8) - https:\/\/yoast.com\/wordpress\/plugins\/seo\/ -->\n<title>GRAVE ACCIDENT SUR L&#039;AXE DAHRA-MBEULEUKH\u00c9 - 11 bless\u00e9s, dont 4 dans un \u00e9tat critique | Nettali.com<\/title>\n<meta name=\"robots\" content=\"index, follow, max-snippet:-1, max-image-preview:large, max-video-preview:-1\" \/>\n<link rel=\"canonical\" href=\"https:\/\/www.nettali.com\/2025\/06\/23\/grave-accident-sur-laxe-dahra-mbeuleukhe-11-blesses-dont-4-dans-un-etat-critique\/\" \/>\n<meta property=\"og:locale\" content=\"fr_FR\" \/>\n<meta property=\"og:type\" content=\"article\" \/>\n<meta property=\"og:title\" content=\"GRAVE ACCIDENT SUR L&#039;AXE DAHRA-MBEULEUKH\u00c9 - 11 bless\u00e9s, dont 4 dans un \u00e9tat critique\" \/>\n<meta property=\"og:description\" content=\"NETTALI.COM - Un accident de la circulation impliquant un minicar a fait 11 bless\u00e9s ce dimanche 22 juin sur la route de Dahra \u00e0 Mbeuleukh\u00e9. Les sapeurs-pompiers et la gendarmerie sont intervenus rapidement sur les lieux. Un grave accident de la route s\u2019est produit ce dimanche 22 juin 2025 aux environs de 17 heures sur [&hellip;]\" \/>\n<meta property=\"og:url\" content=\"https:\/\/www.nettali.com\/2025\/06\/23\/grave-accident-sur-laxe-dahra-mbeuleukhe-11-blesses-dont-4-dans-un-etat-critique\/\" \/>\n<meta property=\"og:site_name\" content=\"Nettali.com\" \/>\n<meta property=\"article:publisher\" content=\"https:\/\/www.facebook.com\/nettalicom\" \/>\n<meta property=\"article:published_time\" content=\"2025-06-23T11:07:06+00:00\" \/>\n<meta property=\"og:image\" content=\"https:\/\/www.nettali.com\/wp-content\/uploads\/2024\/08\/accident.jpg\" \/>\n\t<meta property=\"og:image:width\" content=\"678\" \/>\n\t<meta property=\"og:image:height\" content=\"381\" \/>\n<meta name=\"twitter:card\" content=\"summary_large_image\" \/>\n<meta name=\"twitter:label1\" content=\"\u00c9crit par\" \/>\n\t<meta name=\"twitter:data1\" content=\"Daouda\" \/>\n\t<meta name=\"twitter:label2\" content=\"Dur\u00e9e de lecture estim\u00e9e\" \/>\n\t<meta name=\"twitter:data2\" content=\"2 minutes\" \/>\n<script type=\"application\/ld+json\" class=\"yoast-schema-graph\">{\"@context\":\"https:\/\/schema.org\",\"@graph\":[{\"@type\":\"WebSite\",\"@id\":\"https:\/\/www.nettali.com\/#website\",\"url\":\"https:\/\/www.nettali.com\/\",\"name\":\"Nettali.com\",\"description\":\"Le rendez-vous critique du Net\",\"potentialAction\":[{\"@type\":\"SearchAction\",\"target\":{\"@type\":\"EntryPoint\",\"urlTemplate\":\"https:\/\/www.nettali.com\/?s={search_term_string}\"},\"query-input\":\"required name=search_term_string\"}],\"inLanguage\":\"fr-FR\"},{\"@type\":\"ImageObject\",\"@id\":\"https:\/\/www.nettali.com\/2025\/06\/23\/grave-accident-sur-laxe-dahra-mbeuleukhe-11-blesses-dont-4-dans-un-etat-critique\/#primaryimage\",\"inLanguage\":\"fr-FR\",\"url\":\"https:\/\/www.nettali.com\/wp-content\/uploads\/2024\/08\/accident.jpg\",\"contentUrl\":\"https:\/\/www.nettali.com\/wp-content\/uploads\/2024\/08\/accident.jpg\",\"width\":678,\"height\":381},{\"@type\":\"WebPage\",\"@id\":\"https:\/\/www.nettali.com\/2025\/06\/23\/grave-accident-sur-laxe-dahra-mbeuleukhe-11-blesses-dont-4-dans-un-etat-critique\/#webpage\",\"url\":\"https:\/\/www.nettali.com\/2025\/06\/23\/grave-accident-sur-laxe-dahra-mbeuleukhe-11-blesses-dont-4-dans-un-etat-critique\/\",\"name\":\"GRAVE ACCIDENT SUR L'AXE DAHRA-MBEULEUKH\\u00c9 - 11 bless\\u00e9s, dont 4 dans un \\u00e9tat critique | Nettali.com\",\"isPartOf\":{\"@id\":\"https:\/\/www.nettali.com\/#website\"},\"primaryImageOfPage\":{\"@id\":\"https:\/\/www.nettali.com\/2025\/06\/23\/grave-accident-sur-laxe-dahra-mbeuleukhe-11-blesses-dont-4-dans-un-etat-critique\/#primaryimage\"},\"datePublished\":\"2025-06-23T11:07:06+00:00\",\"dateModified\":\"2025-06-23T11:07:06+00:00\",\"author\":{\"@id\":\"https:\/\/www.nettali.com\/#\/schema\/person\/3317e0bb3aa1da309fbf7b2780901bf4\"},\"breadcrumb\":{\"@id\":\"https:\/\/www.nettali.com\/2025\/06\/23\/grave-accident-sur-laxe-dahra-mbeuleukhe-11-blesses-dont-4-dans-un-etat-critique\/#breadcrumb\"},\"inLanguage\":\"fr-FR\",\"potentialAction\":[{\"@type\":\"ReadAction\",\"target\":[\"https:\/\/www.nettali.com\/2025\/06\/23\/grave-accident-sur-laxe-dahra-mbeuleukhe-11-blesses-dont-4-dans-un-etat-critique\/\"]}]},{\"@type\":\"BreadcrumbList\",\"@id\":\"https:\/\/www.nettali.com\/2025\/06\/23\/grave-accident-sur-laxe-dahra-mbeuleukhe-11-blesses-dont-4-dans-un-etat-critique\/#breadcrumb\",\"itemListElement\":[{\"@type\":\"ListItem\",\"position\":1,\"name\":\"Accueil\",\"item\":\"https:\/\/www.nettali.com\/\"},{\"@type\":\"ListItem\",\"position\":2,\"name\":\"GRAVE ACCIDENT SUR L'AXE DAHRA-MBEULEUKH\\u00c9 - 11 bless\\u00e9s, dont 4 dans un \\u00e9tat critique\"}]},{\"@type\":\"Person\",\"@id\":\"https:\/\/www.nettali.com\/#\/schema\/person\/3317e0bb3aa1da309fbf7b2780901bf4\",\"name\":\"Daouda\",\"image\":{\"@type\":\"ImageObject\",\"@id\":\"https:\/\/www.nettali.com\/#personlogo\",\"inLanguage\":\"fr-FR\",\"url\":\"https:\/\/secure.gravatar.com\/avatar\/8d143b5a49345098ddcfee1c49c2f47c?s=96&d=mm&r=g\",\"contentUrl\":\"https:\/\/secure.gravatar.com\/avatar\/8d143b5a49345098ddcfee1c49c2f47c?s=96&d=mm&r=g\",\"caption\":\"Daouda\"},\"sameAs\":[\"https:\/\/www.nettali.com\"]}]}<\/script>\n<!-- \/ Yoast SEO Premium plugin. -->","yoast_head_json":{"title":"GRAVE ACCIDENT SUR L'AXE DAHRA-MBEULEUKH\u00c9 - 11 bless\u00e9s, dont 4 dans un \u00e9tat critique | Nettali.com","robots":{"index":"index","follow":"follow","max-snippet":"max-snippet:-1","max-image-preview":"max-image-preview:large","max-video-preview":"max-video-preview:-1"},"canonical":"https:\/\/www.nettali.com\/2025\/06\/23\/grave-accident-sur-laxe-dahra-mbeuleukhe-11-blesses-dont-4-dans-un-etat-critique\/","og_locale":"fr_FR","og_type":"article","og_title":"GRAVE ACCIDENT SUR L'AXE DAHRA-MBEULEUKH\u00c9 - 11 bless\u00e9s, dont 4 dans un \u00e9tat critique","og_description":"NETTALI.COM - Un accident de la circulation impliquant un minicar a fait 11 bless\u00e9s ce dimanche 22 juin sur la route de Dahra \u00e0 Mbeuleukh\u00e9. Les sapeurs-pompiers et la gendarmerie sont intervenus rapidement sur les lieux. Un grave accident de la route s\u2019est produit ce dimanche 22 juin 2025 aux environs de 17 heures sur [&hellip;]","og_url":"https:\/\/www.nettali.com\/2025\/06\/23\/grave-accident-sur-laxe-dahra-mbeuleukhe-11-blesses-dont-4-dans-un-etat-critique\/","og_site_name":"Nettali.com","article_publisher":"https:\/\/www.facebook.com\/nettalicom","article_published_time":"2025-06-23T11:07:06+00:00","og_image":[{"width":678,"height":381,"url":"https:\/\/www.nettali.com\/wp-content\/uploads\/2024\/08\/accident.jpg","type":"image\/jpeg"}],"twitter_card":"summary_large_image","twitter_misc":{"\u00c9crit par":"Daouda","Dur\u00e9e de lecture estim\u00e9e":"2 minutes"},"schema":{"@context":"https:\/\/schema.org","@graph":[{"@type":"WebSite","@id":"https:\/\/www.nettali.com\/#website","url":"https:\/\/www.nettali.com\/","name":"Nettali.com","description":"Le rendez-vous critique du Net","potentialAction":[{"@type":"SearchAction","target":{"@type":"EntryPoint","urlTemplate":"https:\/\/www.nettali.com\/?s={search_term_string}"},"query-input":"required name=search_term_string"}],"inLanguage":"fr-FR"},{"@type":"ImageObject","@id":"https:\/\/www.nettali.com\/2025\/06\/23\/grave-accident-sur-laxe-dahra-mbeuleukhe-11-blesses-dont-4-dans-un-etat-critique\/#primaryimage","inLanguage":"fr-FR","url":"https:\/\/www.nettali.com\/wp-content\/uploads\/2024\/08\/accident.jpg","contentUrl":"https:\/\/www.nettali.com\/wp-content\/uploads\/2024\/08\/accident.jpg","width":678,"height":381},{"@type":"WebPage","@id":"https:\/\/www.nettali.com\/2025\/06\/23\/grave-accident-sur-laxe-dahra-mbeuleukhe-11-blesses-dont-4-dans-un-etat-critique\/#webpage","url":"https:\/\/www.nettali.com\/2025\/06\/23\/grave-accident-sur-laxe-dahra-mbeuleukhe-11-blesses-dont-4-dans-un-etat-critique\/","name":"GRAVE ACCIDENT SUR L'AXE DAHRA-MBEULEUKH\u00c9 - 11 bless\u00e9s, dont 4 dans un \u00e9tat critique | Nettali.com","isPartOf":{"@id":"https:\/\/www.nettali.com\/#website"},"primaryImageOfPage":{"@id":"https:\/\/www.nettali.com\/2025\/06\/23\/grave-accident-sur-laxe-dahra-mbeuleukhe-11-blesses-dont-4-dans-un-etat-critique\/#primaryimage"},"datePublished":"2025-06-23T11:07:06+00:00","dateModified":"2025-06-23T11:07:06+00:00","author":{"@id":"https:\/\/www.nettali.com\/#\/schema\/person\/3317e0bb3aa1da309fbf7b2780901bf4"},"breadcrumb":{"@id":"https:\/\/www.nettali.com\/2025\/06\/23\/grave-accident-sur-laxe-dahra-mbeuleukhe-11-blesses-dont-4-dans-un-etat-critique\/#breadcrumb"},"inLanguage":"fr-FR","potentialAction":[{"@type":"ReadAction","target":["https:\/\/www.nettali.com\/2025\/06\/23\/grave-accident-sur-laxe-dahra-mbeuleukhe-11-blesses-dont-4-dans-un-etat-critique\/"]}]},{"@type":"BreadcrumbList","@id":"https:\/\/www.nettali.com\/2025\/06\/23\/grave-accident-sur-laxe-dahra-mbeuleukhe-11-blesses-dont-4-dans-un-etat-critique\/#breadcrumb","itemListElement":[{"@type":"ListItem","position":1,"name":"Accueil","item":"https:\/\/www.nettali.com\/"},{"@type":"ListItem","position":2,"name":"GRAVE ACCIDENT SUR L'AXE DAHRA-MBEULEUKH\u00c9 - 11 bless\u00e9s, dont 4 dans un \u00e9tat critique"}]},{"@type":"Person","@id":"https:\/\/www.nettali.com\/#\/schema\/person\/3317e0bb3aa1da309fbf7b2780901bf4","name":"Daouda","image":{"@type":"ImageObject","@id":"https:\/\/www.nettali.com\/#personlogo","inLanguage":"fr-FR","url":"https:\/\/secure.gravatar.com\/avatar\/8d143b5a49345098ddcfee1c49c2f47c?s=96&d=mm&r=g","contentUrl":"https:\/\/secure.gravatar.com\/avatar\/8d143b5a49345098ddcfee1c49c2f47c?s=96&d=mm&r=g","caption":"Daouda"},"sameAs":["https:\/\/www.nettali.com"]}]}},"_links":{"self":[{"href":"https:\/\/www.nettali.com\/rest\/wp\/v2\/posts\/156320"}],"collection":[{"href":"https:\/\/www.nettali.com\/rest\/wp\/v2\/posts"}],"about":[{"href":"https:\/\/www.nettali.com\/rest\/wp\/v2\/types\/post"}],"author":[{"embeddable":true,"href":"https:\/\/www.nettali.com\/rest\/wp\/v2\/users\/4"}],"replies":[{"embeddable":true,"href":"https:\/\/www.nettali.com\/rest\/wp\/v2\/comments?post=156320"}],"version-history":[{"count":1,"href":"https:\/\/www.nettali.com\/rest\/wp\/v2\/posts\/156320\/revisions"}],"predecessor-version":[{"id":156324,"href":"https:\/\/www.nettali.com\/rest\/wp\/v2\/posts\/156320\/revisions\/156324"}],"wp:featuredmedia":[{"embeddable":true,"href":"https:\/\/www.nettali.com\/rest\/wp\/v2\/media\/139105"}],"wp:attachment":[{"href":"https:\/\/www.nettali.com\/rest\/wp\/v2\/media?parent=156320"}],"wp:term":[{"taxonomy":"category","embeddable":true,"href":"https:\/\/www.nettali.com\/rest\/wp\/v2\/categories?post=156320"},{"taxonomy":"post_tag","embeddable":true,"href":"https:\/\/www.nettali.com\/rest\/wp\/v2\/tags?post=156320"}],"curies":[{"name":"wp","href":"https:\/\/api.w.org\/{rel}","templated":true}]}}