{"id":156316,"date":"2025-06-23T11:47:24","date_gmt":"2025-06-23T11:47:24","guid":{"rendered":"https:\/\/www.nettali.com\/?p=156316"},"modified":"2025-06-23T10:50:23","modified_gmt":"2025-06-23T10:50:23","slug":"presidence-de-la-cedeao-thierno-alassane-sall-denonce-un-camouflet-diplomatique-pour-le-senegal","status":"publish","type":"post","link":"https:\/\/www.nettali.com\/2025\/06\/23\/presidence-de-la-cedeao-thierno-alassane-sall-denonce-un-camouflet-diplomatique-pour-le-senegal\/","title":{"rendered":"PRESIDENCE DE LA CEDEAO - Thierno Alassane Sall d\u00e9nonce un \u00ab camouflet diplomatique \u00bb pour le S\u00e9n\u00e9gal"},"content":{"rendered":"<p data-start=\"232\" data-end=\"514\"><strong>NETTALI.COM -\u00a0 La d\u00e9signation du Sierra-L\u00e9onais Julius Maada Bio \u00e0 la t\u00eate de la CEDEAO continue de susciter des r\u00e9actions. Thierno Alassane Sall, leader de la R\u00e9publique des Valeurs, y voit un affront historique pour la diplomatie s\u00e9n\u00e9galaise et un revers pour le pr\u00e9sident Bassirou Diomaye Faye.<\/strong><\/p>\n<p data-start=\"534\" data-end=\"890\">Le choix des chefs d\u2019\u00c9tat de la CEDEAO de porter le pr\u00e9sident sierra-l\u00e9onais Julius Maada Bio \u00e0 la pr\u00e9sidence tournante de l\u2019organisation r\u00e9gionale n\u2019en finit pas de faire des vagues \u00e0 Dakar. Thierno Alassane Sall, pr\u00e9sident du parti R\u00e9publique des Valeurs, a vivement critiqu\u00e9 ce qu\u2019il qualifie de <em>\u00ab pire camouflet diplomatique de l\u2019histoire du S\u00e9n\u00e9gal \u00bb<\/em>.<\/p>\n<p data-start=\"892\" data-end=\"1271\">Dans une d\u00e9claration publi\u00e9e ce week-end, l\u2019ancien ministre de l\u2019\u00c9nergie estime que le pr\u00e9sident Bassirou Diomaye Faye, qui s\u2019\u00e9tait rendu \u00e0 Abuja pour ce sommet du 21 juin, a essuy\u00e9 un revers cinglant. <em>\u00ab Les chefs d\u2019\u00c9tat de la CEDEAO ont pr\u00e9f\u00e9r\u00e9 confier la pr\u00e9sidence de l\u2019organisation \u00e0 Julius Maada Bio, \u00e0 la place de Bassirou Diomaye Faye, un moment pressenti \u00bb<\/em>, a-t-il \u00e9crit.<\/p>\n<p data-start=\"1273\" data-end=\"1637\">Au-del\u00e0 de ce qu\u2019il consid\u00e8re comme un d\u00e9saveu, Thierno Alassane Sall d\u00e9nonce une incoh\u00e9rence strat\u00e9gique de la part du r\u00e9gime s\u00e9n\u00e9galais. <em>\u00ab Quelle id\u00e9e, pour un antisyst\u00e8me, de vouloir diriger le consortium r\u00e9gional du Syst\u00e8me ! \u00bb<\/em>, s\u2019interroge-t-il, estimant que le profil de Bassirou Diomaye Faye n\u2019\u00e9tait pas compatible avec les exigences actuelles de la CEDEAO.<\/p>\n<p data-start=\"1639\" data-end=\"2030\">Le leader de la R\u00e9publique des Valeurs pointe \u00e9galement du doigt les dissensions internes au sommet de l\u2019\u00c9tat s\u00e9n\u00e9galais et les prises de position de certains d\u00e9put\u00e9s s\u00e9n\u00e9galais au parlement de la CEDEAO, jug\u00e9es hostiles \u00e0 l\u2019organisation. <em>\u00ab Les diatribes de certains d\u00e9put\u00e9s s\u00e9n\u00e9galais, qui font \u00e9cho aux attaques de l\u2019AES contre les chefs d\u2019\u00c9tat de la CEDEAO, n\u2019ont pas aid\u00e9 \u00bb<\/em>, ajoute-t-il.<\/p>\n<p data-start=\"2032\" data-end=\"2381\">Enfin, Thierno Alassane Sall n\u2019a pas \u00e9pargn\u00e9 le Premier ministre Ousmane Sonko, actuellement en d\u00e9placement en Chine. Ironisant sur les <em>\u00ab photos du PM aux c\u00f4t\u00e9s d\u2019officiels de second rang \u00bb<\/em>, il d\u00e9nonce <em>\u00ab l\u2019offensive d\u00e9sordonn\u00e9e des deux chefs de l\u2019ex\u00e9cutif, tous deux absents du territoire \u00bb<\/em>, concluant que le S\u00e9n\u00e9gal est devenu <em>\u00ab un pays d\u00e9valu\u00e9 \u00bb<\/em>.<\/p>\n<div class='share-to-whatsapp-wrapper'><div class='share-on-whsp'>PARTAGER SUR : <\/div><a data-text='PRESIDENCE DE LA CEDEAO - Thierno Alassane Sall d\u00e9nonce un \u00ab camouflet diplomatique \u00bb pour le S\u00e9n\u00e9gal' data-link='https:\/\/www.nettali.com\/2025\/06\/23\/presidence-de-la-cedeao-thierno-alassane-sall-denonce-un-camouflet-diplomatique-pour-le-senegal\/' class='whatsapp-button whatsapp-share'>WhatsApp<\/a><div class='clear '><\/div><\/div>","protected":false},"excerpt":{"rendered":"<p>NETTALI.COM -\u00a0 La d\u00e9signation du Sierra-L\u00e9onais Julius Maada Bio \u00e0 la t\u00eate de la CEDEAO continue de susciter des r\u00e9actions. Thierno Alassane Sall, leader de la R\u00e9publique des Valeurs, y voit un affront historique pour la diplomatie s\u00e9n\u00e9galaise et un revers pour le pr\u00e9sident Bassirou Diomaye Faye. Le choix des chefs d\u2019\u00c9tat de la CEDEAO [&hellip;]<\/p>\n","protected":false},"author":4,"featured_media":155705,"comment_status":"open","ping_status":"open","sticky":false,"template":"","format":"standard","meta":{"_et_pb_use_builder":"","_et_pb_old_content":""},"categories":[2],"tags":[],"yoast_head":"<!-- This site is optimized with the Yoast SEO Premium plugin v17.8 (Yoast SEO v17.8) - https:\/\/yoast.com\/wordpress\/plugins\/seo\/ -->\n<title>PRESIDENCE DE LA CEDEAO - Thierno Alassane Sall d\u00e9nonce un \u00ab camouflet diplomatique \u00bb pour le S\u00e9n\u00e9gal | Nettali.com<\/title>\n<meta name=\"robots\" content=\"index, follow, max-snippet:-1, max-image-preview:large, max-video-preview:-1\" \/>\n<link rel=\"canonical\" href=\"https:\/\/www.nettali.com\/2025\/06\/23\/presidence-de-la-cedeao-thierno-alassane-sall-denonce-un-camouflet-diplomatique-pour-le-senegal\/\" \/>\n<meta property=\"og:locale\" content=\"fr_FR\" \/>\n<meta property=\"og:type\" content=\"article\" \/>\n<meta property=\"og:title\" content=\"PRESIDENCE DE LA CEDEAO - Thierno Alassane Sall d\u00e9nonce un \u00ab camouflet diplomatique \u00bb pour le S\u00e9n\u00e9gal\" \/>\n<meta property=\"og:description\" content=\"NETTALI.COM -\u00a0 La d\u00e9signation du Sierra-L\u00e9onais Julius Maada Bio \u00e0 la t\u00eate de la CEDEAO continue de susciter des r\u00e9actions. Thierno Alassane Sall, leader de la R\u00e9publique des Valeurs, y voit un affront historique pour la diplomatie s\u00e9n\u00e9galaise et un revers pour le pr\u00e9sident Bassirou Diomaye Faye. Le choix des chefs d\u2019\u00c9tat de la CEDEAO [&hellip;]\" \/>\n<meta property=\"og:url\" content=\"https:\/\/www.nettali.com\/2025\/06\/23\/presidence-de-la-cedeao-thierno-alassane-sall-denonce-un-camouflet-diplomatique-pour-le-senegal\/\" \/>\n<meta property=\"og:site_name\" content=\"Nettali.com\" \/>\n<meta property=\"article:publisher\" content=\"https:\/\/www.facebook.com\/nettalicom\" \/>\n<meta property=\"article:published_time\" content=\"2025-06-23T11:47:24+00:00\" \/>\n<meta property=\"article:modified_time\" content=\"2025-06-23T10:50:23+00:00\" \/>\n<meta property=\"og:image\" content=\"https:\/\/www.nettali.com\/wp-content\/uploads\/2025\/06\/Thierno-Alassane-Sall.jpg\" \/>\n\t<meta property=\"og:image:width\" content=\"1066\" \/>\n\t<meta property=\"og:image:height\" content=\"693\" \/>\n<meta name=\"twitter:card\" content=\"summary_large_image\" \/>\n<meta name=\"twitter:label1\" content=\"\u00c9crit par\" \/>\n\t<meta name=\"twitter:data1\" content=\"Daouda\" \/>\n\t<meta name=\"twitter:label2\" content=\"Dur\u00e9e de lecture estim\u00e9e\" \/>\n\t<meta name=\"twitter:data2\" content=\"2 minutes\" \/>\n<script type=\"application\/ld+json\" class=\"yoast-schema-graph\">{\"@context\":\"https:\/\/schema.org\",\"@graph\":[{\"@type\":\"WebSite\",\"@id\":\"https:\/\/www.nettali.com\/#website\",\"url\":\"https:\/\/www.nettali.com\/\",\"name\":\"Nettali.com\",\"description\":\"Le rendez-vous critique du Net\",\"potentialAction\":[{\"@type\":\"SearchAction\",\"target\":{\"@type\":\"EntryPoint\",\"urlTemplate\":\"https:\/\/www.nettali.com\/?s={search_term_string}\"},\"query-input\":\"required name=search_term_string\"}],\"inLanguage\":\"fr-FR\"},{\"@type\":\"ImageObject\",\"@id\":\"https:\/\/www.nettali.com\/2025\/06\/23\/presidence-de-la-cedeao-thierno-alassane-sall-denonce-un-camouflet-diplomatique-pour-le-senegal\/#primaryimage\",\"inLanguage\":\"fr-FR\",\"url\":\"https:\/\/www.nettali.com\/wp-content\/uploads\/2025\/06\/Thierno-Alassane-Sall.jpg\",\"contentUrl\":\"https:\/\/www.nettali.com\/wp-content\/uploads\/2025\/06\/Thierno-Alassane-Sall.jpg\",\"width\":1066,\"height\":693},{\"@type\":\"WebPage\",\"@id\":\"https:\/\/www.nettali.com\/2025\/06\/23\/presidence-de-la-cedeao-thierno-alassane-sall-denonce-un-camouflet-diplomatique-pour-le-senegal\/#webpage\",\"url\":\"https:\/\/www.nettali.com\/2025\/06\/23\/presidence-de-la-cedeao-thierno-alassane-sall-denonce-un-camouflet-diplomatique-pour-le-senegal\/\",\"name\":\"PRESIDENCE DE LA CEDEAO - Thierno Alassane Sall d\\u00e9nonce un \\u00ab camouflet diplomatique \\u00bb pour le S\\u00e9n\\u00e9gal | Nettali.com\",\"isPartOf\":{\"@id\":\"https:\/\/www.nettali.com\/#website\"},\"primaryImageOfPage\":{\"@id\":\"https:\/\/www.nettali.com\/2025\/06\/23\/presidence-de-la-cedeao-thierno-alassane-sall-denonce-un-camouflet-diplomatique-pour-le-senegal\/#primaryimage\"},\"datePublished\":\"2025-06-23T11:47:24+00:00\",\"dateModified\":\"2025-06-23T10:50:23+00:00\",\"author\":{\"@id\":\"https:\/\/www.nettali.com\/#\/schema\/person\/3317e0bb3aa1da309fbf7b2780901bf4\"},\"breadcrumb\":{\"@id\":\"https:\/\/www.nettali.com\/2025\/06\/23\/presidence-de-la-cedeao-thierno-alassane-sall-denonce-un-camouflet-diplomatique-pour-le-senegal\/#breadcrumb\"},\"inLanguage\":\"fr-FR\",\"potentialAction\":[{\"@type\":\"ReadAction\",\"target\":[\"https:\/\/www.nettali.com\/2025\/06\/23\/presidence-de-la-cedeao-thierno-alassane-sall-denonce-un-camouflet-diplomatique-pour-le-senegal\/\"]}]},{\"@type\":\"BreadcrumbList\",\"@id\":\"https:\/\/www.nettali.com\/2025\/06\/23\/presidence-de-la-cedeao-thierno-alassane-sall-denonce-un-camouflet-diplomatique-pour-le-senegal\/#breadcrumb\",\"itemListElement\":[{\"@type\":\"ListItem\",\"position\":1,\"name\":\"Accueil\",\"item\":\"https:\/\/www.nettali.com\/\"},{\"@type\":\"ListItem\",\"position\":2,\"name\":\"PRESIDENCE DE LA CEDEAO - Thierno Alassane Sall d\\u00e9nonce un \\u00ab camouflet diplomatique \\u00bb pour le S\\u00e9n\\u00e9gal\"}]},{\"@type\":\"Person\",\"@id\":\"https:\/\/www.nettali.com\/#\/schema\/person\/3317e0bb3aa1da309fbf7b2780901bf4\",\"name\":\"Daouda\",\"image\":{\"@type\":\"ImageObject\",\"@id\":\"https:\/\/www.nettali.com\/#personlogo\",\"inLanguage\":\"fr-FR\",\"url\":\"https:\/\/secure.gravatar.com\/avatar\/8d143b5a49345098ddcfee1c49c2f47c?s=96&d=mm&r=g\",\"contentUrl\":\"https:\/\/secure.gravatar.com\/avatar\/8d143b5a49345098ddcfee1c49c2f47c?s=96&d=mm&r=g\",\"caption\":\"Daouda\"},\"sameAs\":[\"https:\/\/www.nettali.com\"]}]}<\/script>\n<!-- \/ Yoast SEO Premium plugin. -->","yoast_head_json":{"title":"PRESIDENCE DE LA CEDEAO - Thierno Alassane Sall d\u00e9nonce un \u00ab camouflet diplomatique \u00bb pour le S\u00e9n\u00e9gal | Nettali.com","robots":{"index":"index","follow":"follow","max-snippet":"max-snippet:-1","max-image-preview":"max-image-preview:large","max-video-preview":"max-video-preview:-1"},"canonical":"https:\/\/www.nettali.com\/2025\/06\/23\/presidence-de-la-cedeao-thierno-alassane-sall-denonce-un-camouflet-diplomatique-pour-le-senegal\/","og_locale":"fr_FR","og_type":"article","og_title":"PRESIDENCE DE LA CEDEAO - Thierno Alassane Sall d\u00e9nonce un \u00ab camouflet diplomatique \u00bb pour le S\u00e9n\u00e9gal","og_description":"NETTALI.COM -\u00a0 La d\u00e9signation du Sierra-L\u00e9onais Julius Maada Bio \u00e0 la t\u00eate de la CEDEAO continue de susciter des r\u00e9actions. Thierno Alassane Sall, leader de la R\u00e9publique des Valeurs, y voit un affront historique pour la diplomatie s\u00e9n\u00e9galaise et un revers pour le pr\u00e9sident Bassirou Diomaye Faye. Le choix des chefs d\u2019\u00c9tat de la CEDEAO [&hellip;]","og_url":"https:\/\/www.nettali.com\/2025\/06\/23\/presidence-de-la-cedeao-thierno-alassane-sall-denonce-un-camouflet-diplomatique-pour-le-senegal\/","og_site_name":"Nettali.com","article_publisher":"https:\/\/www.facebook.com\/nettalicom","article_published_time":"2025-06-23T11:47:24+00:00","article_modified_time":"2025-06-23T10:50:23+00:00","og_image":[{"width":1066,"height":693,"url":"https:\/\/www.nettali.com\/wp-content\/uploads\/2025\/06\/Thierno-Alassane-Sall.jpg","type":"image\/jpeg"}],"twitter_card":"summary_large_image","twitter_misc":{"\u00c9crit par":"Daouda","Dur\u00e9e de lecture estim\u00e9e":"2 minutes"},"schema":{"@context":"https:\/\/schema.org","@graph":[{"@type":"WebSite","@id":"https:\/\/www.nettali.com\/#website","url":"https:\/\/www.nettali.com\/","name":"Nettali.com","description":"Le rendez-vous critique du Net","potentialAction":[{"@type":"SearchAction","target":{"@type":"EntryPoint","urlTemplate":"https:\/\/www.nettali.com\/?s={search_term_string}"},"query-input":"required name=search_term_string"}],"inLanguage":"fr-FR"},{"@type":"ImageObject","@id":"https:\/\/www.nettali.com\/2025\/06\/23\/presidence-de-la-cedeao-thierno-alassane-sall-denonce-un-camouflet-diplomatique-pour-le-senegal\/#primaryimage","inLanguage":"fr-FR","url":"https:\/\/www.nettali.com\/wp-content\/uploads\/2025\/06\/Thierno-Alassane-Sall.jpg","contentUrl":"https:\/\/www.nettali.com\/wp-content\/uploads\/2025\/06\/Thierno-Alassane-Sall.jpg","width":1066,"height":693},{"@type":"WebPage","@id":"https:\/\/www.nettali.com\/2025\/06\/23\/presidence-de-la-cedeao-thierno-alassane-sall-denonce-un-camouflet-diplomatique-pour-le-senegal\/#webpage","url":"https:\/\/www.nettali.com\/2025\/06\/23\/presidence-de-la-cedeao-thierno-alassane-sall-denonce-un-camouflet-diplomatique-pour-le-senegal\/","name":"PRESIDENCE DE LA CEDEAO - Thierno Alassane Sall d\u00e9nonce un \u00ab camouflet diplomatique \u00bb pour le S\u00e9n\u00e9gal | Nettali.com","isPartOf":{"@id":"https:\/\/www.nettali.com\/#website"},"primaryImageOfPage":{"@id":"https:\/\/www.nettali.com\/2025\/06\/23\/presidence-de-la-cedeao-thierno-alassane-sall-denonce-un-camouflet-diplomatique-pour-le-senegal\/#primaryimage"},"datePublished":"2025-06-23T11:47:24+00:00","dateModified":"2025-06-23T10:50:23+00:00","author":{"@id":"https:\/\/www.nettali.com\/#\/schema\/person\/3317e0bb3aa1da309fbf7b2780901bf4"},"breadcrumb":{"@id":"https:\/\/www.nettali.com\/2025\/06\/23\/presidence-de-la-cedeao-thierno-alassane-sall-denonce-un-camouflet-diplomatique-pour-le-senegal\/#breadcrumb"},"inLanguage":"fr-FR","potentialAction":[{"@type":"ReadAction","target":["https:\/\/www.nettali.com\/2025\/06\/23\/presidence-de-la-cedeao-thierno-alassane-sall-denonce-un-camouflet-diplomatique-pour-le-senegal\/"]}]},{"@type":"BreadcrumbList","@id":"https:\/\/www.nettali.com\/2025\/06\/23\/presidence-de-la-cedeao-thierno-alassane-sall-denonce-un-camouflet-diplomatique-pour-le-senegal\/#breadcrumb","itemListElement":[{"@type":"ListItem","position":1,"name":"Accueil","item":"https:\/\/www.nettali.com\/"},{"@type":"ListItem","position":2,"name":"PRESIDENCE DE LA CEDEAO - Thierno Alassane Sall d\u00e9nonce un \u00ab camouflet diplomatique \u00bb pour le S\u00e9n\u00e9gal"}]},{"@type":"Person","@id":"https:\/\/www.nettali.com\/#\/schema\/person\/3317e0bb3aa1da309fbf7b2780901bf4","name":"Daouda","image":{"@type":"ImageObject","@id":"https:\/\/www.nettali.com\/#personlogo","inLanguage":"fr-FR","url":"https:\/\/secure.gravatar.com\/avatar\/8d143b5a49345098ddcfee1c49c2f47c?s=96&d=mm&r=g","contentUrl":"https:\/\/secure.gravatar.com\/avatar\/8d143b5a49345098ddcfee1c49c2f47c?s=96&d=mm&r=g","caption":"Daouda"},"sameAs":["https:\/\/www.nettali.com"]}]}},"_links":{"self":[{"href":"https:\/\/www.nettali.com\/rest\/wp\/v2\/posts\/156316"}],"collection":[{"href":"https:\/\/www.nettali.com\/rest\/wp\/v2\/posts"}],"about":[{"href":"https:\/\/www.nettali.com\/rest\/wp\/v2\/types\/post"}],"author":[{"embeddable":true,"href":"https:\/\/www.nettali.com\/rest\/wp\/v2\/users\/4"}],"replies":[{"embeddable":true,"href":"https:\/\/www.nettali.com\/rest\/wp\/v2\/comments?post=156316"}],"version-history":[{"count":1,"href":"https:\/\/www.nettali.com\/rest\/wp\/v2\/posts\/156316\/revisions"}],"predecessor-version":[{"id":156317,"href":"https:\/\/www.nettali.com\/rest\/wp\/v2\/posts\/156316\/revisions\/156317"}],"wp:featuredmedia":[{"embeddable":true,"href":"https:\/\/www.nettali.com\/rest\/wp\/v2\/media\/155705"}],"wp:attachment":[{"href":"https:\/\/www.nettali.com\/rest\/wp\/v2\/media?parent=156316"}],"wp:term":[{"taxonomy":"category","embeddable":true,"href":"https:\/\/www.nettali.com\/rest\/wp\/v2\/categories?post=156316"},{"taxonomy":"post_tag","embeddable":true,"href":"https:\/\/www.nettali.com\/rest\/wp\/v2\/tags?post=156316"}],"curies":[{"name":"wp","href":"https:\/\/api.w.org\/{rel}","templated":true}]}}