{"id":156314,"date":"2025-06-23T10:45:42","date_gmt":"2025-06-23T10:45:42","guid":{"rendered":"https:\/\/www.nettali.com\/?p=156314"},"modified":"2025-06-23T10:45:42","modified_gmt":"2025-06-23T10:45:42","slug":"affaire-des-125-millions-un-avis-medical-farba-ngom-pourrait-rester-en-detention","status":"publish","type":"post","link":"https:\/\/www.nettali.com\/2025\/06\/23\/affaire-des-125-millions-un-avis-medical-farba-ngom-pourrait-rester-en-detention\/","title":{"rendered":"AFFAIRE DES 125 MILLIONS -\u00a0 Un avis m\u00e9dical, Farba Ngom pourrait rester en d\u00e9tention"},"content":{"rendered":"<p data-start=\"219\" data-end=\"470\"><strong>NETTALI.COM - Le m\u00e9decin requis par la justice a jug\u00e9 incompatible l\u2019\u00e9tat de sant\u00e9 de Farba Ngom avec la d\u00e9tention carc\u00e9rale. Mais cet avis m\u00e9dical, purement consultatif, ne garantit pas une remise en libert\u00e9 du maire des Agnam, sous mandat de d\u00e9p\u00f4t depuis f\u00e9vrier.<\/strong><\/p>\n<p data-start=\"490\" data-end=\"852\">Farba Ngom pourrait encore passer plusieurs semaines en d\u00e9tention, malgr\u00e9 un avis m\u00e9dical favorable \u00e0 sa mise en libert\u00e9. Incarc\u00e9r\u00e9 depuis f\u00e9vrier dernier dans le cadre de l\u2019instruction de l\u2019affaire des 125 milliards de francs CFA, le maire des Agnam a r\u00e9cemment \u00e9t\u00e9 examin\u00e9 par un cardiologue mandat\u00e9 par le juge du premier cabinet du Pool judiciaire financier.<\/p>\n<p data-start=\"854\" data-end=\"1196\">Dans ses conclusions, le sp\u00e9cialiste a estim\u00e9 que si le pronostic vital du d\u00e9tenu n\u2019est pas engag\u00e9, son \u00e9tat de sant\u00e9 reste n\u00e9anmoins incompatible avec une d\u00e9tention en milieu carc\u00e9ral. Un constat que les avocats de l\u2019ancien d\u00e9put\u00e9 et responsable de l\u2019APR ont imm\u00e9diatement exploit\u00e9 pour introduire une nouvelle demande de libert\u00e9 provisoire.<\/p>\n<p data-start=\"1198\" data-end=\"1525\">Cependant, cette d\u00e9marche pourrait ne pas aboutir rapidement. Le magistrat \u00e0 la retraite Ousmane Kane a rappel\u00e9 que le rapport d\u2019expertise m\u00e9dicale n\u2019a qu\u2019une valeur consultative. <em>\u00ab Le rapport d\u2019expertise est un avis technique qui ne lie pas le juge, quelle que soit la mati\u00e8re \u00bb<\/em>, a-t-il pr\u00e9cis\u00e9.<\/p>\n<p data-start=\"1527\" data-end=\"1997\">Il conc\u00e8de toutefois qu\u2019en cas de danger vital av\u00e9r\u00e9, le juge prend g\u00e9n\u00e9ralement en compte l\u2019avis m\u00e9dical. Or, dans ce dossier, le pronostic vital n\u2019\u00e9tant pas engag\u00e9, la d\u00e9cision pourrait tra\u00eener. <em>\u00ab Le magistrat peut m\u00eame ordonner une contre-expertise, voire une troisi\u00e8me expertise en cas de contradiction \u00bb<\/em>, explique l\u2019ancien juge. En d\u00e9finitive, la d\u00e9cision finale reviendra au juge d\u2019instruction, seul habilit\u00e9 \u00e0 trancher, ind\u00e9pendamment des conclusions des experts.<\/p>\n<div class='share-to-whatsapp-wrapper'><div class='share-on-whsp'>PARTAGER SUR : <\/div><a data-text='AFFAIRE DES 125 MILLIONS -\u00a0 Un avis m\u00e9dical, Farba Ngom pourrait rester en d\u00e9tention' data-link='https:\/\/www.nettali.com\/2025\/06\/23\/affaire-des-125-millions-un-avis-medical-farba-ngom-pourrait-rester-en-detention\/' class='whatsapp-button whatsapp-share'>WhatsApp<\/a><div class='clear '><\/div><\/div>","protected":false},"excerpt":{"rendered":"<p>NETTALI.COM - Le m\u00e9decin requis par la justice a jug\u00e9 incompatible l\u2019\u00e9tat de sant\u00e9 de Farba Ngom avec la d\u00e9tention carc\u00e9rale. Mais cet avis m\u00e9dical, purement consultatif, ne garantit pas une remise en libert\u00e9 du maire des Agnam, sous mandat de d\u00e9p\u00f4t depuis f\u00e9vrier. Farba Ngom pourrait encore passer plusieurs semaines en d\u00e9tention, malgr\u00e9 un [&hellip;]<\/p>\n","protected":false},"author":4,"featured_media":11630,"comment_status":"open","ping_status":"open","sticky":false,"template":"","format":"standard","meta":{"_et_pb_use_builder":"","_et_pb_old_content":""},"categories":[3],"tags":[],"yoast_head":"<!-- This site is optimized with the Yoast SEO Premium plugin v17.8 (Yoast SEO v17.8) - https:\/\/yoast.com\/wordpress\/plugins\/seo\/ -->\n<title>AFFAIRE DES 125 MILLIONS -\u00a0 Un avis m\u00e9dical, Farba Ngom pourrait rester en d\u00e9tention | Nettali.com<\/title>\n<meta name=\"robots\" content=\"index, follow, max-snippet:-1, max-image-preview:large, max-video-preview:-1\" \/>\n<link rel=\"canonical\" href=\"https:\/\/www.nettali.com\/2025\/06\/23\/affaire-des-125-millions-un-avis-medical-farba-ngom-pourrait-rester-en-detention\/\" \/>\n<meta property=\"og:locale\" content=\"fr_FR\" \/>\n<meta property=\"og:type\" content=\"article\" \/>\n<meta property=\"og:title\" content=\"AFFAIRE DES 125 MILLIONS -\u00a0 Un avis m\u00e9dical, Farba Ngom pourrait rester en d\u00e9tention\" \/>\n<meta property=\"og:description\" content=\"NETTALI.COM - Le m\u00e9decin requis par la justice a jug\u00e9 incompatible l\u2019\u00e9tat de sant\u00e9 de Farba Ngom avec la d\u00e9tention carc\u00e9rale. Mais cet avis m\u00e9dical, purement consultatif, ne garantit pas une remise en libert\u00e9 du maire des Agnam, sous mandat de d\u00e9p\u00f4t depuis f\u00e9vrier. Farba Ngom pourrait encore passer plusieurs semaines en d\u00e9tention, malgr\u00e9 un [&hellip;]\" \/>\n<meta property=\"og:url\" content=\"https:\/\/www.nettali.com\/2025\/06\/23\/affaire-des-125-millions-un-avis-medical-farba-ngom-pourrait-rester-en-detention\/\" \/>\n<meta property=\"og:site_name\" content=\"Nettali.com\" \/>\n<meta property=\"article:publisher\" content=\"https:\/\/www.facebook.com\/nettalicom\" \/>\n<meta property=\"article:published_time\" content=\"2025-06-23T10:45:42+00:00\" \/>\n<meta property=\"og:image\" content=\"https:\/\/www.nettali.com\/wp-content\/uploads\/2019\/06\/farba.jpg\" \/>\n\t<meta property=\"og:image:width\" content=\"700\" \/>\n\t<meta property=\"og:image:height\" content=\"467\" \/>\n<meta name=\"twitter:card\" content=\"summary_large_image\" \/>\n<meta name=\"twitter:label1\" content=\"\u00c9crit par\" \/>\n\t<meta name=\"twitter:data1\" content=\"Daouda\" \/>\n\t<meta name=\"twitter:label2\" content=\"Dur\u00e9e de lecture estim\u00e9e\" \/>\n\t<meta name=\"twitter:data2\" content=\"2 minutes\" \/>\n<script type=\"application\/ld+json\" class=\"yoast-schema-graph\">{\"@context\":\"https:\/\/schema.org\",\"@graph\":[{\"@type\":\"WebSite\",\"@id\":\"https:\/\/www.nettali.com\/#website\",\"url\":\"https:\/\/www.nettali.com\/\",\"name\":\"Nettali.com\",\"description\":\"Le rendez-vous critique du Net\",\"potentialAction\":[{\"@type\":\"SearchAction\",\"target\":{\"@type\":\"EntryPoint\",\"urlTemplate\":\"https:\/\/www.nettali.com\/?s={search_term_string}\"},\"query-input\":\"required name=search_term_string\"}],\"inLanguage\":\"fr-FR\"},{\"@type\":\"ImageObject\",\"@id\":\"https:\/\/www.nettali.com\/2025\/06\/23\/affaire-des-125-millions-un-avis-medical-farba-ngom-pourrait-rester-en-detention\/#primaryimage\",\"inLanguage\":\"fr-FR\",\"url\":\"https:\/\/www.nettali.com\/wp-content\/uploads\/2019\/06\/farba.jpg\",\"contentUrl\":\"https:\/\/www.nettali.com\/wp-content\/uploads\/2019\/06\/farba.jpg\",\"width\":700,\"height\":467},{\"@type\":\"WebPage\",\"@id\":\"https:\/\/www.nettali.com\/2025\/06\/23\/affaire-des-125-millions-un-avis-medical-farba-ngom-pourrait-rester-en-detention\/#webpage\",\"url\":\"https:\/\/www.nettali.com\/2025\/06\/23\/affaire-des-125-millions-un-avis-medical-farba-ngom-pourrait-rester-en-detention\/\",\"name\":\"AFFAIRE DES 125 MILLIONS -\\u00a0 Un avis m\\u00e9dical, Farba Ngom pourrait rester en d\\u00e9tention | Nettali.com\",\"isPartOf\":{\"@id\":\"https:\/\/www.nettali.com\/#website\"},\"primaryImageOfPage\":{\"@id\":\"https:\/\/www.nettali.com\/2025\/06\/23\/affaire-des-125-millions-un-avis-medical-farba-ngom-pourrait-rester-en-detention\/#primaryimage\"},\"datePublished\":\"2025-06-23T10:45:42+00:00\",\"dateModified\":\"2025-06-23T10:45:42+00:00\",\"author\":{\"@id\":\"https:\/\/www.nettali.com\/#\/schema\/person\/3317e0bb3aa1da309fbf7b2780901bf4\"},\"breadcrumb\":{\"@id\":\"https:\/\/www.nettali.com\/2025\/06\/23\/affaire-des-125-millions-un-avis-medical-farba-ngom-pourrait-rester-en-detention\/#breadcrumb\"},\"inLanguage\":\"fr-FR\",\"potentialAction\":[{\"@type\":\"ReadAction\",\"target\":[\"https:\/\/www.nettali.com\/2025\/06\/23\/affaire-des-125-millions-un-avis-medical-farba-ngom-pourrait-rester-en-detention\/\"]}]},{\"@type\":\"BreadcrumbList\",\"@id\":\"https:\/\/www.nettali.com\/2025\/06\/23\/affaire-des-125-millions-un-avis-medical-farba-ngom-pourrait-rester-en-detention\/#breadcrumb\",\"itemListElement\":[{\"@type\":\"ListItem\",\"position\":1,\"name\":\"Accueil\",\"item\":\"https:\/\/www.nettali.com\/\"},{\"@type\":\"ListItem\",\"position\":2,\"name\":\"AFFAIRE DES 125 MILLIONS -\\u00a0 Un avis m\\u00e9dical, Farba Ngom pourrait rester en d\\u00e9tention\"}]},{\"@type\":\"Person\",\"@id\":\"https:\/\/www.nettali.com\/#\/schema\/person\/3317e0bb3aa1da309fbf7b2780901bf4\",\"name\":\"Daouda\",\"image\":{\"@type\":\"ImageObject\",\"@id\":\"https:\/\/www.nettali.com\/#personlogo\",\"inLanguage\":\"fr-FR\",\"url\":\"https:\/\/secure.gravatar.com\/avatar\/8d143b5a49345098ddcfee1c49c2f47c?s=96&d=mm&r=g\",\"contentUrl\":\"https:\/\/secure.gravatar.com\/avatar\/8d143b5a49345098ddcfee1c49c2f47c?s=96&d=mm&r=g\",\"caption\":\"Daouda\"},\"sameAs\":[\"https:\/\/www.nettali.com\"]}]}<\/script>\n<!-- \/ Yoast SEO Premium plugin. -->","yoast_head_json":{"title":"AFFAIRE DES 125 MILLIONS -\u00a0 Un avis m\u00e9dical, Farba Ngom pourrait rester en d\u00e9tention | Nettali.com","robots":{"index":"index","follow":"follow","max-snippet":"max-snippet:-1","max-image-preview":"max-image-preview:large","max-video-preview":"max-video-preview:-1"},"canonical":"https:\/\/www.nettali.com\/2025\/06\/23\/affaire-des-125-millions-un-avis-medical-farba-ngom-pourrait-rester-en-detention\/","og_locale":"fr_FR","og_type":"article","og_title":"AFFAIRE DES 125 MILLIONS -\u00a0 Un avis m\u00e9dical, Farba Ngom pourrait rester en d\u00e9tention","og_description":"NETTALI.COM - Le m\u00e9decin requis par la justice a jug\u00e9 incompatible l\u2019\u00e9tat de sant\u00e9 de Farba Ngom avec la d\u00e9tention carc\u00e9rale. Mais cet avis m\u00e9dical, purement consultatif, ne garantit pas une remise en libert\u00e9 du maire des Agnam, sous mandat de d\u00e9p\u00f4t depuis f\u00e9vrier. Farba Ngom pourrait encore passer plusieurs semaines en d\u00e9tention, malgr\u00e9 un [&hellip;]","og_url":"https:\/\/www.nettali.com\/2025\/06\/23\/affaire-des-125-millions-un-avis-medical-farba-ngom-pourrait-rester-en-detention\/","og_site_name":"Nettali.com","article_publisher":"https:\/\/www.facebook.com\/nettalicom","article_published_time":"2025-06-23T10:45:42+00:00","og_image":[{"width":700,"height":467,"url":"https:\/\/www.nettali.com\/wp-content\/uploads\/2019\/06\/farba.jpg","type":"image\/jpeg"}],"twitter_card":"summary_large_image","twitter_misc":{"\u00c9crit par":"Daouda","Dur\u00e9e de lecture estim\u00e9e":"2 minutes"},"schema":{"@context":"https:\/\/schema.org","@graph":[{"@type":"WebSite","@id":"https:\/\/www.nettali.com\/#website","url":"https:\/\/www.nettali.com\/","name":"Nettali.com","description":"Le rendez-vous critique du Net","potentialAction":[{"@type":"SearchAction","target":{"@type":"EntryPoint","urlTemplate":"https:\/\/www.nettali.com\/?s={search_term_string}"},"query-input":"required name=search_term_string"}],"inLanguage":"fr-FR"},{"@type":"ImageObject","@id":"https:\/\/www.nettali.com\/2025\/06\/23\/affaire-des-125-millions-un-avis-medical-farba-ngom-pourrait-rester-en-detention\/#primaryimage","inLanguage":"fr-FR","url":"https:\/\/www.nettali.com\/wp-content\/uploads\/2019\/06\/farba.jpg","contentUrl":"https:\/\/www.nettali.com\/wp-content\/uploads\/2019\/06\/farba.jpg","width":700,"height":467},{"@type":"WebPage","@id":"https:\/\/www.nettali.com\/2025\/06\/23\/affaire-des-125-millions-un-avis-medical-farba-ngom-pourrait-rester-en-detention\/#webpage","url":"https:\/\/www.nettali.com\/2025\/06\/23\/affaire-des-125-millions-un-avis-medical-farba-ngom-pourrait-rester-en-detention\/","name":"AFFAIRE DES 125 MILLIONS -\u00a0 Un avis m\u00e9dical, Farba Ngom pourrait rester en d\u00e9tention | Nettali.com","isPartOf":{"@id":"https:\/\/www.nettali.com\/#website"},"primaryImageOfPage":{"@id":"https:\/\/www.nettali.com\/2025\/06\/23\/affaire-des-125-millions-un-avis-medical-farba-ngom-pourrait-rester-en-detention\/#primaryimage"},"datePublished":"2025-06-23T10:45:42+00:00","dateModified":"2025-06-23T10:45:42+00:00","author":{"@id":"https:\/\/www.nettali.com\/#\/schema\/person\/3317e0bb3aa1da309fbf7b2780901bf4"},"breadcrumb":{"@id":"https:\/\/www.nettali.com\/2025\/06\/23\/affaire-des-125-millions-un-avis-medical-farba-ngom-pourrait-rester-en-detention\/#breadcrumb"},"inLanguage":"fr-FR","potentialAction":[{"@type":"ReadAction","target":["https:\/\/www.nettali.com\/2025\/06\/23\/affaire-des-125-millions-un-avis-medical-farba-ngom-pourrait-rester-en-detention\/"]}]},{"@type":"BreadcrumbList","@id":"https:\/\/www.nettali.com\/2025\/06\/23\/affaire-des-125-millions-un-avis-medical-farba-ngom-pourrait-rester-en-detention\/#breadcrumb","itemListElement":[{"@type":"ListItem","position":1,"name":"Accueil","item":"https:\/\/www.nettali.com\/"},{"@type":"ListItem","position":2,"name":"AFFAIRE DES 125 MILLIONS -\u00a0 Un avis m\u00e9dical, Farba Ngom pourrait rester en d\u00e9tention"}]},{"@type":"Person","@id":"https:\/\/www.nettali.com\/#\/schema\/person\/3317e0bb3aa1da309fbf7b2780901bf4","name":"Daouda","image":{"@type":"ImageObject","@id":"https:\/\/www.nettali.com\/#personlogo","inLanguage":"fr-FR","url":"https:\/\/secure.gravatar.com\/avatar\/8d143b5a49345098ddcfee1c49c2f47c?s=96&d=mm&r=g","contentUrl":"https:\/\/secure.gravatar.com\/avatar\/8d143b5a49345098ddcfee1c49c2f47c?s=96&d=mm&r=g","caption":"Daouda"},"sameAs":["https:\/\/www.nettali.com"]}]}},"_links":{"self":[{"href":"https:\/\/www.nettali.com\/rest\/wp\/v2\/posts\/156314"}],"collection":[{"href":"https:\/\/www.nettali.com\/rest\/wp\/v2\/posts"}],"about":[{"href":"https:\/\/www.nettali.com\/rest\/wp\/v2\/types\/post"}],"author":[{"embeddable":true,"href":"https:\/\/www.nettali.com\/rest\/wp\/v2\/users\/4"}],"replies":[{"embeddable":true,"href":"https:\/\/www.nettali.com\/rest\/wp\/v2\/comments?post=156314"}],"version-history":[{"count":1,"href":"https:\/\/www.nettali.com\/rest\/wp\/v2\/posts\/156314\/revisions"}],"predecessor-version":[{"id":156315,"href":"https:\/\/www.nettali.com\/rest\/wp\/v2\/posts\/156314\/revisions\/156315"}],"wp:featuredmedia":[{"embeddable":true,"href":"https:\/\/www.nettali.com\/rest\/wp\/v2\/media\/11630"}],"wp:attachment":[{"href":"https:\/\/www.nettali.com\/rest\/wp\/v2\/media?parent=156314"}],"wp:term":[{"taxonomy":"category","embeddable":true,"href":"https:\/\/www.nettali.com\/rest\/wp\/v2\/categories?post=156314"},{"taxonomy":"post_tag","embeddable":true,"href":"https:\/\/www.nettali.com\/rest\/wp\/v2\/tags?post=156314"}],"curies":[{"name":"wp","href":"https:\/\/api.w.org\/{rel}","templated":true}]}}