{"id":156308,"date":"2025-06-23T00:33:38","date_gmt":"2025-06-23T00:33:38","guid":{"rendered":"https:\/\/www.nettali.com\/?p=156308"},"modified":"2025-06-23T00:33:38","modified_gmt":"2025-06-23T00:33:38","slug":"psg-rangnick-voit-tres-grand-pour-le-futur","status":"publish","type":"post","link":"https:\/\/www.nettali.com\/2025\/06\/23\/psg-rangnick-voit-tres-grand-pour-le-futur\/","title":{"rendered":"PSG - Rangnick voit tr\u00e8s grand pour le futur !"},"content":{"rendered":"<p><strong>NETTALI.COM -<\/strong> Gr\u00e2ce \u00e0 une force collective impressionnante, le Paris Saint-Germain a remport\u00e9 la premi\u00e8re Ligue des Champions de son histoire face \u00e0 l'Inter Milan (5-0) le 31 mai dernier. Egalement s\u00e9duit par le projet du FC Barcelone, le s\u00e9lectionneur de l'Autriche Ralf Rangnick voit tr\u00e8s grand pour le futur des deux formations.<\/p>\n<p>\"<em>Si le Bar\u00e7a et le PSG parviennent \u00e0 garder leur effectif ? Si c'est le cas, je ne vois aucune \u00e9quipe capable de les battre dans les ann\u00e9es \u00e0 venir. Le Bar\u00e7a et le PSG n'auront pas le moindre rival. (...) Vous savez pourquoi le PSG a gagn\u00e9 la Ligue des Champions pour la premi\u00e8re fois apr\u00e8s avoir d\u00e9pens\u00e9 autant d'argent ? Cela fait 10 ou 15 ans qu'ils essaient, en d\u00e9pensant \u00e9norm\u00e9ment. Et maintenant, les grandes stars sont parties. Plus de Mbapp\u00e9, ni Messi, ni Neymar... et tout \u00e0 coup, ils gagnent la Ligue des Champions. Co\u00efncidence ? Non. C'est pour cette raison. Un bon exemple, c'est Kvaratskhelia : ils menaient 4-0, il restait 20 minutes, et il courait encore sur 60 m\u00e8tres pour r\u00e9cup\u00e9rer le ballon. Je n'ai jamais vu \u00e7a avec Neymar, Messi ou Mbapp\u00e9. Et c'est \u00e7a, la force du collectif<\/em> \", a salu\u00e9 l'ex-manager de Manchester United pour Sport.<\/p>\n<div class='share-to-whatsapp-wrapper'><div class='share-on-whsp'>PARTAGER SUR : <\/div><a data-text='PSG - Rangnick voit tr\u00e8s grand pour le futur !' data-link='https:\/\/www.nettali.com\/2025\/06\/23\/psg-rangnick-voit-tres-grand-pour-le-futur\/' class='whatsapp-button whatsapp-share'>WhatsApp<\/a><div class='clear '><\/div><\/div>","protected":false},"excerpt":{"rendered":"<p>NETTALI.COM - Gr\u00e2ce \u00e0 une force collective impressionnante, le Paris Saint-Germain a remport\u00e9 la premi\u00e8re Ligue des Champions de son histoire face \u00e0 l'Inter Milan (5-0) le 31 mai dernier. Egalement s\u00e9duit par le projet du FC Barcelone, le s\u00e9lectionneur de l'Autriche Ralf Rangnick voit tr\u00e8s grand pour le futur des deux formations. \"Si le [&hellip;]<\/p>\n","protected":false},"author":2,"featured_media":156309,"comment_status":"open","ping_status":"open","sticky":false,"template":"","format":"standard","meta":{"_et_pb_use_builder":"","_et_pb_old_content":""},"categories":[6],"tags":[],"yoast_head":"<!-- This site is optimized with the Yoast SEO Premium plugin v17.8 (Yoast SEO v17.8) - https:\/\/yoast.com\/wordpress\/plugins\/seo\/ -->\n<title>PSG - Rangnick voit tr\u00e8s grand pour le futur ! | Nettali.com<\/title>\n<meta name=\"robots\" content=\"index, follow, max-snippet:-1, max-image-preview:large, max-video-preview:-1\" \/>\n<link rel=\"canonical\" href=\"https:\/\/www.nettali.com\/2025\/06\/23\/psg-rangnick-voit-tres-grand-pour-le-futur\/\" \/>\n<meta property=\"og:locale\" content=\"fr_FR\" \/>\n<meta property=\"og:type\" content=\"article\" \/>\n<meta property=\"og:title\" content=\"PSG - Rangnick voit tr\u00e8s grand pour le futur !\" \/>\n<meta property=\"og:description\" content=\"NETTALI.COM - Gr\u00e2ce \u00e0 une force collective impressionnante, le Paris Saint-Germain a remport\u00e9 la premi\u00e8re Ligue des Champions de son histoire face \u00e0 l&#039;Inter Milan (5-0) le 31 mai dernier. Egalement s\u00e9duit par le projet du FC Barcelone, le s\u00e9lectionneur de l&#039;Autriche Ralf Rangnick voit tr\u00e8s grand pour le futur des deux formations. &quot;Si le [&hellip;]\" \/>\n<meta property=\"og:url\" content=\"https:\/\/www.nettali.com\/2025\/06\/23\/psg-rangnick-voit-tres-grand-pour-le-futur\/\" \/>\n<meta property=\"og:site_name\" content=\"Nettali.com\" \/>\n<meta property=\"article:publisher\" content=\"https:\/\/www.facebook.com\/nettalicom\" \/>\n<meta property=\"article:published_time\" content=\"2025-06-23T00:33:38+00:00\" \/>\n<meta property=\"og:image\" content=\"https:\/\/www.nettali.com\/wp-content\/uploads\/2025\/06\/ralf-rangnick-2.jpg\" \/>\n\t<meta property=\"og:image:width\" content=\"1200\" \/>\n\t<meta property=\"og:image:height\" content=\"900\" \/>\n<meta name=\"twitter:card\" content=\"summary_large_image\" \/>\n<meta name=\"twitter:label1\" content=\"\u00c9crit par\" \/>\n\t<meta name=\"twitter:data1\" content=\"CK\" \/>\n\t<meta name=\"twitter:label2\" content=\"Dur\u00e9e de lecture estim\u00e9e\" \/>\n\t<meta name=\"twitter:data2\" content=\"1 minute\" \/>\n<script type=\"application\/ld+json\" class=\"yoast-schema-graph\">{\"@context\":\"https:\/\/schema.org\",\"@graph\":[{\"@type\":\"WebSite\",\"@id\":\"https:\/\/www.nettali.com\/#website\",\"url\":\"https:\/\/www.nettali.com\/\",\"name\":\"Nettali.com\",\"description\":\"Le rendez-vous critique du Net\",\"potentialAction\":[{\"@type\":\"SearchAction\",\"target\":{\"@type\":\"EntryPoint\",\"urlTemplate\":\"https:\/\/www.nettali.com\/?s={search_term_string}\"},\"query-input\":\"required name=search_term_string\"}],\"inLanguage\":\"fr-FR\"},{\"@type\":\"ImageObject\",\"@id\":\"https:\/\/www.nettali.com\/2025\/06\/23\/psg-rangnick-voit-tres-grand-pour-le-futur\/#primaryimage\",\"inLanguage\":\"fr-FR\",\"url\":\"https:\/\/www.nettali.com\/wp-content\/uploads\/2025\/06\/ralf-rangnick-2.jpg\",\"contentUrl\":\"https:\/\/www.nettali.com\/wp-content\/uploads\/2025\/06\/ralf-rangnick-2.jpg\",\"width\":1200,\"height\":900},{\"@type\":\"WebPage\",\"@id\":\"https:\/\/www.nettali.com\/2025\/06\/23\/psg-rangnick-voit-tres-grand-pour-le-futur\/#webpage\",\"url\":\"https:\/\/www.nettali.com\/2025\/06\/23\/psg-rangnick-voit-tres-grand-pour-le-futur\/\",\"name\":\"PSG - Rangnick voit tr\\u00e8s grand pour le futur ! | Nettali.com\",\"isPartOf\":{\"@id\":\"https:\/\/www.nettali.com\/#website\"},\"primaryImageOfPage\":{\"@id\":\"https:\/\/www.nettali.com\/2025\/06\/23\/psg-rangnick-voit-tres-grand-pour-le-futur\/#primaryimage\"},\"datePublished\":\"2025-06-23T00:33:38+00:00\",\"dateModified\":\"2025-06-23T00:33:38+00:00\",\"author\":{\"@id\":\"https:\/\/www.nettali.com\/#\/schema\/person\/d8ac7b7e27ddad43f1c0d2ef090d7f71\"},\"breadcrumb\":{\"@id\":\"https:\/\/www.nettali.com\/2025\/06\/23\/psg-rangnick-voit-tres-grand-pour-le-futur\/#breadcrumb\"},\"inLanguage\":\"fr-FR\",\"potentialAction\":[{\"@type\":\"ReadAction\",\"target\":[\"https:\/\/www.nettali.com\/2025\/06\/23\/psg-rangnick-voit-tres-grand-pour-le-futur\/\"]}]},{\"@type\":\"BreadcrumbList\",\"@id\":\"https:\/\/www.nettali.com\/2025\/06\/23\/psg-rangnick-voit-tres-grand-pour-le-futur\/#breadcrumb\",\"itemListElement\":[{\"@type\":\"ListItem\",\"position\":1,\"name\":\"Accueil\",\"item\":\"https:\/\/www.nettali.com\/\"},{\"@type\":\"ListItem\",\"position\":2,\"name\":\"PSG - Rangnick voit tr\\u00e8s grand pour le futur !\"}]},{\"@type\":\"Person\",\"@id\":\"https:\/\/www.nettali.com\/#\/schema\/person\/d8ac7b7e27ddad43f1c0d2ef090d7f71\",\"name\":\"CK\",\"image\":{\"@type\":\"ImageObject\",\"@id\":\"https:\/\/www.nettali.com\/#personlogo\",\"inLanguage\":\"fr-FR\",\"url\":\"https:\/\/secure.gravatar.com\/avatar\/1d8d5118b9327d94da7cd4ce7f17fec2?s=96&d=mm&r=g\",\"contentUrl\":\"https:\/\/secure.gravatar.com\/avatar\/1d8d5118b9327d94da7cd4ce7f17fec2?s=96&d=mm&r=g\",\"caption\":\"CK\"},\"sameAs\":[\"https:\/\/www.nettali.com\"]}]}<\/script>\n<!-- \/ Yoast SEO Premium plugin. -->","yoast_head_json":{"title":"PSG - Rangnick voit tr\u00e8s grand pour le futur ! | Nettali.com","robots":{"index":"index","follow":"follow","max-snippet":"max-snippet:-1","max-image-preview":"max-image-preview:large","max-video-preview":"max-video-preview:-1"},"canonical":"https:\/\/www.nettali.com\/2025\/06\/23\/psg-rangnick-voit-tres-grand-pour-le-futur\/","og_locale":"fr_FR","og_type":"article","og_title":"PSG - Rangnick voit tr\u00e8s grand pour le futur !","og_description":"NETTALI.COM - Gr\u00e2ce \u00e0 une force collective impressionnante, le Paris Saint-Germain a remport\u00e9 la premi\u00e8re Ligue des Champions de son histoire face \u00e0 l'Inter Milan (5-0) le 31 mai dernier. Egalement s\u00e9duit par le projet du FC Barcelone, le s\u00e9lectionneur de l'Autriche Ralf Rangnick voit tr\u00e8s grand pour le futur des deux formations. \"Si le [&hellip;]","og_url":"https:\/\/www.nettali.com\/2025\/06\/23\/psg-rangnick-voit-tres-grand-pour-le-futur\/","og_site_name":"Nettali.com","article_publisher":"https:\/\/www.facebook.com\/nettalicom","article_published_time":"2025-06-23T00:33:38+00:00","og_image":[{"width":1200,"height":900,"url":"https:\/\/www.nettali.com\/wp-content\/uploads\/2025\/06\/ralf-rangnick-2.jpg","type":"image\/jpeg"}],"twitter_card":"summary_large_image","twitter_misc":{"\u00c9crit par":"CK","Dur\u00e9e de lecture estim\u00e9e":"1 minute"},"schema":{"@context":"https:\/\/schema.org","@graph":[{"@type":"WebSite","@id":"https:\/\/www.nettali.com\/#website","url":"https:\/\/www.nettali.com\/","name":"Nettali.com","description":"Le rendez-vous critique du Net","potentialAction":[{"@type":"SearchAction","target":{"@type":"EntryPoint","urlTemplate":"https:\/\/www.nettali.com\/?s={search_term_string}"},"query-input":"required name=search_term_string"}],"inLanguage":"fr-FR"},{"@type":"ImageObject","@id":"https:\/\/www.nettali.com\/2025\/06\/23\/psg-rangnick-voit-tres-grand-pour-le-futur\/#primaryimage","inLanguage":"fr-FR","url":"https:\/\/www.nettali.com\/wp-content\/uploads\/2025\/06\/ralf-rangnick-2.jpg","contentUrl":"https:\/\/www.nettali.com\/wp-content\/uploads\/2025\/06\/ralf-rangnick-2.jpg","width":1200,"height":900},{"@type":"WebPage","@id":"https:\/\/www.nettali.com\/2025\/06\/23\/psg-rangnick-voit-tres-grand-pour-le-futur\/#webpage","url":"https:\/\/www.nettali.com\/2025\/06\/23\/psg-rangnick-voit-tres-grand-pour-le-futur\/","name":"PSG - Rangnick voit tr\u00e8s grand pour le futur ! | Nettali.com","isPartOf":{"@id":"https:\/\/www.nettali.com\/#website"},"primaryImageOfPage":{"@id":"https:\/\/www.nettali.com\/2025\/06\/23\/psg-rangnick-voit-tres-grand-pour-le-futur\/#primaryimage"},"datePublished":"2025-06-23T00:33:38+00:00","dateModified":"2025-06-23T00:33:38+00:00","author":{"@id":"https:\/\/www.nettali.com\/#\/schema\/person\/d8ac7b7e27ddad43f1c0d2ef090d7f71"},"breadcrumb":{"@id":"https:\/\/www.nettali.com\/2025\/06\/23\/psg-rangnick-voit-tres-grand-pour-le-futur\/#breadcrumb"},"inLanguage":"fr-FR","potentialAction":[{"@type":"ReadAction","target":["https:\/\/www.nettali.com\/2025\/06\/23\/psg-rangnick-voit-tres-grand-pour-le-futur\/"]}]},{"@type":"BreadcrumbList","@id":"https:\/\/www.nettali.com\/2025\/06\/23\/psg-rangnick-voit-tres-grand-pour-le-futur\/#breadcrumb","itemListElement":[{"@type":"ListItem","position":1,"name":"Accueil","item":"https:\/\/www.nettali.com\/"},{"@type":"ListItem","position":2,"name":"PSG - Rangnick voit tr\u00e8s grand pour le futur !"}]},{"@type":"Person","@id":"https:\/\/www.nettali.com\/#\/schema\/person\/d8ac7b7e27ddad43f1c0d2ef090d7f71","name":"CK","image":{"@type":"ImageObject","@id":"https:\/\/www.nettali.com\/#personlogo","inLanguage":"fr-FR","url":"https:\/\/secure.gravatar.com\/avatar\/1d8d5118b9327d94da7cd4ce7f17fec2?s=96&d=mm&r=g","contentUrl":"https:\/\/secure.gravatar.com\/avatar\/1d8d5118b9327d94da7cd4ce7f17fec2?s=96&d=mm&r=g","caption":"CK"},"sameAs":["https:\/\/www.nettali.com"]}]}},"_links":{"self":[{"href":"https:\/\/www.nettali.com\/rest\/wp\/v2\/posts\/156308"}],"collection":[{"href":"https:\/\/www.nettali.com\/rest\/wp\/v2\/posts"}],"about":[{"href":"https:\/\/www.nettali.com\/rest\/wp\/v2\/types\/post"}],"author":[{"embeddable":true,"href":"https:\/\/www.nettali.com\/rest\/wp\/v2\/users\/2"}],"replies":[{"embeddable":true,"href":"https:\/\/www.nettali.com\/rest\/wp\/v2\/comments?post=156308"}],"version-history":[{"count":1,"href":"https:\/\/www.nettali.com\/rest\/wp\/v2\/posts\/156308\/revisions"}],"predecessor-version":[{"id":156310,"href":"https:\/\/www.nettali.com\/rest\/wp\/v2\/posts\/156308\/revisions\/156310"}],"wp:featuredmedia":[{"embeddable":true,"href":"https:\/\/www.nettali.com\/rest\/wp\/v2\/media\/156309"}],"wp:attachment":[{"href":"https:\/\/www.nettali.com\/rest\/wp\/v2\/media?parent=156308"}],"wp:term":[{"taxonomy":"category","embeddable":true,"href":"https:\/\/www.nettali.com\/rest\/wp\/v2\/categories?post=156308"},{"taxonomy":"post_tag","embeddable":true,"href":"https:\/\/www.nettali.com\/rest\/wp\/v2\/tags?post=156308"}],"curies":[{"name":"wp","href":"https:\/\/api.w.org\/{rel}","templated":true}]}}