{"id":156306,"date":"2025-06-23T00:27:41","date_gmt":"2025-06-23T00:27:41","guid":{"rendered":"https:\/\/www.nettali.com\/?p=156306"},"modified":"2025-06-23T00:27:41","modified_gmt":"2025-06-23T00:27:41","slug":"man-city-guardiola-veut-reduire-leffectif","status":"publish","type":"post","link":"https:\/\/www.nettali.com\/2025\/06\/23\/man-city-guardiola-veut-reduire-leffectif\/","title":{"rendered":"MAN CITY - Guardiola veut r\u00e9duire l'effectif"},"content":{"rendered":"<p><strong>NETTALI.COM -<\/strong> Apr\u00e8s les arriv\u00e9es rapides cet \u00e9t\u00e9 de Rayan A\u00eft-Nouri, Marcus Bettinelli, Rayan Cherki et Tijjani Reijnders, Manchester City va pouvoir se concentrer sur le d\u00e9graissage de son effectif, constitu\u00e9 de 34 joueurs \u00e0 ce jour. Face aux m\u00e9dias, l'entra\u00eeneur des Skyblues Pep Guardiola a rappel\u00e9 l'importance de pouvoir compter sur un plus petit nombre de joueurs.<\/p>\n<p>\"<em>J'adorerais avoir les joueurs que nous avons actuellement toute la saison. Je n'ai rien \u00e0 redire sur leur comportement. Mais ils seront malheureux. Ils seront d\u00e9\u00e7us, je ne veux pas de \u00e7a. Je n'aime pas avoir cinq, six ou sept joueurs chez eux s'il n'y a pas de bless\u00e9s. Il reste encore beaucoup de temps avant la fermeture du mercato, et nous verrons bien ce qui se passe<\/em>\", a argument\u00e9 le technicien citizen. Plusieurs \u00e9l\u00e9ments sont sur le d\u00e9part, \u00e0 l'image du milieu Ilkay Gu\u0308ndogan qui se retrouve pressenti du c\u00f4t\u00e9 de Galatasaray.<\/p>\n<div class='share-to-whatsapp-wrapper'><div class='share-on-whsp'>PARTAGER SUR : <\/div><a data-text='MAN CITY - Guardiola veut r\u00e9duire l'effectif' data-link='https:\/\/www.nettali.com\/2025\/06\/23\/man-city-guardiola-veut-reduire-leffectif\/' class='whatsapp-button whatsapp-share'>WhatsApp<\/a><div class='clear '><\/div><\/div>","protected":false},"excerpt":{"rendered":"<p>NETTALI.COM - Apr\u00e8s les arriv\u00e9es rapides cet \u00e9t\u00e9 de Rayan A\u00eft-Nouri, Marcus Bettinelli, Rayan Cherki et Tijjani Reijnders, Manchester City va pouvoir se concentrer sur le d\u00e9graissage de son effectif, constitu\u00e9 de 34 joueurs \u00e0 ce jour. Face aux m\u00e9dias, l'entra\u00eeneur des Skyblues Pep Guardiola a rappel\u00e9 l'importance de pouvoir compter sur un plus petit [&hellip;]<\/p>\n","protected":false},"author":2,"featured_media":154599,"comment_status":"open","ping_status":"open","sticky":false,"template":"","format":"standard","meta":{"_et_pb_use_builder":"","_et_pb_old_content":""},"categories":[6],"tags":[],"yoast_head":"<!-- This site is optimized with the Yoast SEO Premium plugin v17.8 (Yoast SEO v17.8) - https:\/\/yoast.com\/wordpress\/plugins\/seo\/ -->\n<title>MAN CITY - Guardiola veut r\u00e9duire l&#039;effectif | Nettali.com<\/title>\n<meta name=\"robots\" content=\"index, follow, max-snippet:-1, max-image-preview:large, max-video-preview:-1\" \/>\n<link rel=\"canonical\" href=\"https:\/\/www.nettali.com\/2025\/06\/23\/man-city-guardiola-veut-reduire-leffectif\/\" \/>\n<meta property=\"og:locale\" content=\"fr_FR\" \/>\n<meta property=\"og:type\" content=\"article\" \/>\n<meta property=\"og:title\" content=\"MAN CITY - Guardiola veut r\u00e9duire l&#039;effectif\" \/>\n<meta property=\"og:description\" content=\"NETTALI.COM - Apr\u00e8s les arriv\u00e9es rapides cet \u00e9t\u00e9 de Rayan A\u00eft-Nouri, Marcus Bettinelli, Rayan Cherki et Tijjani Reijnders, Manchester City va pouvoir se concentrer sur le d\u00e9graissage de son effectif, constitu\u00e9 de 34 joueurs \u00e0 ce jour. Face aux m\u00e9dias, l&#039;entra\u00eeneur des Skyblues Pep Guardiola a rappel\u00e9 l&#039;importance de pouvoir compter sur un plus petit [&hellip;]\" \/>\n<meta property=\"og:url\" content=\"https:\/\/www.nettali.com\/2025\/06\/23\/man-city-guardiola-veut-reduire-leffectif\/\" \/>\n<meta property=\"og:site_name\" content=\"Nettali.com\" \/>\n<meta property=\"article:publisher\" content=\"https:\/\/www.facebook.com\/nettalicom\" \/>\n<meta property=\"article:published_time\" content=\"2025-06-23T00:27:41+00:00\" \/>\n<meta property=\"og:image\" content=\"https:\/\/www.nettali.com\/wp-content\/uploads\/2025\/05\/XIKMEQNDHRBBDFZCXQPAQ6ZIKY.jpg\" \/>\n\t<meta property=\"og:image:width\" content=\"932\" \/>\n\t<meta property=\"og:image:height\" content=\"582\" \/>\n<meta name=\"twitter:card\" content=\"summary_large_image\" \/>\n<meta name=\"twitter:label1\" content=\"\u00c9crit par\" \/>\n\t<meta name=\"twitter:data1\" content=\"CK\" \/>\n\t<meta name=\"twitter:label2\" content=\"Dur\u00e9e de lecture estim\u00e9e\" \/>\n\t<meta name=\"twitter:data2\" content=\"1 minute\" \/>\n<script type=\"application\/ld+json\" class=\"yoast-schema-graph\">{\"@context\":\"https:\/\/schema.org\",\"@graph\":[{\"@type\":\"WebSite\",\"@id\":\"https:\/\/www.nettali.com\/#website\",\"url\":\"https:\/\/www.nettali.com\/\",\"name\":\"Nettali.com\",\"description\":\"Le rendez-vous critique du Net\",\"potentialAction\":[{\"@type\":\"SearchAction\",\"target\":{\"@type\":\"EntryPoint\",\"urlTemplate\":\"https:\/\/www.nettali.com\/?s={search_term_string}\"},\"query-input\":\"required name=search_term_string\"}],\"inLanguage\":\"fr-FR\"},{\"@type\":\"ImageObject\",\"@id\":\"https:\/\/www.nettali.com\/2025\/06\/23\/man-city-guardiola-veut-reduire-leffectif\/#primaryimage\",\"inLanguage\":\"fr-FR\",\"url\":\"https:\/\/www.nettali.com\/wp-content\/uploads\/2025\/05\/XIKMEQNDHRBBDFZCXQPAQ6ZIKY.jpg\",\"contentUrl\":\"https:\/\/www.nettali.com\/wp-content\/uploads\/2025\/05\/XIKMEQNDHRBBDFZCXQPAQ6ZIKY.jpg\",\"width\":932,\"height\":582,\"caption\":\"Pep Guardiola of Manchester City gives the team instructions during the Premier League match Manchester City vs Bournemouth at Etihad Stadium, Manchester, United Kingdom, 20th May 2025 (Photo by Mark Cosgrove\/News Images) in Manchester, United Kingdom on 5\/20\/2025. (Photo by Mark Cosgrove\/News Images\/Sipa USA)\"},{\"@type\":\"WebPage\",\"@id\":\"https:\/\/www.nettali.com\/2025\/06\/23\/man-city-guardiola-veut-reduire-leffectif\/#webpage\",\"url\":\"https:\/\/www.nettali.com\/2025\/06\/23\/man-city-guardiola-veut-reduire-leffectif\/\",\"name\":\"MAN CITY - Guardiola veut r\\u00e9duire l'effectif | Nettali.com\",\"isPartOf\":{\"@id\":\"https:\/\/www.nettali.com\/#website\"},\"primaryImageOfPage\":{\"@id\":\"https:\/\/www.nettali.com\/2025\/06\/23\/man-city-guardiola-veut-reduire-leffectif\/#primaryimage\"},\"datePublished\":\"2025-06-23T00:27:41+00:00\",\"dateModified\":\"2025-06-23T00:27:41+00:00\",\"author\":{\"@id\":\"https:\/\/www.nettali.com\/#\/schema\/person\/d8ac7b7e27ddad43f1c0d2ef090d7f71\"},\"breadcrumb\":{\"@id\":\"https:\/\/www.nettali.com\/2025\/06\/23\/man-city-guardiola-veut-reduire-leffectif\/#breadcrumb\"},\"inLanguage\":\"fr-FR\",\"potentialAction\":[{\"@type\":\"ReadAction\",\"target\":[\"https:\/\/www.nettali.com\/2025\/06\/23\/man-city-guardiola-veut-reduire-leffectif\/\"]}]},{\"@type\":\"BreadcrumbList\",\"@id\":\"https:\/\/www.nettali.com\/2025\/06\/23\/man-city-guardiola-veut-reduire-leffectif\/#breadcrumb\",\"itemListElement\":[{\"@type\":\"ListItem\",\"position\":1,\"name\":\"Accueil\",\"item\":\"https:\/\/www.nettali.com\/\"},{\"@type\":\"ListItem\",\"position\":2,\"name\":\"MAN CITY - Guardiola veut r\\u00e9duire l'effectif\"}]},{\"@type\":\"Person\",\"@id\":\"https:\/\/www.nettali.com\/#\/schema\/person\/d8ac7b7e27ddad43f1c0d2ef090d7f71\",\"name\":\"CK\",\"image\":{\"@type\":\"ImageObject\",\"@id\":\"https:\/\/www.nettali.com\/#personlogo\",\"inLanguage\":\"fr-FR\",\"url\":\"https:\/\/secure.gravatar.com\/avatar\/1d8d5118b9327d94da7cd4ce7f17fec2?s=96&d=mm&r=g\",\"contentUrl\":\"https:\/\/secure.gravatar.com\/avatar\/1d8d5118b9327d94da7cd4ce7f17fec2?s=96&d=mm&r=g\",\"caption\":\"CK\"},\"sameAs\":[\"https:\/\/www.nettali.com\"]}]}<\/script>\n<!-- \/ Yoast SEO Premium plugin. -->","yoast_head_json":{"title":"MAN CITY - Guardiola veut r\u00e9duire l'effectif | Nettali.com","robots":{"index":"index","follow":"follow","max-snippet":"max-snippet:-1","max-image-preview":"max-image-preview:large","max-video-preview":"max-video-preview:-1"},"canonical":"https:\/\/www.nettali.com\/2025\/06\/23\/man-city-guardiola-veut-reduire-leffectif\/","og_locale":"fr_FR","og_type":"article","og_title":"MAN CITY - Guardiola veut r\u00e9duire l'effectif","og_description":"NETTALI.COM - Apr\u00e8s les arriv\u00e9es rapides cet \u00e9t\u00e9 de Rayan A\u00eft-Nouri, Marcus Bettinelli, Rayan Cherki et Tijjani Reijnders, Manchester City va pouvoir se concentrer sur le d\u00e9graissage de son effectif, constitu\u00e9 de 34 joueurs \u00e0 ce jour. Face aux m\u00e9dias, l'entra\u00eeneur des Skyblues Pep Guardiola a rappel\u00e9 l'importance de pouvoir compter sur un plus petit [&hellip;]","og_url":"https:\/\/www.nettali.com\/2025\/06\/23\/man-city-guardiola-veut-reduire-leffectif\/","og_site_name":"Nettali.com","article_publisher":"https:\/\/www.facebook.com\/nettalicom","article_published_time":"2025-06-23T00:27:41+00:00","og_image":[{"width":932,"height":582,"url":"https:\/\/www.nettali.com\/wp-content\/uploads\/2025\/05\/XIKMEQNDHRBBDFZCXQPAQ6ZIKY.jpg","type":"image\/jpeg"}],"twitter_card":"summary_large_image","twitter_misc":{"\u00c9crit par":"CK","Dur\u00e9e de lecture estim\u00e9e":"1 minute"},"schema":{"@context":"https:\/\/schema.org","@graph":[{"@type":"WebSite","@id":"https:\/\/www.nettali.com\/#website","url":"https:\/\/www.nettali.com\/","name":"Nettali.com","description":"Le rendez-vous critique du Net","potentialAction":[{"@type":"SearchAction","target":{"@type":"EntryPoint","urlTemplate":"https:\/\/www.nettali.com\/?s={search_term_string}"},"query-input":"required name=search_term_string"}],"inLanguage":"fr-FR"},{"@type":"ImageObject","@id":"https:\/\/www.nettali.com\/2025\/06\/23\/man-city-guardiola-veut-reduire-leffectif\/#primaryimage","inLanguage":"fr-FR","url":"https:\/\/www.nettali.com\/wp-content\/uploads\/2025\/05\/XIKMEQNDHRBBDFZCXQPAQ6ZIKY.jpg","contentUrl":"https:\/\/www.nettali.com\/wp-content\/uploads\/2025\/05\/XIKMEQNDHRBBDFZCXQPAQ6ZIKY.jpg","width":932,"height":582,"caption":"Pep Guardiola of Manchester City gives the team instructions during the Premier League match Manchester City vs Bournemouth at Etihad Stadium, Manchester, United Kingdom, 20th May 2025 (Photo by Mark Cosgrove\/News Images) in Manchester, United Kingdom on 5\/20\/2025. (Photo by Mark Cosgrove\/News Images\/Sipa USA)"},{"@type":"WebPage","@id":"https:\/\/www.nettali.com\/2025\/06\/23\/man-city-guardiola-veut-reduire-leffectif\/#webpage","url":"https:\/\/www.nettali.com\/2025\/06\/23\/man-city-guardiola-veut-reduire-leffectif\/","name":"MAN CITY - Guardiola veut r\u00e9duire l'effectif | Nettali.com","isPartOf":{"@id":"https:\/\/www.nettali.com\/#website"},"primaryImageOfPage":{"@id":"https:\/\/www.nettali.com\/2025\/06\/23\/man-city-guardiola-veut-reduire-leffectif\/#primaryimage"},"datePublished":"2025-06-23T00:27:41+00:00","dateModified":"2025-06-23T00:27:41+00:00","author":{"@id":"https:\/\/www.nettali.com\/#\/schema\/person\/d8ac7b7e27ddad43f1c0d2ef090d7f71"},"breadcrumb":{"@id":"https:\/\/www.nettali.com\/2025\/06\/23\/man-city-guardiola-veut-reduire-leffectif\/#breadcrumb"},"inLanguage":"fr-FR","potentialAction":[{"@type":"ReadAction","target":["https:\/\/www.nettali.com\/2025\/06\/23\/man-city-guardiola-veut-reduire-leffectif\/"]}]},{"@type":"BreadcrumbList","@id":"https:\/\/www.nettali.com\/2025\/06\/23\/man-city-guardiola-veut-reduire-leffectif\/#breadcrumb","itemListElement":[{"@type":"ListItem","position":1,"name":"Accueil","item":"https:\/\/www.nettali.com\/"},{"@type":"ListItem","position":2,"name":"MAN CITY - Guardiola veut r\u00e9duire l'effectif"}]},{"@type":"Person","@id":"https:\/\/www.nettali.com\/#\/schema\/person\/d8ac7b7e27ddad43f1c0d2ef090d7f71","name":"CK","image":{"@type":"ImageObject","@id":"https:\/\/www.nettali.com\/#personlogo","inLanguage":"fr-FR","url":"https:\/\/secure.gravatar.com\/avatar\/1d8d5118b9327d94da7cd4ce7f17fec2?s=96&d=mm&r=g","contentUrl":"https:\/\/secure.gravatar.com\/avatar\/1d8d5118b9327d94da7cd4ce7f17fec2?s=96&d=mm&r=g","caption":"CK"},"sameAs":["https:\/\/www.nettali.com"]}]}},"_links":{"self":[{"href":"https:\/\/www.nettali.com\/rest\/wp\/v2\/posts\/156306"}],"collection":[{"href":"https:\/\/www.nettali.com\/rest\/wp\/v2\/posts"}],"about":[{"href":"https:\/\/www.nettali.com\/rest\/wp\/v2\/types\/post"}],"author":[{"embeddable":true,"href":"https:\/\/www.nettali.com\/rest\/wp\/v2\/users\/2"}],"replies":[{"embeddable":true,"href":"https:\/\/www.nettali.com\/rest\/wp\/v2\/comments?post=156306"}],"version-history":[{"count":1,"href":"https:\/\/www.nettali.com\/rest\/wp\/v2\/posts\/156306\/revisions"}],"predecessor-version":[{"id":156307,"href":"https:\/\/www.nettali.com\/rest\/wp\/v2\/posts\/156306\/revisions\/156307"}],"wp:featuredmedia":[{"embeddable":true,"href":"https:\/\/www.nettali.com\/rest\/wp\/v2\/media\/154599"}],"wp:attachment":[{"href":"https:\/\/www.nettali.com\/rest\/wp\/v2\/media?parent=156306"}],"wp:term":[{"taxonomy":"category","embeddable":true,"href":"https:\/\/www.nettali.com\/rest\/wp\/v2\/categories?post=156306"},{"taxonomy":"post_tag","embeddable":true,"href":"https:\/\/www.nettali.com\/rest\/wp\/v2\/tags?post=156306"}],"curies":[{"name":"wp","href":"https:\/\/api.w.org\/{rel}","templated":true}]}}