{"id":156178,"date":"2025-06-20T09:28:12","date_gmt":"2025-06-20T09:28:12","guid":{"rendered":"https:\/\/www.nettali.com\/?p=156178"},"modified":"2025-06-20T11:28:29","modified_gmt":"2025-06-20T11:28:29","slug":"sonac-aee-power-thierno-alassane-sall-denonce-une-derogation-fictive-dans-un-marche-public-controverse","status":"publish","type":"post","link":"https:\/\/www.nettali.com\/2025\/06\/20\/sonac-aee-power-thierno-alassane-sall-denonce-une-derogation-fictive-dans-un-marche-public-controverse\/","title":{"rendered":"SONAC-AEE POWER - Thierno Alassane Sall d\u00e9nonce une d\u00e9rogation fictive dans un march\u00e9 public controvers\u00e9"},"content":{"rendered":"<p><strong>NETTALI.COM - En conf\u00e9rence de presse ce jeudi 19 juin 2025, le d\u00e9put\u00e9 de l'opposition Thierno Alassane Sall a tenu a d\u00e9nonc\u00e9 une \"<em>d\u00e9rogation fictive<\/em>\" qui aurait permis \u00e0 l'entreprise espagnole AEE Power EPC d'obtenir un march\u00e9 d\u2019\u00e9lectrification rurale au S\u00e9n\u00e9gal dans des conditions qu\u2019il qualifie de \"<em>frauduleuses<\/em>\".<\/strong><\/p>\n<p>\"<em>Les interpellations de l\u2019ARCOP \u00e0 la SONAC d\u00e9montent la fable de la d\u00e9rogation<\/em>\", a-t-il affirm\u00e9 d\u2019embl\u00e9e. Le d\u00e9put\u00e9 faisait r\u00e9f\u00e9rence \u00e0 un recours introduit par l\u2019entreprise s\u00e9n\u00e9galaise AEE Power S\u00e9n\u00e9gal aupr\u00e8s du Comit\u00e9 de R\u00e8glement des Diff\u00e9rends (CRD) de l\u2019Autorit\u00e9 de R\u00e9gulation de la Commande Publique (ARCOP), d\u00e9non\u00e7ant l\u2019irr\u00e9gularit\u00e9 des garanties d\u00e9livr\u00e9es par la compagnie SONAC au profit de la filiale espagnole.<\/p>\n<p>Selon l'opposant : \"<em>les primes n\u2019\u00e9taient pas pay\u00e9es au moment de l\u2019\u00e9mission des diff\u00e9rentes garanties de soumission, de bonne ex\u00e9cution et d\u2019avance de d\u00e9marrage du march\u00e9<\/em>\", ce qui violerait l\u2019article 13 du code CIMA. Cet article stipule que la garantie d\u2019un assureur ne prend effet qu\u2019apr\u00e8s paiement de la prime.<\/p>\n<p>Il souligne que \"<em>la SONAC, embarrass\u00e9e, n\u2019a jamais produit les preuves de paiement des primes au moment de l\u2019\u00e9mission des garanties<\/em>\". Mieux, dit-il, \"<em>\u00e0 aucun moment dans ses r\u00e9ponses, la SONAC n\u2019a \u00e9voqu\u00e9 l\u2019existence d\u2019une d\u00e9rogation qu\u2019elle aurait utilis\u00e9e<\/em>\". Et d\u2019ajouter : \"<em>Le MFB et le DNA assistent \u00e0 cette escalade de la tension sans \u00e9voquer une quelconque d\u00e9rogation<\/em>.\"<\/p>\n<p>Selon le d\u00e9put\u00e9, les lettres adress\u00e9es au DG de SONAC, dat\u00e9es des 12 et 23 juillet ainsi que du 7 ao\u00fbt 2024, n\u2019ont pas re\u00e7u de r\u00e9ponse satisfaisante sur la question cruciale du paiement des primes. \"<em>N'\u00e9tait-il pas plus simple de d\u00e9livrer les copies demand\u00e9es avec le document accordant la d\u00e9rogation, si celui-ci existe ?<\/em> \" s\u2019est-il interrog\u00e9.<\/p>\n<p>Thierno Alassane Sall a aussi critiqu\u00e9 le Minist\u00e8re des Finances et du Budget qui, dans un communiqu\u00e9 publi\u00e9 r\u00e9cemment, aurait \u00e9voqu\u00e9 a posteriori deux d\u00e9rogations \u00e0 l\u2019article 13 du code CIMA. \"<em>Aucune d\u2019elles ne peut \u00eatre appliqu\u00e9e \u00e0 AEE Power<\/em>\", affirme-t-il, \"<em>et m\u00eame si une d\u00e9rogation existait, elle aurait d\u00fb \u00eatre \u00e9crite, motiv\u00e9e et communiqu\u00e9e d\u00e8s le d\u00e9part<\/em>\".<\/p>\n<p>Le d\u00e9put\u00e9 ne m\u00e2che pas ses mots : \"<em>La SONAC et AEE Power EPC ont commis, \u00e0 travers un arrangement commercial, un acte d\u00e9lictuel grave exposant la s\u00e9curit\u00e9 juridique du march\u00e9<\/em>.\" Il r\u00e9clame des sanctions imm\u00e9diates : retrait de l\u2019agr\u00e9ment de SONAC, radiation d\u2019AEE Power EPC des march\u00e9s publics s\u00e9n\u00e9galais, et saisine de la justice.<\/p>\n<p>Sur un ton plus incisif, le parlementaire s\u2019\u00e9tonne de \"<em>la grande mobilisation d\u2019hommes politiques, de cadres, d\u2019influenceurs et m\u00eame de journalistes pour d\u00e9fendre une entreprise \u00e9trang\u00e8re, au d\u00e9triment d\u2019une s\u00e9n\u00e9galaise<\/em>\". Il ironise : \"<em>Le ridicule ne tue pas dans ce pays !<\/em> \"<\/p>\n<p>Revenant sur le r\u00f4le de la banque espagnole Santander, il note que cette derni\u00e8re a exprim\u00e9 \"<em>de vives inqui\u00e9tudes<\/em>\" sur la gestion financi\u00e8re du projet et sur la validit\u00e9 des garanties \u00e9mises sans paiement pr\u00e9alable. Il pr\u00e9cise que selon les documents disponibles, l\u2019avance de d\u00e9marrage a \u00e9t\u00e9 per\u00e7ue le 11 juin 2024 et les primes pay\u00e9es le 14 juin, ce qui laisse \"<em>fortement soup\u00e7onner<\/em>\" que l\u2019entreprise espagnole a utilis\u00e9 les fonds publics pour payer des garanties n\u00e9cessaires \u00e0 l\u2019obtention du march\u00e9.<\/p>\n<p>\"<em>C\u2019est un d\u00e9tournement de deniers publics<\/em>\", accuse Thierno Alassane Sall, rappelant que \"<em>m\u00eame la Cour Supr\u00eame, dans son ordonnance n\u00b024 du 21 novembre 2024, a \u00e9voqu\u00e9 un soup\u00e7on de pr\u00e9varication<\/em>\".<\/p>\n<p>En conclusion, il s\u2019interroge : \"<em>Quel int\u00e9r\u00eat ont le MFB et le DNA \u00e0 inventer la fable d'une d\u00e9rogation<\/em> ? \". Pour lui, \"<em>une telle attitude ne peut relever que de duplicit\u00e9 et de mauvaise foi<\/em>\".<\/p>\n<div class='share-to-whatsapp-wrapper'><div class='share-on-whsp'>PARTAGER SUR : <\/div><a data-text='SONAC-AEE POWER - Thierno Alassane Sall d\u00e9nonce une d\u00e9rogation fictive dans un march\u00e9 public controvers\u00e9' data-link='https:\/\/www.nettali.com\/2025\/06\/20\/sonac-aee-power-thierno-alassane-sall-denonce-une-derogation-fictive-dans-un-marche-public-controverse\/' class='whatsapp-button whatsapp-share'>WhatsApp<\/a><div class='clear '><\/div><\/div>","protected":false},"excerpt":{"rendered":"<p>NETTALI.COM - En conf\u00e9rence de presse ce jeudi 19 juin 2025, le d\u00e9put\u00e9 de l'opposition Thierno Alassane Sall a tenu a d\u00e9nonc\u00e9 une \"d\u00e9rogation fictive\" qui aurait permis \u00e0 l'entreprise espagnole AEE Power EPC d'obtenir un march\u00e9 d\u2019\u00e9lectrification rurale au S\u00e9n\u00e9gal dans des conditions qu\u2019il qualifie de \"frauduleuses\". \"Les interpellations de l\u2019ARCOP \u00e0 la SONAC [&hellip;]<\/p>\n","protected":false},"author":5,"featured_media":149791,"comment_status":"open","ping_status":"open","sticky":false,"template":"","format":"standard","meta":{"_et_pb_use_builder":"","_et_pb_old_content":""},"categories":[3],"tags":[],"yoast_head":"<!-- This site is optimized with the Yoast SEO Premium plugin v17.8 (Yoast SEO v17.8) - https:\/\/yoast.com\/wordpress\/plugins\/seo\/ -->\n<title>SONAC-AEE POWER - Thierno Alassane Sall d\u00e9nonce une d\u00e9rogation fictive dans un march\u00e9 public controvers\u00e9 | Nettali.com<\/title>\n<meta name=\"robots\" content=\"index, follow, max-snippet:-1, max-image-preview:large, max-video-preview:-1\" \/>\n<link rel=\"canonical\" href=\"https:\/\/www.nettali.com\/2025\/06\/20\/sonac-aee-power-thierno-alassane-sall-denonce-une-derogation-fictive-dans-un-marche-public-controverse\/\" \/>\n<meta property=\"og:locale\" content=\"fr_FR\" \/>\n<meta property=\"og:type\" content=\"article\" \/>\n<meta property=\"og:title\" content=\"SONAC-AEE POWER - Thierno Alassane Sall d\u00e9nonce une d\u00e9rogation fictive dans un march\u00e9 public controvers\u00e9\" \/>\n<meta property=\"og:description\" content=\"NETTALI.COM - En conf\u00e9rence de presse ce jeudi 19 juin 2025, le d\u00e9put\u00e9 de l&#039;opposition Thierno Alassane Sall a tenu a d\u00e9nonc\u00e9 une &quot;d\u00e9rogation fictive&quot; qui aurait permis \u00e0 l&#039;entreprise espagnole AEE Power EPC d&#039;obtenir un march\u00e9 d\u2019\u00e9lectrification rurale au S\u00e9n\u00e9gal dans des conditions qu\u2019il qualifie de &quot;frauduleuses&quot;. &quot;Les interpellations de l\u2019ARCOP \u00e0 la SONAC [&hellip;]\" \/>\n<meta property=\"og:url\" content=\"https:\/\/www.nettali.com\/2025\/06\/20\/sonac-aee-power-thierno-alassane-sall-denonce-une-derogation-fictive-dans-un-marche-public-controverse\/\" \/>\n<meta property=\"og:site_name\" content=\"Nettali.com\" \/>\n<meta property=\"article:publisher\" content=\"https:\/\/www.facebook.com\/nettalicom\" \/>\n<meta property=\"article:published_time\" content=\"2025-06-20T09:28:12+00:00\" \/>\n<meta property=\"article:modified_time\" content=\"2025-06-20T11:28:29+00:00\" \/>\n<meta property=\"og:image\" content=\"https:\/\/www.nettali.com\/wp-content\/uploads\/2025\/02\/Thierno-Alassane-Sall-1024x804-1.jpg\" \/>\n\t<meta property=\"og:image:width\" content=\"1024\" \/>\n\t<meta property=\"og:image:height\" content=\"804\" \/>\n<meta name=\"twitter:card\" content=\"summary_large_image\" \/>\n<meta name=\"twitter:label1\" content=\"\u00c9crit par\" \/>\n\t<meta name=\"twitter:data1\" content=\"Ibrahima\" \/>\n\t<meta name=\"twitter:label2\" content=\"Dur\u00e9e de lecture estim\u00e9e\" \/>\n\t<meta name=\"twitter:data2\" content=\"3 minutes\" \/>\n<script type=\"application\/ld+json\" class=\"yoast-schema-graph\">{\"@context\":\"https:\/\/schema.org\",\"@graph\":[{\"@type\":\"WebSite\",\"@id\":\"https:\/\/www.nettali.com\/#website\",\"url\":\"https:\/\/www.nettali.com\/\",\"name\":\"Nettali.com\",\"description\":\"Le rendez-vous critique du Net\",\"potentialAction\":[{\"@type\":\"SearchAction\",\"target\":{\"@type\":\"EntryPoint\",\"urlTemplate\":\"https:\/\/www.nettali.com\/?s={search_term_string}\"},\"query-input\":\"required name=search_term_string\"}],\"inLanguage\":\"fr-FR\"},{\"@type\":\"ImageObject\",\"@id\":\"https:\/\/www.nettali.com\/2025\/06\/20\/sonac-aee-power-thierno-alassane-sall-denonce-une-derogation-fictive-dans-un-marche-public-controverse\/#primaryimage\",\"inLanguage\":\"fr-FR\",\"url\":\"https:\/\/www.nettali.com\/wp-content\/uploads\/2025\/02\/Thierno-Alassane-Sall-1024x804-1.jpg\",\"contentUrl\":\"https:\/\/www.nettali.com\/wp-content\/uploads\/2025\/02\/Thierno-Alassane-Sall-1024x804-1.jpg\",\"width\":1024,\"height\":804},{\"@type\":\"WebPage\",\"@id\":\"https:\/\/www.nettali.com\/2025\/06\/20\/sonac-aee-power-thierno-alassane-sall-denonce-une-derogation-fictive-dans-un-marche-public-controverse\/#webpage\",\"url\":\"https:\/\/www.nettali.com\/2025\/06\/20\/sonac-aee-power-thierno-alassane-sall-denonce-une-derogation-fictive-dans-un-marche-public-controverse\/\",\"name\":\"SONAC-AEE POWER - Thierno Alassane Sall d\\u00e9nonce une d\\u00e9rogation fictive dans un march\\u00e9 public controvers\\u00e9 | Nettali.com\",\"isPartOf\":{\"@id\":\"https:\/\/www.nettali.com\/#website\"},\"primaryImageOfPage\":{\"@id\":\"https:\/\/www.nettali.com\/2025\/06\/20\/sonac-aee-power-thierno-alassane-sall-denonce-une-derogation-fictive-dans-un-marche-public-controverse\/#primaryimage\"},\"datePublished\":\"2025-06-20T09:28:12+00:00\",\"dateModified\":\"2025-06-20T11:28:29+00:00\",\"author\":{\"@id\":\"https:\/\/www.nettali.com\/#\/schema\/person\/bb147657c2986240405a608162b9bb23\"},\"breadcrumb\":{\"@id\":\"https:\/\/www.nettali.com\/2025\/06\/20\/sonac-aee-power-thierno-alassane-sall-denonce-une-derogation-fictive-dans-un-marche-public-controverse\/#breadcrumb\"},\"inLanguage\":\"fr-FR\",\"potentialAction\":[{\"@type\":\"ReadAction\",\"target\":[\"https:\/\/www.nettali.com\/2025\/06\/20\/sonac-aee-power-thierno-alassane-sall-denonce-une-derogation-fictive-dans-un-marche-public-controverse\/\"]}]},{\"@type\":\"BreadcrumbList\",\"@id\":\"https:\/\/www.nettali.com\/2025\/06\/20\/sonac-aee-power-thierno-alassane-sall-denonce-une-derogation-fictive-dans-un-marche-public-controverse\/#breadcrumb\",\"itemListElement\":[{\"@type\":\"ListItem\",\"position\":1,\"name\":\"Accueil\",\"item\":\"https:\/\/www.nettali.com\/\"},{\"@type\":\"ListItem\",\"position\":2,\"name\":\"SONAC-AEE POWER - Thierno Alassane Sall d\\u00e9nonce une d\\u00e9rogation fictive dans un march\\u00e9 public controvers\\u00e9\"}]},{\"@type\":\"Person\",\"@id\":\"https:\/\/www.nettali.com\/#\/schema\/person\/bb147657c2986240405a608162b9bb23\",\"name\":\"Ibrahima\",\"image\":{\"@type\":\"ImageObject\",\"@id\":\"https:\/\/www.nettali.com\/#personlogo\",\"inLanguage\":\"fr-FR\",\"url\":\"https:\/\/secure.gravatar.com\/avatar\/26a8a81f09f0dd7624c9d5c36c9ba3a2?s=96&d=mm&r=g\",\"contentUrl\":\"https:\/\/secure.gravatar.com\/avatar\/26a8a81f09f0dd7624c9d5c36c9ba3a2?s=96&d=mm&r=g\",\"caption\":\"Ibrahima\"},\"sameAs\":[\"https:\/\/www.nettali.com\"]}]}<\/script>\n<!-- \/ Yoast SEO Premium plugin. -->","yoast_head_json":{"title":"SONAC-AEE POWER - Thierno Alassane Sall d\u00e9nonce une d\u00e9rogation fictive dans un march\u00e9 public controvers\u00e9 | Nettali.com","robots":{"index":"index","follow":"follow","max-snippet":"max-snippet:-1","max-image-preview":"max-image-preview:large","max-video-preview":"max-video-preview:-1"},"canonical":"https:\/\/www.nettali.com\/2025\/06\/20\/sonac-aee-power-thierno-alassane-sall-denonce-une-derogation-fictive-dans-un-marche-public-controverse\/","og_locale":"fr_FR","og_type":"article","og_title":"SONAC-AEE POWER - Thierno Alassane Sall d\u00e9nonce une d\u00e9rogation fictive dans un march\u00e9 public controvers\u00e9","og_description":"NETTALI.COM - En conf\u00e9rence de presse ce jeudi 19 juin 2025, le d\u00e9put\u00e9 de l'opposition Thierno Alassane Sall a tenu a d\u00e9nonc\u00e9 une \"d\u00e9rogation fictive\" qui aurait permis \u00e0 l'entreprise espagnole AEE Power EPC d'obtenir un march\u00e9 d\u2019\u00e9lectrification rurale au S\u00e9n\u00e9gal dans des conditions qu\u2019il qualifie de \"frauduleuses\". \"Les interpellations de l\u2019ARCOP \u00e0 la SONAC [&hellip;]","og_url":"https:\/\/www.nettali.com\/2025\/06\/20\/sonac-aee-power-thierno-alassane-sall-denonce-une-derogation-fictive-dans-un-marche-public-controverse\/","og_site_name":"Nettali.com","article_publisher":"https:\/\/www.facebook.com\/nettalicom","article_published_time":"2025-06-20T09:28:12+00:00","article_modified_time":"2025-06-20T11:28:29+00:00","og_image":[{"width":1024,"height":804,"url":"https:\/\/www.nettali.com\/wp-content\/uploads\/2025\/02\/Thierno-Alassane-Sall-1024x804-1.jpg","type":"image\/jpeg"}],"twitter_card":"summary_large_image","twitter_misc":{"\u00c9crit par":"Ibrahima","Dur\u00e9e de lecture estim\u00e9e":"3 minutes"},"schema":{"@context":"https:\/\/schema.org","@graph":[{"@type":"WebSite","@id":"https:\/\/www.nettali.com\/#website","url":"https:\/\/www.nettali.com\/","name":"Nettali.com","description":"Le rendez-vous critique du Net","potentialAction":[{"@type":"SearchAction","target":{"@type":"EntryPoint","urlTemplate":"https:\/\/www.nettali.com\/?s={search_term_string}"},"query-input":"required name=search_term_string"}],"inLanguage":"fr-FR"},{"@type":"ImageObject","@id":"https:\/\/www.nettali.com\/2025\/06\/20\/sonac-aee-power-thierno-alassane-sall-denonce-une-derogation-fictive-dans-un-marche-public-controverse\/#primaryimage","inLanguage":"fr-FR","url":"https:\/\/www.nettali.com\/wp-content\/uploads\/2025\/02\/Thierno-Alassane-Sall-1024x804-1.jpg","contentUrl":"https:\/\/www.nettali.com\/wp-content\/uploads\/2025\/02\/Thierno-Alassane-Sall-1024x804-1.jpg","width":1024,"height":804},{"@type":"WebPage","@id":"https:\/\/www.nettali.com\/2025\/06\/20\/sonac-aee-power-thierno-alassane-sall-denonce-une-derogation-fictive-dans-un-marche-public-controverse\/#webpage","url":"https:\/\/www.nettali.com\/2025\/06\/20\/sonac-aee-power-thierno-alassane-sall-denonce-une-derogation-fictive-dans-un-marche-public-controverse\/","name":"SONAC-AEE POWER - Thierno Alassane Sall d\u00e9nonce une d\u00e9rogation fictive dans un march\u00e9 public controvers\u00e9 | Nettali.com","isPartOf":{"@id":"https:\/\/www.nettali.com\/#website"},"primaryImageOfPage":{"@id":"https:\/\/www.nettali.com\/2025\/06\/20\/sonac-aee-power-thierno-alassane-sall-denonce-une-derogation-fictive-dans-un-marche-public-controverse\/#primaryimage"},"datePublished":"2025-06-20T09:28:12+00:00","dateModified":"2025-06-20T11:28:29+00:00","author":{"@id":"https:\/\/www.nettali.com\/#\/schema\/person\/bb147657c2986240405a608162b9bb23"},"breadcrumb":{"@id":"https:\/\/www.nettali.com\/2025\/06\/20\/sonac-aee-power-thierno-alassane-sall-denonce-une-derogation-fictive-dans-un-marche-public-controverse\/#breadcrumb"},"inLanguage":"fr-FR","potentialAction":[{"@type":"ReadAction","target":["https:\/\/www.nettali.com\/2025\/06\/20\/sonac-aee-power-thierno-alassane-sall-denonce-une-derogation-fictive-dans-un-marche-public-controverse\/"]}]},{"@type":"BreadcrumbList","@id":"https:\/\/www.nettali.com\/2025\/06\/20\/sonac-aee-power-thierno-alassane-sall-denonce-une-derogation-fictive-dans-un-marche-public-controverse\/#breadcrumb","itemListElement":[{"@type":"ListItem","position":1,"name":"Accueil","item":"https:\/\/www.nettali.com\/"},{"@type":"ListItem","position":2,"name":"SONAC-AEE POWER - Thierno Alassane Sall d\u00e9nonce une d\u00e9rogation fictive dans un march\u00e9 public controvers\u00e9"}]},{"@type":"Person","@id":"https:\/\/www.nettali.com\/#\/schema\/person\/bb147657c2986240405a608162b9bb23","name":"Ibrahima","image":{"@type":"ImageObject","@id":"https:\/\/www.nettali.com\/#personlogo","inLanguage":"fr-FR","url":"https:\/\/secure.gravatar.com\/avatar\/26a8a81f09f0dd7624c9d5c36c9ba3a2?s=96&d=mm&r=g","contentUrl":"https:\/\/secure.gravatar.com\/avatar\/26a8a81f09f0dd7624c9d5c36c9ba3a2?s=96&d=mm&r=g","caption":"Ibrahima"},"sameAs":["https:\/\/www.nettali.com"]}]}},"_links":{"self":[{"href":"https:\/\/www.nettali.com\/rest\/wp\/v2\/posts\/156178"}],"collection":[{"href":"https:\/\/www.nettali.com\/rest\/wp\/v2\/posts"}],"about":[{"href":"https:\/\/www.nettali.com\/rest\/wp\/v2\/types\/post"}],"author":[{"embeddable":true,"href":"https:\/\/www.nettali.com\/rest\/wp\/v2\/users\/5"}],"replies":[{"embeddable":true,"href":"https:\/\/www.nettali.com\/rest\/wp\/v2\/comments?post=156178"}],"version-history":[{"count":1,"href":"https:\/\/www.nettali.com\/rest\/wp\/v2\/posts\/156178\/revisions"}],"predecessor-version":[{"id":156179,"href":"https:\/\/www.nettali.com\/rest\/wp\/v2\/posts\/156178\/revisions\/156179"}],"wp:featuredmedia":[{"embeddable":true,"href":"https:\/\/www.nettali.com\/rest\/wp\/v2\/media\/149791"}],"wp:attachment":[{"href":"https:\/\/www.nettali.com\/rest\/wp\/v2\/media?parent=156178"}],"wp:term":[{"taxonomy":"category","embeddable":true,"href":"https:\/\/www.nettali.com\/rest\/wp\/v2\/categories?post=156178"},{"taxonomy":"post_tag","embeddable":true,"href":"https:\/\/www.nettali.com\/rest\/wp\/v2\/tags?post=156178"}],"curies":[{"name":"wp","href":"https:\/\/api.w.org\/{rel}","templated":true}]}}