{"id":156011,"date":"2025-06-17T20:52:54","date_gmt":"2025-06-17T20:52:54","guid":{"rendered":"https:\/\/www.nettali.com\/?p=156011"},"modified":"2025-06-17T20:52:54","modified_gmt":"2025-06-17T20:52:54","slug":"atteinte-a-la-vie-privee-fallou-ndoye-dit-ndoye-tv-recolte-3-mois-de-prison-dont-1-mois-ferme","status":"publish","type":"post","link":"https:\/\/www.nettali.com\/2025\/06\/17\/atteinte-a-la-vie-privee-fallou-ndoye-dit-ndoye-tv-recolte-3-mois-de-prison-dont-1-mois-ferme\/","title":{"rendered":"ATTEINTE \u00c0 LA VIE PRIV\u00c9E- Fallou Ndoye dit Ndoye TV r\u00e9colte 3 mois de prison dont 1 mois ferme\u00a0\u00a0"},"content":{"rendered":"<p><strong>NETTALI.COM-<\/strong> <strong>Le ma\u00e7on influenceur Fallou Ndoye dit Ndoye TV a \u00e9t\u00e9 condamn\u00e9 ce mardi 17 juin 2025 \u00e0 3 mois de prison dont 1 ferme et 100.000 F CFA d\u2019amende pour atteinte \u00e0 la vie priv\u00e9e de Serigne Bassirou Mback\u00e9.<\/strong><\/p>\n<p>Fallou Ndoye, plus connu sous le pseudo de Ndoye TV, influenceur \u00e0 ses heures perdues et ma\u00e7on de profession, vient d\u2019apprendre \u00e0 ses d\u00e9pens qu\u2019un smartphone peut se transformer en boomerang judiciaire. Le tribunal des flagrants d\u00e9lits de Dakar l\u2019a condamn\u00e9, ce mardi 17 juin 2025 , \u00e0 3 mois de prison dont 1 ferme et 100.000 F CFA d\u2019amende pour atteinte \u00e0 la vie priv\u00e9e. En sus, 2 millions de francs CFA \u00e0 verser au marabout Serigne Bassirou Mback\u00e9, qu\u2019il avait expos\u00e9 sur les r\u00e9seaux sociaux.<\/p>\n<p>Tout commence dans l\u2019effervescence d\u2019un mariage \u00e0 Touba, quartier Gouye Mbinde. La cam\u00e9ra tourne, les directs s\u2019encha\u00eenent, les vues grimpent. Fallou Ndoye est l\u00e0, fid\u00e8le \u00e0 lui-m\u00eame, le portable viss\u00e9 \u00e0 la main. Jusqu\u2019\u00e0 ce que le marabout Cheikh Ahma, dans un \u00e9lan d\u2019inspiration ou d\u2019imprudence, l\u00e2che des propos jug\u00e9s \u00ab d\u00e9plac\u00e9s \u00bb par un autre guide religieux, Serigne Bassirou Khadim Awa Ba Mback\u00e9, dit Ga\u00efnd\u00e9 Bara.<\/p>\n<p>Pour \u00e9viter un clash entre familles maraboutiques, Serigne Bass demande gentiment, puis fermement que la s\u00e9quence soit coup\u00e9e. Mais Ndoye TV, fid\u00e8le \u00e0 la logique du clic, publie quand m\u00eame. L\u2019affaire explose. Le t\u00e9l\u00e9phone sonne. Au bout du fil : un marabout furieux, des insultes qui fusent. Et en face, un influenceur qui enregistre tout, \u00e0 l\u2019insu de son interlocuteur, conscient que la foudre allait tomber.<\/p>\n<p>L\u00e0 o\u00f9 la prudence aurait command\u00e9 de garder l\u2019enregistrement au chaud, Fallou Ndoye d\u00e9cide, et laisse faire que la s\u00e9quence soit diffus\u00e9e sur les r\u00e9seaux sociaux. La voix rageuse de Serigne Bass, ses invectives, et m\u00eame sa photo circulent. Les captures s\u2019envolent, les partages s\u2019emballent, et avec eux, la r\u00e9putation du marabout.<\/p>\n<p>\u00c0 la barre, Ndoye se d\u00e9fend : \u00ab <em>Je ne l\u2019ai pas publi\u00e9. Je l\u2019ai juste transmis \u00e0 Serigne Ahma pour qu\u2019il voie ce que son oncle m\u2019a dit<\/em>\u00bb.Le juge, lui, ne go\u00fbte gu\u00e8re \u00e0 cette ligne de d\u00e9fense.<\/p>\n<p>Le parquet non plus. Il lui fait des remontrances. Finalement il a requis 2 ans dont 3 mois ferme.<\/p>\n<p>L\u2019avocat de Serigne Bass a demand\u00e9\u00a0 500 millions pour laver l\u2019honneur souill\u00e9 de son client.<\/p>\n<p>La d\u00e9fense a plaid\u00e9 l\u2019absence de preuve.<\/p>\n<p>Mais consid\u00e8re que le d\u00e9lit d\u2019atteinte \u00e0 la vie priv\u00e9e est \u00e9tabli. Il le condamne \u00e0 3 mois dont 1 ferme et d\u2019une amende de 100.000 francs CFA, et 2 millions \u00e0 verser \u00e0 Serigne Bassirou Mback\u00e9. En revanche, \u00a0Fallou Ndoye est relax\u00e9 des chefs de collecte et de diffusion d\u2019\u00e9crits contraires aux bonnes m\u0153urs.<\/p>\n<div class='share-to-whatsapp-wrapper'><div class='share-on-whsp'>PARTAGER SUR : <\/div><a data-text='ATTEINTE \u00c0 LA VIE PRIV\u00c9E- Fallou Ndoye dit Ndoye TV r\u00e9colte 3 mois de prison dont 1 mois ferme\u00a0\u00a0' data-link='https:\/\/www.nettali.com\/2025\/06\/17\/atteinte-a-la-vie-privee-fallou-ndoye-dit-ndoye-tv-recolte-3-mois-de-prison-dont-1-mois-ferme\/' class='whatsapp-button whatsapp-share'>WhatsApp<\/a><div class='clear '><\/div><\/div>","protected":false},"excerpt":{"rendered":"<p>NETTALI.COM- Le ma\u00e7on influenceur Fallou Ndoye dit Ndoye TV a \u00e9t\u00e9 condamn\u00e9 ce mardi 17 juin 2025 \u00e0 3 mois de prison dont 1 ferme et 100.000 F CFA d\u2019amende pour atteinte \u00e0 la vie priv\u00e9e de Serigne Bassirou Mback\u00e9. Fallou Ndoye, plus connu sous le pseudo de Ndoye TV, influenceur \u00e0 ses heures perdues [&hellip;]<\/p>\n","protected":false},"author":6,"featured_media":142213,"comment_status":"open","ping_status":"open","sticky":false,"template":"","format":"standard","meta":{"_et_pb_use_builder":"","_et_pb_old_content":""},"categories":[3],"tags":[],"yoast_head":"<!-- This site is optimized with the Yoast SEO Premium plugin v17.8 (Yoast SEO v17.8) - https:\/\/yoast.com\/wordpress\/plugins\/seo\/ -->\n<title>ATTEINTE \u00c0 LA VIE PRIV\u00c9E- Fallou Ndoye dit Ndoye TV r\u00e9colte 3 mois de prison dont 1 mois ferme\u00a0\u00a0 | Nettali.com<\/title>\n<meta name=\"robots\" content=\"index, follow, max-snippet:-1, max-image-preview:large, max-video-preview:-1\" \/>\n<link rel=\"canonical\" href=\"https:\/\/www.nettali.com\/2025\/06\/17\/atteinte-a-la-vie-privee-fallou-ndoye-dit-ndoye-tv-recolte-3-mois-de-prison-dont-1-mois-ferme\/\" \/>\n<meta property=\"og:locale\" content=\"fr_FR\" \/>\n<meta property=\"og:type\" content=\"article\" \/>\n<meta property=\"og:title\" content=\"ATTEINTE \u00c0 LA VIE PRIV\u00c9E- Fallou Ndoye dit Ndoye TV r\u00e9colte 3 mois de prison dont 1 mois ferme\u00a0\u00a0\" \/>\n<meta property=\"og:description\" content=\"NETTALI.COM- Le ma\u00e7on influenceur Fallou Ndoye dit Ndoye TV a \u00e9t\u00e9 condamn\u00e9 ce mardi 17 juin 2025 \u00e0 3 mois de prison dont 1 ferme et 100.000 F CFA d\u2019amende pour atteinte \u00e0 la vie priv\u00e9e de Serigne Bassirou Mback\u00e9. Fallou Ndoye, plus connu sous le pseudo de Ndoye TV, influenceur \u00e0 ses heures perdues [&hellip;]\" \/>\n<meta property=\"og:url\" content=\"https:\/\/www.nettali.com\/2025\/06\/17\/atteinte-a-la-vie-privee-fallou-ndoye-dit-ndoye-tv-recolte-3-mois-de-prison-dont-1-mois-ferme\/\" \/>\n<meta property=\"og:site_name\" content=\"Nettali.com\" \/>\n<meta property=\"article:publisher\" content=\"https:\/\/www.facebook.com\/nettalicom\" \/>\n<meta property=\"article:published_time\" content=\"2025-06-17T20:52:54+00:00\" \/>\n<meta property=\"og:image\" content=\"https:\/\/www.nettali.com\/wp-content\/uploads\/2024\/10\/Tribunal-de-Dakar-Senega.jpg\" \/>\n\t<meta property=\"og:image:width\" content=\"700\" \/>\n\t<meta property=\"og:image:height\" content=\"467\" \/>\n<meta name=\"twitter:card\" content=\"summary_large_image\" \/>\n<meta name=\"twitter:label1\" content=\"\u00c9crit par\" \/>\n\t<meta name=\"twitter:data1\" content=\"Fatou\" \/>\n\t<meta name=\"twitter:label2\" content=\"Dur\u00e9e de lecture estim\u00e9e\" \/>\n\t<meta name=\"twitter:data2\" content=\"3 minutes\" \/>\n<script type=\"application\/ld+json\" class=\"yoast-schema-graph\">{\"@context\":\"https:\/\/schema.org\",\"@graph\":[{\"@type\":\"WebSite\",\"@id\":\"https:\/\/www.nettali.com\/#website\",\"url\":\"https:\/\/www.nettali.com\/\",\"name\":\"Nettali.com\",\"description\":\"Le rendez-vous critique du Net\",\"potentialAction\":[{\"@type\":\"SearchAction\",\"target\":{\"@type\":\"EntryPoint\",\"urlTemplate\":\"https:\/\/www.nettali.com\/?s={search_term_string}\"},\"query-input\":\"required name=search_term_string\"}],\"inLanguage\":\"fr-FR\"},{\"@type\":\"ImageObject\",\"@id\":\"https:\/\/www.nettali.com\/2025\/06\/17\/atteinte-a-la-vie-privee-fallou-ndoye-dit-ndoye-tv-recolte-3-mois-de-prison-dont-1-mois-ferme\/#primaryimage\",\"inLanguage\":\"fr-FR\",\"url\":\"https:\/\/www.nettali.com\/wp-content\/uploads\/2024\/10\/Tribunal-de-Dakar-Senega.jpg\",\"contentUrl\":\"https:\/\/www.nettali.com\/wp-content\/uploads\/2024\/10\/Tribunal-de-Dakar-Senega.jpg\",\"width\":700,\"height\":467},{\"@type\":\"WebPage\",\"@id\":\"https:\/\/www.nettali.com\/2025\/06\/17\/atteinte-a-la-vie-privee-fallou-ndoye-dit-ndoye-tv-recolte-3-mois-de-prison-dont-1-mois-ferme\/#webpage\",\"url\":\"https:\/\/www.nettali.com\/2025\/06\/17\/atteinte-a-la-vie-privee-fallou-ndoye-dit-ndoye-tv-recolte-3-mois-de-prison-dont-1-mois-ferme\/\",\"name\":\"ATTEINTE \\u00c0 LA VIE PRIV\\u00c9E- Fallou Ndoye dit Ndoye TV r\\u00e9colte 3 mois de prison dont 1 mois ferme\\u00a0\\u00a0 | Nettali.com\",\"isPartOf\":{\"@id\":\"https:\/\/www.nettali.com\/#website\"},\"primaryImageOfPage\":{\"@id\":\"https:\/\/www.nettali.com\/2025\/06\/17\/atteinte-a-la-vie-privee-fallou-ndoye-dit-ndoye-tv-recolte-3-mois-de-prison-dont-1-mois-ferme\/#primaryimage\"},\"datePublished\":\"2025-06-17T20:52:54+00:00\",\"dateModified\":\"2025-06-17T20:52:54+00:00\",\"author\":{\"@id\":\"https:\/\/www.nettali.com\/#\/schema\/person\/418274a86bdf87caff7a3ef476bd0bbf\"},\"breadcrumb\":{\"@id\":\"https:\/\/www.nettali.com\/2025\/06\/17\/atteinte-a-la-vie-privee-fallou-ndoye-dit-ndoye-tv-recolte-3-mois-de-prison-dont-1-mois-ferme\/#breadcrumb\"},\"inLanguage\":\"fr-FR\",\"potentialAction\":[{\"@type\":\"ReadAction\",\"target\":[\"https:\/\/www.nettali.com\/2025\/06\/17\/atteinte-a-la-vie-privee-fallou-ndoye-dit-ndoye-tv-recolte-3-mois-de-prison-dont-1-mois-ferme\/\"]}]},{\"@type\":\"BreadcrumbList\",\"@id\":\"https:\/\/www.nettali.com\/2025\/06\/17\/atteinte-a-la-vie-privee-fallou-ndoye-dit-ndoye-tv-recolte-3-mois-de-prison-dont-1-mois-ferme\/#breadcrumb\",\"itemListElement\":[{\"@type\":\"ListItem\",\"position\":1,\"name\":\"Accueil\",\"item\":\"https:\/\/www.nettali.com\/\"},{\"@type\":\"ListItem\",\"position\":2,\"name\":\"ATTEINTE \\u00c0 LA VIE PRIV\\u00c9E- Fallou Ndoye dit Ndoye TV r\\u00e9colte 3 mois de prison dont 1 mois ferme\\u00a0\\u00a0\"}]},{\"@type\":\"Person\",\"@id\":\"https:\/\/www.nettali.com\/#\/schema\/person\/418274a86bdf87caff7a3ef476bd0bbf\",\"name\":\"Fatou\",\"image\":{\"@type\":\"ImageObject\",\"@id\":\"https:\/\/www.nettali.com\/#personlogo\",\"inLanguage\":\"fr-FR\",\"url\":\"https:\/\/secure.gravatar.com\/avatar\/5a9442a2bee7b4dcf167cab035858e9a?s=96&d=mm&r=g\",\"contentUrl\":\"https:\/\/secure.gravatar.com\/avatar\/5a9442a2bee7b4dcf167cab035858e9a?s=96&d=mm&r=g\",\"caption\":\"Fatou\"},\"sameAs\":[\"https:\/\/www.nettali.com\"]}]}<\/script>\n<!-- \/ Yoast SEO Premium plugin. -->","yoast_head_json":{"title":"ATTEINTE \u00c0 LA VIE PRIV\u00c9E- Fallou Ndoye dit Ndoye TV r\u00e9colte 3 mois de prison dont 1 mois ferme\u00a0\u00a0 | Nettali.com","robots":{"index":"index","follow":"follow","max-snippet":"max-snippet:-1","max-image-preview":"max-image-preview:large","max-video-preview":"max-video-preview:-1"},"canonical":"https:\/\/www.nettali.com\/2025\/06\/17\/atteinte-a-la-vie-privee-fallou-ndoye-dit-ndoye-tv-recolte-3-mois-de-prison-dont-1-mois-ferme\/","og_locale":"fr_FR","og_type":"article","og_title":"ATTEINTE \u00c0 LA VIE PRIV\u00c9E- Fallou Ndoye dit Ndoye TV r\u00e9colte 3 mois de prison dont 1 mois ferme\u00a0\u00a0","og_description":"NETTALI.COM- Le ma\u00e7on influenceur Fallou Ndoye dit Ndoye TV a \u00e9t\u00e9 condamn\u00e9 ce mardi 17 juin 2025 \u00e0 3 mois de prison dont 1 ferme et 100.000 F CFA d\u2019amende pour atteinte \u00e0 la vie priv\u00e9e de Serigne Bassirou Mback\u00e9. Fallou Ndoye, plus connu sous le pseudo de Ndoye TV, influenceur \u00e0 ses heures perdues [&hellip;]","og_url":"https:\/\/www.nettali.com\/2025\/06\/17\/atteinte-a-la-vie-privee-fallou-ndoye-dit-ndoye-tv-recolte-3-mois-de-prison-dont-1-mois-ferme\/","og_site_name":"Nettali.com","article_publisher":"https:\/\/www.facebook.com\/nettalicom","article_published_time":"2025-06-17T20:52:54+00:00","og_image":[{"width":700,"height":467,"url":"https:\/\/www.nettali.com\/wp-content\/uploads\/2024\/10\/Tribunal-de-Dakar-Senega.jpg","type":"image\/jpeg"}],"twitter_card":"summary_large_image","twitter_misc":{"\u00c9crit par":"Fatou","Dur\u00e9e de lecture estim\u00e9e":"3 minutes"},"schema":{"@context":"https:\/\/schema.org","@graph":[{"@type":"WebSite","@id":"https:\/\/www.nettali.com\/#website","url":"https:\/\/www.nettali.com\/","name":"Nettali.com","description":"Le rendez-vous critique du Net","potentialAction":[{"@type":"SearchAction","target":{"@type":"EntryPoint","urlTemplate":"https:\/\/www.nettali.com\/?s={search_term_string}"},"query-input":"required name=search_term_string"}],"inLanguage":"fr-FR"},{"@type":"ImageObject","@id":"https:\/\/www.nettali.com\/2025\/06\/17\/atteinte-a-la-vie-privee-fallou-ndoye-dit-ndoye-tv-recolte-3-mois-de-prison-dont-1-mois-ferme\/#primaryimage","inLanguage":"fr-FR","url":"https:\/\/www.nettali.com\/wp-content\/uploads\/2024\/10\/Tribunal-de-Dakar-Senega.jpg","contentUrl":"https:\/\/www.nettali.com\/wp-content\/uploads\/2024\/10\/Tribunal-de-Dakar-Senega.jpg","width":700,"height":467},{"@type":"WebPage","@id":"https:\/\/www.nettali.com\/2025\/06\/17\/atteinte-a-la-vie-privee-fallou-ndoye-dit-ndoye-tv-recolte-3-mois-de-prison-dont-1-mois-ferme\/#webpage","url":"https:\/\/www.nettali.com\/2025\/06\/17\/atteinte-a-la-vie-privee-fallou-ndoye-dit-ndoye-tv-recolte-3-mois-de-prison-dont-1-mois-ferme\/","name":"ATTEINTE \u00c0 LA VIE PRIV\u00c9E- Fallou Ndoye dit Ndoye TV r\u00e9colte 3 mois de prison dont 1 mois ferme\u00a0\u00a0 | Nettali.com","isPartOf":{"@id":"https:\/\/www.nettali.com\/#website"},"primaryImageOfPage":{"@id":"https:\/\/www.nettali.com\/2025\/06\/17\/atteinte-a-la-vie-privee-fallou-ndoye-dit-ndoye-tv-recolte-3-mois-de-prison-dont-1-mois-ferme\/#primaryimage"},"datePublished":"2025-06-17T20:52:54+00:00","dateModified":"2025-06-17T20:52:54+00:00","author":{"@id":"https:\/\/www.nettali.com\/#\/schema\/person\/418274a86bdf87caff7a3ef476bd0bbf"},"breadcrumb":{"@id":"https:\/\/www.nettali.com\/2025\/06\/17\/atteinte-a-la-vie-privee-fallou-ndoye-dit-ndoye-tv-recolte-3-mois-de-prison-dont-1-mois-ferme\/#breadcrumb"},"inLanguage":"fr-FR","potentialAction":[{"@type":"ReadAction","target":["https:\/\/www.nettali.com\/2025\/06\/17\/atteinte-a-la-vie-privee-fallou-ndoye-dit-ndoye-tv-recolte-3-mois-de-prison-dont-1-mois-ferme\/"]}]},{"@type":"BreadcrumbList","@id":"https:\/\/www.nettali.com\/2025\/06\/17\/atteinte-a-la-vie-privee-fallou-ndoye-dit-ndoye-tv-recolte-3-mois-de-prison-dont-1-mois-ferme\/#breadcrumb","itemListElement":[{"@type":"ListItem","position":1,"name":"Accueil","item":"https:\/\/www.nettali.com\/"},{"@type":"ListItem","position":2,"name":"ATTEINTE \u00c0 LA VIE PRIV\u00c9E- Fallou Ndoye dit Ndoye TV r\u00e9colte 3 mois de prison dont 1 mois ferme\u00a0\u00a0"}]},{"@type":"Person","@id":"https:\/\/www.nettali.com\/#\/schema\/person\/418274a86bdf87caff7a3ef476bd0bbf","name":"Fatou","image":{"@type":"ImageObject","@id":"https:\/\/www.nettali.com\/#personlogo","inLanguage":"fr-FR","url":"https:\/\/secure.gravatar.com\/avatar\/5a9442a2bee7b4dcf167cab035858e9a?s=96&d=mm&r=g","contentUrl":"https:\/\/secure.gravatar.com\/avatar\/5a9442a2bee7b4dcf167cab035858e9a?s=96&d=mm&r=g","caption":"Fatou"},"sameAs":["https:\/\/www.nettali.com"]}]}},"_links":{"self":[{"href":"https:\/\/www.nettali.com\/rest\/wp\/v2\/posts\/156011"}],"collection":[{"href":"https:\/\/www.nettali.com\/rest\/wp\/v2\/posts"}],"about":[{"href":"https:\/\/www.nettali.com\/rest\/wp\/v2\/types\/post"}],"author":[{"embeddable":true,"href":"https:\/\/www.nettali.com\/rest\/wp\/v2\/users\/6"}],"replies":[{"embeddable":true,"href":"https:\/\/www.nettali.com\/rest\/wp\/v2\/comments?post=156011"}],"version-history":[{"count":1,"href":"https:\/\/www.nettali.com\/rest\/wp\/v2\/posts\/156011\/revisions"}],"predecessor-version":[{"id":156012,"href":"https:\/\/www.nettali.com\/rest\/wp\/v2\/posts\/156011\/revisions\/156012"}],"wp:featuredmedia":[{"embeddable":true,"href":"https:\/\/www.nettali.com\/rest\/wp\/v2\/media\/142213"}],"wp:attachment":[{"href":"https:\/\/www.nettali.com\/rest\/wp\/v2\/media?parent=156011"}],"wp:term":[{"taxonomy":"category","embeddable":true,"href":"https:\/\/www.nettali.com\/rest\/wp\/v2\/categories?post=156011"},{"taxonomy":"post_tag","embeddable":true,"href":"https:\/\/www.nettali.com\/rest\/wp\/v2\/tags?post=156011"}],"curies":[{"name":"wp","href":"https:\/\/api.w.org\/{rel}","templated":true}]}}